{"id":6677,"date":"2022-10-19T09:00:34","date_gmt":"2022-10-19T07:00:34","guid":{"rendered":"https:\/\/gremicafe.cat\/?p=6677"},"modified":"2022-10-27T12:43:50","modified_gmt":"2022-10-27T10:43:50","slug":"persones-prenen-dos-tres-cafes-al-dia-menor-risc-ictus-i-infarts","status":"publish","type":"post","link":"https:\/\/gremicafe.cat\/es\/2022\/10\/19\/persones-prenen-dos-tres-cafes-al-dia-menor-risc-ictus-i-infarts\/","title":{"rendered":"Las personas que toman dos o tres caf\u00e9s al d\u00eda tienen menor riesgo de ictus y de infartos"},"content":{"rendered":"<div id=\"ut-row-69f48c9cc997e\" data-vc-full-width=\"true\" data-vc-full-width-init=\"false\" class=\"vc_row wpb_row vc_row-fluid vc_column-gap-0 ut-row-69f48c9cc9996\" ><div class=\"wpb_column vc_column_container vc_col-sm-12\" ><div id=\"ut_inner_column_69f48c9cca293\" class=\"vc_column-inner\"><div class=\"wpb_wrapper\">\n\t<div class=\"wpb_text_column wpb_content_element\" >\n\t\t<div class=\"wpb_wrapper\">\n\t\t\t<p><img loading=\"lazy\" decoding=\"async\" class=\"aligncenter wp-image-6678 size-full\" src=\"https:\/\/gremicafe.cat\/wp-content\/uploads\/2022\/10\/coffee-ga43864696_1920.jpg\" alt=\"\" width=\"1920\" height=\"1281\" srcset=\"https:\/\/gremicafe.cat\/wp-content\/uploads\/2022\/10\/coffee-ga43864696_1920.jpg 1920w, https:\/\/gremicafe.cat\/wp-content\/uploads\/2022\/10\/coffee-ga43864696_1920-768x512.jpg 768w, https:\/\/gremicafe.cat\/wp-content\/uploads\/2022\/10\/coffee-ga43864696_1920-1536x1025.jpg 1536w, https:\/\/gremicafe.cat\/wp-content\/uploads\/2022\/10\/coffee-ga43864696_1920-1079x720.jpg 1079w\" sizes=\"(max-width: 1920px) 100vw, 1920px\" \/><\/p>\n<div class=\"\">\n<p class=\"p1\">Josep Corbella. La Vanguardia<\/p>\n<blockquote>\n<p class=\"p1\">Gran parte del efecto protector se debe a la cafe\u00edna, pero el caf\u00e9 descafeinado tambi\u00e9n aporta beneficios.<\/p>\n<\/blockquote>\n<p class=\"p2\"><strong>Las personas que toman dos o tres tazas de caf\u00e9 al d\u00eda tienen menor riesgo de sufrir enfermedades cardiovasculares que las que se abstienen de tomar caf\u00e9<\/strong>, seg\u00fan un estudio basado en datos de 449.563 personas del Reino Unido. El m\u00e1ximo beneficio se ha observado en personas que suelen consumir el caf\u00e9 con cafe\u00edna, pero tambi\u00e9n se ha visto una reducci\u00f3n de riesgo en las que lo toman descafeinado. Quienes toman variedades de caf\u00e9 mucho tienen un riesgo cardiovascular algo m\u00e1s bajo que quienes toman caf\u00e9s instant\u00e1neos.<\/p>\n<p class=\"p2\">La cafe\u00edna no explica todos los beneficios del caf\u00e9, concluyen los autores de la investigaci\u00f3n, de la Universidad de Melbourne (Australia). <strong>&quot;El caf\u00e9 contiene m\u00e1s de cien agentes biol\u00f3gicos diferentes&quot;<\/strong>, escriben en el European Journal of Preventive Cardiology, donde han presentado sus resultados. Adem\u00e1s de la cafe\u00edna, contiene polifenoles y otros micronutrientes que &quot;probablemente son responsables de los efectos beneficiosos del consumo de caf\u00e9&quot;.<\/p>\n<p>&nbsp;<\/p>\n<p class=\"p1\"><a href=\"https:\/\/www.lavanguardia.com\/ciencia\/20220927\/8544328\/personas-toman-dos-tres-cafes-dia-menor-riesgo-ictus-e-infartos.html\" target=\"_blank\" rel=\"noopener\">Lea AQU\u00cd el art\u00edculo entero de LA VANGUARDIA<\/a><\/p>\n<\/div>\n\n\t\t<\/div>\n\t<\/div>\n<\/div><\/div><\/div><\/div><div class=\"vc_row-full-width vc_clearfix\"><\/div>","protected":false},"excerpt":{"rendered":"Josep Corbella. La Vanguardia Gran part de l'efecte protector es deu a la cafe\u00efna, per\u00f2 el caf\u00e8 descafe\u00efnat tamb\u00e9 aporta beneficis. Les persones que prenen dues o tres tasses de caf\u00e8 al dia tenen menor risc de sofrir malalties cardiovasculars que les que s'abstenen de prendre caf\u00e8, segons un estudi basat en dades de 449.563 [...]","protected":false},"author":1,"featured_media":6678,"comment_status":"closed","ping_status":"open","sticky":false,"template":"","format":"standard","meta":{"_acf_changed":false,"inline_featured_image":false,"footnotes":""},"categories":[1],"tags":[],"class_list":["post-6677","post","type-post","status-publish","format-standard","has-post-thumbnail","hentry","category-noticies"],"acf":[],"yoast_head":"<!-- This site is optimized with the Yoast SEO plugin v25.5 - https:\/\/yoast.com\/wordpress\/plugins\/seo\/ -->\n<title>Les persones que prenen dos o tres caf\u00e8s al dia tenen menor risc d\u2019ictus i d\u2019infarts - Gremi del Caf\u00e8, torradors de Catalunya<\/title>\n<meta name=\"robots\" content=\"index, follow, max-snippet:-1, max-image-preview:large, max-video-preview:-1\" \/>\n<link rel=\"canonical\" href=\"https:\/\/gremicafe.cat\/es\/2022\/10\/19\/persones-prenen-dos-tres-cafes-al-dia-menor-risc-ictus-i-infarts\/\" \/>\n<meta property=\"og:locale\" content=\"es_ES\" \/>\n<meta property=\"og:type\" content=\"article\" \/>\n<meta property=\"og:title\" content=\"Les persones que prenen dos o tres caf\u00e8s al dia tenen menor risc d\u2019ictus i d\u2019infarts - Gremi del Caf\u00e8, torradors de Catalunya\" \/>\n<meta property=\"og:url\" content=\"https:\/\/gremicafe.cat\/es\/2022\/10\/19\/persones-prenen-dos-tres-cafes-al-dia-menor-risc-ictus-i-infarts\/\" \/>\n<meta property=\"og:site_name\" content=\"Gremi del Caf\u00e8, torradors de Catalunya\" \/>\n<meta property=\"article:publisher\" content=\"https:\/\/www.facebook.com\/gremicafecat\" \/>\n<meta property=\"article:published_time\" content=\"2022-10-19T07:00:34+00:00\" \/>\n<meta property=\"article:modified_time\" content=\"2022-10-27T10:43:50+00:00\" \/>\n<meta property=\"og:image\" content=\"https:\/\/gremicafe.cat\/wp-content\/uploads\/2022\/10\/coffee-ga43864696_1920.jpg\" \/>\n\t<meta property=\"og:image:width\" content=\"1920\" \/>\n\t<meta property=\"og:image:height\" content=\"1281\" \/>\n\t<meta property=\"og:image:type\" content=\"image\/jpeg\" \/>\n<meta name=\"author\" content=\"gremicafe\" \/>\n<meta name=\"twitter:card\" content=\"summary_large_image\" \/>\n<meta name=\"twitter:creator\" content=\"@gremicafecat\" \/>\n<meta name=\"twitter:site\" content=\"@gremicafecat\" \/>\n<meta name=\"twitter:label1\" content=\"Escrito por\" \/>\n\t<meta name=\"twitter:data1\" content=\"gremicafe\" \/>\n\t<meta name=\"twitter:label2\" content=\"Tiempo de lectura\" \/>\n\t<meta name=\"twitter:data2\" content=\"1 minuto\" \/>\n<script type=\"application\/ld+json\" class=\"yoast-schema-graph\">{\"@context\":\"https:\/\/schema.org\",\"@graph\":[{\"@type\":\"Article\",\"@id\":\"https:\/\/gremicafe.cat\/2022\/10\/19\/persones-prenen-dos-tres-cafes-al-dia-menor-risc-ictus-i-infarts\/#article\",\"isPartOf\":{\"@id\":\"https:\/\/gremicafe.cat\/2022\/10\/19\/persones-prenen-dos-tres-cafes-al-dia-menor-risc-ictus-i-infarts\/\"},\"author\":{\"name\":\"gremicafe\",\"@id\":\"https:\/\/gremicafe.cat\/#\/schema\/person\/dabfdbb3d0fa36260855a380f94e4733\"},\"headline\":\"Les persones que prenen dos o tres caf\u00e8s al dia tenen menor risc d\u2019ictus i d\u2019infarts\",\"datePublished\":\"2022-10-19T07:00:34+00:00\",\"dateModified\":\"2022-10-27T10:43:50+00:00\",\"mainEntityOfPage\":{\"@id\":\"https:\/\/gremicafe.cat\/2022\/10\/19\/persones-prenen-dos-tres-cafes-al-dia-menor-risc-ictus-i-infarts\/\"},\"wordCount\":228,\"publisher\":{\"@id\":\"https:\/\/gremicafe.cat\/#organization\"},\"image\":{\"@id\":\"https:\/\/gremicafe.cat\/2022\/10\/19\/persones-prenen-dos-tres-cafes-al-dia-menor-risc-ictus-i-infarts\/#primaryimage\"},\"thumbnailUrl\":\"https:\/\/gremicafe.cat\/wp-content\/uploads\/2022\/10\/coffee-ga43864696_1920.jpg\",\"articleSection\":[\"Not\u00edcies\"],\"inLanguage\":\"es\"},{\"@type\":\"WebPage\",\"@id\":\"https:\/\/gremicafe.cat\/2022\/10\/19\/persones-prenen-dos-tres-cafes-al-dia-menor-risc-ictus-i-infarts\/\",\"url\":\"https:\/\/gremicafe.cat\/2022\/10\/19\/persones-prenen-dos-tres-cafes-al-dia-menor-risc-ictus-i-infarts\/\",\"name\":\"Les persones que prenen dos o tres caf\u00e8s al dia tenen menor risc d\u2019ictus i d\u2019infarts - Gremi del Caf\u00e8, torradors de Catalunya\",\"isPartOf\":{\"@id\":\"https:\/\/gremicafe.cat\/#website\"},\"primaryImageOfPage\":{\"@id\":\"https:\/\/gremicafe.cat\/2022\/10\/19\/persones-prenen-dos-tres-cafes-al-dia-menor-risc-ictus-i-infarts\/#primaryimage\"},\"image\":{\"@id\":\"https:\/\/gremicafe.cat\/2022\/10\/19\/persones-prenen-dos-tres-cafes-al-dia-menor-risc-ictus-i-infarts\/#primaryimage\"},\"thumbnailUrl\":\"https:\/\/gremicafe.cat\/wp-content\/uploads\/2022\/10\/coffee-ga43864696_1920.jpg\",\"datePublished\":\"2022-10-19T07:00:34+00:00\",\"dateModified\":\"2022-10-27T10:43:50+00:00\",\"breadcrumb\":{\"@id\":\"https:\/\/gremicafe.cat\/2022\/10\/19\/persones-prenen-dos-tres-cafes-al-dia-menor-risc-ictus-i-infarts\/#breadcrumb\"},\"inLanguage\":\"es\",\"potentialAction\":[{\"@type\":\"ReadAction\",\"target\":[\"https:\/\/gremicafe.cat\/2022\/10\/19\/persones-prenen-dos-tres-cafes-al-dia-menor-risc-ictus-i-infarts\/\"]}]},{\"@type\":\"ImageObject\",\"inLanguage\":\"es\",\"@id\":\"https:\/\/gremicafe.cat\/2022\/10\/19\/persones-prenen-dos-tres-cafes-al-dia-menor-risc-ictus-i-infarts\/#primaryimage\",\"url\":\"https:\/\/gremicafe.cat\/wp-content\/uploads\/2022\/10\/coffee-ga43864696_1920.jpg\",\"contentUrl\":\"https:\/\/gremicafe.cat\/wp-content\/uploads\/2022\/10\/coffee-ga43864696_1920.jpg\",\"width\":1920,\"height\":1281},{\"@type\":\"BreadcrumbList\",\"@id\":\"https:\/\/gremicafe.cat\/2022\/10\/19\/persones-prenen-dos-tres-cafes-al-dia-menor-risc-ictus-i-infarts\/#breadcrumb\",\"itemListElement\":[{\"@type\":\"ListItem\",\"position\":1,\"name\":\"Inici\",\"item\":\"https:\/\/gremicafe.cat\/\"},{\"@type\":\"ListItem\",\"position\":2,\"name\":\"Les persones que prenen dos o tres caf\u00e8s al dia tenen menor risc d\u2019ictus i d\u2019infarts\"}]},{\"@type\":\"WebSite\",\"@id\":\"https:\/\/gremicafe.cat\/#website\",\"url\":\"https:\/\/gremicafe.cat\/\",\"name\":\"Gremi del Caf\u00e8, torradors de Catalunya\",\"description\":\"Web oficial del gremi de torradors de caf\u00e8 de Catalunya\",\"publisher\":{\"@id\":\"https:\/\/gremicafe.cat\/#organization\"},\"potentialAction\":[{\"@type\":\"SearchAction\",\"target\":{\"@type\":\"EntryPoint\",\"urlTemplate\":\"https:\/\/gremicafe.cat\/?s={search_term_string}\"},\"query-input\":{\"@type\":\"PropertyValueSpecification\",\"valueRequired\":true,\"valueName\":\"search_term_string\"}}],\"inLanguage\":\"es\"},{\"@type\":\"Organization\",\"@id\":\"https:\/\/gremicafe.cat\/#organization\",\"name\":\"Gremi del Caf\u00e8, Torradors de Catalunya\",\"url\":\"https:\/\/gremicafe.cat\/\",\"logo\":{\"@type\":\"ImageObject\",\"inLanguage\":\"es\",\"@id\":\"https:\/\/gremicafe.cat\/#\/schema\/logo\/image\/\",\"url\":\"https:\/\/gremicafe.cat\/wp-content\/uploads\/2018\/03\/gremicafe-logo250.png\",\"contentUrl\":\"https:\/\/gremicafe.cat\/wp-content\/uploads\/2018\/03\/gremicafe-logo250.png\",\"width\":250,\"height\":49,\"caption\":\"Gremi del Caf\u00e8, Torradors de Catalunya\"},\"image\":{\"@id\":\"https:\/\/gremicafe.cat\/#\/schema\/logo\/image\/\"},\"sameAs\":[\"https:\/\/www.facebook.com\/gremicafecat\",\"https:\/\/x.com\/gremicafecat\",\"https:\/\/www.instagram.com\/gremicafecat\/\",\"https:\/\/www.pinterest.es\/gremicafecat\/\",\"https:\/\/www.youtube.com\/channel\/UCGLo5Y35vLwLvP4FrPZrCrw\/\"]},{\"@type\":\"Person\",\"@id\":\"https:\/\/gremicafe.cat\/#\/schema\/person\/dabfdbb3d0fa36260855a380f94e4733\",\"name\":\"gremicafe\",\"image\":{\"@type\":\"ImageObject\",\"inLanguage\":\"es\",\"@id\":\"https:\/\/gremicafe.cat\/#\/schema\/person\/image\/\",\"url\":\"https:\/\/secure.gravatar.com\/avatar\/e59baa4ca8f6f97576d6375fb6d3c8f0?s=96&d=mm&r=g\",\"contentUrl\":\"https:\/\/secure.gravatar.com\/avatar\/e59baa4ca8f6f97576d6375fb6d3c8f0?s=96&d=mm&r=g\",\"caption\":\"gremicafe\"}}]}<\/script>\n<!-- \/ Yoast SEO plugin. -->","yoast_head_json":{"title":"Les persones que prenen dos o tres caf\u00e8s al dia tenen menor risc d\u2019ictus i d\u2019infarts - Gremi del Caf\u00e8, torradors de Catalunya","robots":{"index":"index","follow":"follow","max-snippet":"max-snippet:-1","max-image-preview":"max-image-preview:large","max-video-preview":"max-video-preview:-1"},"canonical":"https:\/\/gremicafe.cat\/es\/2022\/10\/19\/persones-prenen-dos-tres-cafes-al-dia-menor-risc-ictus-i-infarts\/","og_locale":"es_ES","og_type":"article","og_title":"Les persones que prenen dos o tres caf\u00e8s al dia tenen menor risc d\u2019ictus i d\u2019infarts - Gremi del Caf\u00e8, torradors de Catalunya","og_url":"https:\/\/gremicafe.cat\/es\/2022\/10\/19\/persones-prenen-dos-tres-cafes-al-dia-menor-risc-ictus-i-infarts\/","og_site_name":"Gremi del Caf\u00e8, torradors de Catalunya","article_publisher":"https:\/\/www.facebook.com\/gremicafecat","article_published_time":"2022-10-19T07:00:34+00:00","article_modified_time":"2022-10-27T10:43:50+00:00","og_image":[{"width":1920,"height":1281,"url":"https:\/\/gremicafe.cat\/wp-content\/uploads\/2022\/10\/coffee-ga43864696_1920.jpg","type":"image\/jpeg"}],"author":"gremicafe","twitter_card":"summary_large_image","twitter_creator":"@gremicafecat","twitter_site":"@gremicafecat","twitter_misc":{"Escrito por":"gremicafe","Tiempo de lectura":"1 minuto"},"schema":{"@context":"https:\/\/schema.org","@graph":[{"@type":"Article","@id":"https:\/\/gremicafe.cat\/2022\/10\/19\/persones-prenen-dos-tres-cafes-al-dia-menor-risc-ictus-i-infarts\/#article","isPartOf":{"@id":"https:\/\/gremicafe.cat\/2022\/10\/19\/persones-prenen-dos-tres-cafes-al-dia-menor-risc-ictus-i-infarts\/"},"author":{"name":"gremicafe","@id":"https:\/\/gremicafe.cat\/#\/schema\/person\/dabfdbb3d0fa36260855a380f94e4733"},"headline":"Les persones que prenen dos o tres caf\u00e8s al dia tenen menor risc d\u2019ictus i d\u2019infarts","datePublished":"2022-10-19T07:00:34+00:00","dateModified":"2022-10-27T10:43:50+00:00","mainEntityOfPage":{"@id":"https:\/\/gremicafe.cat\/2022\/10\/19\/persones-prenen-dos-tres-cafes-al-dia-menor-risc-ictus-i-infarts\/"},"wordCount":228,"publisher":{"@id":"https:\/\/gremicafe.cat\/#organization"},"image":{"@id":"https:\/\/gremicafe.cat\/2022\/10\/19\/persones-prenen-dos-tres-cafes-al-dia-menor-risc-ictus-i-infarts\/#primaryimage"},"thumbnailUrl":"https:\/\/gremicafe.cat\/wp-content\/uploads\/2022\/10\/coffee-ga43864696_1920.jpg","articleSection":["Not\u00edcies"],"inLanguage":"es"},{"@type":"WebPage","@id":"https:\/\/gremicafe.cat\/2022\/10\/19\/persones-prenen-dos-tres-cafes-al-dia-menor-risc-ictus-i-infarts\/","url":"https:\/\/gremicafe.cat\/2022\/10\/19\/persones-prenen-dos-tres-cafes-al-dia-menor-risc-ictus-i-infarts\/","name":"Les persones que prenen dos o tres caf\u00e8s al dia tenen menor risc d\u2019ictus i d\u2019infarts - Gremi del Caf\u00e8, torradors de Catalunya","isPartOf":{"@id":"https:\/\/gremicafe.cat\/#website"},"primaryImageOfPage":{"@id":"https:\/\/gremicafe.cat\/2022\/10\/19\/persones-prenen-dos-tres-cafes-al-dia-menor-risc-ictus-i-infarts\/#primaryimage"},"image":{"@id":"https:\/\/gremicafe.cat\/2022\/10\/19\/persones-prenen-dos-tres-cafes-al-dia-menor-risc-ictus-i-infarts\/#primaryimage"},"thumbnailUrl":"https:\/\/gremicafe.cat\/wp-content\/uploads\/2022\/10\/coffee-ga43864696_1920.jpg","datePublished":"2022-10-19T07:00:34+00:00","dateModified":"2022-10-27T10:43:50+00:00","breadcrumb":{"@id":"https:\/\/gremicafe.cat\/2022\/10\/19\/persones-prenen-dos-tres-cafes-al-dia-menor-risc-ictus-i-infarts\/#breadcrumb"},"inLanguage":"es","potentialAction":[{"@type":"ReadAction","target":["https:\/\/gremicafe.cat\/2022\/10\/19\/persones-prenen-dos-tres-cafes-al-dia-menor-risc-ictus-i-infarts\/"]}]},{"@type":"ImageObject","inLanguage":"es","@id":"https:\/\/gremicafe.cat\/2022\/10\/19\/persones-prenen-dos-tres-cafes-al-dia-menor-risc-ictus-i-infarts\/#primaryimage","url":"https:\/\/gremicafe.cat\/wp-content\/uploads\/2022\/10\/coffee-ga43864696_1920.jpg","contentUrl":"https:\/\/gremicafe.cat\/wp-content\/uploads\/2022\/10\/coffee-ga43864696_1920.jpg","width":1920,"height":1281},{"@type":"BreadcrumbList","@id":"https:\/\/gremicafe.cat\/2022\/10\/19\/persones-prenen-dos-tres-cafes-al-dia-menor-risc-ictus-i-infarts\/#breadcrumb","itemListElement":[{"@type":"ListItem","position":1,"name":"Inici","item":"https:\/\/gremicafe.cat\/"},{"@type":"ListItem","position":2,"name":"Les persones que prenen dos o tres caf\u00e8s al dia tenen menor risc d\u2019ictus i d\u2019infarts"}]},{"@type":"WebSite","@id":"https:\/\/gremicafe.cat\/#website","url":"https:\/\/gremicafe.cat\/","name":"Gremio del Caf\u00e9, tostadores de Catalu\u00f1a","description":"Web oficial del gremio de tostadores de caf\u00e9 de Catalunya","publisher":{"@id":"https:\/\/gremicafe.cat\/#organization"},"potentialAction":[{"@type":"SearchAction","target":{"@type":"EntryPoint","urlTemplate":"https:\/\/gremicafe.cat\/?s={search_term_string}"},"query-input":{"@type":"PropertyValueSpecification","valueRequired":true,"valueName":"search_term_string"}}],"inLanguage":"es"},{"@type":"Organization","@id":"https:\/\/gremicafe.cat\/#organization","name":"Gremio del Caf\u00e9, Tostadores de Catalu\u00f1a","url":"https:\/\/gremicafe.cat\/","logo":{"@type":"ImageObject","inLanguage":"es","@id":"https:\/\/gremicafe.cat\/#\/schema\/logo\/image\/","url":"https:\/\/gremicafe.cat\/wp-content\/uploads\/2018\/03\/gremicafe-logo250.png","contentUrl":"https:\/\/gremicafe.cat\/wp-content\/uploads\/2018\/03\/gremicafe-logo250.png","width":250,"height":49,"caption":"Gremi del Caf\u00e8, Torradors de Catalunya"},"image":{"@id":"https:\/\/gremicafe.cat\/#\/schema\/logo\/image\/"},"sameAs":["https:\/\/www.facebook.com\/gremicafecat","https:\/\/x.com\/gremicafecat","https:\/\/www.instagram.com\/gremicafecat\/","https:\/\/www.pinterest.es\/gremicafecat\/","https:\/\/www.youtube.com\/channel\/UCGLo5Y35vLwLvP4FrPZrCrw\/"]},{"@type":"Person","@id":"https:\/\/gremicafe.cat\/#\/schema\/person\/dabfdbb3d0fa36260855a380f94e4733","name":"gremicafe","image":{"@type":"ImageObject","inLanguage":"es","@id":"https:\/\/gremicafe.cat\/#\/schema\/person\/image\/","url":"https:\/\/secure.gravatar.com\/avatar\/e59baa4ca8f6f97576d6375fb6d3c8f0?s=96&d=mm&r=g","contentUrl":"https:\/\/secure.gravatar.com\/avatar\/e59baa4ca8f6f97576d6375fb6d3c8f0?s=96&d=mm&r=g","caption":"gremicafe"}}]}},"_links":{"self":[{"href":"https:\/\/gremicafe.cat\/es\/wp-json\/wp\/v2\/posts\/6677"}],"collection":[{"href":"https:\/\/gremicafe.cat\/es\/wp-json\/wp\/v2\/posts"}],"about":[{"href":"https:\/\/gremicafe.cat\/es\/wp-json\/wp\/v2\/types\/post"}],"author":[{"embeddable":true,"href":"https:\/\/gremicafe.cat\/es\/wp-json\/wp\/v2\/users\/1"}],"replies":[{"embeddable":true,"href":"https:\/\/gremicafe.cat\/es\/wp-json\/wp\/v2\/comments?post=6677"}],"version-history":[{"count":0,"href":"https:\/\/gremicafe.cat\/es\/wp-json\/wp\/v2\/posts\/6677\/revisions"}],"wp:featuredmedia":[{"embeddable":true,"href":"https:\/\/gremicafe.cat\/es\/wp-json\/wp\/v2\/media\/6678"}],"wp:attachment":[{"href":"https:\/\/gremicafe.cat\/es\/wp-json\/wp\/v2\/media?parent=6677"}],"wp:term":[{"taxonomy":"category","embeddable":true,"href":"https:\/\/gremicafe.cat\/es\/wp-json\/wp\/v2\/categories?post=6677"},{"taxonomy":"post_tag","embeddable":true,"href":"https:\/\/gremicafe.cat\/es\/wp-json\/wp\/v2\/tags?post=6677"}],"curies":[{"name":"wp","href":"https:\/\/api.w.org\/{rel}","templated":true}]}}