{"id":6686,"date":"2022-10-25T15:55:23","date_gmt":"2022-10-25T13:55:23","guid":{"rendered":"https:\/\/gremicafe.cat\/?p=6686"},"modified":"2022-10-25T15:56:31","modified_gmt":"2022-10-25T13:56:31","slug":"gremi-collabora-campanya-un-cafe-solidari","status":"publish","type":"post","link":"https:\/\/gremicafe.cat\/es\/2022\/10\/25\/gremi-collabora-campanya-un-cafe-solidari\/","title":{"rendered":"El Gremio de Tostadores de Caf\u00e9 de Catalu\u00f1a colabora en la campa\u00f1a &quot;Un caf\u00e9 solidario&quot;"},"content":{"rendered":"<div id=\"ut-row-69f46e43b85e4\" data-vc-full-width=\"true\" data-vc-full-width-init=\"false\" class=\"vc_row wpb_row vc_row-fluid vc_column-gap-0 ut-row-69f46e43b85f3\" ><div class=\"wpb_column vc_column_container vc_col-sm-12\" ><div id=\"ut_inner_column_69f46e43b8ff6\" class=\"vc_column-inner\"><div class=\"wpb_wrapper\">\n\t<div class=\"wpb_text_column wpb_content_element\" >\n\t\t<div class=\"wpb_wrapper\">\n\t\t\t<p><img loading=\"lazy\" decoding=\"async\" class=\"aligncenter wp-image-6687 size-full\" src=\"https:\/\/gremicafe.cat\/wp-content\/uploads\/2022\/10\/banner_CafeSolidari_650x530px_CAT-scaled.jpg\" alt=\"\" width=\"2560\" height=\"2087\" srcset=\"https:\/\/gremicafe.cat\/wp-content\/uploads\/2022\/10\/banner_CafeSolidari_650x530px_CAT-scaled.jpg 2560w, https:\/\/gremicafe.cat\/wp-content\/uploads\/2022\/10\/banner_CafeSolidari_650x530px_CAT-768x626.jpg 768w, https:\/\/gremicafe.cat\/wp-content\/uploads\/2022\/10\/banner_CafeSolidari_650x530px_CAT-1536x1252.jpg 1536w, https:\/\/gremicafe.cat\/wp-content\/uploads\/2022\/10\/banner_CafeSolidari_650x530px_CAT-2048x1670.jpg 2048w, https:\/\/gremicafe.cat\/wp-content\/uploads\/2022\/10\/banner_CafeSolidari_650x530px_CAT-883x720.jpg 883w\" sizes=\"(max-width: 2560px) 100vw, 2560px\" \/><\/p>\n<div class=\"\">\n<p class=\"p1\"><strong>El Gremio de Tostadores de Caf\u00e9 de Catalu\u00f1a colabora en la campa\u00f1a \u201cUn caf\u00e9 solidario\u201d promovida por el hospital Sant Joan de D\u00e9u.<\/strong><\/p>\n<p class=\"p1\">LA SOLIDARIDAD QUE ROMPE SOLEDADES<\/p>\n<p class=\"p1\">La soledad no deseada es una realidad que cada vez afecta a m\u00e1s personas.<\/p>\n<p class=\"p1\">Vivir situaciones de vulnerabilidad aumenta este sentimiento y en Sant Joan de D\u00e9u trabajamos para romper esta soledad.<\/p>\n<p class=\"p1\">Rompamos la soledad de las personas en situaci\u00f3n de sin hogar desde centros residenciales y con un acompa\u00f1amiento sociolaboral. Trabajamos para que ning\u00fan ni\u00f1o hospitalizado se sienta solo y velamos por las necesidades de familias en riesgo de exclusi\u00f3n social y de personas en situaci\u00f3n de dependencia.<\/p>\n<p class=\"p1\">Acompa\u00f1amos a personas reci\u00e9n llegadas que viven procesos migratorios de mucha complejidad. Atendemos a personas con problemas de salud mental y lo hacemos con proyectos de referencia como la plataforma SOM Salut Mental 360 y con estudios de impacto de la soledad.<\/p>\n<p class=\"p1\"><strong>Con un peque\u00f1o gesto, como tomar un caf\u00e9 solidario, ahora tambi\u00e9n puedes romper soledades.<\/strong><\/p>\n<p class=\"p1\"><a href=\"https:\/\/solidaritat.santjoandedeu.org\/cafesolidari\/?lang=ca\" target=\"_blank\" rel=\"noopener\">Descubre c\u00f3mo participar aqu\u00ed<\/a><\/p>\n<\/div>\n\n\t\t<\/div>\n\t<\/div>\n<\/div><\/div><\/div><\/div><div class=\"vc_row-full-width vc_clearfix\"><\/div>","protected":false},"excerpt":{"rendered":"El Gremi de Torradors de Caf\u00e8 de Catalunya col\u00b7labora en la campanya \"Un caf\u00e8 solidari\" promoguda per l\u2019hospital Sant Joan de D\u00e9u. LA SOLIDARITAT QUE TRENCA SOLEDATS La soledat no desitjada \u00e9s una realitat que cada cop afecta m\u00e9s persones. Viure situacions de vulnerabilitat augmenta aquest sentiment i a Sant Joan de D\u00e9u treballem per [...]","protected":false},"author":1,"featured_media":6687,"comment_status":"closed","ping_status":"open","sticky":false,"template":"","format":"standard","meta":{"_acf_changed":false,"inline_featured_image":false,"footnotes":""},"categories":[1,81],"tags":[],"class_list":["post-6686","post","type-post","status-publish","format-standard","has-post-thumbnail","hentry","category-noticies","category-novetats"],"acf":[],"yoast_head":"<!-- This site is optimized with the Yoast SEO plugin v25.5 - https:\/\/yoast.com\/wordpress\/plugins\/seo\/ -->\n<title>El Gremi de Torradors de Caf\u00e8 de Catalunya col\u00b7labora en la campanya &quot;Un caf\u00e8 solidari&quot; - Gremi del Caf\u00e8, torradors de Catalunya<\/title>\n<meta name=\"robots\" content=\"index, follow, max-snippet:-1, max-image-preview:large, max-video-preview:-1\" \/>\n<link rel=\"canonical\" href=\"https:\/\/gremicafe.cat\/es\/2022\/10\/25\/gremi-collabora-campanya-un-cafe-solidari\/\" \/>\n<meta property=\"og:locale\" content=\"es_ES\" \/>\n<meta property=\"og:type\" content=\"article\" \/>\n<meta property=\"og:title\" content=\"El Gremi de Torradors de Caf\u00e8 de Catalunya col\u00b7labora en la campanya &quot;Un caf\u00e8 solidari&quot; - Gremi del Caf\u00e8, torradors de Catalunya\" \/>\n<meta property=\"og:url\" content=\"https:\/\/gremicafe.cat\/es\/2022\/10\/25\/gremi-collabora-campanya-un-cafe-solidari\/\" \/>\n<meta property=\"og:site_name\" content=\"Gremi del Caf\u00e8, torradors de Catalunya\" \/>\n<meta property=\"article:publisher\" content=\"https:\/\/www.facebook.com\/gremicafecat\" \/>\n<meta property=\"article:published_time\" content=\"2022-10-25T13:55:23+00:00\" \/>\n<meta property=\"article:modified_time\" content=\"2022-10-25T13:56:31+00:00\" \/>\n<meta property=\"og:image\" content=\"https:\/\/gremicafe.cat\/wp-content\/uploads\/2022\/10\/banner_CafeSolidari_650x530px_CAT-scaled.jpg\" \/>\n\t<meta property=\"og:image:width\" content=\"2560\" \/>\n\t<meta property=\"og:image:height\" content=\"2087\" \/>\n\t<meta property=\"og:image:type\" content=\"image\/jpeg\" \/>\n<meta name=\"author\" content=\"gremicafe\" \/>\n<meta name=\"twitter:card\" content=\"summary_large_image\" \/>\n<meta name=\"twitter:creator\" content=\"@gremicafecat\" \/>\n<meta name=\"twitter:site\" content=\"@gremicafecat\" \/>\n<meta name=\"twitter:label1\" content=\"Escrito por\" \/>\n\t<meta name=\"twitter:data1\" content=\"gremicafe\" \/>\n\t<meta name=\"twitter:label2\" content=\"Tiempo de lectura\" \/>\n\t<meta name=\"twitter:data2\" content=\"2 minutos\" \/>\n<script type=\"application\/ld+json\" class=\"yoast-schema-graph\">{\"@context\":\"https:\/\/schema.org\",\"@graph\":[{\"@type\":\"Article\",\"@id\":\"https:\/\/gremicafe.cat\/2022\/10\/25\/gremi-collabora-campanya-un-cafe-solidari\/#article\",\"isPartOf\":{\"@id\":\"https:\/\/gremicafe.cat\/2022\/10\/25\/gremi-collabora-campanya-un-cafe-solidari\/\"},\"author\":{\"name\":\"gremicafe\",\"@id\":\"https:\/\/gremicafe.cat\/#\/schema\/person\/dabfdbb3d0fa36260855a380f94e4733\"},\"headline\":\"El Gremi de Torradors de Caf\u00e8 de Catalunya col\u00b7labora en la campanya &#8220;Un caf\u00e8 solidari&#8221;\",\"datePublished\":\"2022-10-25T13:55:23+00:00\",\"dateModified\":\"2022-10-25T13:56:31+00:00\",\"mainEntityOfPage\":{\"@id\":\"https:\/\/gremicafe.cat\/2022\/10\/25\/gremi-collabora-campanya-un-cafe-solidari\/\"},\"wordCount\":199,\"publisher\":{\"@id\":\"https:\/\/gremicafe.cat\/#organization\"},\"image\":{\"@id\":\"https:\/\/gremicafe.cat\/2022\/10\/25\/gremi-collabora-campanya-un-cafe-solidari\/#primaryimage\"},\"thumbnailUrl\":\"https:\/\/gremicafe.cat\/wp-content\/uploads\/2022\/10\/banner_CafeSolidari_650x530px_CAT-scaled.jpg\",\"articleSection\":[\"Not\u00edcies\",\"Novetats\"],\"inLanguage\":\"es\"},{\"@type\":\"WebPage\",\"@id\":\"https:\/\/gremicafe.cat\/2022\/10\/25\/gremi-collabora-campanya-un-cafe-solidari\/\",\"url\":\"https:\/\/gremicafe.cat\/2022\/10\/25\/gremi-collabora-campanya-un-cafe-solidari\/\",\"name\":\"El Gremi de Torradors de Caf\u00e8 de Catalunya col\u00b7labora en la campanya \\\"Un caf\u00e8 solidari\\\" - Gremi del Caf\u00e8, torradors de Catalunya\",\"isPartOf\":{\"@id\":\"https:\/\/gremicafe.cat\/#website\"},\"primaryImageOfPage\":{\"@id\":\"https:\/\/gremicafe.cat\/2022\/10\/25\/gremi-collabora-campanya-un-cafe-solidari\/#primaryimage\"},\"image\":{\"@id\":\"https:\/\/gremicafe.cat\/2022\/10\/25\/gremi-collabora-campanya-un-cafe-solidari\/#primaryimage\"},\"thumbnailUrl\":\"https:\/\/gremicafe.cat\/wp-content\/uploads\/2022\/10\/banner_CafeSolidari_650x530px_CAT-scaled.jpg\",\"datePublished\":\"2022-10-25T13:55:23+00:00\",\"dateModified\":\"2022-10-25T13:56:31+00:00\",\"breadcrumb\":{\"@id\":\"https:\/\/gremicafe.cat\/2022\/10\/25\/gremi-collabora-campanya-un-cafe-solidari\/#breadcrumb\"},\"inLanguage\":\"es\",\"potentialAction\":[{\"@type\":\"ReadAction\",\"target\":[\"https:\/\/gremicafe.cat\/2022\/10\/25\/gremi-collabora-campanya-un-cafe-solidari\/\"]}]},{\"@type\":\"ImageObject\",\"inLanguage\":\"es\",\"@id\":\"https:\/\/gremicafe.cat\/2022\/10\/25\/gremi-collabora-campanya-un-cafe-solidari\/#primaryimage\",\"url\":\"https:\/\/gremicafe.cat\/wp-content\/uploads\/2022\/10\/banner_CafeSolidari_650x530px_CAT-scaled.jpg\",\"contentUrl\":\"https:\/\/gremicafe.cat\/wp-content\/uploads\/2022\/10\/banner_CafeSolidari_650x530px_CAT-scaled.jpg\",\"width\":2560,\"height\":2087,\"caption\":\"Campanya caf\u00e8 solidari SJD Gremi Caf\u00e8\"},{\"@type\":\"BreadcrumbList\",\"@id\":\"https:\/\/gremicafe.cat\/2022\/10\/25\/gremi-collabora-campanya-un-cafe-solidari\/#breadcrumb\",\"itemListElement\":[{\"@type\":\"ListItem\",\"position\":1,\"name\":\"Inici\",\"item\":\"https:\/\/gremicafe.cat\/\"},{\"@type\":\"ListItem\",\"position\":2,\"name\":\"El Gremi de Torradors de Caf\u00e8 de Catalunya col\u00b7labora en la campanya &#8220;Un caf\u00e8 solidari&#8221;\"}]},{\"@type\":\"WebSite\",\"@id\":\"https:\/\/gremicafe.cat\/#website\",\"url\":\"https:\/\/gremicafe.cat\/\",\"name\":\"Gremi del Caf\u00e8, torradors de Catalunya\",\"description\":\"Web oficial del gremi de torradors de caf\u00e8 de Catalunya\",\"publisher\":{\"@id\":\"https:\/\/gremicafe.cat\/#organization\"},\"potentialAction\":[{\"@type\":\"SearchAction\",\"target\":{\"@type\":\"EntryPoint\",\"urlTemplate\":\"https:\/\/gremicafe.cat\/?s={search_term_string}\"},\"query-input\":{\"@type\":\"PropertyValueSpecification\",\"valueRequired\":true,\"valueName\":\"search_term_string\"}}],\"inLanguage\":\"es\"},{\"@type\":\"Organization\",\"@id\":\"https:\/\/gremicafe.cat\/#organization\",\"name\":\"Gremi del Caf\u00e8, Torradors de Catalunya\",\"url\":\"https:\/\/gremicafe.cat\/\",\"logo\":{\"@type\":\"ImageObject\",\"inLanguage\":\"es\",\"@id\":\"https:\/\/gremicafe.cat\/#\/schema\/logo\/image\/\",\"url\":\"https:\/\/gremicafe.cat\/wp-content\/uploads\/2018\/03\/gremicafe-logo250.png\",\"contentUrl\":\"https:\/\/gremicafe.cat\/wp-content\/uploads\/2018\/03\/gremicafe-logo250.png\",\"width\":250,\"height\":49,\"caption\":\"Gremi del Caf\u00e8, Torradors de Catalunya\"},\"image\":{\"@id\":\"https:\/\/gremicafe.cat\/#\/schema\/logo\/image\/\"},\"sameAs\":[\"https:\/\/www.facebook.com\/gremicafecat\",\"https:\/\/x.com\/gremicafecat\",\"https:\/\/www.instagram.com\/gremicafecat\/\",\"https:\/\/www.pinterest.es\/gremicafecat\/\",\"https:\/\/www.youtube.com\/channel\/UCGLo5Y35vLwLvP4FrPZrCrw\/\"]},{\"@type\":\"Person\",\"@id\":\"https:\/\/gremicafe.cat\/#\/schema\/person\/dabfdbb3d0fa36260855a380f94e4733\",\"name\":\"gremicafe\",\"image\":{\"@type\":\"ImageObject\",\"inLanguage\":\"es\",\"@id\":\"https:\/\/gremicafe.cat\/#\/schema\/person\/image\/\",\"url\":\"https:\/\/secure.gravatar.com\/avatar\/e59baa4ca8f6f97576d6375fb6d3c8f0?s=96&d=mm&r=g\",\"contentUrl\":\"https:\/\/secure.gravatar.com\/avatar\/e59baa4ca8f6f97576d6375fb6d3c8f0?s=96&d=mm&r=g\",\"caption\":\"gremicafe\"}}]}<\/script>\n<!-- \/ Yoast SEO plugin. -->","yoast_head_json":{"title":"El Gremi de Torradors de Caf\u00e8 de Catalunya col\u00b7labora en la campanya \"Un caf\u00e8 solidari\" - Gremi del Caf\u00e8, torradors de Catalunya","robots":{"index":"index","follow":"follow","max-snippet":"max-snippet:-1","max-image-preview":"max-image-preview:large","max-video-preview":"max-video-preview:-1"},"canonical":"https:\/\/gremicafe.cat\/es\/2022\/10\/25\/gremi-collabora-campanya-un-cafe-solidari\/","og_locale":"es_ES","og_type":"article","og_title":"El Gremi de Torradors de Caf\u00e8 de Catalunya col\u00b7labora en la campanya \"Un caf\u00e8 solidari\" - Gremi del Caf\u00e8, torradors de Catalunya","og_url":"https:\/\/gremicafe.cat\/es\/2022\/10\/25\/gremi-collabora-campanya-un-cafe-solidari\/","og_site_name":"Gremi del Caf\u00e8, torradors de Catalunya","article_publisher":"https:\/\/www.facebook.com\/gremicafecat","article_published_time":"2022-10-25T13:55:23+00:00","article_modified_time":"2022-10-25T13:56:31+00:00","og_image":[{"width":2560,"height":2087,"url":"https:\/\/gremicafe.cat\/wp-content\/uploads\/2022\/10\/banner_CafeSolidari_650x530px_CAT-scaled.jpg","type":"image\/jpeg"}],"author":"gremicafe","twitter_card":"summary_large_image","twitter_creator":"@gremicafecat","twitter_site":"@gremicafecat","twitter_misc":{"Escrito por":"gremicafe","Tiempo de lectura":"2 minutos"},"schema":{"@context":"https:\/\/schema.org","@graph":[{"@type":"Article","@id":"https:\/\/gremicafe.cat\/2022\/10\/25\/gremi-collabora-campanya-un-cafe-solidari\/#article","isPartOf":{"@id":"https:\/\/gremicafe.cat\/2022\/10\/25\/gremi-collabora-campanya-un-cafe-solidari\/"},"author":{"name":"gremicafe","@id":"https:\/\/gremicafe.cat\/#\/schema\/person\/dabfdbb3d0fa36260855a380f94e4733"},"headline":"El Gremi de Torradors de Caf\u00e8 de Catalunya col\u00b7labora en la campanya &#8220;Un caf\u00e8 solidari&#8221;","datePublished":"2022-10-25T13:55:23+00:00","dateModified":"2022-10-25T13:56:31+00:00","mainEntityOfPage":{"@id":"https:\/\/gremicafe.cat\/2022\/10\/25\/gremi-collabora-campanya-un-cafe-solidari\/"},"wordCount":199,"publisher":{"@id":"https:\/\/gremicafe.cat\/#organization"},"image":{"@id":"https:\/\/gremicafe.cat\/2022\/10\/25\/gremi-collabora-campanya-un-cafe-solidari\/#primaryimage"},"thumbnailUrl":"https:\/\/gremicafe.cat\/wp-content\/uploads\/2022\/10\/banner_CafeSolidari_650x530px_CAT-scaled.jpg","articleSection":["Not\u00edcies","Novetats"],"inLanguage":"es"},{"@type":"WebPage","@id":"https:\/\/gremicafe.cat\/2022\/10\/25\/gremi-collabora-campanya-un-cafe-solidari\/","url":"https:\/\/gremicafe.cat\/2022\/10\/25\/gremi-collabora-campanya-un-cafe-solidari\/","name":"El Gremi de Torradors de Caf\u00e8 de Catalunya col\u00b7labora en la campanya \"Un caf\u00e8 solidari\" - Gremi del Caf\u00e8, torradors de Catalunya","isPartOf":{"@id":"https:\/\/gremicafe.cat\/#website"},"primaryImageOfPage":{"@id":"https:\/\/gremicafe.cat\/2022\/10\/25\/gremi-collabora-campanya-un-cafe-solidari\/#primaryimage"},"image":{"@id":"https:\/\/gremicafe.cat\/2022\/10\/25\/gremi-collabora-campanya-un-cafe-solidari\/#primaryimage"},"thumbnailUrl":"https:\/\/gremicafe.cat\/wp-content\/uploads\/2022\/10\/banner_CafeSolidari_650x530px_CAT-scaled.jpg","datePublished":"2022-10-25T13:55:23+00:00","dateModified":"2022-10-25T13:56:31+00:00","breadcrumb":{"@id":"https:\/\/gremicafe.cat\/2022\/10\/25\/gremi-collabora-campanya-un-cafe-solidari\/#breadcrumb"},"inLanguage":"es","potentialAction":[{"@type":"ReadAction","target":["https:\/\/gremicafe.cat\/2022\/10\/25\/gremi-collabora-campanya-un-cafe-solidari\/"]}]},{"@type":"ImageObject","inLanguage":"es","@id":"https:\/\/gremicafe.cat\/2022\/10\/25\/gremi-collabora-campanya-un-cafe-solidari\/#primaryimage","url":"https:\/\/gremicafe.cat\/wp-content\/uploads\/2022\/10\/banner_CafeSolidari_650x530px_CAT-scaled.jpg","contentUrl":"https:\/\/gremicafe.cat\/wp-content\/uploads\/2022\/10\/banner_CafeSolidari_650x530px_CAT-scaled.jpg","width":2560,"height":2087,"caption":"Campanya caf\u00e8 solidari SJD Gremi Caf\u00e8"},{"@type":"BreadcrumbList","@id":"https:\/\/gremicafe.cat\/2022\/10\/25\/gremi-collabora-campanya-un-cafe-solidari\/#breadcrumb","itemListElement":[{"@type":"ListItem","position":1,"name":"Inici","item":"https:\/\/gremicafe.cat\/"},{"@type":"ListItem","position":2,"name":"El Gremi de Torradors de Caf\u00e8 de Catalunya col\u00b7labora en la campanya &#8220;Un caf\u00e8 solidari&#8221;"}]},{"@type":"WebSite","@id":"https:\/\/gremicafe.cat\/#website","url":"https:\/\/gremicafe.cat\/","name":"Gremio del Caf\u00e9, tostadores de Catalu\u00f1a","description":"Web oficial del gremio de tostadores de caf\u00e9 de Catalunya","publisher":{"@id":"https:\/\/gremicafe.cat\/#organization"},"potentialAction":[{"@type":"SearchAction","target":{"@type":"EntryPoint","urlTemplate":"https:\/\/gremicafe.cat\/?s={search_term_string}"},"query-input":{"@type":"PropertyValueSpecification","valueRequired":true,"valueName":"search_term_string"}}],"inLanguage":"es"},{"@type":"Organization","@id":"https:\/\/gremicafe.cat\/#organization","name":"Gremio del Caf\u00e9, Tostadores de Catalu\u00f1a","url":"https:\/\/gremicafe.cat\/","logo":{"@type":"ImageObject","inLanguage":"es","@id":"https:\/\/gremicafe.cat\/#\/schema\/logo\/image\/","url":"https:\/\/gremicafe.cat\/wp-content\/uploads\/2018\/03\/gremicafe-logo250.png","contentUrl":"https:\/\/gremicafe.cat\/wp-content\/uploads\/2018\/03\/gremicafe-logo250.png","width":250,"height":49,"caption":"Gremi del Caf\u00e8, Torradors de Catalunya"},"image":{"@id":"https:\/\/gremicafe.cat\/#\/schema\/logo\/image\/"},"sameAs":["https:\/\/www.facebook.com\/gremicafecat","https:\/\/x.com\/gremicafecat","https:\/\/www.instagram.com\/gremicafecat\/","https:\/\/www.pinterest.es\/gremicafecat\/","https:\/\/www.youtube.com\/channel\/UCGLo5Y35vLwLvP4FrPZrCrw\/"]},{"@type":"Person","@id":"https:\/\/gremicafe.cat\/#\/schema\/person\/dabfdbb3d0fa36260855a380f94e4733","name":"gremicafe","image":{"@type":"ImageObject","inLanguage":"es","@id":"https:\/\/gremicafe.cat\/#\/schema\/person\/image\/","url":"https:\/\/secure.gravatar.com\/avatar\/e59baa4ca8f6f97576d6375fb6d3c8f0?s=96&d=mm&r=g","contentUrl":"https:\/\/secure.gravatar.com\/avatar\/e59baa4ca8f6f97576d6375fb6d3c8f0?s=96&d=mm&r=g","caption":"gremicafe"}}]}},"_links":{"self":[{"href":"https:\/\/gremicafe.cat\/es\/wp-json\/wp\/v2\/posts\/6686"}],"collection":[{"href":"https:\/\/gremicafe.cat\/es\/wp-json\/wp\/v2\/posts"}],"about":[{"href":"https:\/\/gremicafe.cat\/es\/wp-json\/wp\/v2\/types\/post"}],"author":[{"embeddable":true,"href":"https:\/\/gremicafe.cat\/es\/wp-json\/wp\/v2\/users\/1"}],"replies":[{"embeddable":true,"href":"https:\/\/gremicafe.cat\/es\/wp-json\/wp\/v2\/comments?post=6686"}],"version-history":[{"count":0,"href":"https:\/\/gremicafe.cat\/es\/wp-json\/wp\/v2\/posts\/6686\/revisions"}],"wp:featuredmedia":[{"embeddable":true,"href":"https:\/\/gremicafe.cat\/es\/wp-json\/wp\/v2\/media\/6687"}],"wp:attachment":[{"href":"https:\/\/gremicafe.cat\/es\/wp-json\/wp\/v2\/media?parent=6686"}],"wp:term":[{"taxonomy":"category","embeddable":true,"href":"https:\/\/gremicafe.cat\/es\/wp-json\/wp\/v2\/categories?post=6686"},{"taxonomy":"post_tag","embeddable":true,"href":"https:\/\/gremicafe.cat\/es\/wp-json\/wp\/v2\/tags?post=6686"}],"curies":[{"name":"wp","href":"https:\/\/api.w.org\/{rel}","templated":true}]}}