{"id":6713,"date":"2022-10-31T16:18:41","date_gmt":"2022-10-31T15:18:41","guid":{"rendered":"https:\/\/gremicafe.cat\/?p=6713"},"modified":"2022-10-27T12:40:57","modified_gmt":"2022-10-27T10:40:57","slug":"beure-3-tasses-de-cafe-al-dia","status":"publish","type":"post","link":"https:\/\/gremicafe.cat\/es\/2022\/10\/31\/beure-3-tasses-de-cafe-al-dia\/","title":{"rendered":"Isic: &quot;Beber 3 tazas de caf\u00e9 al d\u00eda se asocia con un menor riesgo de padecer enfermedades cardiovasculares&quot;"},"content":{"rendered":"<div id=\"ut-row-69f48c8e9d5b8\" data-vc-full-width=\"true\" data-vc-full-width-init=\"false\" class=\"vc_row wpb_row vc_row-fluid vc_column-gap-0 ut-row-69f48c8e9d5cc\" ><div class=\"wpb_column vc_column_container vc_col-sm-12\" ><div id=\"ut_inner_column_69f48c8e9de3f\" class=\"vc_column-inner\"><div class=\"wpb_wrapper\">\n\t<div class=\"wpb_text_column wpb_content_element\" >\n\t\t<div class=\"wpb_wrapper\">\n\t\t\t<p><img loading=\"lazy\" decoding=\"async\" class=\"aligncenter wp-image-6714 size-full\" src=\"https:\/\/gremicafe.cat\/wp-content\/uploads\/2022\/10\/girl-g62b7283e8_1920.jpg\" alt=\"\" width=\"1920\" height=\"1276\" srcset=\"https:\/\/gremicafe.cat\/wp-content\/uploads\/2022\/10\/girl-g62b7283e8_1920.jpg 1920w, https:\/\/gremicafe.cat\/wp-content\/uploads\/2022\/10\/girl-g62b7283e8_1920-768x510.jpg 768w, https:\/\/gremicafe.cat\/wp-content\/uploads\/2022\/10\/girl-g62b7283e8_1920-1536x1021.jpg 1536w, https:\/\/gremicafe.cat\/wp-content\/uploads\/2022\/10\/girl-g62b7283e8_1920-1083x720.jpg 1083w\" sizes=\"(max-width: 1920px) 100vw, 1920px\" \/><\/p>\n<div class=\"\">\n<p class=\"p1\">El profesor Kjeld Hermansen: \u201c<strong>Beber cantidades moderadas de caf\u00e9 no s\u00f3lo se asocia con menor riesgo de padecer enfermedades del coraz\u00f3n, sino tambi\u00e9n con una vida m\u00e1s larga<\/strong>. Estas tendencias son v\u00e1lidas tanto para personas con enfermedad cardiovascular y sin ella. <strong>Los granos de caf\u00e9 tienen m\u00e1s de 100 compuestos biol\u00f3gicamente activos.<\/strong> Estas sustancias pueden ayudar a reducir el estr\u00e9s oxidativo, la inflamaci\u00f3n y mejorar la sensibilidad y el metabolismo en la insulina. Sin embargo, los mecanismos de acci\u00f3n exactos en relaci\u00f3n con las enfermedades cardiovasculares a\u00fan no se han aclarado\u201d.<\/p>\n<p>&nbsp;<\/p>\n<\/div>\n<p class=\"p1\">Puede leer la noticia entera en <a href=\"https:\/\/www.comunicaffe.com\/drinking-coffee-relates-to-reduced-risk-of-cvd\/\" target=\"_blank\" rel=\"noopener\">comunicaffe.com<\/a><\/p>\n\n\t\t<\/div>\n\t<\/div>\n<\/div><\/div><\/div><\/div><div class=\"vc_row-full-width vc_clearfix\"><\/div>","protected":false},"excerpt":{"rendered":"El professor Kjeld Hermansen: \"Beure quantitats moderades de caf\u00e8 no nom\u00e9s s'associa amb un menor risc de patir malalties del cor, sin\u00f3 tamb\u00e9 amb una vida m\u00e9s llarga. Aquestes tend\u00e8ncies s\u00f3n v\u00e0lides tant per a persones amb i sense malaltia cardiovascular. Els grans de caf\u00e8 tenen m\u00e9s de 100 compostos biol\u00f2gicament actius. Aquestes subst\u00e0ncies poden [...]","protected":false},"author":1,"featured_media":6714,"comment_status":"closed","ping_status":"open","sticky":false,"template":"","format":"standard","meta":{"_acf_changed":false,"inline_featured_image":false,"footnotes":""},"categories":[1],"tags":[],"class_list":["post-6713","post","type-post","status-publish","format-standard","has-post-thumbnail","hentry","category-noticies"],"acf":[],"yoast_head":"<!-- This site is optimized with the Yoast SEO plugin v25.5 - https:\/\/yoast.com\/wordpress\/plugins\/seo\/ -->\n<title>Isic: &quot;Beure 3 tasses de caf\u00e8 al dia s&#039;associa amb un menor risc de patir malalties cardiovasculars\u201d - Gremi del Caf\u00e8, torradors de Catalunya<\/title>\n<meta name=\"robots\" content=\"index, follow, max-snippet:-1, max-image-preview:large, max-video-preview:-1\" \/>\n<link rel=\"canonical\" href=\"https:\/\/gremicafe.cat\/es\/2022\/10\/31\/beure-3-tasses-de-cafe-al-dia\/\" \/>\n<meta property=\"og:locale\" content=\"es_ES\" \/>\n<meta property=\"og:type\" content=\"article\" \/>\n<meta property=\"og:title\" content=\"Isic: &quot;Beure 3 tasses de caf\u00e8 al dia s&#039;associa amb un menor risc de patir malalties cardiovasculars\u201d - Gremi del Caf\u00e8, torradors de Catalunya\" \/>\n<meta property=\"og:url\" content=\"https:\/\/gremicafe.cat\/es\/2022\/10\/31\/beure-3-tasses-de-cafe-al-dia\/\" \/>\n<meta property=\"og:site_name\" content=\"Gremi del Caf\u00e8, torradors de Catalunya\" \/>\n<meta property=\"article:publisher\" content=\"https:\/\/www.facebook.com\/gremicafecat\" \/>\n<meta property=\"article:published_time\" content=\"2022-10-31T15:18:41+00:00\" \/>\n<meta property=\"og:image\" content=\"https:\/\/gremicafe.cat\/wp-content\/uploads\/2022\/10\/girl-g62b7283e8_1920.jpg\" \/>\n\t<meta property=\"og:image:width\" content=\"1920\" \/>\n\t<meta property=\"og:image:height\" content=\"1276\" \/>\n\t<meta property=\"og:image:type\" content=\"image\/jpeg\" \/>\n<meta name=\"author\" content=\"gremicafe\" \/>\n<meta name=\"twitter:card\" content=\"summary_large_image\" \/>\n<meta name=\"twitter:creator\" content=\"@gremicafecat\" \/>\n<meta name=\"twitter:site\" content=\"@gremicafecat\" \/>\n<meta name=\"twitter:label1\" content=\"Escrito por\" \/>\n\t<meta name=\"twitter:data1\" content=\"gremicafe\" \/>\n\t<meta name=\"twitter:label2\" content=\"Tiempo de lectura\" \/>\n\t<meta name=\"twitter:data2\" content=\"1 minuto\" \/>\n<script type=\"application\/ld+json\" class=\"yoast-schema-graph\">{\"@context\":\"https:\/\/schema.org\",\"@graph\":[{\"@type\":\"Article\",\"@id\":\"https:\/\/gremicafe.cat\/2022\/10\/31\/beure-3-tasses-de-cafe-al-dia\/#article\",\"isPartOf\":{\"@id\":\"https:\/\/gremicafe.cat\/2022\/10\/31\/beure-3-tasses-de-cafe-al-dia\/\"},\"author\":{\"name\":\"gremicafe\",\"@id\":\"https:\/\/gremicafe.cat\/#\/schema\/person\/dabfdbb3d0fa36260855a380f94e4733\"},\"headline\":\"Isic: &#8220;Beure 3 tasses de caf\u00e8 al dia s&#8217;associa amb un menor risc de patir malalties cardiovasculars\u201d\",\"datePublished\":\"2022-10-31T15:18:41+00:00\",\"mainEntityOfPage\":{\"@id\":\"https:\/\/gremicafe.cat\/2022\/10\/31\/beure-3-tasses-de-cafe-al-dia\/\"},\"wordCount\":135,\"publisher\":{\"@id\":\"https:\/\/gremicafe.cat\/#organization\"},\"image\":{\"@id\":\"https:\/\/gremicafe.cat\/2022\/10\/31\/beure-3-tasses-de-cafe-al-dia\/#primaryimage\"},\"thumbnailUrl\":\"https:\/\/gremicafe.cat\/wp-content\/uploads\/2022\/10\/girl-g62b7283e8_1920.jpg\",\"articleSection\":[\"Not\u00edcies\"],\"inLanguage\":\"es\"},{\"@type\":\"WebPage\",\"@id\":\"https:\/\/gremicafe.cat\/2022\/10\/31\/beure-3-tasses-de-cafe-al-dia\/\",\"url\":\"https:\/\/gremicafe.cat\/2022\/10\/31\/beure-3-tasses-de-cafe-al-dia\/\",\"name\":\"Isic: \\\"Beure 3 tasses de caf\u00e8 al dia s'associa amb un menor risc de patir malalties cardiovasculars\u201d - Gremi del Caf\u00e8, torradors de Catalunya\",\"isPartOf\":{\"@id\":\"https:\/\/gremicafe.cat\/#website\"},\"primaryImageOfPage\":{\"@id\":\"https:\/\/gremicafe.cat\/2022\/10\/31\/beure-3-tasses-de-cafe-al-dia\/#primaryimage\"},\"image\":{\"@id\":\"https:\/\/gremicafe.cat\/2022\/10\/31\/beure-3-tasses-de-cafe-al-dia\/#primaryimage\"},\"thumbnailUrl\":\"https:\/\/gremicafe.cat\/wp-content\/uploads\/2022\/10\/girl-g62b7283e8_1920.jpg\",\"datePublished\":\"2022-10-31T15:18:41+00:00\",\"breadcrumb\":{\"@id\":\"https:\/\/gremicafe.cat\/2022\/10\/31\/beure-3-tasses-de-cafe-al-dia\/#breadcrumb\"},\"inLanguage\":\"es\",\"potentialAction\":[{\"@type\":\"ReadAction\",\"target\":[\"https:\/\/gremicafe.cat\/2022\/10\/31\/beure-3-tasses-de-cafe-al-dia\/\"]}]},{\"@type\":\"ImageObject\",\"inLanguage\":\"es\",\"@id\":\"https:\/\/gremicafe.cat\/2022\/10\/31\/beure-3-tasses-de-cafe-al-dia\/#primaryimage\",\"url\":\"https:\/\/gremicafe.cat\/wp-content\/uploads\/2022\/10\/girl-g62b7283e8_1920.jpg\",\"contentUrl\":\"https:\/\/gremicafe.cat\/wp-content\/uploads\/2022\/10\/girl-g62b7283e8_1920.jpg\",\"width\":1920,\"height\":1276},{\"@type\":\"BreadcrumbList\",\"@id\":\"https:\/\/gremicafe.cat\/2022\/10\/31\/beure-3-tasses-de-cafe-al-dia\/#breadcrumb\",\"itemListElement\":[{\"@type\":\"ListItem\",\"position\":1,\"name\":\"Inici\",\"item\":\"https:\/\/gremicafe.cat\/\"},{\"@type\":\"ListItem\",\"position\":2,\"name\":\"Isic: &#8220;Beure 3 tasses de caf\u00e8 al dia s&#8217;associa amb un menor risc de patir malalties cardiovasculars\u201d\"}]},{\"@type\":\"WebSite\",\"@id\":\"https:\/\/gremicafe.cat\/#website\",\"url\":\"https:\/\/gremicafe.cat\/\",\"name\":\"Gremi del Caf\u00e8, torradors de Catalunya\",\"description\":\"Web oficial del gremi de torradors de caf\u00e8 de Catalunya\",\"publisher\":{\"@id\":\"https:\/\/gremicafe.cat\/#organization\"},\"potentialAction\":[{\"@type\":\"SearchAction\",\"target\":{\"@type\":\"EntryPoint\",\"urlTemplate\":\"https:\/\/gremicafe.cat\/?s={search_term_string}\"},\"query-input\":{\"@type\":\"PropertyValueSpecification\",\"valueRequired\":true,\"valueName\":\"search_term_string\"}}],\"inLanguage\":\"es\"},{\"@type\":\"Organization\",\"@id\":\"https:\/\/gremicafe.cat\/#organization\",\"name\":\"Gremi del Caf\u00e8, Torradors de Catalunya\",\"url\":\"https:\/\/gremicafe.cat\/\",\"logo\":{\"@type\":\"ImageObject\",\"inLanguage\":\"es\",\"@id\":\"https:\/\/gremicafe.cat\/#\/schema\/logo\/image\/\",\"url\":\"https:\/\/gremicafe.cat\/wp-content\/uploads\/2018\/03\/gremicafe-logo250.png\",\"contentUrl\":\"https:\/\/gremicafe.cat\/wp-content\/uploads\/2018\/03\/gremicafe-logo250.png\",\"width\":250,\"height\":49,\"caption\":\"Gremi del Caf\u00e8, Torradors de Catalunya\"},\"image\":{\"@id\":\"https:\/\/gremicafe.cat\/#\/schema\/logo\/image\/\"},\"sameAs\":[\"https:\/\/www.facebook.com\/gremicafecat\",\"https:\/\/x.com\/gremicafecat\",\"https:\/\/www.instagram.com\/gremicafecat\/\",\"https:\/\/www.pinterest.es\/gremicafecat\/\",\"https:\/\/www.youtube.com\/channel\/UCGLo5Y35vLwLvP4FrPZrCrw\/\"]},{\"@type\":\"Person\",\"@id\":\"https:\/\/gremicafe.cat\/#\/schema\/person\/dabfdbb3d0fa36260855a380f94e4733\",\"name\":\"gremicafe\",\"image\":{\"@type\":\"ImageObject\",\"inLanguage\":\"es\",\"@id\":\"https:\/\/gremicafe.cat\/#\/schema\/person\/image\/\",\"url\":\"https:\/\/secure.gravatar.com\/avatar\/e59baa4ca8f6f97576d6375fb6d3c8f0?s=96&d=mm&r=g\",\"contentUrl\":\"https:\/\/secure.gravatar.com\/avatar\/e59baa4ca8f6f97576d6375fb6d3c8f0?s=96&d=mm&r=g\",\"caption\":\"gremicafe\"}}]}<\/script>\n<!-- \/ Yoast SEO plugin. -->","yoast_head_json":{"title":"Isic: \"Beure 3 tasses de caf\u00e8 al dia s'associa amb un menor risc de patir malalties cardiovasculars\u201d - Gremi del Caf\u00e8, torradors de Catalunya","robots":{"index":"index","follow":"follow","max-snippet":"max-snippet:-1","max-image-preview":"max-image-preview:large","max-video-preview":"max-video-preview:-1"},"canonical":"https:\/\/gremicafe.cat\/es\/2022\/10\/31\/beure-3-tasses-de-cafe-al-dia\/","og_locale":"es_ES","og_type":"article","og_title":"Isic: \"Beure 3 tasses de caf\u00e8 al dia s'associa amb un menor risc de patir malalties cardiovasculars\u201d - Gremi del Caf\u00e8, torradors de Catalunya","og_url":"https:\/\/gremicafe.cat\/es\/2022\/10\/31\/beure-3-tasses-de-cafe-al-dia\/","og_site_name":"Gremi del Caf\u00e8, torradors de Catalunya","article_publisher":"https:\/\/www.facebook.com\/gremicafecat","article_published_time":"2022-10-31T15:18:41+00:00","og_image":[{"width":1920,"height":1276,"url":"https:\/\/gremicafe.cat\/wp-content\/uploads\/2022\/10\/girl-g62b7283e8_1920.jpg","type":"image\/jpeg"}],"author":"gremicafe","twitter_card":"summary_large_image","twitter_creator":"@gremicafecat","twitter_site":"@gremicafecat","twitter_misc":{"Escrito por":"gremicafe","Tiempo de lectura":"1 minuto"},"schema":{"@context":"https:\/\/schema.org","@graph":[{"@type":"Article","@id":"https:\/\/gremicafe.cat\/2022\/10\/31\/beure-3-tasses-de-cafe-al-dia\/#article","isPartOf":{"@id":"https:\/\/gremicafe.cat\/2022\/10\/31\/beure-3-tasses-de-cafe-al-dia\/"},"author":{"name":"gremicafe","@id":"https:\/\/gremicafe.cat\/#\/schema\/person\/dabfdbb3d0fa36260855a380f94e4733"},"headline":"Isic: &#8220;Beure 3 tasses de caf\u00e8 al dia s&#8217;associa amb un menor risc de patir malalties cardiovasculars\u201d","datePublished":"2022-10-31T15:18:41+00:00","mainEntityOfPage":{"@id":"https:\/\/gremicafe.cat\/2022\/10\/31\/beure-3-tasses-de-cafe-al-dia\/"},"wordCount":135,"publisher":{"@id":"https:\/\/gremicafe.cat\/#organization"},"image":{"@id":"https:\/\/gremicafe.cat\/2022\/10\/31\/beure-3-tasses-de-cafe-al-dia\/#primaryimage"},"thumbnailUrl":"https:\/\/gremicafe.cat\/wp-content\/uploads\/2022\/10\/girl-g62b7283e8_1920.jpg","articleSection":["Not\u00edcies"],"inLanguage":"es"},{"@type":"WebPage","@id":"https:\/\/gremicafe.cat\/2022\/10\/31\/beure-3-tasses-de-cafe-al-dia\/","url":"https:\/\/gremicafe.cat\/2022\/10\/31\/beure-3-tasses-de-cafe-al-dia\/","name":"Isic: \"Beure 3 tasses de caf\u00e8 al dia s'associa amb un menor risc de patir malalties cardiovasculars\u201d - Gremi del Caf\u00e8, torradors de Catalunya","isPartOf":{"@id":"https:\/\/gremicafe.cat\/#website"},"primaryImageOfPage":{"@id":"https:\/\/gremicafe.cat\/2022\/10\/31\/beure-3-tasses-de-cafe-al-dia\/#primaryimage"},"image":{"@id":"https:\/\/gremicafe.cat\/2022\/10\/31\/beure-3-tasses-de-cafe-al-dia\/#primaryimage"},"thumbnailUrl":"https:\/\/gremicafe.cat\/wp-content\/uploads\/2022\/10\/girl-g62b7283e8_1920.jpg","datePublished":"2022-10-31T15:18:41+00:00","breadcrumb":{"@id":"https:\/\/gremicafe.cat\/2022\/10\/31\/beure-3-tasses-de-cafe-al-dia\/#breadcrumb"},"inLanguage":"es","potentialAction":[{"@type":"ReadAction","target":["https:\/\/gremicafe.cat\/2022\/10\/31\/beure-3-tasses-de-cafe-al-dia\/"]}]},{"@type":"ImageObject","inLanguage":"es","@id":"https:\/\/gremicafe.cat\/2022\/10\/31\/beure-3-tasses-de-cafe-al-dia\/#primaryimage","url":"https:\/\/gremicafe.cat\/wp-content\/uploads\/2022\/10\/girl-g62b7283e8_1920.jpg","contentUrl":"https:\/\/gremicafe.cat\/wp-content\/uploads\/2022\/10\/girl-g62b7283e8_1920.jpg","width":1920,"height":1276},{"@type":"BreadcrumbList","@id":"https:\/\/gremicafe.cat\/2022\/10\/31\/beure-3-tasses-de-cafe-al-dia\/#breadcrumb","itemListElement":[{"@type":"ListItem","position":1,"name":"Inici","item":"https:\/\/gremicafe.cat\/"},{"@type":"ListItem","position":2,"name":"Isic: &#8220;Beure 3 tasses de caf\u00e8 al dia s&#8217;associa amb un menor risc de patir malalties cardiovasculars\u201d"}]},{"@type":"WebSite","@id":"https:\/\/gremicafe.cat\/#website","url":"https:\/\/gremicafe.cat\/","name":"Gremio del Caf\u00e9, tostadores de Catalu\u00f1a","description":"Web oficial del gremio de tostadores de caf\u00e9 de Catalunya","publisher":{"@id":"https:\/\/gremicafe.cat\/#organization"},"potentialAction":[{"@type":"SearchAction","target":{"@type":"EntryPoint","urlTemplate":"https:\/\/gremicafe.cat\/?s={search_term_string}"},"query-input":{"@type":"PropertyValueSpecification","valueRequired":true,"valueName":"search_term_string"}}],"inLanguage":"es"},{"@type":"Organization","@id":"https:\/\/gremicafe.cat\/#organization","name":"Gremio del Caf\u00e9, Tostadores de Catalu\u00f1a","url":"https:\/\/gremicafe.cat\/","logo":{"@type":"ImageObject","inLanguage":"es","@id":"https:\/\/gremicafe.cat\/#\/schema\/logo\/image\/","url":"https:\/\/gremicafe.cat\/wp-content\/uploads\/2018\/03\/gremicafe-logo250.png","contentUrl":"https:\/\/gremicafe.cat\/wp-content\/uploads\/2018\/03\/gremicafe-logo250.png","width":250,"height":49,"caption":"Gremi del Caf\u00e8, Torradors de Catalunya"},"image":{"@id":"https:\/\/gremicafe.cat\/#\/schema\/logo\/image\/"},"sameAs":["https:\/\/www.facebook.com\/gremicafecat","https:\/\/x.com\/gremicafecat","https:\/\/www.instagram.com\/gremicafecat\/","https:\/\/www.pinterest.es\/gremicafecat\/","https:\/\/www.youtube.com\/channel\/UCGLo5Y35vLwLvP4FrPZrCrw\/"]},{"@type":"Person","@id":"https:\/\/gremicafe.cat\/#\/schema\/person\/dabfdbb3d0fa36260855a380f94e4733","name":"gremicafe","image":{"@type":"ImageObject","inLanguage":"es","@id":"https:\/\/gremicafe.cat\/#\/schema\/person\/image\/","url":"https:\/\/secure.gravatar.com\/avatar\/e59baa4ca8f6f97576d6375fb6d3c8f0?s=96&d=mm&r=g","contentUrl":"https:\/\/secure.gravatar.com\/avatar\/e59baa4ca8f6f97576d6375fb6d3c8f0?s=96&d=mm&r=g","caption":"gremicafe"}}]}},"_links":{"self":[{"href":"https:\/\/gremicafe.cat\/es\/wp-json\/wp\/v2\/posts\/6713"}],"collection":[{"href":"https:\/\/gremicafe.cat\/es\/wp-json\/wp\/v2\/posts"}],"about":[{"href":"https:\/\/gremicafe.cat\/es\/wp-json\/wp\/v2\/types\/post"}],"author":[{"embeddable":true,"href":"https:\/\/gremicafe.cat\/es\/wp-json\/wp\/v2\/users\/1"}],"replies":[{"embeddable":true,"href":"https:\/\/gremicafe.cat\/es\/wp-json\/wp\/v2\/comments?post=6713"}],"version-history":[{"count":0,"href":"https:\/\/gremicafe.cat\/es\/wp-json\/wp\/v2\/posts\/6713\/revisions"}],"wp:featuredmedia":[{"embeddable":true,"href":"https:\/\/gremicafe.cat\/es\/wp-json\/wp\/v2\/media\/6714"}],"wp:attachment":[{"href":"https:\/\/gremicafe.cat\/es\/wp-json\/wp\/v2\/media?parent=6713"}],"wp:term":[{"taxonomy":"category","embeddable":true,"href":"https:\/\/gremicafe.cat\/es\/wp-json\/wp\/v2\/categories?post=6713"},{"taxonomy":"post_tag","embeddable":true,"href":"https:\/\/gremicafe.cat\/es\/wp-json\/wp\/v2\/tags?post=6713"}],"curies":[{"name":"wp","href":"https:\/\/api.w.org\/{rel}","templated":true}]}}