{"id":6725,"date":"2022-11-16T09:04:19","date_gmt":"2022-11-16T08:04:19","guid":{"rendered":"https:\/\/gremicafe.cat\/?p=6725"},"modified":"2022-11-16T09:07:41","modified_gmt":"2022-11-16T08:07:41","slug":"racemosa-una-de-les-rares-especies-de-cafe-baixes-en-cafeina-del-mon","status":"publish","type":"post","link":"https:\/\/gremicafe.cat\/es\/2022\/11\/16\/racemosa-una-de-les-rares-especies-de-cafe-baixes-en-cafeina-del-mon\/","title":{"rendered":"Racemosa: una de las raras especias de caf\u00e9 bajas en cafe\u00edna del mundo"},"content":{"rendered":"<div id=\"ut-row-69f3da5881d02\" data-vc-full-width=\"true\" data-vc-full-width-init=\"false\" class=\"vc_row wpb_row vc_row-fluid vc_column-gap-0 ut-row-69f3da5881d13\" ><div class=\"wpb_column vc_column_container vc_col-sm-12\" ><div id=\"ut_inner_column_69f3da58822cc\" class=\"vc_column-inner\"><div class=\"wpb_wrapper\">\n\t<div class=\"wpb_text_column wpb_content_element\" >\n\t\t<div class=\"wpb_wrapper\">\n\t\t\t<div class=\"\">\n<p class=\"p1\"><strong><span class=\"s1\"><img loading=\"lazy\" decoding=\"async\" class=\"size-full wp-image-6726 aligncenter\" src=\"https:\/\/gremicafe.cat\/wp-content\/uploads\/2022\/11\/Coffea_racemosa_berries.jpg\" alt=\"\" width=\"800\" height=\"827\" srcset=\"https:\/\/gremicafe.cat\/wp-content\/uploads\/2022\/11\/Coffea_racemosa_berries.jpg 800w, https:\/\/gremicafe.cat\/wp-content\/uploads\/2022\/11\/Coffea_racemosa_berries-768x794.jpg 768w, https:\/\/gremicafe.cat\/wp-content\/uploads\/2022\/11\/Coffea_racemosa_berries-696x720.jpg 696w\" sizes=\"(max-width: 800px) 100vw, 800px\" \/><\/span><\/strong><\/p>\n<p>&nbsp;<\/p>\n<p class=\"p1\"><span class=\"s1\"><strong>Es uno de los pocos caf\u00e9s naturales con bajo contenido en cafe\u00edna en el mundo<\/strong> (0,38% que le califica como sin cafe\u00edna). Por tanto, no debe pasar por un proceso de descafeinaci\u00f3n industrial, y es <strong>ideal para bebedores de caf\u00e9 intolerantes en la cafe\u00edna<\/strong>.<\/span><\/p>\n<p class=\"p1\"><span class=\"s1\">S\u00f3lo se conoce una plantaci\u00f3n de racemosa fuera de Hluhluwe en Zululand, que es posiblemente la \u00fanica plantaci\u00f3n de Sur\u00e1frica, si no del mundo; puede haber alg\u00fan cultivo en Mozambique, pero no en grandes cantidades.<\/span><\/p>\n<p>&nbsp;<\/p>\n<\/div>\n<p class=\"p1\"><span class=\"s1\">Lee aqu\u00ed el art\u00edculo publicado por<\/span><span class=\"s2\">\u00a0<a href=\"https:\/\/www.comunicaffe.com\/racemosa-one-of-the-few-naturally-low-in-caffeine-coffees\/\" target=\"_blank\" rel=\"noopener\"><span class=\"s3\">Slow Food Organization<\/span><\/a>.<\/span><\/p>\n<p>&nbsp;<\/p>\n<p class=\"p1\"><span class=\"s1\">M\u00e1s informaci\u00f3n sobre el caf\u00e9 Racemosa: <a href=\"https:\/\/www.racemosa.coffee\/\" target=\"_blank\" rel=\"noopener\">www.racemosa.coffee<\/a><\/span><\/p>\n\n\t\t<\/div>\n\t<\/div>\n<\/div><\/div><\/div><\/div><div class=\"vc_row-full-width vc_clearfix\"><\/div>","protected":false},"excerpt":{"rendered":"&nbsp; \u00c9s un dels pocs caf\u00e8s naturals amb baix contingut en cafe\u00efna al m\u00f3n (0,38% que el qualifica com a sense cafe\u00efna). Per tant, no ha de passar per un proc\u00e9s de descafe\u00efnaci\u00f3 industrial, i \u00e9s ideal per a bevedors de caf\u00e8 intolerants a la cafe\u00efna. Nom\u00e9s es coneix una plantaci\u00f3 de racemosa fora d'Hluhluwe [...]","protected":false},"author":1,"featured_media":6726,"comment_status":"closed","ping_status":"open","sticky":false,"template":"","format":"standard","meta":{"_acf_changed":false,"inline_featured_image":false,"footnotes":""},"categories":[1],"tags":[],"class_list":["post-6725","post","type-post","status-publish","format-standard","has-post-thumbnail","hentry","category-noticies"],"acf":[],"yoast_head":"<!-- This site is optimized with the Yoast SEO plugin v25.5 - https:\/\/yoast.com\/wordpress\/plugins\/seo\/ -->\n<title>Racemosa: una de les rares esp\u00e8cies de caf\u00e8 baixes en cafe\u00efna del m\u00f3n - Gremi del Caf\u00e8, torradors de Catalunya<\/title>\n<meta name=\"robots\" content=\"index, follow, max-snippet:-1, max-image-preview:large, max-video-preview:-1\" \/>\n<link rel=\"canonical\" href=\"https:\/\/gremicafe.cat\/es\/2022\/11\/16\/racemosa-una-de-les-rares-especies-de-cafe-baixes-en-cafeina-del-mon\/\" \/>\n<meta property=\"og:locale\" content=\"es_ES\" \/>\n<meta property=\"og:type\" content=\"article\" \/>\n<meta property=\"og:title\" content=\"Racemosa: una de les rares esp\u00e8cies de caf\u00e8 baixes en cafe\u00efna del m\u00f3n - Gremi del Caf\u00e8, torradors de Catalunya\" \/>\n<meta property=\"og:url\" content=\"https:\/\/gremicafe.cat\/es\/2022\/11\/16\/racemosa-una-de-les-rares-especies-de-cafe-baixes-en-cafeina-del-mon\/\" \/>\n<meta property=\"og:site_name\" content=\"Gremi del Caf\u00e8, torradors de Catalunya\" \/>\n<meta property=\"article:publisher\" content=\"https:\/\/www.facebook.com\/gremicafecat\" \/>\n<meta property=\"article:published_time\" content=\"2022-11-16T08:04:19+00:00\" \/>\n<meta property=\"article:modified_time\" content=\"2022-11-16T08:07:41+00:00\" \/>\n<meta property=\"og:image\" content=\"https:\/\/gremicafe.cat\/wp-content\/uploads\/2022\/11\/Coffea_racemosa_berries.jpg\" \/>\n\t<meta property=\"og:image:width\" content=\"800\" \/>\n\t<meta property=\"og:image:height\" content=\"827\" \/>\n\t<meta property=\"og:image:type\" content=\"image\/jpeg\" \/>\n<meta name=\"author\" content=\"gremicafe\" \/>\n<meta name=\"twitter:card\" content=\"summary_large_image\" \/>\n<meta name=\"twitter:creator\" content=\"@gremicafecat\" \/>\n<meta name=\"twitter:site\" content=\"@gremicafecat\" \/>\n<meta name=\"twitter:label1\" content=\"Escrito por\" \/>\n\t<meta name=\"twitter:data1\" content=\"gremicafe\" \/>\n\t<meta name=\"twitter:label2\" content=\"Tiempo de lectura\" \/>\n\t<meta name=\"twitter:data2\" content=\"1 minuto\" \/>\n<script type=\"application\/ld+json\" class=\"yoast-schema-graph\">{\"@context\":\"https:\/\/schema.org\",\"@graph\":[{\"@type\":\"Article\",\"@id\":\"https:\/\/gremicafe.cat\/2022\/11\/16\/racemosa-una-de-les-rares-especies-de-cafe-baixes-en-cafeina-del-mon\/#article\",\"isPartOf\":{\"@id\":\"https:\/\/gremicafe.cat\/2022\/11\/16\/racemosa-una-de-les-rares-especies-de-cafe-baixes-en-cafeina-del-mon\/\"},\"author\":{\"name\":\"gremicafe\",\"@id\":\"https:\/\/gremicafe.cat\/#\/schema\/person\/dabfdbb3d0fa36260855a380f94e4733\"},\"headline\":\"Racemosa: una de les rares esp\u00e8cies de caf\u00e8 baixes en cafe\u00efna del m\u00f3n\",\"datePublished\":\"2022-11-16T08:04:19+00:00\",\"dateModified\":\"2022-11-16T08:07:41+00:00\",\"mainEntityOfPage\":{\"@id\":\"https:\/\/gremicafe.cat\/2022\/11\/16\/racemosa-una-de-les-rares-especies-de-cafe-baixes-en-cafeina-del-mon\/\"},\"wordCount\":141,\"publisher\":{\"@id\":\"https:\/\/gremicafe.cat\/#organization\"},\"image\":{\"@id\":\"https:\/\/gremicafe.cat\/2022\/11\/16\/racemosa-una-de-les-rares-especies-de-cafe-baixes-en-cafeina-del-mon\/#primaryimage\"},\"thumbnailUrl\":\"https:\/\/gremicafe.cat\/wp-content\/uploads\/2022\/11\/Coffea_racemosa_berries.jpg\",\"articleSection\":[\"Not\u00edcies\"],\"inLanguage\":\"es\"},{\"@type\":\"WebPage\",\"@id\":\"https:\/\/gremicafe.cat\/2022\/11\/16\/racemosa-una-de-les-rares-especies-de-cafe-baixes-en-cafeina-del-mon\/\",\"url\":\"https:\/\/gremicafe.cat\/2022\/11\/16\/racemosa-una-de-les-rares-especies-de-cafe-baixes-en-cafeina-del-mon\/\",\"name\":\"Racemosa: una de les rares esp\u00e8cies de caf\u00e8 baixes en cafe\u00efna del m\u00f3n - Gremi del Caf\u00e8, torradors de Catalunya\",\"isPartOf\":{\"@id\":\"https:\/\/gremicafe.cat\/#website\"},\"primaryImageOfPage\":{\"@id\":\"https:\/\/gremicafe.cat\/2022\/11\/16\/racemosa-una-de-les-rares-especies-de-cafe-baixes-en-cafeina-del-mon\/#primaryimage\"},\"image\":{\"@id\":\"https:\/\/gremicafe.cat\/2022\/11\/16\/racemosa-una-de-les-rares-especies-de-cafe-baixes-en-cafeina-del-mon\/#primaryimage\"},\"thumbnailUrl\":\"https:\/\/gremicafe.cat\/wp-content\/uploads\/2022\/11\/Coffea_racemosa_berries.jpg\",\"datePublished\":\"2022-11-16T08:04:19+00:00\",\"dateModified\":\"2022-11-16T08:07:41+00:00\",\"breadcrumb\":{\"@id\":\"https:\/\/gremicafe.cat\/2022\/11\/16\/racemosa-una-de-les-rares-especies-de-cafe-baixes-en-cafeina-del-mon\/#breadcrumb\"},\"inLanguage\":\"es\",\"potentialAction\":[{\"@type\":\"ReadAction\",\"target\":[\"https:\/\/gremicafe.cat\/2022\/11\/16\/racemosa-una-de-les-rares-especies-de-cafe-baixes-en-cafeina-del-mon\/\"]}]},{\"@type\":\"ImageObject\",\"inLanguage\":\"es\",\"@id\":\"https:\/\/gremicafe.cat\/2022\/11\/16\/racemosa-una-de-les-rares-especies-de-cafe-baixes-en-cafeina-del-mon\/#primaryimage\",\"url\":\"https:\/\/gremicafe.cat\/wp-content\/uploads\/2022\/11\/Coffea_racemosa_berries.jpg\",\"contentUrl\":\"https:\/\/gremicafe.cat\/wp-content\/uploads\/2022\/11\/Coffea_racemosa_berries.jpg\",\"width\":800,\"height\":827},{\"@type\":\"BreadcrumbList\",\"@id\":\"https:\/\/gremicafe.cat\/2022\/11\/16\/racemosa-una-de-les-rares-especies-de-cafe-baixes-en-cafeina-del-mon\/#breadcrumb\",\"itemListElement\":[{\"@type\":\"ListItem\",\"position\":1,\"name\":\"Inici\",\"item\":\"https:\/\/gremicafe.cat\/\"},{\"@type\":\"ListItem\",\"position\":2,\"name\":\"Racemosa: una de les rares esp\u00e8cies de caf\u00e8 baixes en cafe\u00efna del m\u00f3n\"}]},{\"@type\":\"WebSite\",\"@id\":\"https:\/\/gremicafe.cat\/#website\",\"url\":\"https:\/\/gremicafe.cat\/\",\"name\":\"Gremi del Caf\u00e8, torradors de Catalunya\",\"description\":\"Web oficial del gremi de torradors de caf\u00e8 de Catalunya\",\"publisher\":{\"@id\":\"https:\/\/gremicafe.cat\/#organization\"},\"potentialAction\":[{\"@type\":\"SearchAction\",\"target\":{\"@type\":\"EntryPoint\",\"urlTemplate\":\"https:\/\/gremicafe.cat\/?s={search_term_string}\"},\"query-input\":{\"@type\":\"PropertyValueSpecification\",\"valueRequired\":true,\"valueName\":\"search_term_string\"}}],\"inLanguage\":\"es\"},{\"@type\":\"Organization\",\"@id\":\"https:\/\/gremicafe.cat\/#organization\",\"name\":\"Gremi del Caf\u00e8, Torradors de Catalunya\",\"url\":\"https:\/\/gremicafe.cat\/\",\"logo\":{\"@type\":\"ImageObject\",\"inLanguage\":\"es\",\"@id\":\"https:\/\/gremicafe.cat\/#\/schema\/logo\/image\/\",\"url\":\"https:\/\/gremicafe.cat\/wp-content\/uploads\/2018\/03\/gremicafe-logo250.png\",\"contentUrl\":\"https:\/\/gremicafe.cat\/wp-content\/uploads\/2018\/03\/gremicafe-logo250.png\",\"width\":250,\"height\":49,\"caption\":\"Gremi del Caf\u00e8, Torradors de Catalunya\"},\"image\":{\"@id\":\"https:\/\/gremicafe.cat\/#\/schema\/logo\/image\/\"},\"sameAs\":[\"https:\/\/www.facebook.com\/gremicafecat\",\"https:\/\/x.com\/gremicafecat\",\"https:\/\/www.instagram.com\/gremicafecat\/\",\"https:\/\/www.pinterest.es\/gremicafecat\/\",\"https:\/\/www.youtube.com\/channel\/UCGLo5Y35vLwLvP4FrPZrCrw\/\"]},{\"@type\":\"Person\",\"@id\":\"https:\/\/gremicafe.cat\/#\/schema\/person\/dabfdbb3d0fa36260855a380f94e4733\",\"name\":\"gremicafe\",\"image\":{\"@type\":\"ImageObject\",\"inLanguage\":\"es\",\"@id\":\"https:\/\/gremicafe.cat\/#\/schema\/person\/image\/\",\"url\":\"https:\/\/secure.gravatar.com\/avatar\/e59baa4ca8f6f97576d6375fb6d3c8f0?s=96&d=mm&r=g\",\"contentUrl\":\"https:\/\/secure.gravatar.com\/avatar\/e59baa4ca8f6f97576d6375fb6d3c8f0?s=96&d=mm&r=g\",\"caption\":\"gremicafe\"}}]}<\/script>\n<!-- \/ Yoast SEO plugin. -->","yoast_head_json":{"title":"Racemosa: una de les rares esp\u00e8cies de caf\u00e8 baixes en cafe\u00efna del m\u00f3n - Gremi del Caf\u00e8, torradors de Catalunya","robots":{"index":"index","follow":"follow","max-snippet":"max-snippet:-1","max-image-preview":"max-image-preview:large","max-video-preview":"max-video-preview:-1"},"canonical":"https:\/\/gremicafe.cat\/es\/2022\/11\/16\/racemosa-una-de-les-rares-especies-de-cafe-baixes-en-cafeina-del-mon\/","og_locale":"es_ES","og_type":"article","og_title":"Racemosa: una de les rares esp\u00e8cies de caf\u00e8 baixes en cafe\u00efna del m\u00f3n - Gremi del Caf\u00e8, torradors de Catalunya","og_url":"https:\/\/gremicafe.cat\/es\/2022\/11\/16\/racemosa-una-de-les-rares-especies-de-cafe-baixes-en-cafeina-del-mon\/","og_site_name":"Gremi del Caf\u00e8, torradors de Catalunya","article_publisher":"https:\/\/www.facebook.com\/gremicafecat","article_published_time":"2022-11-16T08:04:19+00:00","article_modified_time":"2022-11-16T08:07:41+00:00","og_image":[{"width":800,"height":827,"url":"https:\/\/gremicafe.cat\/wp-content\/uploads\/2022\/11\/Coffea_racemosa_berries.jpg","type":"image\/jpeg"}],"author":"gremicafe","twitter_card":"summary_large_image","twitter_creator":"@gremicafecat","twitter_site":"@gremicafecat","twitter_misc":{"Escrito por":"gremicafe","Tiempo de lectura":"1 minuto"},"schema":{"@context":"https:\/\/schema.org","@graph":[{"@type":"Article","@id":"https:\/\/gremicafe.cat\/2022\/11\/16\/racemosa-una-de-les-rares-especies-de-cafe-baixes-en-cafeina-del-mon\/#article","isPartOf":{"@id":"https:\/\/gremicafe.cat\/2022\/11\/16\/racemosa-una-de-les-rares-especies-de-cafe-baixes-en-cafeina-del-mon\/"},"author":{"name":"gremicafe","@id":"https:\/\/gremicafe.cat\/#\/schema\/person\/dabfdbb3d0fa36260855a380f94e4733"},"headline":"Racemosa: una de les rares esp\u00e8cies de caf\u00e8 baixes en cafe\u00efna del m\u00f3n","datePublished":"2022-11-16T08:04:19+00:00","dateModified":"2022-11-16T08:07:41+00:00","mainEntityOfPage":{"@id":"https:\/\/gremicafe.cat\/2022\/11\/16\/racemosa-una-de-les-rares-especies-de-cafe-baixes-en-cafeina-del-mon\/"},"wordCount":141,"publisher":{"@id":"https:\/\/gremicafe.cat\/#organization"},"image":{"@id":"https:\/\/gremicafe.cat\/2022\/11\/16\/racemosa-una-de-les-rares-especies-de-cafe-baixes-en-cafeina-del-mon\/#primaryimage"},"thumbnailUrl":"https:\/\/gremicafe.cat\/wp-content\/uploads\/2022\/11\/Coffea_racemosa_berries.jpg","articleSection":["Not\u00edcies"],"inLanguage":"es"},{"@type":"WebPage","@id":"https:\/\/gremicafe.cat\/2022\/11\/16\/racemosa-una-de-les-rares-especies-de-cafe-baixes-en-cafeina-del-mon\/","url":"https:\/\/gremicafe.cat\/2022\/11\/16\/racemosa-una-de-les-rares-especies-de-cafe-baixes-en-cafeina-del-mon\/","name":"Racemosa: una de les rares esp\u00e8cies de caf\u00e8 baixes en cafe\u00efna del m\u00f3n - Gremi del Caf\u00e8, torradors de Catalunya","isPartOf":{"@id":"https:\/\/gremicafe.cat\/#website"},"primaryImageOfPage":{"@id":"https:\/\/gremicafe.cat\/2022\/11\/16\/racemosa-una-de-les-rares-especies-de-cafe-baixes-en-cafeina-del-mon\/#primaryimage"},"image":{"@id":"https:\/\/gremicafe.cat\/2022\/11\/16\/racemosa-una-de-les-rares-especies-de-cafe-baixes-en-cafeina-del-mon\/#primaryimage"},"thumbnailUrl":"https:\/\/gremicafe.cat\/wp-content\/uploads\/2022\/11\/Coffea_racemosa_berries.jpg","datePublished":"2022-11-16T08:04:19+00:00","dateModified":"2022-11-16T08:07:41+00:00","breadcrumb":{"@id":"https:\/\/gremicafe.cat\/2022\/11\/16\/racemosa-una-de-les-rares-especies-de-cafe-baixes-en-cafeina-del-mon\/#breadcrumb"},"inLanguage":"es","potentialAction":[{"@type":"ReadAction","target":["https:\/\/gremicafe.cat\/2022\/11\/16\/racemosa-una-de-les-rares-especies-de-cafe-baixes-en-cafeina-del-mon\/"]}]},{"@type":"ImageObject","inLanguage":"es","@id":"https:\/\/gremicafe.cat\/2022\/11\/16\/racemosa-una-de-les-rares-especies-de-cafe-baixes-en-cafeina-del-mon\/#primaryimage","url":"https:\/\/gremicafe.cat\/wp-content\/uploads\/2022\/11\/Coffea_racemosa_berries.jpg","contentUrl":"https:\/\/gremicafe.cat\/wp-content\/uploads\/2022\/11\/Coffea_racemosa_berries.jpg","width":800,"height":827},{"@type":"BreadcrumbList","@id":"https:\/\/gremicafe.cat\/2022\/11\/16\/racemosa-una-de-les-rares-especies-de-cafe-baixes-en-cafeina-del-mon\/#breadcrumb","itemListElement":[{"@type":"ListItem","position":1,"name":"Inici","item":"https:\/\/gremicafe.cat\/"},{"@type":"ListItem","position":2,"name":"Racemosa: una de les rares esp\u00e8cies de caf\u00e8 baixes en cafe\u00efna del m\u00f3n"}]},{"@type":"WebSite","@id":"https:\/\/gremicafe.cat\/#website","url":"https:\/\/gremicafe.cat\/","name":"Gremio del Caf\u00e9, tostadores de Catalu\u00f1a","description":"Web oficial del gremio de tostadores de caf\u00e9 de Catalunya","publisher":{"@id":"https:\/\/gremicafe.cat\/#organization"},"potentialAction":[{"@type":"SearchAction","target":{"@type":"EntryPoint","urlTemplate":"https:\/\/gremicafe.cat\/?s={search_term_string}"},"query-input":{"@type":"PropertyValueSpecification","valueRequired":true,"valueName":"search_term_string"}}],"inLanguage":"es"},{"@type":"Organization","@id":"https:\/\/gremicafe.cat\/#organization","name":"Gremio del Caf\u00e9, Tostadores de Catalu\u00f1a","url":"https:\/\/gremicafe.cat\/","logo":{"@type":"ImageObject","inLanguage":"es","@id":"https:\/\/gremicafe.cat\/#\/schema\/logo\/image\/","url":"https:\/\/gremicafe.cat\/wp-content\/uploads\/2018\/03\/gremicafe-logo250.png","contentUrl":"https:\/\/gremicafe.cat\/wp-content\/uploads\/2018\/03\/gremicafe-logo250.png","width":250,"height":49,"caption":"Gremi del Caf\u00e8, Torradors de Catalunya"},"image":{"@id":"https:\/\/gremicafe.cat\/#\/schema\/logo\/image\/"},"sameAs":["https:\/\/www.facebook.com\/gremicafecat","https:\/\/x.com\/gremicafecat","https:\/\/www.instagram.com\/gremicafecat\/","https:\/\/www.pinterest.es\/gremicafecat\/","https:\/\/www.youtube.com\/channel\/UCGLo5Y35vLwLvP4FrPZrCrw\/"]},{"@type":"Person","@id":"https:\/\/gremicafe.cat\/#\/schema\/person\/dabfdbb3d0fa36260855a380f94e4733","name":"gremicafe","image":{"@type":"ImageObject","inLanguage":"es","@id":"https:\/\/gremicafe.cat\/#\/schema\/person\/image\/","url":"https:\/\/secure.gravatar.com\/avatar\/e59baa4ca8f6f97576d6375fb6d3c8f0?s=96&d=mm&r=g","contentUrl":"https:\/\/secure.gravatar.com\/avatar\/e59baa4ca8f6f97576d6375fb6d3c8f0?s=96&d=mm&r=g","caption":"gremicafe"}}]}},"_links":{"self":[{"href":"https:\/\/gremicafe.cat\/es\/wp-json\/wp\/v2\/posts\/6725"}],"collection":[{"href":"https:\/\/gremicafe.cat\/es\/wp-json\/wp\/v2\/posts"}],"about":[{"href":"https:\/\/gremicafe.cat\/es\/wp-json\/wp\/v2\/types\/post"}],"author":[{"embeddable":true,"href":"https:\/\/gremicafe.cat\/es\/wp-json\/wp\/v2\/users\/1"}],"replies":[{"embeddable":true,"href":"https:\/\/gremicafe.cat\/es\/wp-json\/wp\/v2\/comments?post=6725"}],"version-history":[{"count":0,"href":"https:\/\/gremicafe.cat\/es\/wp-json\/wp\/v2\/posts\/6725\/revisions"}],"wp:featuredmedia":[{"embeddable":true,"href":"https:\/\/gremicafe.cat\/es\/wp-json\/wp\/v2\/media\/6726"}],"wp:attachment":[{"href":"https:\/\/gremicafe.cat\/es\/wp-json\/wp\/v2\/media?parent=6725"}],"wp:term":[{"taxonomy":"category","embeddable":true,"href":"https:\/\/gremicafe.cat\/es\/wp-json\/wp\/v2\/categories?post=6725"},{"taxonomy":"post_tag","embeddable":true,"href":"https:\/\/gremicafe.cat\/es\/wp-json\/wp\/v2\/tags?post=6725"}],"curies":[{"name":"wp","href":"https:\/\/api.w.org\/{rel}","templated":true}]}}