{"id":6731,"date":"2022-11-22T13:20:15","date_gmt":"2022-11-22T12:20:15","guid":{"rendered":"https:\/\/gremicafe.cat\/?p=6731"},"modified":"2022-11-22T13:20:53","modified_gmt":"2022-11-22T12:20:53","slug":"beure-cafe-podria-ser-beneficios-contra-la-covid-19","status":"publish","type":"post","link":"https:\/\/gremicafe.cat\/es\/2022\/11\/22\/beure-cafe-podria-ser-beneficios-contra-la-covid-19\/","title":{"rendered":"\u00bfBeber caf\u00e9 podr\u00eda ser beneficioso contra la COVID-19?"},"content":{"rendered":"<div id=\"ut-row-69f3c1cf76d6c\" data-vc-full-width=\"true\" data-vc-full-width-init=\"false\" class=\"vc_row wpb_row vc_row-fluid vc_column-gap-0 ut-row-69f3c1cf76d87\" ><div class=\"wpb_column vc_column_container vc_col-sm-12\" ><div id=\"ut_inner_column_69f3c1cf77b9c\" class=\"vc_column-inner\"><div class=\"wpb_wrapper\">\n\t<div class=\"wpb_text_column wpb_content_element\" >\n\t\t<div class=\"wpb_wrapper\">\n\t\t\t<div class=\"\">\n<p class=\"p1\"><strong><span class=\"s1\"><img loading=\"lazy\" decoding=\"async\" class=\"aligncenter wp-image-6732 size-full\" src=\"https:\/\/gremicafe.cat\/wp-content\/uploads\/2022\/11\/coffee-2238109_1920.jpg\" alt=\"\" width=\"1710\" height=\"1235\" srcset=\"https:\/\/gremicafe.cat\/wp-content\/uploads\/2022\/11\/coffee-2238109_1920.jpg 1710w, https:\/\/gremicafe.cat\/wp-content\/uploads\/2022\/11\/coffee-2238109_1920-768x555.jpg 768w, https:\/\/gremicafe.cat\/wp-content\/uploads\/2022\/11\/coffee-2238109_1920-1536x1109.jpg 1536w, https:\/\/gremicafe.cat\/wp-content\/uploads\/2022\/11\/coffee-2238109_1920-997x720.jpg 997w\" sizes=\"(max-width: 1710px) 100vw, 1710px\" \/><\/span><\/strong><\/p>\n<p>&nbsp;<\/p>\n<p class=\"p1\">Aunque todav\u00eda no se ha demostrado en la pr\u00e1ctica, es muy plausible \u2013seg\u00fan la investigaci\u00f3n bioqu\u00edmica del equipo dirigido por el qu\u00edmico profesor Nikolai Kuhnert, que incluye a Dorothea Schmidt y Nicholas Ohl de la Universidad Jacobs, pudo demostrar experimentalmente en el laboratorio \u2013 que <strong>consumir una taza de caf\u00e9 podr\u00eda ser una forma eficaz de protegerse de la infecci\u00f3n por el coronavirus<\/strong>.<\/p>\n<p>&nbsp;<\/p>\n<p class=\"p1\">Lea la noticia entera <a href=\"https:\/\/www.comunicaffe.com\/research-at-jacobs-university-coffee-could-offer-protection-from-catching-covid-19\/\" target=\"_blank\" rel=\"noopener\">aqu\u00ed<\/a>.<\/p>\n<\/div>\n\n\t\t<\/div>\n\t<\/div>\n<\/div><\/div><\/div><\/div><div class=\"vc_row-full-width vc_clearfix\"><\/div>","protected":false},"excerpt":{"rendered":"&nbsp; Tot i que encara no s'ha demostrat a la pr\u00e0ctica, \u00e9s molt plausible \u2013segons la investigaci\u00f3 bioqu\u00edmica de l'equip dirigit pel qu\u00edmic professor Nikolai Kuhnert, que inclou Dorothea Schmidt i Nicholas Ohl de la\u00a0Universitat\u00a0Jacobs, va poder demostrar experimentalment al laboratori\u2013 que consumir una tassa de caf\u00e8 podria ser una manera efica\u00e7 de protegir-se de [...]","protected":false},"author":1,"featured_media":6732,"comment_status":"closed","ping_status":"open","sticky":false,"template":"","format":"standard","meta":{"_acf_changed":false,"inline_featured_image":false,"footnotes":""},"categories":[1],"tags":[],"class_list":["post-6731","post","type-post","status-publish","format-standard","has-post-thumbnail","hentry","category-noticies"],"acf":[],"yoast_head":"<!-- This site is optimized with the Yoast SEO plugin v25.5 - https:\/\/yoast.com\/wordpress\/plugins\/seo\/ -->\n<title>Beure caf\u00e8 podria ser benefici\u00f3s contra la COVID-19? - Gremi del Caf\u00e8, torradors de Catalunya<\/title>\n<meta name=\"robots\" content=\"index, follow, max-snippet:-1, max-image-preview:large, max-video-preview:-1\" \/>\n<link rel=\"canonical\" href=\"https:\/\/gremicafe.cat\/es\/2022\/11\/22\/beure-cafe-podria-ser-beneficios-contra-la-covid-19\/\" \/>\n<meta property=\"og:locale\" content=\"es_ES\" \/>\n<meta property=\"og:type\" content=\"article\" \/>\n<meta property=\"og:title\" content=\"Beure caf\u00e8 podria ser benefici\u00f3s contra la COVID-19? - Gremi del Caf\u00e8, torradors de Catalunya\" \/>\n<meta property=\"og:url\" content=\"https:\/\/gremicafe.cat\/es\/2022\/11\/22\/beure-cafe-podria-ser-beneficios-contra-la-covid-19\/\" \/>\n<meta property=\"og:site_name\" content=\"Gremi del Caf\u00e8, torradors de Catalunya\" \/>\n<meta property=\"article:publisher\" content=\"https:\/\/www.facebook.com\/gremicafecat\" \/>\n<meta property=\"article:published_time\" content=\"2022-11-22T12:20:15+00:00\" \/>\n<meta property=\"article:modified_time\" content=\"2022-11-22T12:20:53+00:00\" \/>\n<meta property=\"og:image\" content=\"https:\/\/gremicafe.cat\/wp-content\/uploads\/2022\/11\/coffee-2238109_1920.jpg\" \/>\n\t<meta property=\"og:image:width\" content=\"1710\" \/>\n\t<meta property=\"og:image:height\" content=\"1235\" \/>\n\t<meta property=\"og:image:type\" content=\"image\/jpeg\" \/>\n<meta name=\"author\" content=\"gremicafe\" \/>\n<meta name=\"twitter:card\" content=\"summary_large_image\" \/>\n<meta name=\"twitter:creator\" content=\"@gremicafecat\" \/>\n<meta name=\"twitter:site\" content=\"@gremicafecat\" \/>\n<meta name=\"twitter:label1\" content=\"Escrito por\" \/>\n\t<meta name=\"twitter:data1\" content=\"gremicafe\" \/>\n\t<meta name=\"twitter:label2\" content=\"Tiempo de lectura\" \/>\n\t<meta name=\"twitter:data2\" content=\"1 minuto\" \/>\n<script type=\"application\/ld+json\" class=\"yoast-schema-graph\">{\"@context\":\"https:\/\/schema.org\",\"@graph\":[{\"@type\":\"Article\",\"@id\":\"https:\/\/gremicafe.cat\/2022\/11\/22\/beure-cafe-podria-ser-beneficios-contra-la-covid-19\/#article\",\"isPartOf\":{\"@id\":\"https:\/\/gremicafe.cat\/2022\/11\/22\/beure-cafe-podria-ser-beneficios-contra-la-covid-19\/\"},\"author\":{\"name\":\"gremicafe\",\"@id\":\"https:\/\/gremicafe.cat\/#\/schema\/person\/dabfdbb3d0fa36260855a380f94e4733\"},\"headline\":\"Beure caf\u00e8 podria ser benefici\u00f3s contra la COVID-19?\",\"datePublished\":\"2022-11-22T12:20:15+00:00\",\"dateModified\":\"2022-11-22T12:20:53+00:00\",\"mainEntityOfPage\":{\"@id\":\"https:\/\/gremicafe.cat\/2022\/11\/22\/beure-cafe-podria-ser-beneficios-contra-la-covid-19\/\"},\"wordCount\":94,\"publisher\":{\"@id\":\"https:\/\/gremicafe.cat\/#organization\"},\"image\":{\"@id\":\"https:\/\/gremicafe.cat\/2022\/11\/22\/beure-cafe-podria-ser-beneficios-contra-la-covid-19\/#primaryimage\"},\"thumbnailUrl\":\"https:\/\/gremicafe.cat\/wp-content\/uploads\/2022\/11\/coffee-2238109_1920.jpg\",\"articleSection\":[\"Not\u00edcies\"],\"inLanguage\":\"es\"},{\"@type\":\"WebPage\",\"@id\":\"https:\/\/gremicafe.cat\/2022\/11\/22\/beure-cafe-podria-ser-beneficios-contra-la-covid-19\/\",\"url\":\"https:\/\/gremicafe.cat\/2022\/11\/22\/beure-cafe-podria-ser-beneficios-contra-la-covid-19\/\",\"name\":\"Beure caf\u00e8 podria ser benefici\u00f3s contra la COVID-19? - Gremi del Caf\u00e8, torradors de Catalunya\",\"isPartOf\":{\"@id\":\"https:\/\/gremicafe.cat\/#website\"},\"primaryImageOfPage\":{\"@id\":\"https:\/\/gremicafe.cat\/2022\/11\/22\/beure-cafe-podria-ser-beneficios-contra-la-covid-19\/#primaryimage\"},\"image\":{\"@id\":\"https:\/\/gremicafe.cat\/2022\/11\/22\/beure-cafe-podria-ser-beneficios-contra-la-covid-19\/#primaryimage\"},\"thumbnailUrl\":\"https:\/\/gremicafe.cat\/wp-content\/uploads\/2022\/11\/coffee-2238109_1920.jpg\",\"datePublished\":\"2022-11-22T12:20:15+00:00\",\"dateModified\":\"2022-11-22T12:20:53+00:00\",\"breadcrumb\":{\"@id\":\"https:\/\/gremicafe.cat\/2022\/11\/22\/beure-cafe-podria-ser-beneficios-contra-la-covid-19\/#breadcrumb\"},\"inLanguage\":\"es\",\"potentialAction\":[{\"@type\":\"ReadAction\",\"target\":[\"https:\/\/gremicafe.cat\/2022\/11\/22\/beure-cafe-podria-ser-beneficios-contra-la-covid-19\/\"]}]},{\"@type\":\"ImageObject\",\"inLanguage\":\"es\",\"@id\":\"https:\/\/gremicafe.cat\/2022\/11\/22\/beure-cafe-podria-ser-beneficios-contra-la-covid-19\/#primaryimage\",\"url\":\"https:\/\/gremicafe.cat\/wp-content\/uploads\/2022\/11\/coffee-2238109_1920.jpg\",\"contentUrl\":\"https:\/\/gremicafe.cat\/wp-content\/uploads\/2022\/11\/coffee-2238109_1920.jpg\",\"width\":1710,\"height\":1235},{\"@type\":\"BreadcrumbList\",\"@id\":\"https:\/\/gremicafe.cat\/2022\/11\/22\/beure-cafe-podria-ser-beneficios-contra-la-covid-19\/#breadcrumb\",\"itemListElement\":[{\"@type\":\"ListItem\",\"position\":1,\"name\":\"Inici\",\"item\":\"https:\/\/gremicafe.cat\/\"},{\"@type\":\"ListItem\",\"position\":2,\"name\":\"Beure caf\u00e8 podria ser benefici\u00f3s contra la COVID-19?\"}]},{\"@type\":\"WebSite\",\"@id\":\"https:\/\/gremicafe.cat\/#website\",\"url\":\"https:\/\/gremicafe.cat\/\",\"name\":\"Gremi del Caf\u00e8, torradors de Catalunya\",\"description\":\"Web oficial del gremi de torradors de caf\u00e8 de Catalunya\",\"publisher\":{\"@id\":\"https:\/\/gremicafe.cat\/#organization\"},\"potentialAction\":[{\"@type\":\"SearchAction\",\"target\":{\"@type\":\"EntryPoint\",\"urlTemplate\":\"https:\/\/gremicafe.cat\/?s={search_term_string}\"},\"query-input\":{\"@type\":\"PropertyValueSpecification\",\"valueRequired\":true,\"valueName\":\"search_term_string\"}}],\"inLanguage\":\"es\"},{\"@type\":\"Organization\",\"@id\":\"https:\/\/gremicafe.cat\/#organization\",\"name\":\"Gremi del Caf\u00e8, Torradors de Catalunya\",\"url\":\"https:\/\/gremicafe.cat\/\",\"logo\":{\"@type\":\"ImageObject\",\"inLanguage\":\"es\",\"@id\":\"https:\/\/gremicafe.cat\/#\/schema\/logo\/image\/\",\"url\":\"https:\/\/gremicafe.cat\/wp-content\/uploads\/2018\/03\/gremicafe-logo250.png\",\"contentUrl\":\"https:\/\/gremicafe.cat\/wp-content\/uploads\/2018\/03\/gremicafe-logo250.png\",\"width\":250,\"height\":49,\"caption\":\"Gremi del Caf\u00e8, Torradors de Catalunya\"},\"image\":{\"@id\":\"https:\/\/gremicafe.cat\/#\/schema\/logo\/image\/\"},\"sameAs\":[\"https:\/\/www.facebook.com\/gremicafecat\",\"https:\/\/x.com\/gremicafecat\",\"https:\/\/www.instagram.com\/gremicafecat\/\",\"https:\/\/www.pinterest.es\/gremicafecat\/\",\"https:\/\/www.youtube.com\/channel\/UCGLo5Y35vLwLvP4FrPZrCrw\/\"]},{\"@type\":\"Person\",\"@id\":\"https:\/\/gremicafe.cat\/#\/schema\/person\/dabfdbb3d0fa36260855a380f94e4733\",\"name\":\"gremicafe\",\"image\":{\"@type\":\"ImageObject\",\"inLanguage\":\"es\",\"@id\":\"https:\/\/gremicafe.cat\/#\/schema\/person\/image\/\",\"url\":\"https:\/\/secure.gravatar.com\/avatar\/e59baa4ca8f6f97576d6375fb6d3c8f0?s=96&d=mm&r=g\",\"contentUrl\":\"https:\/\/secure.gravatar.com\/avatar\/e59baa4ca8f6f97576d6375fb6d3c8f0?s=96&d=mm&r=g\",\"caption\":\"gremicafe\"}}]}<\/script>\n<!-- \/ Yoast SEO plugin. -->","yoast_head_json":{"title":"Beure caf\u00e8 podria ser benefici\u00f3s contra la COVID-19? - Gremi del Caf\u00e8, torradors de Catalunya","robots":{"index":"index","follow":"follow","max-snippet":"max-snippet:-1","max-image-preview":"max-image-preview:large","max-video-preview":"max-video-preview:-1"},"canonical":"https:\/\/gremicafe.cat\/es\/2022\/11\/22\/beure-cafe-podria-ser-beneficios-contra-la-covid-19\/","og_locale":"es_ES","og_type":"article","og_title":"Beure caf\u00e8 podria ser benefici\u00f3s contra la COVID-19? - Gremi del Caf\u00e8, torradors de Catalunya","og_url":"https:\/\/gremicafe.cat\/es\/2022\/11\/22\/beure-cafe-podria-ser-beneficios-contra-la-covid-19\/","og_site_name":"Gremi del Caf\u00e8, torradors de Catalunya","article_publisher":"https:\/\/www.facebook.com\/gremicafecat","article_published_time":"2022-11-22T12:20:15+00:00","article_modified_time":"2022-11-22T12:20:53+00:00","og_image":[{"width":1710,"height":1235,"url":"https:\/\/gremicafe.cat\/wp-content\/uploads\/2022\/11\/coffee-2238109_1920.jpg","type":"image\/jpeg"}],"author":"gremicafe","twitter_card":"summary_large_image","twitter_creator":"@gremicafecat","twitter_site":"@gremicafecat","twitter_misc":{"Escrito por":"gremicafe","Tiempo de lectura":"1 minuto"},"schema":{"@context":"https:\/\/schema.org","@graph":[{"@type":"Article","@id":"https:\/\/gremicafe.cat\/2022\/11\/22\/beure-cafe-podria-ser-beneficios-contra-la-covid-19\/#article","isPartOf":{"@id":"https:\/\/gremicafe.cat\/2022\/11\/22\/beure-cafe-podria-ser-beneficios-contra-la-covid-19\/"},"author":{"name":"gremicafe","@id":"https:\/\/gremicafe.cat\/#\/schema\/person\/dabfdbb3d0fa36260855a380f94e4733"},"headline":"Beure caf\u00e8 podria ser benefici\u00f3s contra la COVID-19?","datePublished":"2022-11-22T12:20:15+00:00","dateModified":"2022-11-22T12:20:53+00:00","mainEntityOfPage":{"@id":"https:\/\/gremicafe.cat\/2022\/11\/22\/beure-cafe-podria-ser-beneficios-contra-la-covid-19\/"},"wordCount":94,"publisher":{"@id":"https:\/\/gremicafe.cat\/#organization"},"image":{"@id":"https:\/\/gremicafe.cat\/2022\/11\/22\/beure-cafe-podria-ser-beneficios-contra-la-covid-19\/#primaryimage"},"thumbnailUrl":"https:\/\/gremicafe.cat\/wp-content\/uploads\/2022\/11\/coffee-2238109_1920.jpg","articleSection":["Not\u00edcies"],"inLanguage":"es"},{"@type":"WebPage","@id":"https:\/\/gremicafe.cat\/2022\/11\/22\/beure-cafe-podria-ser-beneficios-contra-la-covid-19\/","url":"https:\/\/gremicafe.cat\/2022\/11\/22\/beure-cafe-podria-ser-beneficios-contra-la-covid-19\/","name":"Beure caf\u00e8 podria ser benefici\u00f3s contra la COVID-19? - Gremi del Caf\u00e8, torradors de Catalunya","isPartOf":{"@id":"https:\/\/gremicafe.cat\/#website"},"primaryImageOfPage":{"@id":"https:\/\/gremicafe.cat\/2022\/11\/22\/beure-cafe-podria-ser-beneficios-contra-la-covid-19\/#primaryimage"},"image":{"@id":"https:\/\/gremicafe.cat\/2022\/11\/22\/beure-cafe-podria-ser-beneficios-contra-la-covid-19\/#primaryimage"},"thumbnailUrl":"https:\/\/gremicafe.cat\/wp-content\/uploads\/2022\/11\/coffee-2238109_1920.jpg","datePublished":"2022-11-22T12:20:15+00:00","dateModified":"2022-11-22T12:20:53+00:00","breadcrumb":{"@id":"https:\/\/gremicafe.cat\/2022\/11\/22\/beure-cafe-podria-ser-beneficios-contra-la-covid-19\/#breadcrumb"},"inLanguage":"es","potentialAction":[{"@type":"ReadAction","target":["https:\/\/gremicafe.cat\/2022\/11\/22\/beure-cafe-podria-ser-beneficios-contra-la-covid-19\/"]}]},{"@type":"ImageObject","inLanguage":"es","@id":"https:\/\/gremicafe.cat\/2022\/11\/22\/beure-cafe-podria-ser-beneficios-contra-la-covid-19\/#primaryimage","url":"https:\/\/gremicafe.cat\/wp-content\/uploads\/2022\/11\/coffee-2238109_1920.jpg","contentUrl":"https:\/\/gremicafe.cat\/wp-content\/uploads\/2022\/11\/coffee-2238109_1920.jpg","width":1710,"height":1235},{"@type":"BreadcrumbList","@id":"https:\/\/gremicafe.cat\/2022\/11\/22\/beure-cafe-podria-ser-beneficios-contra-la-covid-19\/#breadcrumb","itemListElement":[{"@type":"ListItem","position":1,"name":"Inici","item":"https:\/\/gremicafe.cat\/"},{"@type":"ListItem","position":2,"name":"Beure caf\u00e8 podria ser benefici\u00f3s contra la COVID-19?"}]},{"@type":"WebSite","@id":"https:\/\/gremicafe.cat\/#website","url":"https:\/\/gremicafe.cat\/","name":"Gremio del Caf\u00e9, tostadores de Catalu\u00f1a","description":"Web oficial del gremio de tostadores de caf\u00e9 de Catalunya","publisher":{"@id":"https:\/\/gremicafe.cat\/#organization"},"potentialAction":[{"@type":"SearchAction","target":{"@type":"EntryPoint","urlTemplate":"https:\/\/gremicafe.cat\/?s={search_term_string}"},"query-input":{"@type":"PropertyValueSpecification","valueRequired":true,"valueName":"search_term_string"}}],"inLanguage":"es"},{"@type":"Organization","@id":"https:\/\/gremicafe.cat\/#organization","name":"Gremio del Caf\u00e9, Tostadores de Catalu\u00f1a","url":"https:\/\/gremicafe.cat\/","logo":{"@type":"ImageObject","inLanguage":"es","@id":"https:\/\/gremicafe.cat\/#\/schema\/logo\/image\/","url":"https:\/\/gremicafe.cat\/wp-content\/uploads\/2018\/03\/gremicafe-logo250.png","contentUrl":"https:\/\/gremicafe.cat\/wp-content\/uploads\/2018\/03\/gremicafe-logo250.png","width":250,"height":49,"caption":"Gremi del Caf\u00e8, Torradors de Catalunya"},"image":{"@id":"https:\/\/gremicafe.cat\/#\/schema\/logo\/image\/"},"sameAs":["https:\/\/www.facebook.com\/gremicafecat","https:\/\/x.com\/gremicafecat","https:\/\/www.instagram.com\/gremicafecat\/","https:\/\/www.pinterest.es\/gremicafecat\/","https:\/\/www.youtube.com\/channel\/UCGLo5Y35vLwLvP4FrPZrCrw\/"]},{"@type":"Person","@id":"https:\/\/gremicafe.cat\/#\/schema\/person\/dabfdbb3d0fa36260855a380f94e4733","name":"gremicafe","image":{"@type":"ImageObject","inLanguage":"es","@id":"https:\/\/gremicafe.cat\/#\/schema\/person\/image\/","url":"https:\/\/secure.gravatar.com\/avatar\/e59baa4ca8f6f97576d6375fb6d3c8f0?s=96&d=mm&r=g","contentUrl":"https:\/\/secure.gravatar.com\/avatar\/e59baa4ca8f6f97576d6375fb6d3c8f0?s=96&d=mm&r=g","caption":"gremicafe"}}]}},"_links":{"self":[{"href":"https:\/\/gremicafe.cat\/es\/wp-json\/wp\/v2\/posts\/6731"}],"collection":[{"href":"https:\/\/gremicafe.cat\/es\/wp-json\/wp\/v2\/posts"}],"about":[{"href":"https:\/\/gremicafe.cat\/es\/wp-json\/wp\/v2\/types\/post"}],"author":[{"embeddable":true,"href":"https:\/\/gremicafe.cat\/es\/wp-json\/wp\/v2\/users\/1"}],"replies":[{"embeddable":true,"href":"https:\/\/gremicafe.cat\/es\/wp-json\/wp\/v2\/comments?post=6731"}],"version-history":[{"count":0,"href":"https:\/\/gremicafe.cat\/es\/wp-json\/wp\/v2\/posts\/6731\/revisions"}],"wp:featuredmedia":[{"embeddable":true,"href":"https:\/\/gremicafe.cat\/es\/wp-json\/wp\/v2\/media\/6732"}],"wp:attachment":[{"href":"https:\/\/gremicafe.cat\/es\/wp-json\/wp\/v2\/media?parent=6731"}],"wp:term":[{"taxonomy":"category","embeddable":true,"href":"https:\/\/gremicafe.cat\/es\/wp-json\/wp\/v2\/categories?post=6731"},{"taxonomy":"post_tag","embeddable":true,"href":"https:\/\/gremicafe.cat\/es\/wp-json\/wp\/v2\/tags?post=6731"}],"curies":[{"name":"wp","href":"https:\/\/api.w.org\/{rel}","templated":true}]}}