{"id":6735,"date":"2022-11-26T11:39:30","date_gmt":"2022-11-26T10:39:30","guid":{"rendered":"https:\/\/gremicafe.cat\/?p=6735"},"modified":"2022-12-01T09:35:02","modified_gmt":"2022-12-01T08:35:02","slug":"los-posos-del-cafe-se-podrian-usar-para-alimentar-a-las-algas-que-producen-biodiesel","status":"publish","type":"post","link":"https:\/\/gremicafe.cat\/es\/2022\/11\/26\/los-posos-del-cafe-se-podrian-usar-para-alimentar-a-las-algas-que-producen-biodiesel\/","title":{"rendered":"Los posos del caf\u00e9 se podr\u00edan usar para alimentar a las algas que producen biodi\u00e9sel"},"content":{"rendered":"<div id=\"ut-row-69f3da429f510\" data-vc-full-width=\"true\" data-vc-full-width-init=\"false\" class=\"vc_row wpb_row vc_row-fluid vc_column-gap-0 ut-row-69f3da429f51f\" ><div class=\"wpb_column vc_column_container vc_col-sm-12\" ><div id=\"ut_inner_column_69f3da429fa9b\" class=\"vc_column-inner\"><div class=\"wpb_wrapper\">\n\t<div class=\"wpb_text_column wpb_content_element\" >\n\t\t<div class=\"wpb_wrapper\">\n\t\t\t<div class=\"\">\n<p class=\"p1\"><strong><span class=\"s1\"><img loading=\"lazy\" decoding=\"async\" class=\"aligncenter wp-image-6736 size-full\" src=\"https:\/\/gremicafe.cat\/wp-content\/uploads\/2022\/11\/coffee-424763_1920_web_1200x800.jpg\" alt=\"\" width=\"1200\" height=\"800\" srcset=\"https:\/\/gremicafe.cat\/wp-content\/uploads\/2022\/11\/coffee-424763_1920_web_1200x800.jpg 1200w, https:\/\/gremicafe.cat\/wp-content\/uploads\/2022\/11\/coffee-424763_1920_web_1200x800-768x512.jpg 768w, https:\/\/gremicafe.cat\/wp-content\/uploads\/2022\/11\/coffee-424763_1920_web_1200x800-1080x720.jpg 1080w\" sizes=\"(max-width: 1200px) 100vw, 1200px\" \/><\/span><\/strong><\/p>\n<p>&nbsp;<\/p>\n<p class=\"p1\">Aunque tienen numerosos usos potenciales, <strong>los posos de caf\u00e9 usados<\/strong> suelen terminar en los vertederos o, en el mejor de los casos, en montones de compost. Sin embargo, seg\u00fan un nuevo estudio, <strong>pronto podr\u00edan utilizarse para alimentar a las algas productoras de biodi\u00e9sel<\/strong>.<\/p>\n<p class=\"p1\">En primer lugar, ya es posible convertir los puestos de caf\u00e9 desechados en biocombustible, sin tener que tener algas en ning\u00fan paso del proceso.<\/p>\n<p>&nbsp;<\/p>\n<p class=\"p1\">Leer la noticia en <a href=\"https:\/\/ecoinventos.com\/posos-del-cafe-para-alimentar-algas-que-producen-biodiesel\/?fbclid=IwAR3bkxDIHeE5PjBkZEcQEmFBuDeNREc6hAgs-3xVRjIZ1_uDCOOvBPHSbUs\" target=\"_blank\" rel=\"noopener\">Ecoinventos<\/a>.<\/p>\n<\/div>\n\n\t\t<\/div>\n\t<\/div>\n<\/div><\/div><\/div><\/div><div class=\"vc_row-full-width vc_clearfix\"><\/div>","protected":false},"excerpt":{"rendered":"&nbsp; Aunque tienen numerosos usos potenciales, los posos de caf\u00e9 usados suelen acabar en los vertederos o, en el mejor de los casos, en montones de compost. Sin embargo, seg\u00fan un nuevo estudio, pronto podr\u00edan utilizarse para alimentar a las algas productoras de biodi\u00e9sel. En primer lugar, ya es posible convertir los posos de caf\u00e9 [...]","protected":false},"author":1,"featured_media":6736,"comment_status":"closed","ping_status":"open","sticky":false,"template":"","format":"standard","meta":{"_acf_changed":false,"inline_featured_image":false,"footnotes":""},"categories":[1],"tags":[],"class_list":["post-6735","post","type-post","status-publish","format-standard","has-post-thumbnail","hentry","category-noticies"],"acf":[],"yoast_head":"<!-- This site is optimized with the Yoast SEO plugin v25.5 - https:\/\/yoast.com\/wordpress\/plugins\/seo\/ -->\n<title>Los posos del caf\u00e9 se podr\u00edan usar para alimentar a las algas que producen biodi\u00e9sel - Gremi del Caf\u00e8, torradors de Catalunya<\/title>\n<meta name=\"robots\" content=\"index, follow, max-snippet:-1, max-image-preview:large, max-video-preview:-1\" \/>\n<link rel=\"canonical\" href=\"https:\/\/gremicafe.cat\/es\/2022\/11\/26\/los-posos-del-cafe-se-podrian-usar-para-alimentar-a-las-algas-que-producen-biodiesel\/\" \/>\n<meta property=\"og:locale\" content=\"es_ES\" \/>\n<meta property=\"og:type\" content=\"article\" \/>\n<meta property=\"og:title\" content=\"Los posos del caf\u00e9 se podr\u00edan usar para alimentar a las algas que producen biodi\u00e9sel - Gremi del Caf\u00e8, torradors de Catalunya\" \/>\n<meta property=\"og:url\" content=\"https:\/\/gremicafe.cat\/es\/2022\/11\/26\/los-posos-del-cafe-se-podrian-usar-para-alimentar-a-las-algas-que-producen-biodiesel\/\" \/>\n<meta property=\"og:site_name\" content=\"Gremi del Caf\u00e8, torradors de Catalunya\" \/>\n<meta property=\"article:publisher\" content=\"https:\/\/www.facebook.com\/gremicafecat\" \/>\n<meta property=\"article:published_time\" content=\"2022-11-26T10:39:30+00:00\" \/>\n<meta property=\"article:modified_time\" content=\"2022-12-01T08:35:02+00:00\" \/>\n<meta property=\"og:image\" content=\"https:\/\/gremicafe.cat\/wp-content\/uploads\/2022\/11\/coffee-424763_1920_web_1200x800.jpg\" \/>\n\t<meta property=\"og:image:width\" content=\"1200\" \/>\n\t<meta property=\"og:image:height\" content=\"800\" \/>\n\t<meta property=\"og:image:type\" content=\"image\/jpeg\" \/>\n<meta name=\"author\" content=\"gremicafe\" \/>\n<meta name=\"twitter:card\" content=\"summary_large_image\" \/>\n<meta name=\"twitter:creator\" content=\"@gremicafecat\" \/>\n<meta name=\"twitter:site\" content=\"@gremicafecat\" \/>\n<meta name=\"twitter:label1\" content=\"Escrito por\" \/>\n\t<meta name=\"twitter:data1\" content=\"gremicafe\" \/>\n\t<meta name=\"twitter:label2\" content=\"Tiempo de lectura\" \/>\n\t<meta name=\"twitter:data2\" content=\"1 minuto\" \/>\n<script type=\"application\/ld+json\" class=\"yoast-schema-graph\">{\"@context\":\"https:\/\/schema.org\",\"@graph\":[{\"@type\":\"Article\",\"@id\":\"https:\/\/gremicafe.cat\/2022\/11\/26\/los-posos-del-cafe-se-podrian-usar-para-alimentar-a-las-algas-que-producen-biodiesel\/#article\",\"isPartOf\":{\"@id\":\"https:\/\/gremicafe.cat\/2022\/11\/26\/los-posos-del-cafe-se-podrian-usar-para-alimentar-a-las-algas-que-producen-biodiesel\/\"},\"author\":{\"name\":\"gremicafe\",\"@id\":\"https:\/\/gremicafe.cat\/#\/schema\/person\/dabfdbb3d0fa36260855a380f94e4733\"},\"headline\":\"Los posos del caf\u00e9 se podr\u00edan usar para alimentar a las algas que producen biodi\u00e9sel\",\"datePublished\":\"2022-11-26T10:39:30+00:00\",\"dateModified\":\"2022-12-01T08:35:02+00:00\",\"mainEntityOfPage\":{\"@id\":\"https:\/\/gremicafe.cat\/2022\/11\/26\/los-posos-del-cafe-se-podrian-usar-para-alimentar-a-las-algas-que-producen-biodiesel\/\"},\"wordCount\":110,\"publisher\":{\"@id\":\"https:\/\/gremicafe.cat\/#organization\"},\"image\":{\"@id\":\"https:\/\/gremicafe.cat\/2022\/11\/26\/los-posos-del-cafe-se-podrian-usar-para-alimentar-a-las-algas-que-producen-biodiesel\/#primaryimage\"},\"thumbnailUrl\":\"https:\/\/gremicafe.cat\/wp-content\/uploads\/2022\/11\/coffee-424763_1920_web_1200x800.jpg\",\"articleSection\":[\"Not\u00edcies\"],\"inLanguage\":\"es\"},{\"@type\":\"WebPage\",\"@id\":\"https:\/\/gremicafe.cat\/2022\/11\/26\/los-posos-del-cafe-se-podrian-usar-para-alimentar-a-las-algas-que-producen-biodiesel\/\",\"url\":\"https:\/\/gremicafe.cat\/2022\/11\/26\/los-posos-del-cafe-se-podrian-usar-para-alimentar-a-las-algas-que-producen-biodiesel\/\",\"name\":\"Los posos del caf\u00e9 se podr\u00edan usar para alimentar a las algas que producen biodi\u00e9sel - Gremi del Caf\u00e8, torradors de Catalunya\",\"isPartOf\":{\"@id\":\"https:\/\/gremicafe.cat\/#website\"},\"primaryImageOfPage\":{\"@id\":\"https:\/\/gremicafe.cat\/2022\/11\/26\/los-posos-del-cafe-se-podrian-usar-para-alimentar-a-las-algas-que-producen-biodiesel\/#primaryimage\"},\"image\":{\"@id\":\"https:\/\/gremicafe.cat\/2022\/11\/26\/los-posos-del-cafe-se-podrian-usar-para-alimentar-a-las-algas-que-producen-biodiesel\/#primaryimage\"},\"thumbnailUrl\":\"https:\/\/gremicafe.cat\/wp-content\/uploads\/2022\/11\/coffee-424763_1920_web_1200x800.jpg\",\"datePublished\":\"2022-11-26T10:39:30+00:00\",\"dateModified\":\"2022-12-01T08:35:02+00:00\",\"breadcrumb\":{\"@id\":\"https:\/\/gremicafe.cat\/2022\/11\/26\/los-posos-del-cafe-se-podrian-usar-para-alimentar-a-las-algas-que-producen-biodiesel\/#breadcrumb\"},\"inLanguage\":\"es\",\"potentialAction\":[{\"@type\":\"ReadAction\",\"target\":[\"https:\/\/gremicafe.cat\/2022\/11\/26\/los-posos-del-cafe-se-podrian-usar-para-alimentar-a-las-algas-que-producen-biodiesel\/\"]}]},{\"@type\":\"ImageObject\",\"inLanguage\":\"es\",\"@id\":\"https:\/\/gremicafe.cat\/2022\/11\/26\/los-posos-del-cafe-se-podrian-usar-para-alimentar-a-las-algas-que-producen-biodiesel\/#primaryimage\",\"url\":\"https:\/\/gremicafe.cat\/wp-content\/uploads\/2022\/11\/coffee-424763_1920_web_1200x800.jpg\",\"contentUrl\":\"https:\/\/gremicafe.cat\/wp-content\/uploads\/2022\/11\/coffee-424763_1920_web_1200x800.jpg\",\"width\":1200,\"height\":800},{\"@type\":\"BreadcrumbList\",\"@id\":\"https:\/\/gremicafe.cat\/2022\/11\/26\/los-posos-del-cafe-se-podrian-usar-para-alimentar-a-las-algas-que-producen-biodiesel\/#breadcrumb\",\"itemListElement\":[{\"@type\":\"ListItem\",\"position\":1,\"name\":\"Inici\",\"item\":\"https:\/\/gremicafe.cat\/\"},{\"@type\":\"ListItem\",\"position\":2,\"name\":\"Los posos del caf\u00e9 se podr\u00edan usar para alimentar a las algas que producen biodi\u00e9sel\"}]},{\"@type\":\"WebSite\",\"@id\":\"https:\/\/gremicafe.cat\/#website\",\"url\":\"https:\/\/gremicafe.cat\/\",\"name\":\"Gremi del Caf\u00e8, torradors de Catalunya\",\"description\":\"Web oficial del gremi de torradors de caf\u00e8 de Catalunya\",\"publisher\":{\"@id\":\"https:\/\/gremicafe.cat\/#organization\"},\"potentialAction\":[{\"@type\":\"SearchAction\",\"target\":{\"@type\":\"EntryPoint\",\"urlTemplate\":\"https:\/\/gremicafe.cat\/?s={search_term_string}\"},\"query-input\":{\"@type\":\"PropertyValueSpecification\",\"valueRequired\":true,\"valueName\":\"search_term_string\"}}],\"inLanguage\":\"es\"},{\"@type\":\"Organization\",\"@id\":\"https:\/\/gremicafe.cat\/#organization\",\"name\":\"Gremi del Caf\u00e8, Torradors de Catalunya\",\"url\":\"https:\/\/gremicafe.cat\/\",\"logo\":{\"@type\":\"ImageObject\",\"inLanguage\":\"es\",\"@id\":\"https:\/\/gremicafe.cat\/#\/schema\/logo\/image\/\",\"url\":\"https:\/\/gremicafe.cat\/wp-content\/uploads\/2018\/03\/gremicafe-logo250.png\",\"contentUrl\":\"https:\/\/gremicafe.cat\/wp-content\/uploads\/2018\/03\/gremicafe-logo250.png\",\"width\":250,\"height\":49,\"caption\":\"Gremi del Caf\u00e8, Torradors de Catalunya\"},\"image\":{\"@id\":\"https:\/\/gremicafe.cat\/#\/schema\/logo\/image\/\"},\"sameAs\":[\"https:\/\/www.facebook.com\/gremicafecat\",\"https:\/\/x.com\/gremicafecat\",\"https:\/\/www.instagram.com\/gremicafecat\/\",\"https:\/\/www.pinterest.es\/gremicafecat\/\",\"https:\/\/www.youtube.com\/channel\/UCGLo5Y35vLwLvP4FrPZrCrw\/\"]},{\"@type\":\"Person\",\"@id\":\"https:\/\/gremicafe.cat\/#\/schema\/person\/dabfdbb3d0fa36260855a380f94e4733\",\"name\":\"gremicafe\",\"image\":{\"@type\":\"ImageObject\",\"inLanguage\":\"es\",\"@id\":\"https:\/\/gremicafe.cat\/#\/schema\/person\/image\/\",\"url\":\"https:\/\/secure.gravatar.com\/avatar\/e59baa4ca8f6f97576d6375fb6d3c8f0?s=96&d=mm&r=g\",\"contentUrl\":\"https:\/\/secure.gravatar.com\/avatar\/e59baa4ca8f6f97576d6375fb6d3c8f0?s=96&d=mm&r=g\",\"caption\":\"gremicafe\"}}]}<\/script>\n<!-- \/ Yoast SEO plugin. -->","yoast_head_json":{"title":"Los posos del caf\u00e9 se podr\u00edan usar para alimentar a las algas que producen biodi\u00e9sel - Gremi del Caf\u00e8, torradors de Catalunya","robots":{"index":"index","follow":"follow","max-snippet":"max-snippet:-1","max-image-preview":"max-image-preview:large","max-video-preview":"max-video-preview:-1"},"canonical":"https:\/\/gremicafe.cat\/es\/2022\/11\/26\/los-posos-del-cafe-se-podrian-usar-para-alimentar-a-las-algas-que-producen-biodiesel\/","og_locale":"es_ES","og_type":"article","og_title":"Los posos del caf\u00e9 se podr\u00edan usar para alimentar a las algas que producen biodi\u00e9sel - Gremi del Caf\u00e8, torradors de Catalunya","og_url":"https:\/\/gremicafe.cat\/es\/2022\/11\/26\/los-posos-del-cafe-se-podrian-usar-para-alimentar-a-las-algas-que-producen-biodiesel\/","og_site_name":"Gremi del Caf\u00e8, torradors de Catalunya","article_publisher":"https:\/\/www.facebook.com\/gremicafecat","article_published_time":"2022-11-26T10:39:30+00:00","article_modified_time":"2022-12-01T08:35:02+00:00","og_image":[{"width":1200,"height":800,"url":"https:\/\/gremicafe.cat\/wp-content\/uploads\/2022\/11\/coffee-424763_1920_web_1200x800.jpg","type":"image\/jpeg"}],"author":"gremicafe","twitter_card":"summary_large_image","twitter_creator":"@gremicafecat","twitter_site":"@gremicafecat","twitter_misc":{"Escrito por":"gremicafe","Tiempo de lectura":"1 minuto"},"schema":{"@context":"https:\/\/schema.org","@graph":[{"@type":"Article","@id":"https:\/\/gremicafe.cat\/2022\/11\/26\/los-posos-del-cafe-se-podrian-usar-para-alimentar-a-las-algas-que-producen-biodiesel\/#article","isPartOf":{"@id":"https:\/\/gremicafe.cat\/2022\/11\/26\/los-posos-del-cafe-se-podrian-usar-para-alimentar-a-las-algas-que-producen-biodiesel\/"},"author":{"name":"gremicafe","@id":"https:\/\/gremicafe.cat\/#\/schema\/person\/dabfdbb3d0fa36260855a380f94e4733"},"headline":"Los posos del caf\u00e9 se podr\u00edan usar para alimentar a las algas que producen biodi\u00e9sel","datePublished":"2022-11-26T10:39:30+00:00","dateModified":"2022-12-01T08:35:02+00:00","mainEntityOfPage":{"@id":"https:\/\/gremicafe.cat\/2022\/11\/26\/los-posos-del-cafe-se-podrian-usar-para-alimentar-a-las-algas-que-producen-biodiesel\/"},"wordCount":110,"publisher":{"@id":"https:\/\/gremicafe.cat\/#organization"},"image":{"@id":"https:\/\/gremicafe.cat\/2022\/11\/26\/los-posos-del-cafe-se-podrian-usar-para-alimentar-a-las-algas-que-producen-biodiesel\/#primaryimage"},"thumbnailUrl":"https:\/\/gremicafe.cat\/wp-content\/uploads\/2022\/11\/coffee-424763_1920_web_1200x800.jpg","articleSection":["Not\u00edcies"],"inLanguage":"es"},{"@type":"WebPage","@id":"https:\/\/gremicafe.cat\/2022\/11\/26\/los-posos-del-cafe-se-podrian-usar-para-alimentar-a-las-algas-que-producen-biodiesel\/","url":"https:\/\/gremicafe.cat\/2022\/11\/26\/los-posos-del-cafe-se-podrian-usar-para-alimentar-a-las-algas-que-producen-biodiesel\/","name":"Los posos del caf\u00e9 se podr\u00edan usar para alimentar a las algas que producen biodi\u00e9sel - Gremi del Caf\u00e8, torradors de Catalunya","isPartOf":{"@id":"https:\/\/gremicafe.cat\/#website"},"primaryImageOfPage":{"@id":"https:\/\/gremicafe.cat\/2022\/11\/26\/los-posos-del-cafe-se-podrian-usar-para-alimentar-a-las-algas-que-producen-biodiesel\/#primaryimage"},"image":{"@id":"https:\/\/gremicafe.cat\/2022\/11\/26\/los-posos-del-cafe-se-podrian-usar-para-alimentar-a-las-algas-que-producen-biodiesel\/#primaryimage"},"thumbnailUrl":"https:\/\/gremicafe.cat\/wp-content\/uploads\/2022\/11\/coffee-424763_1920_web_1200x800.jpg","datePublished":"2022-11-26T10:39:30+00:00","dateModified":"2022-12-01T08:35:02+00:00","breadcrumb":{"@id":"https:\/\/gremicafe.cat\/2022\/11\/26\/los-posos-del-cafe-se-podrian-usar-para-alimentar-a-las-algas-que-producen-biodiesel\/#breadcrumb"},"inLanguage":"es","potentialAction":[{"@type":"ReadAction","target":["https:\/\/gremicafe.cat\/2022\/11\/26\/los-posos-del-cafe-se-podrian-usar-para-alimentar-a-las-algas-que-producen-biodiesel\/"]}]},{"@type":"ImageObject","inLanguage":"es","@id":"https:\/\/gremicafe.cat\/2022\/11\/26\/los-posos-del-cafe-se-podrian-usar-para-alimentar-a-las-algas-que-producen-biodiesel\/#primaryimage","url":"https:\/\/gremicafe.cat\/wp-content\/uploads\/2022\/11\/coffee-424763_1920_web_1200x800.jpg","contentUrl":"https:\/\/gremicafe.cat\/wp-content\/uploads\/2022\/11\/coffee-424763_1920_web_1200x800.jpg","width":1200,"height":800},{"@type":"BreadcrumbList","@id":"https:\/\/gremicafe.cat\/2022\/11\/26\/los-posos-del-cafe-se-podrian-usar-para-alimentar-a-las-algas-que-producen-biodiesel\/#breadcrumb","itemListElement":[{"@type":"ListItem","position":1,"name":"Inici","item":"https:\/\/gremicafe.cat\/"},{"@type":"ListItem","position":2,"name":"Los posos del caf\u00e9 se podr\u00edan usar para alimentar a las algas que producen biodi\u00e9sel"}]},{"@type":"WebSite","@id":"https:\/\/gremicafe.cat\/#website","url":"https:\/\/gremicafe.cat\/","name":"Gremio del Caf\u00e9, tostadores de Catalu\u00f1a","description":"Web oficial del gremio de tostadores de caf\u00e9 de Catalunya","publisher":{"@id":"https:\/\/gremicafe.cat\/#organization"},"potentialAction":[{"@type":"SearchAction","target":{"@type":"EntryPoint","urlTemplate":"https:\/\/gremicafe.cat\/?s={search_term_string}"},"query-input":{"@type":"PropertyValueSpecification","valueRequired":true,"valueName":"search_term_string"}}],"inLanguage":"es"},{"@type":"Organization","@id":"https:\/\/gremicafe.cat\/#organization","name":"Gremio del Caf\u00e9, Tostadores de Catalu\u00f1a","url":"https:\/\/gremicafe.cat\/","logo":{"@type":"ImageObject","inLanguage":"es","@id":"https:\/\/gremicafe.cat\/#\/schema\/logo\/image\/","url":"https:\/\/gremicafe.cat\/wp-content\/uploads\/2018\/03\/gremicafe-logo250.png","contentUrl":"https:\/\/gremicafe.cat\/wp-content\/uploads\/2018\/03\/gremicafe-logo250.png","width":250,"height":49,"caption":"Gremi del Caf\u00e8, Torradors de Catalunya"},"image":{"@id":"https:\/\/gremicafe.cat\/#\/schema\/logo\/image\/"},"sameAs":["https:\/\/www.facebook.com\/gremicafecat","https:\/\/x.com\/gremicafecat","https:\/\/www.instagram.com\/gremicafecat\/","https:\/\/www.pinterest.es\/gremicafecat\/","https:\/\/www.youtube.com\/channel\/UCGLo5Y35vLwLvP4FrPZrCrw\/"]},{"@type":"Person","@id":"https:\/\/gremicafe.cat\/#\/schema\/person\/dabfdbb3d0fa36260855a380f94e4733","name":"gremicafe","image":{"@type":"ImageObject","inLanguage":"es","@id":"https:\/\/gremicafe.cat\/#\/schema\/person\/image\/","url":"https:\/\/secure.gravatar.com\/avatar\/e59baa4ca8f6f97576d6375fb6d3c8f0?s=96&d=mm&r=g","contentUrl":"https:\/\/secure.gravatar.com\/avatar\/e59baa4ca8f6f97576d6375fb6d3c8f0?s=96&d=mm&r=g","caption":"gremicafe"}}]}},"_links":{"self":[{"href":"https:\/\/gremicafe.cat\/es\/wp-json\/wp\/v2\/posts\/6735"}],"collection":[{"href":"https:\/\/gremicafe.cat\/es\/wp-json\/wp\/v2\/posts"}],"about":[{"href":"https:\/\/gremicafe.cat\/es\/wp-json\/wp\/v2\/types\/post"}],"author":[{"embeddable":true,"href":"https:\/\/gremicafe.cat\/es\/wp-json\/wp\/v2\/users\/1"}],"replies":[{"embeddable":true,"href":"https:\/\/gremicafe.cat\/es\/wp-json\/wp\/v2\/comments?post=6735"}],"version-history":[{"count":0,"href":"https:\/\/gremicafe.cat\/es\/wp-json\/wp\/v2\/posts\/6735\/revisions"}],"wp:featuredmedia":[{"embeddable":true,"href":"https:\/\/gremicafe.cat\/es\/wp-json\/wp\/v2\/media\/6736"}],"wp:attachment":[{"href":"https:\/\/gremicafe.cat\/es\/wp-json\/wp\/v2\/media?parent=6735"}],"wp:term":[{"taxonomy":"category","embeddable":true,"href":"https:\/\/gremicafe.cat\/es\/wp-json\/wp\/v2\/categories?post=6735"},{"taxonomy":"post_tag","embeddable":true,"href":"https:\/\/gremicafe.cat\/es\/wp-json\/wp\/v2\/tags?post=6735"}],"curies":[{"name":"wp","href":"https:\/\/api.w.org\/{rel}","templated":true}]}}