{"id":6741,"date":"2022-11-24T09:31:09","date_gmt":"2022-11-24T08:31:09","guid":{"rendered":"https:\/\/gremicafe.cat\/?p=6741"},"modified":"2022-12-01T09:32:55","modified_gmt":"2022-12-01T08:32:55","slug":"cafe-saula-presenta-el-nou-cafe-premium-original-amb-canyella-de-calian","status":"publish","type":"post","link":"https:\/\/gremicafe.cat\/es\/2022\/11\/24\/cafe-saula-presenta-el-nou-cafe-premium-original-amb-canyella-de-calian\/","title":{"rendered":"CAF\u00c9 SAULA presenta el nuevo Caf\u00e9 Premium Original con canela de Calian"},"content":{"rendered":"<div id=\"ut-row-69f3da43c187b\" data-vc-full-width=\"true\" data-vc-full-width-init=\"false\" class=\"vc_row wpb_row vc_row-fluid vc_column-gap-0 ut-row-69f3da43c188b\" ><div class=\"wpb_column vc_column_container vc_col-sm-12\" ><div id=\"ut_inner_column_69f3da43c232d\" class=\"vc_column-inner\"><div class=\"wpb_wrapper\">\n\t<div class=\"wpb_text_column wpb_content_element\" >\n\t\t<div class=\"wpb_wrapper\">\n\t\t\t<div class=\"\">\n<p class=\"p1\"><strong><span class=\"s1\"><img loading=\"lazy\" decoding=\"async\" class=\"aligncenter wp-image-6742 size-full\" src=\"https:\/\/gremicafe.cat\/wp-content\/uploads\/2022\/12\/Cafe-premium-canyella-saula.jpg\" alt=\"\" width=\"1080\" height=\"1080\" srcset=\"https:\/\/gremicafe.cat\/wp-content\/uploads\/2022\/12\/Cafe-premium-canyella-saula.jpg 1080w, https:\/\/gremicafe.cat\/wp-content\/uploads\/2022\/12\/Cafe-premium-canyella-saula-300x300.jpg 300w, https:\/\/gremicafe.cat\/wp-content\/uploads\/2022\/12\/Cafe-premium-canyella-saula-150x150.jpg 150w, https:\/\/gremicafe.cat\/wp-content\/uploads\/2022\/12\/Cafe-premium-canyella-saula-768x768.jpg 768w, https:\/\/gremicafe.cat\/wp-content\/uploads\/2022\/12\/Cafe-premium-canyella-saula-720x720.jpg 720w\" sizes=\"(max-width: 1080px) 100vw, 1080px\" \/><\/span><\/strong><\/p>\n<p>&nbsp;<\/p>\n<p class=\"p1\"><span class=\"s1\"><strong>Caf\u00e9 Saula acaba de tirar en exclusiva el <a href=\"https:\/\/www.cafesaula.com\/store\/ca\/cafe-molt\/194-gran-espresso-premium-original-fine-cinnamon-molt\" target=\"_blank\" rel=\"noopener\">Gran Espresso premium Original &amp; Fine Cinnamon molido<\/a>, que ya se ha convertido en uno de sus blends m\u00e1s selectos.<\/strong> Se vende en una lata de 250 gramos de una meticulosa selecci\u00f3n de caf\u00e9 ar\u00e1bica mucha con aproximadamente un 10% de canela de Ceil\u00e1n, tambi\u00e9n mucha.<\/span><\/p>\n<p class=\"p1\"><span class=\"s1\">En Caf\u00e9 Saula, a trav\u00e9s de un selecto proceso artesanal, muelen la canela en bruto y la mezclan en su justa medida con el Premium Original 100% ar\u00e1bica. El resultado es una experiencia dulce, especiada y arom\u00e1tica de excelente calidad. Un maridaje \u00fanico y asombroso que resulta ideal para un caf\u00e9 largo y fragante.<\/span><\/p>\n<p>&nbsp;<\/p>\n<p class=\"p1\"><span class=\"s1\">Lee la noticia entera en <a href=\"https:\/\/www.cafesaula.com\/blog\/ca\/descubre-el-nuevo-premium-original-con-canela-de-ceylan\/\" target=\"_blank\" rel=\"noopener\">cafesaula.com<\/a><\/span><\/p>\n<\/div>\n<p><img loading=\"lazy\" decoding=\"async\" class=\"aligncenter size-full wp-image-6743\" src=\"https:\/\/gremicafe.cat\/wp-content\/uploads\/2022\/12\/gran-espresso-premium-original-fine-cinnamon-molido.jpg\" alt=\"\" width=\"1000\" height=\"1293\" srcset=\"https:\/\/gremicafe.cat\/wp-content\/uploads\/2022\/12\/gran-espresso-premium-original-fine-cinnamon-molido.jpg 1000w, https:\/\/gremicafe.cat\/wp-content\/uploads\/2022\/12\/gran-espresso-premium-original-fine-cinnamon-molido-768x993.jpg 768w, https:\/\/gremicafe.cat\/wp-content\/uploads\/2022\/12\/gran-espresso-premium-original-fine-cinnamon-molido-557x720.jpg 557w\" sizes=\"(max-width: 1000px) 100vw, 1000px\" \/><\/p>\n\n\t\t<\/div>\n\t<\/div>\n<\/div><\/div><\/div><\/div><div class=\"vc_row-full-width vc_clearfix\"><\/div>","protected":false},"excerpt":{"rendered":"&nbsp; Caf\u00e8 Saula acaba de llen\u00e7ar en exclusiva el Gran Espresso premium Original &amp; Fine Cinnamon m\u00f2lt, que ja s\u2019ha convertit en un dels seus blends m\u00e9s selectes. Es ven en una llauna de 250 grams d\u2019una meticulosa selecci\u00f3 de caf\u00e8 ar\u00e0bica molta amb aproximadament un 10% de canyella de Ceilan, tamb\u00e9 molta. A Caf\u00e8 [...]","protected":false},"author":1,"featured_media":6742,"comment_status":"closed","ping_status":"open","sticky":false,"template":"","format":"standard","meta":{"_acf_changed":false,"inline_featured_image":false,"footnotes":""},"categories":[1],"tags":[],"class_list":["post-6741","post","type-post","status-publish","format-standard","has-post-thumbnail","hentry","category-noticies"],"acf":[],"yoast_head":"<!-- This site is optimized with the Yoast SEO plugin v25.5 - https:\/\/yoast.com\/wordpress\/plugins\/seo\/ -->\n<title>CAF\u00c8 SAULA presenta el nou Caf\u00e8 Premium Original amb canyella de Calian - Gremi del Caf\u00e8, torradors de Catalunya<\/title>\n<meta name=\"robots\" content=\"index, follow, max-snippet:-1, max-image-preview:large, max-video-preview:-1\" \/>\n<link rel=\"canonical\" href=\"https:\/\/gremicafe.cat\/es\/2022\/11\/24\/cafe-saula-presenta-el-nou-cafe-premium-original-amb-canyella-de-calian\/\" \/>\n<meta property=\"og:locale\" content=\"es_ES\" \/>\n<meta property=\"og:type\" content=\"article\" \/>\n<meta property=\"og:title\" content=\"CAF\u00c8 SAULA presenta el nou Caf\u00e8 Premium Original amb canyella de Calian - Gremi del Caf\u00e8, torradors de Catalunya\" \/>\n<meta property=\"og:url\" content=\"https:\/\/gremicafe.cat\/es\/2022\/11\/24\/cafe-saula-presenta-el-nou-cafe-premium-original-amb-canyella-de-calian\/\" \/>\n<meta property=\"og:site_name\" content=\"Gremi del Caf\u00e8, torradors de Catalunya\" \/>\n<meta property=\"article:publisher\" content=\"https:\/\/www.facebook.com\/gremicafecat\" \/>\n<meta property=\"article:published_time\" content=\"2022-11-24T08:31:09+00:00\" \/>\n<meta property=\"article:modified_time\" content=\"2022-12-01T08:32:55+00:00\" \/>\n<meta property=\"og:image\" content=\"https:\/\/gremicafe.cat\/wp-content\/uploads\/2022\/12\/Cafe-premium-canyella-saula.jpg\" \/>\n\t<meta property=\"og:image:width\" content=\"1080\" \/>\n\t<meta property=\"og:image:height\" content=\"1080\" \/>\n\t<meta property=\"og:image:type\" content=\"image\/jpeg\" \/>\n<meta name=\"author\" content=\"gremicafe\" \/>\n<meta name=\"twitter:card\" content=\"summary_large_image\" \/>\n<meta name=\"twitter:creator\" content=\"@gremicafecat\" \/>\n<meta name=\"twitter:site\" content=\"@gremicafecat\" \/>\n<meta name=\"twitter:label1\" content=\"Escrito por\" \/>\n\t<meta name=\"twitter:data1\" content=\"gremicafe\" \/>\n\t<meta name=\"twitter:label2\" content=\"Tiempo de lectura\" \/>\n\t<meta name=\"twitter:data2\" content=\"2 minutos\" \/>\n<script type=\"application\/ld+json\" class=\"yoast-schema-graph\">{\"@context\":\"https:\/\/schema.org\",\"@graph\":[{\"@type\":\"Article\",\"@id\":\"https:\/\/gremicafe.cat\/2022\/11\/24\/cafe-saula-presenta-el-nou-cafe-premium-original-amb-canyella-de-calian\/#article\",\"isPartOf\":{\"@id\":\"https:\/\/gremicafe.cat\/2022\/11\/24\/cafe-saula-presenta-el-nou-cafe-premium-original-amb-canyella-de-calian\/\"},\"author\":{\"name\":\"gremicafe\",\"@id\":\"https:\/\/gremicafe.cat\/#\/schema\/person\/dabfdbb3d0fa36260855a380f94e4733\"},\"headline\":\"CAF\u00c8 SAULA presenta el nou Caf\u00e8 Premium Original amb canyella de Calian\",\"datePublished\":\"2022-11-24T08:31:09+00:00\",\"dateModified\":\"2022-12-01T08:32:55+00:00\",\"mainEntityOfPage\":{\"@id\":\"https:\/\/gremicafe.cat\/2022\/11\/24\/cafe-saula-presenta-el-nou-cafe-premium-original-amb-canyella-de-calian\/\"},\"wordCount\":153,\"publisher\":{\"@id\":\"https:\/\/gremicafe.cat\/#organization\"},\"image\":{\"@id\":\"https:\/\/gremicafe.cat\/2022\/11\/24\/cafe-saula-presenta-el-nou-cafe-premium-original-amb-canyella-de-calian\/#primaryimage\"},\"thumbnailUrl\":\"https:\/\/gremicafe.cat\/wp-content\/uploads\/2022\/12\/Cafe-premium-canyella-saula.jpg\",\"articleSection\":[\"Not\u00edcies\"],\"inLanguage\":\"es\"},{\"@type\":\"WebPage\",\"@id\":\"https:\/\/gremicafe.cat\/2022\/11\/24\/cafe-saula-presenta-el-nou-cafe-premium-original-amb-canyella-de-calian\/\",\"url\":\"https:\/\/gremicafe.cat\/2022\/11\/24\/cafe-saula-presenta-el-nou-cafe-premium-original-amb-canyella-de-calian\/\",\"name\":\"CAF\u00c8 SAULA presenta el nou Caf\u00e8 Premium Original amb canyella de Calian - Gremi del Caf\u00e8, torradors de Catalunya\",\"isPartOf\":{\"@id\":\"https:\/\/gremicafe.cat\/#website\"},\"primaryImageOfPage\":{\"@id\":\"https:\/\/gremicafe.cat\/2022\/11\/24\/cafe-saula-presenta-el-nou-cafe-premium-original-amb-canyella-de-calian\/#primaryimage\"},\"image\":{\"@id\":\"https:\/\/gremicafe.cat\/2022\/11\/24\/cafe-saula-presenta-el-nou-cafe-premium-original-amb-canyella-de-calian\/#primaryimage\"},\"thumbnailUrl\":\"https:\/\/gremicafe.cat\/wp-content\/uploads\/2022\/12\/Cafe-premium-canyella-saula.jpg\",\"datePublished\":\"2022-11-24T08:31:09+00:00\",\"dateModified\":\"2022-12-01T08:32:55+00:00\",\"breadcrumb\":{\"@id\":\"https:\/\/gremicafe.cat\/2022\/11\/24\/cafe-saula-presenta-el-nou-cafe-premium-original-amb-canyella-de-calian\/#breadcrumb\"},\"inLanguage\":\"es\",\"potentialAction\":[{\"@type\":\"ReadAction\",\"target\":[\"https:\/\/gremicafe.cat\/2022\/11\/24\/cafe-saula-presenta-el-nou-cafe-premium-original-amb-canyella-de-calian\/\"]}]},{\"@type\":\"ImageObject\",\"inLanguage\":\"es\",\"@id\":\"https:\/\/gremicafe.cat\/2022\/11\/24\/cafe-saula-presenta-el-nou-cafe-premium-original-amb-canyella-de-calian\/#primaryimage\",\"url\":\"https:\/\/gremicafe.cat\/wp-content\/uploads\/2022\/12\/Cafe-premium-canyella-saula.jpg\",\"contentUrl\":\"https:\/\/gremicafe.cat\/wp-content\/uploads\/2022\/12\/Cafe-premium-canyella-saula.jpg\",\"width\":1080,\"height\":1080},{\"@type\":\"BreadcrumbList\",\"@id\":\"https:\/\/gremicafe.cat\/2022\/11\/24\/cafe-saula-presenta-el-nou-cafe-premium-original-amb-canyella-de-calian\/#breadcrumb\",\"itemListElement\":[{\"@type\":\"ListItem\",\"position\":1,\"name\":\"Inici\",\"item\":\"https:\/\/gremicafe.cat\/\"},{\"@type\":\"ListItem\",\"position\":2,\"name\":\"CAF\u00c8 SAULA presenta el nou Caf\u00e8 Premium Original amb canyella de Calian\"}]},{\"@type\":\"WebSite\",\"@id\":\"https:\/\/gremicafe.cat\/#website\",\"url\":\"https:\/\/gremicafe.cat\/\",\"name\":\"Gremi del Caf\u00e8, torradors de Catalunya\",\"description\":\"Web oficial del gremi de torradors de caf\u00e8 de Catalunya\",\"publisher\":{\"@id\":\"https:\/\/gremicafe.cat\/#organization\"},\"potentialAction\":[{\"@type\":\"SearchAction\",\"target\":{\"@type\":\"EntryPoint\",\"urlTemplate\":\"https:\/\/gremicafe.cat\/?s={search_term_string}\"},\"query-input\":{\"@type\":\"PropertyValueSpecification\",\"valueRequired\":true,\"valueName\":\"search_term_string\"}}],\"inLanguage\":\"es\"},{\"@type\":\"Organization\",\"@id\":\"https:\/\/gremicafe.cat\/#organization\",\"name\":\"Gremi del Caf\u00e8, Torradors de Catalunya\",\"url\":\"https:\/\/gremicafe.cat\/\",\"logo\":{\"@type\":\"ImageObject\",\"inLanguage\":\"es\",\"@id\":\"https:\/\/gremicafe.cat\/#\/schema\/logo\/image\/\",\"url\":\"https:\/\/gremicafe.cat\/wp-content\/uploads\/2018\/03\/gremicafe-logo250.png\",\"contentUrl\":\"https:\/\/gremicafe.cat\/wp-content\/uploads\/2018\/03\/gremicafe-logo250.png\",\"width\":250,\"height\":49,\"caption\":\"Gremi del Caf\u00e8, Torradors de Catalunya\"},\"image\":{\"@id\":\"https:\/\/gremicafe.cat\/#\/schema\/logo\/image\/\"},\"sameAs\":[\"https:\/\/www.facebook.com\/gremicafecat\",\"https:\/\/x.com\/gremicafecat\",\"https:\/\/www.instagram.com\/gremicafecat\/\",\"https:\/\/www.pinterest.es\/gremicafecat\/\",\"https:\/\/www.youtube.com\/channel\/UCGLo5Y35vLwLvP4FrPZrCrw\/\"]},{\"@type\":\"Person\",\"@id\":\"https:\/\/gremicafe.cat\/#\/schema\/person\/dabfdbb3d0fa36260855a380f94e4733\",\"name\":\"gremicafe\",\"image\":{\"@type\":\"ImageObject\",\"inLanguage\":\"es\",\"@id\":\"https:\/\/gremicafe.cat\/#\/schema\/person\/image\/\",\"url\":\"https:\/\/secure.gravatar.com\/avatar\/e59baa4ca8f6f97576d6375fb6d3c8f0?s=96&d=mm&r=g\",\"contentUrl\":\"https:\/\/secure.gravatar.com\/avatar\/e59baa4ca8f6f97576d6375fb6d3c8f0?s=96&d=mm&r=g\",\"caption\":\"gremicafe\"}}]}<\/script>\n<!-- \/ Yoast SEO plugin. -->","yoast_head_json":{"title":"CAF\u00c8 SAULA presenta el nou Caf\u00e8 Premium Original amb canyella de Calian - Gremi del Caf\u00e8, torradors de Catalunya","robots":{"index":"index","follow":"follow","max-snippet":"max-snippet:-1","max-image-preview":"max-image-preview:large","max-video-preview":"max-video-preview:-1"},"canonical":"https:\/\/gremicafe.cat\/es\/2022\/11\/24\/cafe-saula-presenta-el-nou-cafe-premium-original-amb-canyella-de-calian\/","og_locale":"es_ES","og_type":"article","og_title":"CAF\u00c8 SAULA presenta el nou Caf\u00e8 Premium Original amb canyella de Calian - Gremi del Caf\u00e8, torradors de Catalunya","og_url":"https:\/\/gremicafe.cat\/es\/2022\/11\/24\/cafe-saula-presenta-el-nou-cafe-premium-original-amb-canyella-de-calian\/","og_site_name":"Gremi del Caf\u00e8, torradors de Catalunya","article_publisher":"https:\/\/www.facebook.com\/gremicafecat","article_published_time":"2022-11-24T08:31:09+00:00","article_modified_time":"2022-12-01T08:32:55+00:00","og_image":[{"width":1080,"height":1080,"url":"https:\/\/gremicafe.cat\/wp-content\/uploads\/2022\/12\/Cafe-premium-canyella-saula.jpg","type":"image\/jpeg"}],"author":"gremicafe","twitter_card":"summary_large_image","twitter_creator":"@gremicafecat","twitter_site":"@gremicafecat","twitter_misc":{"Escrito por":"gremicafe","Tiempo de lectura":"2 minutos"},"schema":{"@context":"https:\/\/schema.org","@graph":[{"@type":"Article","@id":"https:\/\/gremicafe.cat\/2022\/11\/24\/cafe-saula-presenta-el-nou-cafe-premium-original-amb-canyella-de-calian\/#article","isPartOf":{"@id":"https:\/\/gremicafe.cat\/2022\/11\/24\/cafe-saula-presenta-el-nou-cafe-premium-original-amb-canyella-de-calian\/"},"author":{"name":"gremicafe","@id":"https:\/\/gremicafe.cat\/#\/schema\/person\/dabfdbb3d0fa36260855a380f94e4733"},"headline":"CAF\u00c8 SAULA presenta el nou Caf\u00e8 Premium Original amb canyella de Calian","datePublished":"2022-11-24T08:31:09+00:00","dateModified":"2022-12-01T08:32:55+00:00","mainEntityOfPage":{"@id":"https:\/\/gremicafe.cat\/2022\/11\/24\/cafe-saula-presenta-el-nou-cafe-premium-original-amb-canyella-de-calian\/"},"wordCount":153,"publisher":{"@id":"https:\/\/gremicafe.cat\/#organization"},"image":{"@id":"https:\/\/gremicafe.cat\/2022\/11\/24\/cafe-saula-presenta-el-nou-cafe-premium-original-amb-canyella-de-calian\/#primaryimage"},"thumbnailUrl":"https:\/\/gremicafe.cat\/wp-content\/uploads\/2022\/12\/Cafe-premium-canyella-saula.jpg","articleSection":["Not\u00edcies"],"inLanguage":"es"},{"@type":"WebPage","@id":"https:\/\/gremicafe.cat\/2022\/11\/24\/cafe-saula-presenta-el-nou-cafe-premium-original-amb-canyella-de-calian\/","url":"https:\/\/gremicafe.cat\/2022\/11\/24\/cafe-saula-presenta-el-nou-cafe-premium-original-amb-canyella-de-calian\/","name":"CAF\u00c8 SAULA presenta el nou Caf\u00e8 Premium Original amb canyella de Calian - Gremi del Caf\u00e8, torradors de Catalunya","isPartOf":{"@id":"https:\/\/gremicafe.cat\/#website"},"primaryImageOfPage":{"@id":"https:\/\/gremicafe.cat\/2022\/11\/24\/cafe-saula-presenta-el-nou-cafe-premium-original-amb-canyella-de-calian\/#primaryimage"},"image":{"@id":"https:\/\/gremicafe.cat\/2022\/11\/24\/cafe-saula-presenta-el-nou-cafe-premium-original-amb-canyella-de-calian\/#primaryimage"},"thumbnailUrl":"https:\/\/gremicafe.cat\/wp-content\/uploads\/2022\/12\/Cafe-premium-canyella-saula.jpg","datePublished":"2022-11-24T08:31:09+00:00","dateModified":"2022-12-01T08:32:55+00:00","breadcrumb":{"@id":"https:\/\/gremicafe.cat\/2022\/11\/24\/cafe-saula-presenta-el-nou-cafe-premium-original-amb-canyella-de-calian\/#breadcrumb"},"inLanguage":"es","potentialAction":[{"@type":"ReadAction","target":["https:\/\/gremicafe.cat\/2022\/11\/24\/cafe-saula-presenta-el-nou-cafe-premium-original-amb-canyella-de-calian\/"]}]},{"@type":"ImageObject","inLanguage":"es","@id":"https:\/\/gremicafe.cat\/2022\/11\/24\/cafe-saula-presenta-el-nou-cafe-premium-original-amb-canyella-de-calian\/#primaryimage","url":"https:\/\/gremicafe.cat\/wp-content\/uploads\/2022\/12\/Cafe-premium-canyella-saula.jpg","contentUrl":"https:\/\/gremicafe.cat\/wp-content\/uploads\/2022\/12\/Cafe-premium-canyella-saula.jpg","width":1080,"height":1080},{"@type":"BreadcrumbList","@id":"https:\/\/gremicafe.cat\/2022\/11\/24\/cafe-saula-presenta-el-nou-cafe-premium-original-amb-canyella-de-calian\/#breadcrumb","itemListElement":[{"@type":"ListItem","position":1,"name":"Inici","item":"https:\/\/gremicafe.cat\/"},{"@type":"ListItem","position":2,"name":"CAF\u00c8 SAULA presenta el nou Caf\u00e8 Premium Original amb canyella de Calian"}]},{"@type":"WebSite","@id":"https:\/\/gremicafe.cat\/#website","url":"https:\/\/gremicafe.cat\/","name":"Gremio del Caf\u00e9, tostadores de Catalu\u00f1a","description":"Web oficial del gremio de tostadores de caf\u00e9 de Catalunya","publisher":{"@id":"https:\/\/gremicafe.cat\/#organization"},"potentialAction":[{"@type":"SearchAction","target":{"@type":"EntryPoint","urlTemplate":"https:\/\/gremicafe.cat\/?s={search_term_string}"},"query-input":{"@type":"PropertyValueSpecification","valueRequired":true,"valueName":"search_term_string"}}],"inLanguage":"es"},{"@type":"Organization","@id":"https:\/\/gremicafe.cat\/#organization","name":"Gremio del Caf\u00e9, Tostadores de Catalu\u00f1a","url":"https:\/\/gremicafe.cat\/","logo":{"@type":"ImageObject","inLanguage":"es","@id":"https:\/\/gremicafe.cat\/#\/schema\/logo\/image\/","url":"https:\/\/gremicafe.cat\/wp-content\/uploads\/2018\/03\/gremicafe-logo250.png","contentUrl":"https:\/\/gremicafe.cat\/wp-content\/uploads\/2018\/03\/gremicafe-logo250.png","width":250,"height":49,"caption":"Gremi del Caf\u00e8, Torradors de Catalunya"},"image":{"@id":"https:\/\/gremicafe.cat\/#\/schema\/logo\/image\/"},"sameAs":["https:\/\/www.facebook.com\/gremicafecat","https:\/\/x.com\/gremicafecat","https:\/\/www.instagram.com\/gremicafecat\/","https:\/\/www.pinterest.es\/gremicafecat\/","https:\/\/www.youtube.com\/channel\/UCGLo5Y35vLwLvP4FrPZrCrw\/"]},{"@type":"Person","@id":"https:\/\/gremicafe.cat\/#\/schema\/person\/dabfdbb3d0fa36260855a380f94e4733","name":"gremicafe","image":{"@type":"ImageObject","inLanguage":"es","@id":"https:\/\/gremicafe.cat\/#\/schema\/person\/image\/","url":"https:\/\/secure.gravatar.com\/avatar\/e59baa4ca8f6f97576d6375fb6d3c8f0?s=96&d=mm&r=g","contentUrl":"https:\/\/secure.gravatar.com\/avatar\/e59baa4ca8f6f97576d6375fb6d3c8f0?s=96&d=mm&r=g","caption":"gremicafe"}}]}},"_links":{"self":[{"href":"https:\/\/gremicafe.cat\/es\/wp-json\/wp\/v2\/posts\/6741"}],"collection":[{"href":"https:\/\/gremicafe.cat\/es\/wp-json\/wp\/v2\/posts"}],"about":[{"href":"https:\/\/gremicafe.cat\/es\/wp-json\/wp\/v2\/types\/post"}],"author":[{"embeddable":true,"href":"https:\/\/gremicafe.cat\/es\/wp-json\/wp\/v2\/users\/1"}],"replies":[{"embeddable":true,"href":"https:\/\/gremicafe.cat\/es\/wp-json\/wp\/v2\/comments?post=6741"}],"version-history":[{"count":0,"href":"https:\/\/gremicafe.cat\/es\/wp-json\/wp\/v2\/posts\/6741\/revisions"}],"wp:featuredmedia":[{"embeddable":true,"href":"https:\/\/gremicafe.cat\/es\/wp-json\/wp\/v2\/media\/6742"}],"wp:attachment":[{"href":"https:\/\/gremicafe.cat\/es\/wp-json\/wp\/v2\/media?parent=6741"}],"wp:term":[{"taxonomy":"category","embeddable":true,"href":"https:\/\/gremicafe.cat\/es\/wp-json\/wp\/v2\/categories?post=6741"},{"taxonomy":"post_tag","embeddable":true,"href":"https:\/\/gremicafe.cat\/es\/wp-json\/wp\/v2\/tags?post=6741"}],"curies":[{"name":"wp","href":"https:\/\/api.w.org\/{rel}","templated":true}]}}