{"id":6746,"date":"2022-11-30T09:55:54","date_gmt":"2022-11-30T08:55:54","guid":{"rendered":"https:\/\/gremicafe.cat\/?p=6746"},"modified":"2022-12-01T10:06:49","modified_gmt":"2022-12-01T09:06:49","slug":"cafes-pont-es-prepara-per-millorar-la-seva-presencia-a-europa","status":"publish","type":"post","link":"https:\/\/gremicafe.cat\/es\/2022\/11\/30\/cafes-pont-es-prepara-per-millorar-la-seva-presencia-a-europa\/","title":{"rendered":"Caf\u00e9s Pont se prepara para mejorar su presencia en Europa y crecer en las \u00e1reas de caf\u00e9 profesional y de gran consumo"},"content":{"rendered":"<div id=\"ut-row-69f3da59b2f3d\" data-vc-full-width=\"true\" data-vc-full-width-init=\"false\" class=\"vc_row wpb_row vc_row-fluid vc_column-gap-0 ut-row-69f3da59b2f58\" ><div class=\"wpb_column vc_column_container vc_col-sm-12\" ><div id=\"ut_inner_column_69f3da59b365a\" class=\"vc_column-inner\"><div class=\"wpb_wrapper\">\n\t<div class=\"wpb_text_column wpb_content_element\" >\n\t\t<div class=\"wpb_wrapper\">\n\t\t\t<div class=\"\">\n<p class=\"p1\"><strong><span class=\"s1\"><img loading=\"lazy\" decoding=\"async\" class=\"aligncenter wp-image-6747 size-full\" src=\"https:\/\/gremicafe.cat\/wp-content\/uploads\/2022\/12\/RaulPont.jpg\" alt=\"\" width=\"1080\" height=\"1350\" srcset=\"https:\/\/gremicafe.cat\/wp-content\/uploads\/2022\/12\/RaulPont.jpg 1080w, https:\/\/gremicafe.cat\/wp-content\/uploads\/2022\/12\/RaulPont-768x960.jpg 768w, https:\/\/gremicafe.cat\/wp-content\/uploads\/2022\/12\/RaulPont-576x720.jpg 576w\" sizes=\"(max-width: 1080px) 100vw, 1080px\" \/><\/span><\/strong><\/p>\n<p>&nbsp;<\/p>\n<p>Siete d\u00e9cadas despu\u00e9s de su nacimiento, en 1952, la empresa sabadellense <strong>Caf\u00e9s Puente<\/strong> es hoy d\u00eda una de las principales empresas tostadoras y comercializadoras de caf\u00e9 en todo el estado. Cuenta con una producci\u00f3n anual de aproximadamente un mill\u00f3n de kilos de caf\u00e9 y cuenta con varias delegaciones en Catalu\u00f1a, Valencia, Alicante y Mallorca.<\/p>\n<p>Asimismo, la empresa est\u00e1 iniciando un proceso de internacionalizaci\u00f3n para tener mayor presencia en Europa, donde ya dispone de una delegaci\u00f3n en Oslo (Noruega) y distribuidores en Bratislava (Eslovaquia) y Amsterdam (Pa\u00edses Bajos). Tambi\u00e9n est\u00e1 valorando su expansi\u00f3n por el continente asi\u00e1tico, donde la demanda de caf\u00e9 ha aumentado considerablemente en los \u00faltimos a\u00f1os.<\/p>\n<p>Una de las claves de su \u00e9xito ha sido la firme apuesta por la calidad del producto. Por este motivo, todos los procesos de selecci\u00f3n, cata y tostado son rigurosamente estudiados: desde el contacto directo con los caficultores en origen, hasta la llegada del caf\u00e9 verde a f\u00e1brica, donde se hace una cuidadosa selecci\u00f3n, cata y tostado de cada blend, que se envasa localmente para que no pierda su frescura y aroma.<\/p>\n<p>El consejero delegado de Caf\u00e9s Pont, Raul Pont, tambi\u00e9n cree que la diversificaci\u00f3n de l\u00edneas de negocio de la empresa ha sido decisiva por su crecimiento. La empresa dispone de una l\u00ednea profesional de caf\u00e9s para el sector de la hosteler\u00eda y la restauraci\u00f3n y otra para el consumo dom\u00e9stico.<\/p>\n<p>&nbsp;<\/p>\n<p style=\"text-align: center; font-size: 22px; color: black;\"><strong>Caf\u00e9s Pont apuesta por el caf\u00e9 en grano, como alternativa de consumo m\u00e1s cualitativa y sostenible<\/strong><\/p>\n<p>Caf\u00e9s Pont se ha enfocado en la comercializaci\u00f3n del caf\u00e9 en grano en el canal de la gran distribuci\u00f3n, donde actualmente existe una saturaci\u00f3n en la oferta del caf\u00e9 en c\u00e1psulas. \u201cCon nuestra propuesta, ofrecemos al consumidor la posibilidad de que disfrute de un caf\u00e9 reci\u00e9n molido, conservando todo su aroma y caracter\u00edsticas organol\u00e9pticas, y reduciendo al mismo tiempo la generaci\u00f3n de residuos. Llegamos as\u00ed a un perfil de consumidor m\u00e1s gourmet, m\u00e1s exigente con la calidad y tambi\u00e9n con mayor conciencia medioambiental\u201d, afirma Raul Pont.<\/p>\n<p>Por su parte, la empresa est\u00e1 invirtiendo en l\u00edneas de caf\u00e9s ecol\u00f3gicos y en envases reciclables, as\u00ed como en metodolog\u00edas sostenibles para reducir su huella de carbono. Seg\u00fan Raul Pont \u201cel crecimiento empresarial ya no puede concebirse sin tener en cuenta los Objetivos de Desarrollo Sostenible\u201d. La compa\u00f1\u00eda ha instalado placas fotovoltaicas en la sede y en muchas de las delegaciones y est\u00e1 sustituyendo de manera progresiva su flota comercial por veh\u00edculos h\u00edbridos.<\/p>\n<p>Uno de los momentos m\u00e1s complicados para la empresa en los \u00faltimos a\u00f1os ha sido la Pandemia. La COVID oblig\u00f3 al cierre de muchos establecimientos de restauraci\u00f3n y hosteler\u00eda, provocando un descenso de las ventas de caf\u00e9 profesional de casi el 50%. En 2021 se inici\u00f3 una recuperaci\u00f3n progresiva, que en 2022, pese a obtener buenos resultados, se ha visto desacelerada por el incremento del precio de las materias primas en origen y de los carburantes, que afecta al transporte mar\u00edtimo.<\/p>\n<p>Sin embargo, Caf\u00e8s Pont mira el futuro con optimismo y con el objetivo de aumentar su cifra de clientes del canal HORECA, que actualmente est\u00e1 en torno a los 3000 establecimientos. Tambi\u00e9n desea potenciar el crecimiento dentro de la Gran Distribuci\u00f3n, incrementando su presencia en grandes cadenas de supermercados y mejorando la venta de caf\u00e9 destinado al consumo dom\u00e9stico por Internet.<\/p>\n<p>&nbsp;<\/p>\n<\/div>\n<p class=\"p1\">Fuente noticia y foto: <a href=\"https:\/\/www.cafespont.com\/ca\/\" target=\"_blank\" rel=\"noopener\">Caf\u00e9s Puente<\/a><\/p>\n\n\t\t<\/div>\n\t<\/div>\n<\/div><\/div><\/div><\/div><div class=\"vc_row-full-width vc_clearfix\"><\/div>","protected":false},"excerpt":{"rendered":"&nbsp; Set d\u00e8cades despr\u00e9s del seu naixement, el 1952, l\u2019empresa sabadellenca Caf\u00e8s Pont \u00e9s avui dia una de les principals empreses torradores i comercialitzadores de caf\u00e8 a tot l\u2019estat. Compta amb una producci\u00f3 anual d\u2019aproximadament un mili\u00f3 de quilos de caf\u00e8 i disposa de diverses delegacions a Catalunya, Val\u00e8ncia, Alacant i Mallorca. Aix\u00ed mateix, l\u2019empresa [...]","protected":false},"author":1,"featured_media":6747,"comment_status":"closed","ping_status":"open","sticky":false,"template":"","format":"standard","meta":{"_acf_changed":false,"inline_featured_image":false,"footnotes":""},"categories":[1],"tags":[],"class_list":["post-6746","post","type-post","status-publish","format-standard","has-post-thumbnail","hentry","category-noticies"],"acf":[],"yoast_head":"<!-- This site is optimized with the Yoast SEO plugin v25.5 - https:\/\/yoast.com\/wordpress\/plugins\/seo\/ -->\n<title>Caf\u00e8s Pont es prepara per millorar la seva pres\u00e8ncia a Europa i cr\u00e9ixer en les \u00e0rees de caf\u00e8 professional i de gran consum - Gremi del Caf\u00e8, torradors de Catalunya<\/title>\n<meta name=\"robots\" content=\"index, follow, max-snippet:-1, max-image-preview:large, max-video-preview:-1\" \/>\n<link rel=\"canonical\" href=\"https:\/\/gremicafe.cat\/es\/2022\/11\/30\/cafes-pont-es-prepara-per-millorar-la-seva-presencia-a-europa\/\" \/>\n<meta property=\"og:locale\" content=\"es_ES\" \/>\n<meta property=\"og:type\" content=\"article\" \/>\n<meta property=\"og:title\" content=\"Caf\u00e8s Pont es prepara per millorar la seva pres\u00e8ncia a Europa i cr\u00e9ixer en les \u00e0rees de caf\u00e8 professional i de gran consum - Gremi del Caf\u00e8, torradors de Catalunya\" \/>\n<meta property=\"og:url\" content=\"https:\/\/gremicafe.cat\/es\/2022\/11\/30\/cafes-pont-es-prepara-per-millorar-la-seva-presencia-a-europa\/\" \/>\n<meta property=\"og:site_name\" content=\"Gremi del Caf\u00e8, torradors de Catalunya\" \/>\n<meta property=\"article:publisher\" content=\"https:\/\/www.facebook.com\/gremicafecat\" \/>\n<meta property=\"article:published_time\" content=\"2022-11-30T08:55:54+00:00\" \/>\n<meta property=\"article:modified_time\" content=\"2022-12-01T09:06:49+00:00\" \/>\n<meta property=\"og:image\" content=\"https:\/\/gremicafe.cat\/wp-content\/uploads\/2022\/12\/RaulPont.jpg\" \/>\n\t<meta property=\"og:image:width\" content=\"1080\" \/>\n\t<meta property=\"og:image:height\" content=\"1350\" \/>\n\t<meta property=\"og:image:type\" content=\"image\/jpeg\" \/>\n<meta name=\"author\" content=\"gremicafe\" \/>\n<meta name=\"twitter:card\" content=\"summary_large_image\" \/>\n<meta name=\"twitter:creator\" content=\"@gremicafecat\" \/>\n<meta name=\"twitter:site\" content=\"@gremicafecat\" \/>\n<meta name=\"twitter:label1\" content=\"Escrito por\" \/>\n\t<meta name=\"twitter:data1\" content=\"gremicafe\" \/>\n\t<meta name=\"twitter:label2\" content=\"Tiempo de lectura\" \/>\n\t<meta name=\"twitter:data2\" content=\"1 minuto\" \/>\n<script type=\"application\/ld+json\" class=\"yoast-schema-graph\">{\"@context\":\"https:\/\/schema.org\",\"@graph\":[{\"@type\":\"Article\",\"@id\":\"https:\/\/gremicafe.cat\/2022\/11\/30\/cafes-pont-es-prepara-per-millorar-la-seva-presencia-a-europa\/#article\",\"isPartOf\":{\"@id\":\"https:\/\/gremicafe.cat\/2022\/11\/30\/cafes-pont-es-prepara-per-millorar-la-seva-presencia-a-europa\/\"},\"author\":{\"name\":\"gremicafe\",\"@id\":\"https:\/\/gremicafe.cat\/#\/schema\/person\/dabfdbb3d0fa36260855a380f94e4733\"},\"headline\":\"Caf\u00e8s Pont es prepara per millorar la seva pres\u00e8ncia a Europa i cr\u00e9ixer en les \u00e0rees de caf\u00e8 professional i de gran consum\",\"datePublished\":\"2022-11-30T08:55:54+00:00\",\"dateModified\":\"2022-12-01T09:06:49+00:00\",\"mainEntityOfPage\":{\"@id\":\"https:\/\/gremicafe.cat\/2022\/11\/30\/cafes-pont-es-prepara-per-millorar-la-seva-presencia-a-europa\/\"},\"wordCount\":646,\"publisher\":{\"@id\":\"https:\/\/gremicafe.cat\/#organization\"},\"image\":{\"@id\":\"https:\/\/gremicafe.cat\/2022\/11\/30\/cafes-pont-es-prepara-per-millorar-la-seva-presencia-a-europa\/#primaryimage\"},\"thumbnailUrl\":\"https:\/\/gremicafe.cat\/wp-content\/uploads\/2022\/12\/RaulPont.jpg\",\"articleSection\":[\"Not\u00edcies\"],\"inLanguage\":\"es\"},{\"@type\":\"WebPage\",\"@id\":\"https:\/\/gremicafe.cat\/2022\/11\/30\/cafes-pont-es-prepara-per-millorar-la-seva-presencia-a-europa\/\",\"url\":\"https:\/\/gremicafe.cat\/2022\/11\/30\/cafes-pont-es-prepara-per-millorar-la-seva-presencia-a-europa\/\",\"name\":\"Caf\u00e8s Pont es prepara per millorar la seva pres\u00e8ncia a Europa i cr\u00e9ixer en les \u00e0rees de caf\u00e8 professional i de gran consum - Gremi del Caf\u00e8, torradors de Catalunya\",\"isPartOf\":{\"@id\":\"https:\/\/gremicafe.cat\/#website\"},\"primaryImageOfPage\":{\"@id\":\"https:\/\/gremicafe.cat\/2022\/11\/30\/cafes-pont-es-prepara-per-millorar-la-seva-presencia-a-europa\/#primaryimage\"},\"image\":{\"@id\":\"https:\/\/gremicafe.cat\/2022\/11\/30\/cafes-pont-es-prepara-per-millorar-la-seva-presencia-a-europa\/#primaryimage\"},\"thumbnailUrl\":\"https:\/\/gremicafe.cat\/wp-content\/uploads\/2022\/12\/RaulPont.jpg\",\"datePublished\":\"2022-11-30T08:55:54+00:00\",\"dateModified\":\"2022-12-01T09:06:49+00:00\",\"breadcrumb\":{\"@id\":\"https:\/\/gremicafe.cat\/2022\/11\/30\/cafes-pont-es-prepara-per-millorar-la-seva-presencia-a-europa\/#breadcrumb\"},\"inLanguage\":\"es\",\"potentialAction\":[{\"@type\":\"ReadAction\",\"target\":[\"https:\/\/gremicafe.cat\/2022\/11\/30\/cafes-pont-es-prepara-per-millorar-la-seva-presencia-a-europa\/\"]}]},{\"@type\":\"ImageObject\",\"inLanguage\":\"es\",\"@id\":\"https:\/\/gremicafe.cat\/2022\/11\/30\/cafes-pont-es-prepara-per-millorar-la-seva-presencia-a-europa\/#primaryimage\",\"url\":\"https:\/\/gremicafe.cat\/wp-content\/uploads\/2022\/12\/RaulPont.jpg\",\"contentUrl\":\"https:\/\/gremicafe.cat\/wp-content\/uploads\/2022\/12\/RaulPont.jpg\",\"width\":1080,\"height\":1350},{\"@type\":\"BreadcrumbList\",\"@id\":\"https:\/\/gremicafe.cat\/2022\/11\/30\/cafes-pont-es-prepara-per-millorar-la-seva-presencia-a-europa\/#breadcrumb\",\"itemListElement\":[{\"@type\":\"ListItem\",\"position\":1,\"name\":\"Inici\",\"item\":\"https:\/\/gremicafe.cat\/\"},{\"@type\":\"ListItem\",\"position\":2,\"name\":\"Caf\u00e8s Pont es prepara per millorar la seva pres\u00e8ncia a Europa i cr\u00e9ixer en les \u00e0rees de caf\u00e8 professional i de gran consum\"}]},{\"@type\":\"WebSite\",\"@id\":\"https:\/\/gremicafe.cat\/#website\",\"url\":\"https:\/\/gremicafe.cat\/\",\"name\":\"Gremi del Caf\u00e8, torradors de Catalunya\",\"description\":\"Web oficial del gremi de torradors de caf\u00e8 de Catalunya\",\"publisher\":{\"@id\":\"https:\/\/gremicafe.cat\/#organization\"},\"potentialAction\":[{\"@type\":\"SearchAction\",\"target\":{\"@type\":\"EntryPoint\",\"urlTemplate\":\"https:\/\/gremicafe.cat\/?s={search_term_string}\"},\"query-input\":{\"@type\":\"PropertyValueSpecification\",\"valueRequired\":true,\"valueName\":\"search_term_string\"}}],\"inLanguage\":\"es\"},{\"@type\":\"Organization\",\"@id\":\"https:\/\/gremicafe.cat\/#organization\",\"name\":\"Gremi del Caf\u00e8, Torradors de Catalunya\",\"url\":\"https:\/\/gremicafe.cat\/\",\"logo\":{\"@type\":\"ImageObject\",\"inLanguage\":\"es\",\"@id\":\"https:\/\/gremicafe.cat\/#\/schema\/logo\/image\/\",\"url\":\"https:\/\/gremicafe.cat\/wp-content\/uploads\/2018\/03\/gremicafe-logo250.png\",\"contentUrl\":\"https:\/\/gremicafe.cat\/wp-content\/uploads\/2018\/03\/gremicafe-logo250.png\",\"width\":250,\"height\":49,\"caption\":\"Gremi del Caf\u00e8, Torradors de Catalunya\"},\"image\":{\"@id\":\"https:\/\/gremicafe.cat\/#\/schema\/logo\/image\/\"},\"sameAs\":[\"https:\/\/www.facebook.com\/gremicafecat\",\"https:\/\/x.com\/gremicafecat\",\"https:\/\/www.instagram.com\/gremicafecat\/\",\"https:\/\/www.pinterest.es\/gremicafecat\/\",\"https:\/\/www.youtube.com\/channel\/UCGLo5Y35vLwLvP4FrPZrCrw\/\"]},{\"@type\":\"Person\",\"@id\":\"https:\/\/gremicafe.cat\/#\/schema\/person\/dabfdbb3d0fa36260855a380f94e4733\",\"name\":\"gremicafe\",\"image\":{\"@type\":\"ImageObject\",\"inLanguage\":\"es\",\"@id\":\"https:\/\/gremicafe.cat\/#\/schema\/person\/image\/\",\"url\":\"https:\/\/secure.gravatar.com\/avatar\/e59baa4ca8f6f97576d6375fb6d3c8f0?s=96&d=mm&r=g\",\"contentUrl\":\"https:\/\/secure.gravatar.com\/avatar\/e59baa4ca8f6f97576d6375fb6d3c8f0?s=96&d=mm&r=g\",\"caption\":\"gremicafe\"}}]}<\/script>\n<!-- \/ Yoast SEO plugin. -->","yoast_head_json":{"title":"Caf\u00e8s Pont es prepara per millorar la seva pres\u00e8ncia a Europa i cr\u00e9ixer en les \u00e0rees de caf\u00e8 professional i de gran consum - Gremi del Caf\u00e8, torradors de Catalunya","robots":{"index":"index","follow":"follow","max-snippet":"max-snippet:-1","max-image-preview":"max-image-preview:large","max-video-preview":"max-video-preview:-1"},"canonical":"https:\/\/gremicafe.cat\/es\/2022\/11\/30\/cafes-pont-es-prepara-per-millorar-la-seva-presencia-a-europa\/","og_locale":"es_ES","og_type":"article","og_title":"Caf\u00e8s Pont es prepara per millorar la seva pres\u00e8ncia a Europa i cr\u00e9ixer en les \u00e0rees de caf\u00e8 professional i de gran consum - Gremi del Caf\u00e8, torradors de Catalunya","og_url":"https:\/\/gremicafe.cat\/es\/2022\/11\/30\/cafes-pont-es-prepara-per-millorar-la-seva-presencia-a-europa\/","og_site_name":"Gremi del Caf\u00e8, torradors de Catalunya","article_publisher":"https:\/\/www.facebook.com\/gremicafecat","article_published_time":"2022-11-30T08:55:54+00:00","article_modified_time":"2022-12-01T09:06:49+00:00","og_image":[{"width":1080,"height":1350,"url":"https:\/\/gremicafe.cat\/wp-content\/uploads\/2022\/12\/RaulPont.jpg","type":"image\/jpeg"}],"author":"gremicafe","twitter_card":"summary_large_image","twitter_creator":"@gremicafecat","twitter_site":"@gremicafecat","twitter_misc":{"Escrito por":"gremicafe","Tiempo de lectura":"1 minuto"},"schema":{"@context":"https:\/\/schema.org","@graph":[{"@type":"Article","@id":"https:\/\/gremicafe.cat\/2022\/11\/30\/cafes-pont-es-prepara-per-millorar-la-seva-presencia-a-europa\/#article","isPartOf":{"@id":"https:\/\/gremicafe.cat\/2022\/11\/30\/cafes-pont-es-prepara-per-millorar-la-seva-presencia-a-europa\/"},"author":{"name":"gremicafe","@id":"https:\/\/gremicafe.cat\/#\/schema\/person\/dabfdbb3d0fa36260855a380f94e4733"},"headline":"Caf\u00e8s Pont es prepara per millorar la seva pres\u00e8ncia a Europa i cr\u00e9ixer en les \u00e0rees de caf\u00e8 professional i de gran consum","datePublished":"2022-11-30T08:55:54+00:00","dateModified":"2022-12-01T09:06:49+00:00","mainEntityOfPage":{"@id":"https:\/\/gremicafe.cat\/2022\/11\/30\/cafes-pont-es-prepara-per-millorar-la-seva-presencia-a-europa\/"},"wordCount":646,"publisher":{"@id":"https:\/\/gremicafe.cat\/#organization"},"image":{"@id":"https:\/\/gremicafe.cat\/2022\/11\/30\/cafes-pont-es-prepara-per-millorar-la-seva-presencia-a-europa\/#primaryimage"},"thumbnailUrl":"https:\/\/gremicafe.cat\/wp-content\/uploads\/2022\/12\/RaulPont.jpg","articleSection":["Not\u00edcies"],"inLanguage":"es"},{"@type":"WebPage","@id":"https:\/\/gremicafe.cat\/2022\/11\/30\/cafes-pont-es-prepara-per-millorar-la-seva-presencia-a-europa\/","url":"https:\/\/gremicafe.cat\/2022\/11\/30\/cafes-pont-es-prepara-per-millorar-la-seva-presencia-a-europa\/","name":"Caf\u00e8s Pont es prepara per millorar la seva pres\u00e8ncia a Europa i cr\u00e9ixer en les \u00e0rees de caf\u00e8 professional i de gran consum - Gremi del Caf\u00e8, torradors de Catalunya","isPartOf":{"@id":"https:\/\/gremicafe.cat\/#website"},"primaryImageOfPage":{"@id":"https:\/\/gremicafe.cat\/2022\/11\/30\/cafes-pont-es-prepara-per-millorar-la-seva-presencia-a-europa\/#primaryimage"},"image":{"@id":"https:\/\/gremicafe.cat\/2022\/11\/30\/cafes-pont-es-prepara-per-millorar-la-seva-presencia-a-europa\/#primaryimage"},"thumbnailUrl":"https:\/\/gremicafe.cat\/wp-content\/uploads\/2022\/12\/RaulPont.jpg","datePublished":"2022-11-30T08:55:54+00:00","dateModified":"2022-12-01T09:06:49+00:00","breadcrumb":{"@id":"https:\/\/gremicafe.cat\/2022\/11\/30\/cafes-pont-es-prepara-per-millorar-la-seva-presencia-a-europa\/#breadcrumb"},"inLanguage":"es","potentialAction":[{"@type":"ReadAction","target":["https:\/\/gremicafe.cat\/2022\/11\/30\/cafes-pont-es-prepara-per-millorar-la-seva-presencia-a-europa\/"]}]},{"@type":"ImageObject","inLanguage":"es","@id":"https:\/\/gremicafe.cat\/2022\/11\/30\/cafes-pont-es-prepara-per-millorar-la-seva-presencia-a-europa\/#primaryimage","url":"https:\/\/gremicafe.cat\/wp-content\/uploads\/2022\/12\/RaulPont.jpg","contentUrl":"https:\/\/gremicafe.cat\/wp-content\/uploads\/2022\/12\/RaulPont.jpg","width":1080,"height":1350},{"@type":"BreadcrumbList","@id":"https:\/\/gremicafe.cat\/2022\/11\/30\/cafes-pont-es-prepara-per-millorar-la-seva-presencia-a-europa\/#breadcrumb","itemListElement":[{"@type":"ListItem","position":1,"name":"Inici","item":"https:\/\/gremicafe.cat\/"},{"@type":"ListItem","position":2,"name":"Caf\u00e8s Pont es prepara per millorar la seva pres\u00e8ncia a Europa i cr\u00e9ixer en les \u00e0rees de caf\u00e8 professional i de gran consum"}]},{"@type":"WebSite","@id":"https:\/\/gremicafe.cat\/#website","url":"https:\/\/gremicafe.cat\/","name":"Gremio del Caf\u00e9, tostadores de Catalu\u00f1a","description":"Web oficial del gremio de tostadores de caf\u00e9 de Catalunya","publisher":{"@id":"https:\/\/gremicafe.cat\/#organization"},"potentialAction":[{"@type":"SearchAction","target":{"@type":"EntryPoint","urlTemplate":"https:\/\/gremicafe.cat\/?s={search_term_string}"},"query-input":{"@type":"PropertyValueSpecification","valueRequired":true,"valueName":"search_term_string"}}],"inLanguage":"es"},{"@type":"Organization","@id":"https:\/\/gremicafe.cat\/#organization","name":"Gremio del Caf\u00e9, Tostadores de Catalu\u00f1a","url":"https:\/\/gremicafe.cat\/","logo":{"@type":"ImageObject","inLanguage":"es","@id":"https:\/\/gremicafe.cat\/#\/schema\/logo\/image\/","url":"https:\/\/gremicafe.cat\/wp-content\/uploads\/2018\/03\/gremicafe-logo250.png","contentUrl":"https:\/\/gremicafe.cat\/wp-content\/uploads\/2018\/03\/gremicafe-logo250.png","width":250,"height":49,"caption":"Gremi del Caf\u00e8, Torradors de Catalunya"},"image":{"@id":"https:\/\/gremicafe.cat\/#\/schema\/logo\/image\/"},"sameAs":["https:\/\/www.facebook.com\/gremicafecat","https:\/\/x.com\/gremicafecat","https:\/\/www.instagram.com\/gremicafecat\/","https:\/\/www.pinterest.es\/gremicafecat\/","https:\/\/www.youtube.com\/channel\/UCGLo5Y35vLwLvP4FrPZrCrw\/"]},{"@type":"Person","@id":"https:\/\/gremicafe.cat\/#\/schema\/person\/dabfdbb3d0fa36260855a380f94e4733","name":"gremicafe","image":{"@type":"ImageObject","inLanguage":"es","@id":"https:\/\/gremicafe.cat\/#\/schema\/person\/image\/","url":"https:\/\/secure.gravatar.com\/avatar\/e59baa4ca8f6f97576d6375fb6d3c8f0?s=96&d=mm&r=g","contentUrl":"https:\/\/secure.gravatar.com\/avatar\/e59baa4ca8f6f97576d6375fb6d3c8f0?s=96&d=mm&r=g","caption":"gremicafe"}}]}},"_links":{"self":[{"href":"https:\/\/gremicafe.cat\/es\/wp-json\/wp\/v2\/posts\/6746"}],"collection":[{"href":"https:\/\/gremicafe.cat\/es\/wp-json\/wp\/v2\/posts"}],"about":[{"href":"https:\/\/gremicafe.cat\/es\/wp-json\/wp\/v2\/types\/post"}],"author":[{"embeddable":true,"href":"https:\/\/gremicafe.cat\/es\/wp-json\/wp\/v2\/users\/1"}],"replies":[{"embeddable":true,"href":"https:\/\/gremicafe.cat\/es\/wp-json\/wp\/v2\/comments?post=6746"}],"version-history":[{"count":0,"href":"https:\/\/gremicafe.cat\/es\/wp-json\/wp\/v2\/posts\/6746\/revisions"}],"wp:featuredmedia":[{"embeddable":true,"href":"https:\/\/gremicafe.cat\/es\/wp-json\/wp\/v2\/media\/6747"}],"wp:attachment":[{"href":"https:\/\/gremicafe.cat\/es\/wp-json\/wp\/v2\/media?parent=6746"}],"wp:term":[{"taxonomy":"category","embeddable":true,"href":"https:\/\/gremicafe.cat\/es\/wp-json\/wp\/v2\/categories?post=6746"},{"taxonomy":"post_tag","embeddable":true,"href":"https:\/\/gremicafe.cat\/es\/wp-json\/wp\/v2\/tags?post=6746"}],"curies":[{"name":"wp","href":"https:\/\/api.w.org\/{rel}","templated":true}]}}