{"id":6756,"date":"2022-12-07T16:55:38","date_gmt":"2022-12-07T15:55:38","guid":{"rendered":"https:\/\/gremicafe.cat\/?p=6756"},"modified":"2022-12-12T15:50:32","modified_gmt":"2022-12-12T14:50:32","slug":"el-cafe-dels-tiktokers","status":"publish","type":"post","link":"https:\/\/gremicafe.cat\/es\/2022\/12\/07\/el-cafe-dels-tiktokers\/","title":{"rendered":"El caf\u00e9 de los tiktokers"},"content":{"rendered":"<div id=\"ut-row-69f5ea99f1ced\" data-vc-full-width=\"true\" data-vc-full-width-init=\"false\" class=\"vc_row wpb_row vc_row-fluid vc_column-gap-0 ut-row-69f5ea99f1cfc\" ><div class=\"wpb_column vc_column_container vc_col-sm-12\" ><div id=\"ut_inner_column_69f5ea99f238f\" class=\"vc_column-inner\"><div class=\"wpb_wrapper\">\n\t<div class=\"wpb_text_column wpb_content_element\" >\n\t\t<div class=\"wpb_wrapper\">\n\t\t\t<div class=\"\">\n<p class=\"p1\"><strong><span class=\"s1\"><img loading=\"lazy\" decoding=\"async\" class=\"aligncenter wp-image-6757 size-full\" src=\"https:\/\/gremicafe.cat\/wp-content\/uploads\/2022\/12\/9c4c96b1-0d62-48f1-90ad-85fdc3f3a5ec_alta-libre-aspect-ratio_default_0.jpg\" alt=\"\" width=\"1200\" height=\"675\" srcset=\"https:\/\/gremicafe.cat\/wp-content\/uploads\/2022\/12\/9c4c96b1-0d62-48f1-90ad-85fdc3f3a5ec_alta-libre-aspect-ratio_default_0.jpg 1200w, https:\/\/gremicafe.cat\/wp-content\/uploads\/2022\/12\/9c4c96b1-0d62-48f1-90ad-85fdc3f3a5ec_alta-libre-aspect-ratio_default_0-768x432.jpg 768w\" sizes=\"(max-width: 1200px) 100vw, 1200px\" \/><\/span><\/strong><\/p>\n<p>&nbsp;<\/p>\n<blockquote>\n<p class=\"p1\"><span class=\"s1\" style=\"color: #000000;\"><b>El Bracaf\u00e9 de la calle Conde de Urgell de Barcelona es la nueva estrella de TikTok. Hay quien peregrina en la barra de esta cafeter\u00eda s\u00f3lo por decir \u201cbuenos d\u00edas\u201d frente al m\u00f3vil.<\/b><\/span><\/p>\n<\/blockquote>\n<p class=\"p1\"><span class=\"s1\"><b>\u00ab\u00a1Good morning, it&#039;s friday! <\/b>\u2013dice de un tir\u00f3n con tono cantante. <b>\u00a1Buenos d\u00edas, es viernes! \u00a1Muy ma\u00f1ana, es viernes!<\/b>\u00bb. Es el saludo matutino que ronda ahora por <b>TikTok<\/b>. M\u00e1s de <b>623.000 &#039;me gusta&#039;<\/b> y subiendo. <\/span><\/p>\n<p class=\"p1\"><span class=\"s1\">Es <a href=\"https:\/\/www.tiktok.com\/@xavierdeerausquin\" target=\"_blank\" rel=\"noopener\"><b>@xavierdeerausquin<\/b><\/a> en TikTok. <b>Javier de Erausquin<\/b> \u2013sin arroba\u2013 transpira lo mismo <b>optimismo<\/b> contagioso. Tiene 61 a\u00f1os, <b>vis c\u00f3mica<\/b> de pel\u00edcula muda y una <b>amabilidad<\/b> que limita en la acogida. <b>Se levanta cada d\u00eda a las cinco y media<\/b> con una sonrisa. \u00bfEl secreto? \u00abHacer lo que te gusta y de la forma que te gusta\u00bb, dice con obviedad. \u00abEl domingo no tengo ning\u00fan plan y s\u00ed me cuesta levantarme, dice riendo.\u00bb<\/span><\/p>\n<p>&nbsp;<\/p>\n<\/div>\n<p class=\"p1\"><span class=\"s1\">Lee la noticia entera en <\/span><a href=\"https:\/\/12ft.io\/proxy?q=https%3A%2F%2Fwww.elperiodico.com%2Fes%2Fbarcelona%2F20221125%2Fbracafe-barcelona-tiktok-cafeteria-cafe-buenos-dias-79095100\" target=\"_blank\" rel=\"noopener\"><span class=\"s1\">www.elperiodico.es<\/span><\/a>.<\/p>\n\n\t\t<\/div>\n\t<\/div>\n<\/div><\/div><\/div><\/div><div class=\"vc_row-full-width vc_clearfix\"><\/div>","protected":false},"excerpt":{"rendered":"&nbsp; El Bracaf\u00e9 del carrer Comte d\u2019Urgell de Barcelona \u00e9s la nova estrella de TikTok. Hi ha qui peregrina a la barra d\u2019aquesta cafeteria nom\u00e9s per dir \u201cbon dia\u201d davant el m\u00f2bil. \u00ab\u00a1Good morning, it\u2019s friday! \u2013diu d\u2019una tirada amb to cantaire. Bon dia, \u00e9s divendres! Bon mat\u00ed, \u00e9s divendres!\u00bb. \u00c9s la salutaci\u00f3 matutina que [...]","protected":false},"author":1,"featured_media":6757,"comment_status":"closed","ping_status":"open","sticky":false,"template":"","format":"standard","meta":{"_acf_changed":false,"inline_featured_image":false,"footnotes":""},"categories":[1],"tags":[],"class_list":["post-6756","post","type-post","status-publish","format-standard","has-post-thumbnail","hentry","category-noticies"],"acf":[],"yoast_head":"<!-- This site is optimized with the Yoast SEO plugin v25.5 - https:\/\/yoast.com\/wordpress\/plugins\/seo\/ -->\n<title>El caf\u00e8 dels tiktokers - Gremi del Caf\u00e8, torradors de Catalunya<\/title>\n<meta name=\"robots\" content=\"index, follow, max-snippet:-1, max-image-preview:large, max-video-preview:-1\" \/>\n<link rel=\"canonical\" href=\"https:\/\/gremicafe.cat\/es\/2022\/12\/07\/el-cafe-dels-tiktokers\/\" \/>\n<meta property=\"og:locale\" content=\"es_ES\" \/>\n<meta property=\"og:type\" content=\"article\" \/>\n<meta property=\"og:title\" content=\"El caf\u00e8 dels tiktokers - Gremi del Caf\u00e8, torradors de Catalunya\" \/>\n<meta property=\"og:url\" content=\"https:\/\/gremicafe.cat\/es\/2022\/12\/07\/el-cafe-dels-tiktokers\/\" \/>\n<meta property=\"og:site_name\" content=\"Gremi del Caf\u00e8, torradors de Catalunya\" \/>\n<meta property=\"article:publisher\" content=\"https:\/\/www.facebook.com\/gremicafecat\" \/>\n<meta property=\"article:published_time\" content=\"2022-12-07T15:55:38+00:00\" \/>\n<meta property=\"article:modified_time\" content=\"2022-12-12T14:50:32+00:00\" \/>\n<meta property=\"og:image\" content=\"https:\/\/gremicafe.cat\/wp-content\/uploads\/2022\/12\/9c4c96b1-0d62-48f1-90ad-85fdc3f3a5ec_alta-libre-aspect-ratio_default_0.jpg\" \/>\n\t<meta property=\"og:image:width\" content=\"1200\" \/>\n\t<meta property=\"og:image:height\" content=\"675\" \/>\n\t<meta property=\"og:image:type\" content=\"image\/jpeg\" \/>\n<meta name=\"author\" content=\"gremicafe\" \/>\n<meta name=\"twitter:card\" content=\"summary_large_image\" \/>\n<meta name=\"twitter:creator\" content=\"@gremicafecat\" \/>\n<meta name=\"twitter:site\" content=\"@gremicafecat\" \/>\n<meta name=\"twitter:label1\" content=\"Escrito por\" \/>\n\t<meta name=\"twitter:data1\" content=\"gremicafe\" \/>\n\t<meta name=\"twitter:label2\" content=\"Tiempo de lectura\" \/>\n\t<meta name=\"twitter:data2\" content=\"1 minuto\" \/>\n<script type=\"application\/ld+json\" class=\"yoast-schema-graph\">{\"@context\":\"https:\/\/schema.org\",\"@graph\":[{\"@type\":\"Article\",\"@id\":\"https:\/\/gremicafe.cat\/2022\/12\/07\/el-cafe-dels-tiktokers\/#article\",\"isPartOf\":{\"@id\":\"https:\/\/gremicafe.cat\/2022\/12\/07\/el-cafe-dels-tiktokers\/\"},\"author\":{\"name\":\"gremicafe\",\"@id\":\"https:\/\/gremicafe.cat\/#\/schema\/person\/dabfdbb3d0fa36260855a380f94e4733\"},\"headline\":\"El caf\u00e8 dels tiktokers\",\"datePublished\":\"2022-12-07T15:55:38+00:00\",\"dateModified\":\"2022-12-12T14:50:32+00:00\",\"mainEntityOfPage\":{\"@id\":\"https:\/\/gremicafe.cat\/2022\/12\/07\/el-cafe-dels-tiktokers\/\"},\"wordCount\":179,\"publisher\":{\"@id\":\"https:\/\/gremicafe.cat\/#organization\"},\"image\":{\"@id\":\"https:\/\/gremicafe.cat\/2022\/12\/07\/el-cafe-dels-tiktokers\/#primaryimage\"},\"thumbnailUrl\":\"https:\/\/gremicafe.cat\/wp-content\/uploads\/2022\/12\/9c4c96b1-0d62-48f1-90ad-85fdc3f3a5ec_alta-libre-aspect-ratio_default_0.jpg\",\"articleSection\":[\"Not\u00edcies\"],\"inLanguage\":\"es\"},{\"@type\":\"WebPage\",\"@id\":\"https:\/\/gremicafe.cat\/2022\/12\/07\/el-cafe-dels-tiktokers\/\",\"url\":\"https:\/\/gremicafe.cat\/2022\/12\/07\/el-cafe-dels-tiktokers\/\",\"name\":\"El caf\u00e8 dels tiktokers - Gremi del Caf\u00e8, torradors de Catalunya\",\"isPartOf\":{\"@id\":\"https:\/\/gremicafe.cat\/#website\"},\"primaryImageOfPage\":{\"@id\":\"https:\/\/gremicafe.cat\/2022\/12\/07\/el-cafe-dels-tiktokers\/#primaryimage\"},\"image\":{\"@id\":\"https:\/\/gremicafe.cat\/2022\/12\/07\/el-cafe-dels-tiktokers\/#primaryimage\"},\"thumbnailUrl\":\"https:\/\/gremicafe.cat\/wp-content\/uploads\/2022\/12\/9c4c96b1-0d62-48f1-90ad-85fdc3f3a5ec_alta-libre-aspect-ratio_default_0.jpg\",\"datePublished\":\"2022-12-07T15:55:38+00:00\",\"dateModified\":\"2022-12-12T14:50:32+00:00\",\"breadcrumb\":{\"@id\":\"https:\/\/gremicafe.cat\/2022\/12\/07\/el-cafe-dels-tiktokers\/#breadcrumb\"},\"inLanguage\":\"es\",\"potentialAction\":[{\"@type\":\"ReadAction\",\"target\":[\"https:\/\/gremicafe.cat\/2022\/12\/07\/el-cafe-dels-tiktokers\/\"]}]},{\"@type\":\"ImageObject\",\"inLanguage\":\"es\",\"@id\":\"https:\/\/gremicafe.cat\/2022\/12\/07\/el-cafe-dels-tiktokers\/#primaryimage\",\"url\":\"https:\/\/gremicafe.cat\/wp-content\/uploads\/2022\/12\/9c4c96b1-0d62-48f1-90ad-85fdc3f3a5ec_alta-libre-aspect-ratio_default_0.jpg\",\"contentUrl\":\"https:\/\/gremicafe.cat\/wp-content\/uploads\/2022\/12\/9c4c96b1-0d62-48f1-90ad-85fdc3f3a5ec_alta-libre-aspect-ratio_default_0.jpg\",\"width\":1200,\"height\":675},{\"@type\":\"BreadcrumbList\",\"@id\":\"https:\/\/gremicafe.cat\/2022\/12\/07\/el-cafe-dels-tiktokers\/#breadcrumb\",\"itemListElement\":[{\"@type\":\"ListItem\",\"position\":1,\"name\":\"Inici\",\"item\":\"https:\/\/gremicafe.cat\/\"},{\"@type\":\"ListItem\",\"position\":2,\"name\":\"El caf\u00e8 dels tiktokers\"}]},{\"@type\":\"WebSite\",\"@id\":\"https:\/\/gremicafe.cat\/#website\",\"url\":\"https:\/\/gremicafe.cat\/\",\"name\":\"Gremi del Caf\u00e8, torradors de Catalunya\",\"description\":\"Web oficial del gremi de torradors de caf\u00e8 de Catalunya\",\"publisher\":{\"@id\":\"https:\/\/gremicafe.cat\/#organization\"},\"potentialAction\":[{\"@type\":\"SearchAction\",\"target\":{\"@type\":\"EntryPoint\",\"urlTemplate\":\"https:\/\/gremicafe.cat\/?s={search_term_string}\"},\"query-input\":{\"@type\":\"PropertyValueSpecification\",\"valueRequired\":true,\"valueName\":\"search_term_string\"}}],\"inLanguage\":\"es\"},{\"@type\":\"Organization\",\"@id\":\"https:\/\/gremicafe.cat\/#organization\",\"name\":\"Gremi del Caf\u00e8, Torradors de Catalunya\",\"url\":\"https:\/\/gremicafe.cat\/\",\"logo\":{\"@type\":\"ImageObject\",\"inLanguage\":\"es\",\"@id\":\"https:\/\/gremicafe.cat\/#\/schema\/logo\/image\/\",\"url\":\"https:\/\/gremicafe.cat\/wp-content\/uploads\/2018\/03\/gremicafe-logo250.png\",\"contentUrl\":\"https:\/\/gremicafe.cat\/wp-content\/uploads\/2018\/03\/gremicafe-logo250.png\",\"width\":250,\"height\":49,\"caption\":\"Gremi del Caf\u00e8, Torradors de Catalunya\"},\"image\":{\"@id\":\"https:\/\/gremicafe.cat\/#\/schema\/logo\/image\/\"},\"sameAs\":[\"https:\/\/www.facebook.com\/gremicafecat\",\"https:\/\/x.com\/gremicafecat\",\"https:\/\/www.instagram.com\/gremicafecat\/\",\"https:\/\/www.pinterest.es\/gremicafecat\/\",\"https:\/\/www.youtube.com\/channel\/UCGLo5Y35vLwLvP4FrPZrCrw\/\"]},{\"@type\":\"Person\",\"@id\":\"https:\/\/gremicafe.cat\/#\/schema\/person\/dabfdbb3d0fa36260855a380f94e4733\",\"name\":\"gremicafe\",\"image\":{\"@type\":\"ImageObject\",\"inLanguage\":\"es\",\"@id\":\"https:\/\/gremicafe.cat\/#\/schema\/person\/image\/\",\"url\":\"https:\/\/secure.gravatar.com\/avatar\/e59baa4ca8f6f97576d6375fb6d3c8f0?s=96&d=mm&r=g\",\"contentUrl\":\"https:\/\/secure.gravatar.com\/avatar\/e59baa4ca8f6f97576d6375fb6d3c8f0?s=96&d=mm&r=g\",\"caption\":\"gremicafe\"}}]}<\/script>\n<!-- \/ Yoast SEO plugin. -->","yoast_head_json":{"title":"El caf\u00e8 dels tiktokers - Gremi del Caf\u00e8, torradors de Catalunya","robots":{"index":"index","follow":"follow","max-snippet":"max-snippet:-1","max-image-preview":"max-image-preview:large","max-video-preview":"max-video-preview:-1"},"canonical":"https:\/\/gremicafe.cat\/es\/2022\/12\/07\/el-cafe-dels-tiktokers\/","og_locale":"es_ES","og_type":"article","og_title":"El caf\u00e8 dels tiktokers - Gremi del Caf\u00e8, torradors de Catalunya","og_url":"https:\/\/gremicafe.cat\/es\/2022\/12\/07\/el-cafe-dels-tiktokers\/","og_site_name":"Gremi del Caf\u00e8, torradors de Catalunya","article_publisher":"https:\/\/www.facebook.com\/gremicafecat","article_published_time":"2022-12-07T15:55:38+00:00","article_modified_time":"2022-12-12T14:50:32+00:00","og_image":[{"width":1200,"height":675,"url":"https:\/\/gremicafe.cat\/wp-content\/uploads\/2022\/12\/9c4c96b1-0d62-48f1-90ad-85fdc3f3a5ec_alta-libre-aspect-ratio_default_0.jpg","type":"image\/jpeg"}],"author":"gremicafe","twitter_card":"summary_large_image","twitter_creator":"@gremicafecat","twitter_site":"@gremicafecat","twitter_misc":{"Escrito por":"gremicafe","Tiempo de lectura":"1 minuto"},"schema":{"@context":"https:\/\/schema.org","@graph":[{"@type":"Article","@id":"https:\/\/gremicafe.cat\/2022\/12\/07\/el-cafe-dels-tiktokers\/#article","isPartOf":{"@id":"https:\/\/gremicafe.cat\/2022\/12\/07\/el-cafe-dels-tiktokers\/"},"author":{"name":"gremicafe","@id":"https:\/\/gremicafe.cat\/#\/schema\/person\/dabfdbb3d0fa36260855a380f94e4733"},"headline":"El caf\u00e8 dels tiktokers","datePublished":"2022-12-07T15:55:38+00:00","dateModified":"2022-12-12T14:50:32+00:00","mainEntityOfPage":{"@id":"https:\/\/gremicafe.cat\/2022\/12\/07\/el-cafe-dels-tiktokers\/"},"wordCount":179,"publisher":{"@id":"https:\/\/gremicafe.cat\/#organization"},"image":{"@id":"https:\/\/gremicafe.cat\/2022\/12\/07\/el-cafe-dels-tiktokers\/#primaryimage"},"thumbnailUrl":"https:\/\/gremicafe.cat\/wp-content\/uploads\/2022\/12\/9c4c96b1-0d62-48f1-90ad-85fdc3f3a5ec_alta-libre-aspect-ratio_default_0.jpg","articleSection":["Not\u00edcies"],"inLanguage":"es"},{"@type":"WebPage","@id":"https:\/\/gremicafe.cat\/2022\/12\/07\/el-cafe-dels-tiktokers\/","url":"https:\/\/gremicafe.cat\/2022\/12\/07\/el-cafe-dels-tiktokers\/","name":"El caf\u00e8 dels tiktokers - Gremi del Caf\u00e8, torradors de Catalunya","isPartOf":{"@id":"https:\/\/gremicafe.cat\/#website"},"primaryImageOfPage":{"@id":"https:\/\/gremicafe.cat\/2022\/12\/07\/el-cafe-dels-tiktokers\/#primaryimage"},"image":{"@id":"https:\/\/gremicafe.cat\/2022\/12\/07\/el-cafe-dels-tiktokers\/#primaryimage"},"thumbnailUrl":"https:\/\/gremicafe.cat\/wp-content\/uploads\/2022\/12\/9c4c96b1-0d62-48f1-90ad-85fdc3f3a5ec_alta-libre-aspect-ratio_default_0.jpg","datePublished":"2022-12-07T15:55:38+00:00","dateModified":"2022-12-12T14:50:32+00:00","breadcrumb":{"@id":"https:\/\/gremicafe.cat\/2022\/12\/07\/el-cafe-dels-tiktokers\/#breadcrumb"},"inLanguage":"es","potentialAction":[{"@type":"ReadAction","target":["https:\/\/gremicafe.cat\/2022\/12\/07\/el-cafe-dels-tiktokers\/"]}]},{"@type":"ImageObject","inLanguage":"es","@id":"https:\/\/gremicafe.cat\/2022\/12\/07\/el-cafe-dels-tiktokers\/#primaryimage","url":"https:\/\/gremicafe.cat\/wp-content\/uploads\/2022\/12\/9c4c96b1-0d62-48f1-90ad-85fdc3f3a5ec_alta-libre-aspect-ratio_default_0.jpg","contentUrl":"https:\/\/gremicafe.cat\/wp-content\/uploads\/2022\/12\/9c4c96b1-0d62-48f1-90ad-85fdc3f3a5ec_alta-libre-aspect-ratio_default_0.jpg","width":1200,"height":675},{"@type":"BreadcrumbList","@id":"https:\/\/gremicafe.cat\/2022\/12\/07\/el-cafe-dels-tiktokers\/#breadcrumb","itemListElement":[{"@type":"ListItem","position":1,"name":"Inici","item":"https:\/\/gremicafe.cat\/"},{"@type":"ListItem","position":2,"name":"El caf\u00e8 dels tiktokers"}]},{"@type":"WebSite","@id":"https:\/\/gremicafe.cat\/#website","url":"https:\/\/gremicafe.cat\/","name":"Gremio del Caf\u00e9, tostadores de Catalu\u00f1a","description":"Web oficial del gremio de tostadores de caf\u00e9 de Catalunya","publisher":{"@id":"https:\/\/gremicafe.cat\/#organization"},"potentialAction":[{"@type":"SearchAction","target":{"@type":"EntryPoint","urlTemplate":"https:\/\/gremicafe.cat\/?s={search_term_string}"},"query-input":{"@type":"PropertyValueSpecification","valueRequired":true,"valueName":"search_term_string"}}],"inLanguage":"es"},{"@type":"Organization","@id":"https:\/\/gremicafe.cat\/#organization","name":"Gremio del Caf\u00e9, Tostadores de Catalu\u00f1a","url":"https:\/\/gremicafe.cat\/","logo":{"@type":"ImageObject","inLanguage":"es","@id":"https:\/\/gremicafe.cat\/#\/schema\/logo\/image\/","url":"https:\/\/gremicafe.cat\/wp-content\/uploads\/2018\/03\/gremicafe-logo250.png","contentUrl":"https:\/\/gremicafe.cat\/wp-content\/uploads\/2018\/03\/gremicafe-logo250.png","width":250,"height":49,"caption":"Gremi del Caf\u00e8, Torradors de Catalunya"},"image":{"@id":"https:\/\/gremicafe.cat\/#\/schema\/logo\/image\/"},"sameAs":["https:\/\/www.facebook.com\/gremicafecat","https:\/\/x.com\/gremicafecat","https:\/\/www.instagram.com\/gremicafecat\/","https:\/\/www.pinterest.es\/gremicafecat\/","https:\/\/www.youtube.com\/channel\/UCGLo5Y35vLwLvP4FrPZrCrw\/"]},{"@type":"Person","@id":"https:\/\/gremicafe.cat\/#\/schema\/person\/dabfdbb3d0fa36260855a380f94e4733","name":"gremicafe","image":{"@type":"ImageObject","inLanguage":"es","@id":"https:\/\/gremicafe.cat\/#\/schema\/person\/image\/","url":"https:\/\/secure.gravatar.com\/avatar\/e59baa4ca8f6f97576d6375fb6d3c8f0?s=96&d=mm&r=g","contentUrl":"https:\/\/secure.gravatar.com\/avatar\/e59baa4ca8f6f97576d6375fb6d3c8f0?s=96&d=mm&r=g","caption":"gremicafe"}}]}},"_links":{"self":[{"href":"https:\/\/gremicafe.cat\/es\/wp-json\/wp\/v2\/posts\/6756"}],"collection":[{"href":"https:\/\/gremicafe.cat\/es\/wp-json\/wp\/v2\/posts"}],"about":[{"href":"https:\/\/gremicafe.cat\/es\/wp-json\/wp\/v2\/types\/post"}],"author":[{"embeddable":true,"href":"https:\/\/gremicafe.cat\/es\/wp-json\/wp\/v2\/users\/1"}],"replies":[{"embeddable":true,"href":"https:\/\/gremicafe.cat\/es\/wp-json\/wp\/v2\/comments?post=6756"}],"version-history":[{"count":0,"href":"https:\/\/gremicafe.cat\/es\/wp-json\/wp\/v2\/posts\/6756\/revisions"}],"wp:featuredmedia":[{"embeddable":true,"href":"https:\/\/gremicafe.cat\/es\/wp-json\/wp\/v2\/media\/6757"}],"wp:attachment":[{"href":"https:\/\/gremicafe.cat\/es\/wp-json\/wp\/v2\/media?parent=6756"}],"wp:term":[{"taxonomy":"category","embeddable":true,"href":"https:\/\/gremicafe.cat\/es\/wp-json\/wp\/v2\/categories?post=6756"},{"taxonomy":"post_tag","embeddable":true,"href":"https:\/\/gremicafe.cat\/es\/wp-json\/wp\/v2\/tags?post=6756"}],"curies":[{"name":"wp","href":"https:\/\/api.w.org\/{rel}","templated":true}]}}