{"id":6804,"date":"2023-02-10T09:12:56","date_gmt":"2023-02-10T08:12:56","guid":{"rendered":"https:\/\/gremicafe.cat\/?p=6804"},"modified":"2023-02-10T09:20:14","modified_gmt":"2023-02-10T08:20:14","slug":"coffee-experience-a-bracafe-pels-estudiants-de-cuina-de-lescola-pia-sant-antoni","status":"publish","type":"post","link":"https:\/\/gremicafe.cat\/es\/2023\/02\/10\/coffee-experience-a-bracafe-pels-estudiants-de-cuina-de-lescola-pia-sant-antoni\/","title":{"rendered":"Coffee Experience en Bracaf\u00e9 para los estudiantes de cocina de la Escola Pia Sant Antoni"},"content":{"rendered":"<div id=\"ut-row-69f43b5b6073a\" data-vc-full-width=\"true\" data-vc-full-width-init=\"false\" class=\"vc_row wpb_row vc_row-fluid vc_column-gap-0 ut-row-69f43b5b6074d\" ><div class=\"wpb_column vc_column_container vc_col-sm-12\" ><div id=\"ut_inner_column_69f43b5b6139e\" class=\"vc_column-inner\"><div class=\"wpb_wrapper\">\n\t<div class=\"wpb_text_column wpb_content_element\" >\n\t\t<div class=\"wpb_wrapper\">\n\t\t\t<div class=\"\">\n<p class=\"p1\"><strong><span class=\"s1\"><img loading=\"lazy\" decoding=\"async\" class=\"aligncenter wp-image-6805 size-full\" src=\"https:\/\/gremicafe.cat\/wp-content\/uploads\/2023\/02\/FnOPYBYX0AIaN_s.jpg\" alt=\"\" width=\"1080\" height=\"1080\" srcset=\"https:\/\/gremicafe.cat\/wp-content\/uploads\/2023\/02\/FnOPYBYX0AIaN_s.jpg 1080w, https:\/\/gremicafe.cat\/wp-content\/uploads\/2023\/02\/FnOPYBYX0AIaN_s-300x300.jpg 300w, https:\/\/gremicafe.cat\/wp-content\/uploads\/2023\/02\/FnOPYBYX0AIaN_s-150x150.jpg 150w, https:\/\/gremicafe.cat\/wp-content\/uploads\/2023\/02\/FnOPYBYX0AIaN_s-768x768.jpg 768w, https:\/\/gremicafe.cat\/wp-content\/uploads\/2023\/02\/FnOPYBYX0AIaN_s-720x720.jpg 720w\" sizes=\"(max-width: 1080px) 100vw, 1080px\" \/><\/span><\/strong><\/p>\n<p>&nbsp;<\/p>\n<p class=\"p1\"><span class=\"s1\"><strong>El alumnado de cocina de la Escola Pia Sant Antoni han visitado las instalaciones de Bracaf\u00e9<\/strong> de la calle Comte D&#039;Urgell de Barcelona <strong>dentro del marco del programa &quot;El comercio y las escuelas&quot; del Ayuntamiento de Barcelona<\/strong>; que promueve el conocimiento del entorno cultural, social e hist\u00f3rico a trav\u00e9s del comercio de proximidad, con el objetivo de <strong>crear una cultura de consumo cr\u00edtico y responsable en los alumnos<\/strong>. <\/span><\/p>\n<p class=\"p1\"><span class=\"s1\">Los estudiantes han podido disfrutar de la Coffee Experience y descubrir la forma de producir, tostar, envasar y vender el caf\u00e9, visitando la torrefacci\u00f3n y posteriormente el Coffeeshop de Bracaf\u00e9.<\/span><\/p>\n<p class=\"p1\"><span class=\"s1\">La experiencia ha servido al alumnado para resolver dudas sobre el proceso de elaboraci\u00f3n y el servicio del caf\u00e9 en la cafeter\u00eda y todo lo que gira a su alrededor.<\/span><\/p>\n<p class=\"p1\"><span class=\"s1\">\u00a1Una experiencia muy enriquecedora tanto para los visitantes como para los visitados!<\/span><\/p>\n<p>&nbsp;<\/p>\n<p class=\"p1\">M\u00e1s informaci\u00f3n en <a href=\"https:\/\/twitter.com\/epiasantantoni\/status\/1617809559862579203\" target=\"_blank\" rel=\"noopener\">Escuela P\u00eda San Antonio<\/a><\/p>\n<p>&nbsp;<\/p>\n<\/div>\n\n            <style type='text\/css'>\n                #gallery-1 {\n                    margin: auto;\n                }\n                #gallery-1 .gallery-item {\n                    float: left;\n                    margin-top: 10px;\n                    text-align: center;\n                    width: 50%;\n                }\n                #gallery-1 img {\n                    border: 2px solid #cfcfcf;\n                }\n                #gallery-1 .gallery-caption {\n                    margin-left: 0;\n                }\n                \n                \n                \n                \/* see gallery_shortcode() in wp-includes\/media.php *\/\n            <\/style>\n\t\t<div id='gallery-1' class='gallery galleryid-6804 gallery-columns-2 gallery-size-full'><dl class='gallery-item'>\n                <dt class='gallery-icon landscape'>\n                    <a href='https:\/\/gremicafe.cat\/es\/2023\/02\/10\/coffee-experience-a-bracafe-pels-estudiants-de-cuina-de-lescola-pia-sant-antoni\/fnopybyx0aagnt4\/#main'><img loading=\"lazy\" decoding=\"async\" width=\"1080\" height=\"1080\" src=\"https:\/\/gremicafe.cat\/wp-content\/uploads\/2023\/02\/FnOPYBYX0AAGNt4.jpg\" class=\"attachment-full size-full\" alt=\"\" srcset=\"https:\/\/gremicafe.cat\/wp-content\/uploads\/2023\/02\/FnOPYBYX0AAGNt4.jpg 1080w, https:\/\/gremicafe.cat\/wp-content\/uploads\/2023\/02\/FnOPYBYX0AAGNt4-300x300.jpg 300w, https:\/\/gremicafe.cat\/wp-content\/uploads\/2023\/02\/FnOPYBYX0AAGNt4-150x150.jpg 150w, https:\/\/gremicafe.cat\/wp-content\/uploads\/2023\/02\/FnOPYBYX0AAGNt4-768x768.jpg 768w, https:\/\/gremicafe.cat\/wp-content\/uploads\/2023\/02\/FnOPYBYX0AAGNt4-720x720.jpg 720w\" sizes=\"(max-width: 1080px) 100vw, 1080px\" \/><\/a>\n                <\/dt><\/dl><dl class='gallery-item'>\n                <dt class='gallery-icon landscape'>\n                    <a href='https:\/\/gremicafe.cat\/es\/2023\/02\/10\/coffee-experience-a-bracafe-pels-estudiants-de-cuina-de-lescola-pia-sant-antoni\/fnopybxxgaegon_\/#main'><img loading=\"lazy\" decoding=\"async\" width=\"1080\" height=\"1080\" src=\"https:\/\/gremicafe.cat\/wp-content\/uploads\/2023\/02\/FnOPYBXXgAEGon_.jpg\" class=\"attachment-full size-full\" alt=\"\" srcset=\"https:\/\/gremicafe.cat\/wp-content\/uploads\/2023\/02\/FnOPYBXXgAEGon_.jpg 1080w, https:\/\/gremicafe.cat\/wp-content\/uploads\/2023\/02\/FnOPYBXXgAEGon_-300x300.jpg 300w, https:\/\/gremicafe.cat\/wp-content\/uploads\/2023\/02\/FnOPYBXXgAEGon_-150x150.jpg 150w, https:\/\/gremicafe.cat\/wp-content\/uploads\/2023\/02\/FnOPYBXXgAEGon_-768x768.jpg 768w, https:\/\/gremicafe.cat\/wp-content\/uploads\/2023\/02\/FnOPYBXXgAEGon_-720x720.jpg 720w\" sizes=\"(max-width: 1080px) 100vw, 1080px\" \/><\/a>\n                <\/dt><\/dl><br style=\"clear: both\" \/><\/div>\n\n\n\t\t<\/div>\n\t<\/div>\n<\/div><\/div><\/div><\/div><div class=\"vc_row-full-width vc_clearfix\"><\/div>","protected":false},"excerpt":{"rendered":"&nbsp; L\u2019alumnat de cuina de l\u2019Escola Pia Sant Antoni han visitat les instal\u00b7lacions de Bracaf\u00e9 del carrer Comte D\u2019Urgell de Barcelona dins del marc del programa \u201cEl comer\u00e7 i les escoles\u201d de l\u2019Ajuntament de Barcelona; que promou el coneixement de l\u2019entorn cultural, social i hist\u00f2ric a trav\u00e9s del comer\u00e7 de proximitat, amb l\u2019objectiu de crear [...]","protected":false},"author":1,"featured_media":6805,"comment_status":"closed","ping_status":"open","sticky":false,"template":"","format":"standard","meta":{"_acf_changed":false,"inline_featured_image":false,"footnotes":""},"categories":[1],"tags":[],"class_list":["post-6804","post","type-post","status-publish","format-standard","has-post-thumbnail","hentry","category-noticies"],"acf":[],"yoast_head":"<!-- This site is optimized with the Yoast SEO plugin v25.5 - https:\/\/yoast.com\/wordpress\/plugins\/seo\/ -->\n<title>Coffee Experience a Bracaf\u00e9 pels estudiants de cuina de l\u2019Escola Pia Sant Antoni - Gremi del Caf\u00e8, torradors de Catalunya<\/title>\n<meta name=\"robots\" content=\"index, follow, max-snippet:-1, max-image-preview:large, max-video-preview:-1\" \/>\n<link rel=\"canonical\" href=\"https:\/\/gremicafe.cat\/es\/2023\/02\/10\/coffee-experience-a-bracafe-pels-estudiants-de-cuina-de-lescola-pia-sant-antoni\/\" \/>\n<meta property=\"og:locale\" content=\"es_ES\" \/>\n<meta property=\"og:type\" content=\"article\" \/>\n<meta property=\"og:title\" content=\"Coffee Experience a Bracaf\u00e9 pels estudiants de cuina de l\u2019Escola Pia Sant Antoni - Gremi del Caf\u00e8, torradors de Catalunya\" \/>\n<meta property=\"og:url\" content=\"https:\/\/gremicafe.cat\/es\/2023\/02\/10\/coffee-experience-a-bracafe-pels-estudiants-de-cuina-de-lescola-pia-sant-antoni\/\" \/>\n<meta property=\"og:site_name\" content=\"Gremi del Caf\u00e8, torradors de Catalunya\" \/>\n<meta property=\"article:publisher\" content=\"https:\/\/www.facebook.com\/gremicafecat\" \/>\n<meta property=\"article:published_time\" content=\"2023-02-10T08:12:56+00:00\" \/>\n<meta property=\"article:modified_time\" content=\"2023-02-10T08:20:14+00:00\" \/>\n<meta property=\"og:image\" content=\"https:\/\/gremicafe.cat\/wp-content\/uploads\/2023\/02\/FnOPYBYX0AIaN_s.jpg\" \/>\n\t<meta property=\"og:image:width\" content=\"1080\" \/>\n\t<meta property=\"og:image:height\" content=\"1080\" \/>\n\t<meta property=\"og:image:type\" content=\"image\/jpeg\" \/>\n<meta name=\"author\" content=\"gremicafe\" \/>\n<meta name=\"twitter:card\" content=\"summary_large_image\" \/>\n<meta name=\"twitter:creator\" content=\"@gremicafecat\" \/>\n<meta name=\"twitter:site\" content=\"@gremicafecat\" \/>\n<meta name=\"twitter:label1\" content=\"Escrito por\" \/>\n\t<meta name=\"twitter:data1\" content=\"gremicafe\" \/>\n\t<meta name=\"twitter:label2\" content=\"Tiempo de lectura\" \/>\n\t<meta name=\"twitter:data2\" content=\"1 minuto\" \/>\n<script type=\"application\/ld+json\" class=\"yoast-schema-graph\">{\"@context\":\"https:\/\/schema.org\",\"@graph\":[{\"@type\":\"Article\",\"@id\":\"https:\/\/gremicafe.cat\/2023\/02\/10\/coffee-experience-a-bracafe-pels-estudiants-de-cuina-de-lescola-pia-sant-antoni\/#article\",\"isPartOf\":{\"@id\":\"https:\/\/gremicafe.cat\/2023\/02\/10\/coffee-experience-a-bracafe-pels-estudiants-de-cuina-de-lescola-pia-sant-antoni\/\"},\"author\":{\"name\":\"gremicafe\",\"@id\":\"https:\/\/gremicafe.cat\/#\/schema\/person\/dabfdbb3d0fa36260855a380f94e4733\"},\"headline\":\"Coffee Experience a Bracaf\u00e9 pels estudiants de cuina de l\u2019Escola Pia Sant Antoni\",\"datePublished\":\"2023-02-10T08:12:56+00:00\",\"dateModified\":\"2023-02-10T08:20:14+00:00\",\"mainEntityOfPage\":{\"@id\":\"https:\/\/gremicafe.cat\/2023\/02\/10\/coffee-experience-a-bracafe-pels-estudiants-de-cuina-de-lescola-pia-sant-antoni\/\"},\"wordCount\":192,\"publisher\":{\"@id\":\"https:\/\/gremicafe.cat\/#organization\"},\"image\":{\"@id\":\"https:\/\/gremicafe.cat\/2023\/02\/10\/coffee-experience-a-bracafe-pels-estudiants-de-cuina-de-lescola-pia-sant-antoni\/#primaryimage\"},\"thumbnailUrl\":\"https:\/\/gremicafe.cat\/wp-content\/uploads\/2023\/02\/FnOPYBYX0AIaN_s.jpg\",\"articleSection\":[\"Not\u00edcies\"],\"inLanguage\":\"es\"},{\"@type\":\"WebPage\",\"@id\":\"https:\/\/gremicafe.cat\/2023\/02\/10\/coffee-experience-a-bracafe-pels-estudiants-de-cuina-de-lescola-pia-sant-antoni\/\",\"url\":\"https:\/\/gremicafe.cat\/2023\/02\/10\/coffee-experience-a-bracafe-pels-estudiants-de-cuina-de-lescola-pia-sant-antoni\/\",\"name\":\"Coffee Experience a Bracaf\u00e9 pels estudiants de cuina de l\u2019Escola Pia Sant Antoni - Gremi del Caf\u00e8, torradors de Catalunya\",\"isPartOf\":{\"@id\":\"https:\/\/gremicafe.cat\/#website\"},\"primaryImageOfPage\":{\"@id\":\"https:\/\/gremicafe.cat\/2023\/02\/10\/coffee-experience-a-bracafe-pels-estudiants-de-cuina-de-lescola-pia-sant-antoni\/#primaryimage\"},\"image\":{\"@id\":\"https:\/\/gremicafe.cat\/2023\/02\/10\/coffee-experience-a-bracafe-pels-estudiants-de-cuina-de-lescola-pia-sant-antoni\/#primaryimage\"},\"thumbnailUrl\":\"https:\/\/gremicafe.cat\/wp-content\/uploads\/2023\/02\/FnOPYBYX0AIaN_s.jpg\",\"datePublished\":\"2023-02-10T08:12:56+00:00\",\"dateModified\":\"2023-02-10T08:20:14+00:00\",\"breadcrumb\":{\"@id\":\"https:\/\/gremicafe.cat\/2023\/02\/10\/coffee-experience-a-bracafe-pels-estudiants-de-cuina-de-lescola-pia-sant-antoni\/#breadcrumb\"},\"inLanguage\":\"es\",\"potentialAction\":[{\"@type\":\"ReadAction\",\"target\":[\"https:\/\/gremicafe.cat\/2023\/02\/10\/coffee-experience-a-bracafe-pels-estudiants-de-cuina-de-lescola-pia-sant-antoni\/\"]}]},{\"@type\":\"ImageObject\",\"inLanguage\":\"es\",\"@id\":\"https:\/\/gremicafe.cat\/2023\/02\/10\/coffee-experience-a-bracafe-pels-estudiants-de-cuina-de-lescola-pia-sant-antoni\/#primaryimage\",\"url\":\"https:\/\/gremicafe.cat\/wp-content\/uploads\/2023\/02\/FnOPYBYX0AIaN_s.jpg\",\"contentUrl\":\"https:\/\/gremicafe.cat\/wp-content\/uploads\/2023\/02\/FnOPYBYX0AIaN_s.jpg\",\"width\":1080,\"height\":1080},{\"@type\":\"BreadcrumbList\",\"@id\":\"https:\/\/gremicafe.cat\/2023\/02\/10\/coffee-experience-a-bracafe-pels-estudiants-de-cuina-de-lescola-pia-sant-antoni\/#breadcrumb\",\"itemListElement\":[{\"@type\":\"ListItem\",\"position\":1,\"name\":\"Inici\",\"item\":\"https:\/\/gremicafe.cat\/\"},{\"@type\":\"ListItem\",\"position\":2,\"name\":\"Coffee Experience a Bracaf\u00e9 pels estudiants de cuina de l\u2019Escola Pia Sant Antoni\"}]},{\"@type\":\"WebSite\",\"@id\":\"https:\/\/gremicafe.cat\/#website\",\"url\":\"https:\/\/gremicafe.cat\/\",\"name\":\"Gremi del Caf\u00e8, torradors de Catalunya\",\"description\":\"Web oficial del gremi de torradors de caf\u00e8 de Catalunya\",\"publisher\":{\"@id\":\"https:\/\/gremicafe.cat\/#organization\"},\"potentialAction\":[{\"@type\":\"SearchAction\",\"target\":{\"@type\":\"EntryPoint\",\"urlTemplate\":\"https:\/\/gremicafe.cat\/?s={search_term_string}\"},\"query-input\":{\"@type\":\"PropertyValueSpecification\",\"valueRequired\":true,\"valueName\":\"search_term_string\"}}],\"inLanguage\":\"es\"},{\"@type\":\"Organization\",\"@id\":\"https:\/\/gremicafe.cat\/#organization\",\"name\":\"Gremi del Caf\u00e8, Torradors de Catalunya\",\"url\":\"https:\/\/gremicafe.cat\/\",\"logo\":{\"@type\":\"ImageObject\",\"inLanguage\":\"es\",\"@id\":\"https:\/\/gremicafe.cat\/#\/schema\/logo\/image\/\",\"url\":\"https:\/\/gremicafe.cat\/wp-content\/uploads\/2018\/03\/gremicafe-logo250.png\",\"contentUrl\":\"https:\/\/gremicafe.cat\/wp-content\/uploads\/2018\/03\/gremicafe-logo250.png\",\"width\":250,\"height\":49,\"caption\":\"Gremi del Caf\u00e8, Torradors de Catalunya\"},\"image\":{\"@id\":\"https:\/\/gremicafe.cat\/#\/schema\/logo\/image\/\"},\"sameAs\":[\"https:\/\/www.facebook.com\/gremicafecat\",\"https:\/\/x.com\/gremicafecat\",\"https:\/\/www.instagram.com\/gremicafecat\/\",\"https:\/\/www.pinterest.es\/gremicafecat\/\",\"https:\/\/www.youtube.com\/channel\/UCGLo5Y35vLwLvP4FrPZrCrw\/\"]},{\"@type\":\"Person\",\"@id\":\"https:\/\/gremicafe.cat\/#\/schema\/person\/dabfdbb3d0fa36260855a380f94e4733\",\"name\":\"gremicafe\",\"image\":{\"@type\":\"ImageObject\",\"inLanguage\":\"es\",\"@id\":\"https:\/\/gremicafe.cat\/#\/schema\/person\/image\/\",\"url\":\"https:\/\/secure.gravatar.com\/avatar\/e59baa4ca8f6f97576d6375fb6d3c8f0?s=96&d=mm&r=g\",\"contentUrl\":\"https:\/\/secure.gravatar.com\/avatar\/e59baa4ca8f6f97576d6375fb6d3c8f0?s=96&d=mm&r=g\",\"caption\":\"gremicafe\"}}]}<\/script>\n<!-- \/ Yoast SEO plugin. -->","yoast_head_json":{"title":"Coffee Experience a Bracaf\u00e9 pels estudiants de cuina de l\u2019Escola Pia Sant Antoni - Gremi del Caf\u00e8, torradors de Catalunya","robots":{"index":"index","follow":"follow","max-snippet":"max-snippet:-1","max-image-preview":"max-image-preview:large","max-video-preview":"max-video-preview:-1"},"canonical":"https:\/\/gremicafe.cat\/es\/2023\/02\/10\/coffee-experience-a-bracafe-pels-estudiants-de-cuina-de-lescola-pia-sant-antoni\/","og_locale":"es_ES","og_type":"article","og_title":"Coffee Experience a Bracaf\u00e9 pels estudiants de cuina de l\u2019Escola Pia Sant Antoni - Gremi del Caf\u00e8, torradors de Catalunya","og_url":"https:\/\/gremicafe.cat\/es\/2023\/02\/10\/coffee-experience-a-bracafe-pels-estudiants-de-cuina-de-lescola-pia-sant-antoni\/","og_site_name":"Gremi del Caf\u00e8, torradors de Catalunya","article_publisher":"https:\/\/www.facebook.com\/gremicafecat","article_published_time":"2023-02-10T08:12:56+00:00","article_modified_time":"2023-02-10T08:20:14+00:00","og_image":[{"width":1080,"height":1080,"url":"https:\/\/gremicafe.cat\/wp-content\/uploads\/2023\/02\/FnOPYBYX0AIaN_s.jpg","type":"image\/jpeg"}],"author":"gremicafe","twitter_card":"summary_large_image","twitter_creator":"@gremicafecat","twitter_site":"@gremicafecat","twitter_misc":{"Escrito por":"gremicafe","Tiempo de lectura":"1 minuto"},"schema":{"@context":"https:\/\/schema.org","@graph":[{"@type":"Article","@id":"https:\/\/gremicafe.cat\/2023\/02\/10\/coffee-experience-a-bracafe-pels-estudiants-de-cuina-de-lescola-pia-sant-antoni\/#article","isPartOf":{"@id":"https:\/\/gremicafe.cat\/2023\/02\/10\/coffee-experience-a-bracafe-pels-estudiants-de-cuina-de-lescola-pia-sant-antoni\/"},"author":{"name":"gremicafe","@id":"https:\/\/gremicafe.cat\/#\/schema\/person\/dabfdbb3d0fa36260855a380f94e4733"},"headline":"Coffee Experience a Bracaf\u00e9 pels estudiants de cuina de l\u2019Escola Pia Sant Antoni","datePublished":"2023-02-10T08:12:56+00:00","dateModified":"2023-02-10T08:20:14+00:00","mainEntityOfPage":{"@id":"https:\/\/gremicafe.cat\/2023\/02\/10\/coffee-experience-a-bracafe-pels-estudiants-de-cuina-de-lescola-pia-sant-antoni\/"},"wordCount":192,"publisher":{"@id":"https:\/\/gremicafe.cat\/#organization"},"image":{"@id":"https:\/\/gremicafe.cat\/2023\/02\/10\/coffee-experience-a-bracafe-pels-estudiants-de-cuina-de-lescola-pia-sant-antoni\/#primaryimage"},"thumbnailUrl":"https:\/\/gremicafe.cat\/wp-content\/uploads\/2023\/02\/FnOPYBYX0AIaN_s.jpg","articleSection":["Not\u00edcies"],"inLanguage":"es"},{"@type":"WebPage","@id":"https:\/\/gremicafe.cat\/2023\/02\/10\/coffee-experience-a-bracafe-pels-estudiants-de-cuina-de-lescola-pia-sant-antoni\/","url":"https:\/\/gremicafe.cat\/2023\/02\/10\/coffee-experience-a-bracafe-pels-estudiants-de-cuina-de-lescola-pia-sant-antoni\/","name":"Coffee Experience a Bracaf\u00e9 pels estudiants de cuina de l\u2019Escola Pia Sant Antoni - Gremi del Caf\u00e8, torradors de Catalunya","isPartOf":{"@id":"https:\/\/gremicafe.cat\/#website"},"primaryImageOfPage":{"@id":"https:\/\/gremicafe.cat\/2023\/02\/10\/coffee-experience-a-bracafe-pels-estudiants-de-cuina-de-lescola-pia-sant-antoni\/#primaryimage"},"image":{"@id":"https:\/\/gremicafe.cat\/2023\/02\/10\/coffee-experience-a-bracafe-pels-estudiants-de-cuina-de-lescola-pia-sant-antoni\/#primaryimage"},"thumbnailUrl":"https:\/\/gremicafe.cat\/wp-content\/uploads\/2023\/02\/FnOPYBYX0AIaN_s.jpg","datePublished":"2023-02-10T08:12:56+00:00","dateModified":"2023-02-10T08:20:14+00:00","breadcrumb":{"@id":"https:\/\/gremicafe.cat\/2023\/02\/10\/coffee-experience-a-bracafe-pels-estudiants-de-cuina-de-lescola-pia-sant-antoni\/#breadcrumb"},"inLanguage":"es","potentialAction":[{"@type":"ReadAction","target":["https:\/\/gremicafe.cat\/2023\/02\/10\/coffee-experience-a-bracafe-pels-estudiants-de-cuina-de-lescola-pia-sant-antoni\/"]}]},{"@type":"ImageObject","inLanguage":"es","@id":"https:\/\/gremicafe.cat\/2023\/02\/10\/coffee-experience-a-bracafe-pels-estudiants-de-cuina-de-lescola-pia-sant-antoni\/#primaryimage","url":"https:\/\/gremicafe.cat\/wp-content\/uploads\/2023\/02\/FnOPYBYX0AIaN_s.jpg","contentUrl":"https:\/\/gremicafe.cat\/wp-content\/uploads\/2023\/02\/FnOPYBYX0AIaN_s.jpg","width":1080,"height":1080},{"@type":"BreadcrumbList","@id":"https:\/\/gremicafe.cat\/2023\/02\/10\/coffee-experience-a-bracafe-pels-estudiants-de-cuina-de-lescola-pia-sant-antoni\/#breadcrumb","itemListElement":[{"@type":"ListItem","position":1,"name":"Inici","item":"https:\/\/gremicafe.cat\/"},{"@type":"ListItem","position":2,"name":"Coffee Experience a Bracaf\u00e9 pels estudiants de cuina de l\u2019Escola Pia Sant Antoni"}]},{"@type":"WebSite","@id":"https:\/\/gremicafe.cat\/#website","url":"https:\/\/gremicafe.cat\/","name":"Gremio del Caf\u00e9, tostadores de Catalu\u00f1a","description":"Web oficial del gremio de tostadores de caf\u00e9 de Catalunya","publisher":{"@id":"https:\/\/gremicafe.cat\/#organization"},"potentialAction":[{"@type":"SearchAction","target":{"@type":"EntryPoint","urlTemplate":"https:\/\/gremicafe.cat\/?s={search_term_string}"},"query-input":{"@type":"PropertyValueSpecification","valueRequired":true,"valueName":"search_term_string"}}],"inLanguage":"es"},{"@type":"Organization","@id":"https:\/\/gremicafe.cat\/#organization","name":"Gremio del Caf\u00e9, Tostadores de Catalu\u00f1a","url":"https:\/\/gremicafe.cat\/","logo":{"@type":"ImageObject","inLanguage":"es","@id":"https:\/\/gremicafe.cat\/#\/schema\/logo\/image\/","url":"https:\/\/gremicafe.cat\/wp-content\/uploads\/2018\/03\/gremicafe-logo250.png","contentUrl":"https:\/\/gremicafe.cat\/wp-content\/uploads\/2018\/03\/gremicafe-logo250.png","width":250,"height":49,"caption":"Gremi del Caf\u00e8, Torradors de Catalunya"},"image":{"@id":"https:\/\/gremicafe.cat\/#\/schema\/logo\/image\/"},"sameAs":["https:\/\/www.facebook.com\/gremicafecat","https:\/\/x.com\/gremicafecat","https:\/\/www.instagram.com\/gremicafecat\/","https:\/\/www.pinterest.es\/gremicafecat\/","https:\/\/www.youtube.com\/channel\/UCGLo5Y35vLwLvP4FrPZrCrw\/"]},{"@type":"Person","@id":"https:\/\/gremicafe.cat\/#\/schema\/person\/dabfdbb3d0fa36260855a380f94e4733","name":"gremicafe","image":{"@type":"ImageObject","inLanguage":"es","@id":"https:\/\/gremicafe.cat\/#\/schema\/person\/image\/","url":"https:\/\/secure.gravatar.com\/avatar\/e59baa4ca8f6f97576d6375fb6d3c8f0?s=96&d=mm&r=g","contentUrl":"https:\/\/secure.gravatar.com\/avatar\/e59baa4ca8f6f97576d6375fb6d3c8f0?s=96&d=mm&r=g","caption":"gremicafe"}}]}},"_links":{"self":[{"href":"https:\/\/gremicafe.cat\/es\/wp-json\/wp\/v2\/posts\/6804"}],"collection":[{"href":"https:\/\/gremicafe.cat\/es\/wp-json\/wp\/v2\/posts"}],"about":[{"href":"https:\/\/gremicafe.cat\/es\/wp-json\/wp\/v2\/types\/post"}],"author":[{"embeddable":true,"href":"https:\/\/gremicafe.cat\/es\/wp-json\/wp\/v2\/users\/1"}],"replies":[{"embeddable":true,"href":"https:\/\/gremicafe.cat\/es\/wp-json\/wp\/v2\/comments?post=6804"}],"version-history":[{"count":0,"href":"https:\/\/gremicafe.cat\/es\/wp-json\/wp\/v2\/posts\/6804\/revisions"}],"wp:featuredmedia":[{"embeddable":true,"href":"https:\/\/gremicafe.cat\/es\/wp-json\/wp\/v2\/media\/6805"}],"wp:attachment":[{"href":"https:\/\/gremicafe.cat\/es\/wp-json\/wp\/v2\/media?parent=6804"}],"wp:term":[{"taxonomy":"category","embeddable":true,"href":"https:\/\/gremicafe.cat\/es\/wp-json\/wp\/v2\/categories?post=6804"},{"taxonomy":"post_tag","embeddable":true,"href":"https:\/\/gremicafe.cat\/es\/wp-json\/wp\/v2\/tags?post=6804"}],"curies":[{"name":"wp","href":"https:\/\/api.w.org\/{rel}","templated":true}]}}