{"id":6812,"date":"2023-02-15T10:57:30","date_gmt":"2023-02-15T09:57:30","guid":{"rendered":"https:\/\/gremicafe.cat\/?p=6812"},"modified":"2023-02-16T16:02:36","modified_gmt":"2023-02-16T15:02:36","slug":"cafes-tupinamba-ha-posat-en-marxa-un-projecte-dautoconsum-fotovoltaic","status":"publish","type":"post","link":"https:\/\/gremicafe.cat\/es\/2023\/02\/15\/cafes-tupinamba-ha-posat-en-marxa-un-projecte-dautoconsum-fotovoltaic\/","title":{"rendered":"Caf\u00e8s Tupinamba, ha puesto en marcha un proyecto de autoconsumo fotovoltaico en su f\u00e1brica y oficinas centrales en Canet de Mar (Barcelona) para reducir su huella de carbono"},"content":{"rendered":"<div id=\"ut-row-69f439866b6f8\" data-vc-full-width=\"true\" data-vc-full-width-init=\"false\" class=\"vc_row wpb_row vc_row-fluid vc_column-gap-0 ut-row-69f439866b70a\" ><div class=\"wpb_column vc_column_container vc_col-sm-12\" ><div id=\"ut_inner_column_69f439866bdd0\" class=\"vc_column-inner\"><div class=\"wpb_wrapper\">\n\t<div class=\"wpb_text_column wpb_content_element\" >\n\t\t<div class=\"wpb_wrapper\">\n\t\t\t<div class=\"\">\n<p class=\"p1\"><strong><span class=\"s1\"><img loading=\"lazy\" decoding=\"async\" class=\"aligncenter wp-image-6817 size-full\" src=\"https:\/\/gremicafe.cat\/wp-content\/uploads\/2023\/02\/PLAQUES-TUPINAMBA_1200x676.jpg\" alt=\"\" width=\"1200\" height=\"676\" srcset=\"https:\/\/gremicafe.cat\/wp-content\/uploads\/2023\/02\/PLAQUES-TUPINAMBA_1200x676.jpg 1200w, https:\/\/gremicafe.cat\/wp-content\/uploads\/2023\/02\/PLAQUES-TUPINAMBA_1200x676-768x433.jpg 768w\" sizes=\"(max-width: 1200px) 100vw, 1200px\" \/><\/span><\/strong><\/p>\n<p>&nbsp;<\/p>\n<p>Tupinamba encarg\u00f3 a la empresa Ruano Energ\u00eda (<a href=\"https:\/\/www.ruanoenergia.com\/\" target=\"_blank\" rel=\"noopener\">web<\/a> \/ <a href=\"mailto:ramon.noya@ruanoenergia.com\" target=\"_blank\" rel=\"noopener\">Contacto comercial<\/a>) la instalaci\u00f3n de paneles solares en la cubierta de su f\u00e1brica. En total, se instalaron 362 placas solares con una potencia pico instalada de 165 KW, lo que se espera que produzca un m\u00ednimo de 251,000 KWH de electricidad anualmente.<\/p>\n<p>En tan s\u00f3lo dos meses, esta instalaci\u00f3n ha tenido un impacto positivo en el medio ambiente:<\/p>\n<ul>\n<li>Se ha logrado un ahorro est\u00e1ndar de carb\u00f3n de 13,98 toneladas.<\/li>\n<li>Se ha evitado la emisi\u00f3n de 16,6 toneladas de CO\u2082<\/li>\n<li>Se han plantado el equivalente a 23 \u00e1rboles.<\/li>\n<li>Adem\u00e1s, desde su puesta en marcha, se ha logrado un ahorro energ\u00e9tico de 35,63 MWh.<\/li>\n<\/ul>\n<p>Este proyecto se ha llevado a cabo en el marco del Plan de Sostenibilidad de la compa\u00f1\u00eda, que busca invertir en proyectos de sostenibilidad y responsabilidad social en pa\u00edses productores de caf\u00e9, promover el progreso de las comunidades del tercer mundo, cuidar de las personas y el planeta, y fomentar un estilo de vida m\u00e1s saludable y feliz. El objetivo de Tupinamba es reducir su huella de carbono mediante la optimizaci\u00f3n de los recursos naturales y el uso de envases y materiales 100% reciclables y libres de pl\u00e1stico, como sus c\u00e1psulas compostables tanto para canal profesional como para uso dom\u00e9stico .<\/p>\n<p>&nbsp;<\/p>\n<p>Vea <a href=\"https:\/\/youtu.be\/14td1eDRzpA\" target=\"_blank\" rel=\"noopener\">aqu\u00ed<\/a> el v\u00eddeo de la instalaci\u00f3n.<\/p>\n<p>&nbsp;<\/p>\n<\/div>\n\n\t\t<\/div>\n\t<\/div>\n<\/div><\/div><\/div><\/div><div class=\"vc_row-full-width vc_clearfix\"><\/div>","protected":false},"excerpt":{"rendered":"&nbsp; Tupinamba va encarregar a l'empresa Ruano Energia (web \/ Contacte comercial) la instal\u00b7laci\u00f3 de panells solars en la coberta de la seva f\u00e0brica. En total, es van instal\u00b7lar 362 plaques solars amb una pot\u00e8ncia pic instal\u00b7lada de 165 KW, la qual cosa s'espera que produeixi un m\u00ednim de 251,000 KWH d'electricitat anualment. En nom\u00e9s [...]","protected":false},"author":1,"featured_media":6817,"comment_status":"closed","ping_status":"open","sticky":false,"template":"","format":"standard","meta":{"_acf_changed":false,"inline_featured_image":false,"footnotes":""},"categories":[1],"tags":[],"class_list":["post-6812","post","type-post","status-publish","format-standard","has-post-thumbnail","hentry","category-noticies"],"acf":[],"yoast_head":"<!-- This site is optimized with the Yoast SEO plugin v25.5 - https:\/\/yoast.com\/wordpress\/plugins\/seo\/ -->\n<title>Caf\u00e8s Tupinamba, ha posat en marxa un projecte d&#039;autoconsum fotovoltaic a la seva f\u00e0brica i oficines centrals a Canet de Mar (Barcelona) per a reduir la seva petjada de carboni - Gremi del Caf\u00e8, torradors de Catalunya<\/title>\n<meta name=\"robots\" content=\"index, follow, max-snippet:-1, max-image-preview:large, max-video-preview:-1\" \/>\n<link rel=\"canonical\" href=\"https:\/\/gremicafe.cat\/es\/2023\/02\/15\/cafes-tupinamba-ha-posat-en-marxa-un-projecte-dautoconsum-fotovoltaic\/\" \/>\n<meta property=\"og:locale\" content=\"es_ES\" \/>\n<meta property=\"og:type\" content=\"article\" \/>\n<meta property=\"og:title\" content=\"Caf\u00e8s Tupinamba, ha posat en marxa un projecte d&#039;autoconsum fotovoltaic a la seva f\u00e0brica i oficines centrals a Canet de Mar (Barcelona) per a reduir la seva petjada de carboni - Gremi del Caf\u00e8, torradors de Catalunya\" \/>\n<meta property=\"og:url\" content=\"https:\/\/gremicafe.cat\/es\/2023\/02\/15\/cafes-tupinamba-ha-posat-en-marxa-un-projecte-dautoconsum-fotovoltaic\/\" \/>\n<meta property=\"og:site_name\" content=\"Gremi del Caf\u00e8, torradors de Catalunya\" \/>\n<meta property=\"article:publisher\" content=\"https:\/\/www.facebook.com\/gremicafecat\" \/>\n<meta property=\"article:published_time\" content=\"2023-02-15T09:57:30+00:00\" \/>\n<meta property=\"article:modified_time\" content=\"2023-02-16T15:02:36+00:00\" \/>\n<meta property=\"og:image\" content=\"https:\/\/gremicafe.cat\/wp-content\/uploads\/2023\/02\/PLAQUES-TUPINAMBA_1200x676.jpg\" \/>\n\t<meta property=\"og:image:width\" content=\"1200\" \/>\n\t<meta property=\"og:image:height\" content=\"676\" \/>\n\t<meta property=\"og:image:type\" content=\"image\/jpeg\" \/>\n<meta name=\"author\" content=\"gremicafe\" \/>\n<meta name=\"twitter:card\" content=\"summary_large_image\" \/>\n<meta name=\"twitter:creator\" content=\"@gremicafecat\" \/>\n<meta name=\"twitter:site\" content=\"@gremicafecat\" \/>\n<meta name=\"twitter:label1\" content=\"Escrito por\" \/>\n\t<meta name=\"twitter:data1\" content=\"gremicafe\" \/>\n\t<meta name=\"twitter:label2\" content=\"Tiempo de lectura\" \/>\n\t<meta name=\"twitter:data2\" content=\"1 minuto\" \/>\n<script type=\"application\/ld+json\" class=\"yoast-schema-graph\">{\"@context\":\"https:\/\/schema.org\",\"@graph\":[{\"@type\":\"Article\",\"@id\":\"https:\/\/gremicafe.cat\/2023\/02\/15\/cafes-tupinamba-ha-posat-en-marxa-un-projecte-dautoconsum-fotovoltaic\/#article\",\"isPartOf\":{\"@id\":\"https:\/\/gremicafe.cat\/2023\/02\/15\/cafes-tupinamba-ha-posat-en-marxa-un-projecte-dautoconsum-fotovoltaic\/\"},\"author\":{\"name\":\"gremicafe\",\"@id\":\"https:\/\/gremicafe.cat\/#\/schema\/person\/dabfdbb3d0fa36260855a380f94e4733\"},\"headline\":\"Caf\u00e8s Tupinamba, ha posat en marxa un projecte d&#8217;autoconsum fotovoltaic a la seva f\u00e0brica i oficines centrals a Canet de Mar (Barcelona) per a reduir la seva petjada de carboni\",\"datePublished\":\"2023-02-15T09:57:30+00:00\",\"dateModified\":\"2023-02-16T15:02:36+00:00\",\"mainEntityOfPage\":{\"@id\":\"https:\/\/gremicafe.cat\/2023\/02\/15\/cafes-tupinamba-ha-posat-en-marxa-un-projecte-dautoconsum-fotovoltaic\/\"},\"wordCount\":275,\"publisher\":{\"@id\":\"https:\/\/gremicafe.cat\/#organization\"},\"image\":{\"@id\":\"https:\/\/gremicafe.cat\/2023\/02\/15\/cafes-tupinamba-ha-posat-en-marxa-un-projecte-dautoconsum-fotovoltaic\/#primaryimage\"},\"thumbnailUrl\":\"https:\/\/gremicafe.cat\/wp-content\/uploads\/2023\/02\/PLAQUES-TUPINAMBA_1200x676.jpg\",\"articleSection\":[\"Not\u00edcies\"],\"inLanguage\":\"es\"},{\"@type\":\"WebPage\",\"@id\":\"https:\/\/gremicafe.cat\/2023\/02\/15\/cafes-tupinamba-ha-posat-en-marxa-un-projecte-dautoconsum-fotovoltaic\/\",\"url\":\"https:\/\/gremicafe.cat\/2023\/02\/15\/cafes-tupinamba-ha-posat-en-marxa-un-projecte-dautoconsum-fotovoltaic\/\",\"name\":\"Caf\u00e8s Tupinamba, ha posat en marxa un projecte d'autoconsum fotovoltaic a la seva f\u00e0brica i oficines centrals a Canet de Mar (Barcelona) per a reduir la seva petjada de carboni - Gremi del Caf\u00e8, torradors de Catalunya\",\"isPartOf\":{\"@id\":\"https:\/\/gremicafe.cat\/#website\"},\"primaryImageOfPage\":{\"@id\":\"https:\/\/gremicafe.cat\/2023\/02\/15\/cafes-tupinamba-ha-posat-en-marxa-un-projecte-dautoconsum-fotovoltaic\/#primaryimage\"},\"image\":{\"@id\":\"https:\/\/gremicafe.cat\/2023\/02\/15\/cafes-tupinamba-ha-posat-en-marxa-un-projecte-dautoconsum-fotovoltaic\/#primaryimage\"},\"thumbnailUrl\":\"https:\/\/gremicafe.cat\/wp-content\/uploads\/2023\/02\/PLAQUES-TUPINAMBA_1200x676.jpg\",\"datePublished\":\"2023-02-15T09:57:30+00:00\",\"dateModified\":\"2023-02-16T15:02:36+00:00\",\"breadcrumb\":{\"@id\":\"https:\/\/gremicafe.cat\/2023\/02\/15\/cafes-tupinamba-ha-posat-en-marxa-un-projecte-dautoconsum-fotovoltaic\/#breadcrumb\"},\"inLanguage\":\"es\",\"potentialAction\":[{\"@type\":\"ReadAction\",\"target\":[\"https:\/\/gremicafe.cat\/2023\/02\/15\/cafes-tupinamba-ha-posat-en-marxa-un-projecte-dautoconsum-fotovoltaic\/\"]}]},{\"@type\":\"ImageObject\",\"inLanguage\":\"es\",\"@id\":\"https:\/\/gremicafe.cat\/2023\/02\/15\/cafes-tupinamba-ha-posat-en-marxa-un-projecte-dautoconsum-fotovoltaic\/#primaryimage\",\"url\":\"https:\/\/gremicafe.cat\/wp-content\/uploads\/2023\/02\/PLAQUES-TUPINAMBA_1200x676.jpg\",\"contentUrl\":\"https:\/\/gremicafe.cat\/wp-content\/uploads\/2023\/02\/PLAQUES-TUPINAMBA_1200x676.jpg\",\"width\":1200,\"height\":676},{\"@type\":\"BreadcrumbList\",\"@id\":\"https:\/\/gremicafe.cat\/2023\/02\/15\/cafes-tupinamba-ha-posat-en-marxa-un-projecte-dautoconsum-fotovoltaic\/#breadcrumb\",\"itemListElement\":[{\"@type\":\"ListItem\",\"position\":1,\"name\":\"Inici\",\"item\":\"https:\/\/gremicafe.cat\/\"},{\"@type\":\"ListItem\",\"position\":2,\"name\":\"Caf\u00e8s Tupinamba, ha posat en marxa un projecte d&#8217;autoconsum fotovoltaic a la seva f\u00e0brica i oficines centrals a Canet de Mar (Barcelona) per a reduir la seva petjada de carboni\"}]},{\"@type\":\"WebSite\",\"@id\":\"https:\/\/gremicafe.cat\/#website\",\"url\":\"https:\/\/gremicafe.cat\/\",\"name\":\"Gremi del Caf\u00e8, torradors de Catalunya\",\"description\":\"Web oficial del gremi de torradors de caf\u00e8 de Catalunya\",\"publisher\":{\"@id\":\"https:\/\/gremicafe.cat\/#organization\"},\"potentialAction\":[{\"@type\":\"SearchAction\",\"target\":{\"@type\":\"EntryPoint\",\"urlTemplate\":\"https:\/\/gremicafe.cat\/?s={search_term_string}\"},\"query-input\":{\"@type\":\"PropertyValueSpecification\",\"valueRequired\":true,\"valueName\":\"search_term_string\"}}],\"inLanguage\":\"es\"},{\"@type\":\"Organization\",\"@id\":\"https:\/\/gremicafe.cat\/#organization\",\"name\":\"Gremi del Caf\u00e8, Torradors de Catalunya\",\"url\":\"https:\/\/gremicafe.cat\/\",\"logo\":{\"@type\":\"ImageObject\",\"inLanguage\":\"es\",\"@id\":\"https:\/\/gremicafe.cat\/#\/schema\/logo\/image\/\",\"url\":\"https:\/\/gremicafe.cat\/wp-content\/uploads\/2018\/03\/gremicafe-logo250.png\",\"contentUrl\":\"https:\/\/gremicafe.cat\/wp-content\/uploads\/2018\/03\/gremicafe-logo250.png\",\"width\":250,\"height\":49,\"caption\":\"Gremi del Caf\u00e8, Torradors de Catalunya\"},\"image\":{\"@id\":\"https:\/\/gremicafe.cat\/#\/schema\/logo\/image\/\"},\"sameAs\":[\"https:\/\/www.facebook.com\/gremicafecat\",\"https:\/\/x.com\/gremicafecat\",\"https:\/\/www.instagram.com\/gremicafecat\/\",\"https:\/\/www.pinterest.es\/gremicafecat\/\",\"https:\/\/www.youtube.com\/channel\/UCGLo5Y35vLwLvP4FrPZrCrw\/\"]},{\"@type\":\"Person\",\"@id\":\"https:\/\/gremicafe.cat\/#\/schema\/person\/dabfdbb3d0fa36260855a380f94e4733\",\"name\":\"gremicafe\",\"image\":{\"@type\":\"ImageObject\",\"inLanguage\":\"es\",\"@id\":\"https:\/\/gremicafe.cat\/#\/schema\/person\/image\/\",\"url\":\"https:\/\/secure.gravatar.com\/avatar\/e59baa4ca8f6f97576d6375fb6d3c8f0?s=96&d=mm&r=g\",\"contentUrl\":\"https:\/\/secure.gravatar.com\/avatar\/e59baa4ca8f6f97576d6375fb6d3c8f0?s=96&d=mm&r=g\",\"caption\":\"gremicafe\"}}]}<\/script>\n<!-- \/ Yoast SEO plugin. -->","yoast_head_json":{"title":"Caf\u00e8s Tupinamba, ha posat en marxa un projecte d'autoconsum fotovoltaic a la seva f\u00e0brica i oficines centrals a Canet de Mar (Barcelona) per a reduir la seva petjada de carboni - Gremi del Caf\u00e8, torradors de Catalunya","robots":{"index":"index","follow":"follow","max-snippet":"max-snippet:-1","max-image-preview":"max-image-preview:large","max-video-preview":"max-video-preview:-1"},"canonical":"https:\/\/gremicafe.cat\/es\/2023\/02\/15\/cafes-tupinamba-ha-posat-en-marxa-un-projecte-dautoconsum-fotovoltaic\/","og_locale":"es_ES","og_type":"article","og_title":"Caf\u00e8s Tupinamba, ha posat en marxa un projecte d'autoconsum fotovoltaic a la seva f\u00e0brica i oficines centrals a Canet de Mar (Barcelona) per a reduir la seva petjada de carboni - Gremi del Caf\u00e8, torradors de Catalunya","og_url":"https:\/\/gremicafe.cat\/es\/2023\/02\/15\/cafes-tupinamba-ha-posat-en-marxa-un-projecte-dautoconsum-fotovoltaic\/","og_site_name":"Gremi del Caf\u00e8, torradors de Catalunya","article_publisher":"https:\/\/www.facebook.com\/gremicafecat","article_published_time":"2023-02-15T09:57:30+00:00","article_modified_time":"2023-02-16T15:02:36+00:00","og_image":[{"width":1200,"height":676,"url":"https:\/\/gremicafe.cat\/wp-content\/uploads\/2023\/02\/PLAQUES-TUPINAMBA_1200x676.jpg","type":"image\/jpeg"}],"author":"gremicafe","twitter_card":"summary_large_image","twitter_creator":"@gremicafecat","twitter_site":"@gremicafecat","twitter_misc":{"Escrito por":"gremicafe","Tiempo de lectura":"1 minuto"},"schema":{"@context":"https:\/\/schema.org","@graph":[{"@type":"Article","@id":"https:\/\/gremicafe.cat\/2023\/02\/15\/cafes-tupinamba-ha-posat-en-marxa-un-projecte-dautoconsum-fotovoltaic\/#article","isPartOf":{"@id":"https:\/\/gremicafe.cat\/2023\/02\/15\/cafes-tupinamba-ha-posat-en-marxa-un-projecte-dautoconsum-fotovoltaic\/"},"author":{"name":"gremicafe","@id":"https:\/\/gremicafe.cat\/#\/schema\/person\/dabfdbb3d0fa36260855a380f94e4733"},"headline":"Caf\u00e8s Tupinamba, ha posat en marxa un projecte d&#8217;autoconsum fotovoltaic a la seva f\u00e0brica i oficines centrals a Canet de Mar (Barcelona) per a reduir la seva petjada de carboni","datePublished":"2023-02-15T09:57:30+00:00","dateModified":"2023-02-16T15:02:36+00:00","mainEntityOfPage":{"@id":"https:\/\/gremicafe.cat\/2023\/02\/15\/cafes-tupinamba-ha-posat-en-marxa-un-projecte-dautoconsum-fotovoltaic\/"},"wordCount":275,"publisher":{"@id":"https:\/\/gremicafe.cat\/#organization"},"image":{"@id":"https:\/\/gremicafe.cat\/2023\/02\/15\/cafes-tupinamba-ha-posat-en-marxa-un-projecte-dautoconsum-fotovoltaic\/#primaryimage"},"thumbnailUrl":"https:\/\/gremicafe.cat\/wp-content\/uploads\/2023\/02\/PLAQUES-TUPINAMBA_1200x676.jpg","articleSection":["Not\u00edcies"],"inLanguage":"es"},{"@type":"WebPage","@id":"https:\/\/gremicafe.cat\/2023\/02\/15\/cafes-tupinamba-ha-posat-en-marxa-un-projecte-dautoconsum-fotovoltaic\/","url":"https:\/\/gremicafe.cat\/2023\/02\/15\/cafes-tupinamba-ha-posat-en-marxa-un-projecte-dautoconsum-fotovoltaic\/","name":"Caf\u00e8s Tupinamba, ha posat en marxa un projecte d'autoconsum fotovoltaic a la seva f\u00e0brica i oficines centrals a Canet de Mar (Barcelona) per a reduir la seva petjada de carboni - Gremi del Caf\u00e8, torradors de Catalunya","isPartOf":{"@id":"https:\/\/gremicafe.cat\/#website"},"primaryImageOfPage":{"@id":"https:\/\/gremicafe.cat\/2023\/02\/15\/cafes-tupinamba-ha-posat-en-marxa-un-projecte-dautoconsum-fotovoltaic\/#primaryimage"},"image":{"@id":"https:\/\/gremicafe.cat\/2023\/02\/15\/cafes-tupinamba-ha-posat-en-marxa-un-projecte-dautoconsum-fotovoltaic\/#primaryimage"},"thumbnailUrl":"https:\/\/gremicafe.cat\/wp-content\/uploads\/2023\/02\/PLAQUES-TUPINAMBA_1200x676.jpg","datePublished":"2023-02-15T09:57:30+00:00","dateModified":"2023-02-16T15:02:36+00:00","breadcrumb":{"@id":"https:\/\/gremicafe.cat\/2023\/02\/15\/cafes-tupinamba-ha-posat-en-marxa-un-projecte-dautoconsum-fotovoltaic\/#breadcrumb"},"inLanguage":"es","potentialAction":[{"@type":"ReadAction","target":["https:\/\/gremicafe.cat\/2023\/02\/15\/cafes-tupinamba-ha-posat-en-marxa-un-projecte-dautoconsum-fotovoltaic\/"]}]},{"@type":"ImageObject","inLanguage":"es","@id":"https:\/\/gremicafe.cat\/2023\/02\/15\/cafes-tupinamba-ha-posat-en-marxa-un-projecte-dautoconsum-fotovoltaic\/#primaryimage","url":"https:\/\/gremicafe.cat\/wp-content\/uploads\/2023\/02\/PLAQUES-TUPINAMBA_1200x676.jpg","contentUrl":"https:\/\/gremicafe.cat\/wp-content\/uploads\/2023\/02\/PLAQUES-TUPINAMBA_1200x676.jpg","width":1200,"height":676},{"@type":"BreadcrumbList","@id":"https:\/\/gremicafe.cat\/2023\/02\/15\/cafes-tupinamba-ha-posat-en-marxa-un-projecte-dautoconsum-fotovoltaic\/#breadcrumb","itemListElement":[{"@type":"ListItem","position":1,"name":"Inici","item":"https:\/\/gremicafe.cat\/"},{"@type":"ListItem","position":2,"name":"Caf\u00e8s Tupinamba, ha posat en marxa un projecte d&#8217;autoconsum fotovoltaic a la seva f\u00e0brica i oficines centrals a Canet de Mar (Barcelona) per a reduir la seva petjada de carboni"}]},{"@type":"WebSite","@id":"https:\/\/gremicafe.cat\/#website","url":"https:\/\/gremicafe.cat\/","name":"Gremio del Caf\u00e9, tostadores de Catalu\u00f1a","description":"Web oficial del gremio de tostadores de caf\u00e9 de Catalunya","publisher":{"@id":"https:\/\/gremicafe.cat\/#organization"},"potentialAction":[{"@type":"SearchAction","target":{"@type":"EntryPoint","urlTemplate":"https:\/\/gremicafe.cat\/?s={search_term_string}"},"query-input":{"@type":"PropertyValueSpecification","valueRequired":true,"valueName":"search_term_string"}}],"inLanguage":"es"},{"@type":"Organization","@id":"https:\/\/gremicafe.cat\/#organization","name":"Gremio del Caf\u00e9, Tostadores de Catalu\u00f1a","url":"https:\/\/gremicafe.cat\/","logo":{"@type":"ImageObject","inLanguage":"es","@id":"https:\/\/gremicafe.cat\/#\/schema\/logo\/image\/","url":"https:\/\/gremicafe.cat\/wp-content\/uploads\/2018\/03\/gremicafe-logo250.png","contentUrl":"https:\/\/gremicafe.cat\/wp-content\/uploads\/2018\/03\/gremicafe-logo250.png","width":250,"height":49,"caption":"Gremi del Caf\u00e8, Torradors de Catalunya"},"image":{"@id":"https:\/\/gremicafe.cat\/#\/schema\/logo\/image\/"},"sameAs":["https:\/\/www.facebook.com\/gremicafecat","https:\/\/x.com\/gremicafecat","https:\/\/www.instagram.com\/gremicafecat\/","https:\/\/www.pinterest.es\/gremicafecat\/","https:\/\/www.youtube.com\/channel\/UCGLo5Y35vLwLvP4FrPZrCrw\/"]},{"@type":"Person","@id":"https:\/\/gremicafe.cat\/#\/schema\/person\/dabfdbb3d0fa36260855a380f94e4733","name":"gremicafe","image":{"@type":"ImageObject","inLanguage":"es","@id":"https:\/\/gremicafe.cat\/#\/schema\/person\/image\/","url":"https:\/\/secure.gravatar.com\/avatar\/e59baa4ca8f6f97576d6375fb6d3c8f0?s=96&d=mm&r=g","contentUrl":"https:\/\/secure.gravatar.com\/avatar\/e59baa4ca8f6f97576d6375fb6d3c8f0?s=96&d=mm&r=g","caption":"gremicafe"}}]}},"_links":{"self":[{"href":"https:\/\/gremicafe.cat\/es\/wp-json\/wp\/v2\/posts\/6812"}],"collection":[{"href":"https:\/\/gremicafe.cat\/es\/wp-json\/wp\/v2\/posts"}],"about":[{"href":"https:\/\/gremicafe.cat\/es\/wp-json\/wp\/v2\/types\/post"}],"author":[{"embeddable":true,"href":"https:\/\/gremicafe.cat\/es\/wp-json\/wp\/v2\/users\/1"}],"replies":[{"embeddable":true,"href":"https:\/\/gremicafe.cat\/es\/wp-json\/wp\/v2\/comments?post=6812"}],"version-history":[{"count":0,"href":"https:\/\/gremicafe.cat\/es\/wp-json\/wp\/v2\/posts\/6812\/revisions"}],"wp:featuredmedia":[{"embeddable":true,"href":"https:\/\/gremicafe.cat\/es\/wp-json\/wp\/v2\/media\/6817"}],"wp:attachment":[{"href":"https:\/\/gremicafe.cat\/es\/wp-json\/wp\/v2\/media?parent=6812"}],"wp:term":[{"taxonomy":"category","embeddable":true,"href":"https:\/\/gremicafe.cat\/es\/wp-json\/wp\/v2\/categories?post=6812"},{"taxonomy":"post_tag","embeddable":true,"href":"https:\/\/gremicafe.cat\/es\/wp-json\/wp\/v2\/tags?post=6812"}],"curies":[{"name":"wp","href":"https:\/\/api.w.org\/{rel}","templated":true}]}}