{"id":6819,"date":"2023-02-17T09:29:57","date_gmt":"2023-02-17T08:29:57","guid":{"rendered":"https:\/\/gremicafe.cat\/?p=6819"},"modified":"2023-02-17T09:52:23","modified_gmt":"2023-02-17T08:52:23","slug":"dibarcafe-renova-la-seva-imatge-corporativa","status":"publish","type":"post","link":"https:\/\/gremicafe.cat\/es\/2023\/02\/17\/dibarcafe-renova-la-seva-imatge-corporativa\/","title":{"rendered":"DIBARCAF\u00c9 renueva su imagen corporativa"},"content":{"rendered":"<div id=\"ut-row-69f438883226f\" data-vc-full-width=\"true\" data-vc-full-width-init=\"false\" class=\"vc_row wpb_row vc_row-fluid vc_column-gap-0 ut-row-69f4388832282\" ><div class=\"wpb_column vc_column_container vc_col-sm-12\" ><div id=\"ut_inner_column_69f4388832ec5\" class=\"vc_column-inner \"><div class=\"wpb_wrapper\">\n\t<div class=\"wpb_text_column wpb_content_element \" >\n\t\t<div class=\"wpb_wrapper\">\n\t\t\t<div class=\"\">\n<p class=\"p1\">\n<\/div>\n<div style=\"width: 900px;\" class=\"wp-video\"><!--[if lt IE 9]><script>document.createElement('video');<\/script><![endif]-->\n<video class=\"wp-video-shortcode\" id=\"video-6819-1\" width=\"900\" height=\"1590\" loop=\"1\" autoplay=\"1\" preload=\"metadata\" controls=\"controls\"><source type=\"video\/mp4\" src=\"https:\/\/gremicafe.cat\/wp-content\/uploads\/2023\/02\/WhatsApp-Video-2023-02-15-at-15.27.08.mp4?_=1\" \/><a href=\"https:\/\/gremicafe.cat\/wp-content\/uploads\/2023\/02\/WhatsApp-Video-2023-02-15-at-15.27.08.mp4\">https:\/\/gremicafe.cat\/wp-content\/uploads\/2023\/02\/WhatsApp-Video-2023-02-15-at-15.27.08.mp4<\/a><\/video><\/div>\n<div class=\"\">\n<p>&nbsp;<\/p>\n<p class=\"p1\"><strong>Dibarcaf\u00e9<\/strong>, empresa torradora de caf\u00e8 de Barcelona amb m\u00e9s de cent anys d\u2019hist\u00f2ria, <strong>ha actualitzat la seva imatge corporativa i ha renovat el logotip i el packaging dels seus productes<\/strong> amb una imatge m\u00e9s actual, amb m\u00e9s for\u00e7a i amb m\u00e9s visibilitat.<\/p>\n<\/div>\n<p>&nbsp;<\/p>\n<p>Visita la seva web i descobreix tots els seus productes <a href=\"https:\/\/www.dibarcafe.com\/\" target=\"_blank\" rel=\"noopener\">aqu\u00ed<\/a>.<\/p>\n<p>&nbsp;<\/p>\n<div class=\"\">\n<p>&nbsp;<\/p>\n<\/div>\n\n            <style type='text\/css'>\n                #gallery-1 {\n                    margin: auto;\n                }\n                #gallery-1 .gallery-item {\n                    float: left;\n                    margin-top: 10px;\n                    text-align: center;\n                    width: 33%;\n                }\n                #gallery-1 img {\n                    border: 2px solid #cfcfcf;\n                }\n                #gallery-1 .gallery-caption {\n                    margin-left: 0;\n                }\n                \n                \n                \n                \/* see gallery_shortcode() in wp-includes\/media.php *\/\n            <\/style>\n\t\t<div id='gallery-1' class='gallery galleryid-6819 gallery-columns-3 gallery-size-full'><dl class='gallery-item'>\n                <dt class='gallery-icon landscape'>\n                    <a href='https:\/\/gremicafe.cat\/es\/2023\/02\/17\/dibarcafe-renova-la-seva-imatge-corporativa\/logo-negatiu\/#main'><img loading=\"lazy\" decoding=\"async\" width=\"2560\" height=\"1811\" src=\"https:\/\/gremicafe.cat\/wp-content\/uploads\/2023\/02\/Logo-negatiu-scaled.jpg\" class=\"attachment-full size-full\" alt=\"\" srcset=\"https:\/\/gremicafe.cat\/wp-content\/uploads\/2023\/02\/Logo-negatiu-scaled.jpg 2560w, https:\/\/gremicafe.cat\/wp-content\/uploads\/2023\/02\/Logo-negatiu-768x543.jpg 768w, https:\/\/gremicafe.cat\/wp-content\/uploads\/2023\/02\/Logo-negatiu-1536x1086.jpg 1536w, https:\/\/gremicafe.cat\/wp-content\/uploads\/2023\/02\/Logo-negatiu-2048x1449.jpg 2048w, https:\/\/gremicafe.cat\/wp-content\/uploads\/2023\/02\/Logo-negatiu-1018x720.jpg 1018w\" sizes=\"(max-width: 2560px) 100vw, 2560px\" \/><\/a>\n                <\/dt><\/dl><dl class='gallery-item'>\n                <dt class='gallery-icon landscape'>\n                    <a href='https:\/\/gremicafe.cat\/es\/2023\/02\/17\/dibarcafe-renova-la-seva-imatge-corporativa\/logo-positiu-fons-blanc\/#main'><img loading=\"lazy\" decoding=\"async\" width=\"2560\" height=\"1811\" src=\"https:\/\/gremicafe.cat\/wp-content\/uploads\/2023\/02\/Logo-positiu-fons-blanc-scaled.jpg\" class=\"attachment-full size-full\" alt=\"\" srcset=\"https:\/\/gremicafe.cat\/wp-content\/uploads\/2023\/02\/Logo-positiu-fons-blanc-scaled.jpg 2560w, https:\/\/gremicafe.cat\/wp-content\/uploads\/2023\/02\/Logo-positiu-fons-blanc-768x543.jpg 768w, https:\/\/gremicafe.cat\/wp-content\/uploads\/2023\/02\/Logo-positiu-fons-blanc-1536x1086.jpg 1536w, https:\/\/gremicafe.cat\/wp-content\/uploads\/2023\/02\/Logo-positiu-fons-blanc-2048x1449.jpg 2048w, https:\/\/gremicafe.cat\/wp-content\/uploads\/2023\/02\/Logo-positiu-fons-blanc-1018x720.jpg 1018w\" sizes=\"(max-width: 2560px) 100vw, 2560px\" \/><\/a>\n                <\/dt><\/dl><dl class='gallery-item'>\n                <dt class='gallery-icon landscape'>\n                    <a href='https:\/\/gremicafe.cat\/es\/2023\/02\/17\/dibarcafe-renova-la-seva-imatge-corporativa\/logo-positiu-fons-crema\/#main'><img loading=\"lazy\" decoding=\"async\" width=\"2560\" height=\"1811\" src=\"https:\/\/gremicafe.cat\/wp-content\/uploads\/2023\/02\/Logo-positiu-fons-crema-scaled.jpg\" class=\"attachment-full size-full\" alt=\"\" srcset=\"https:\/\/gremicafe.cat\/wp-content\/uploads\/2023\/02\/Logo-positiu-fons-crema-scaled.jpg 2560w, https:\/\/gremicafe.cat\/wp-content\/uploads\/2023\/02\/Logo-positiu-fons-crema-768x543.jpg 768w, https:\/\/gremicafe.cat\/wp-content\/uploads\/2023\/02\/Logo-positiu-fons-crema-1536x1086.jpg 1536w, https:\/\/gremicafe.cat\/wp-content\/uploads\/2023\/02\/Logo-positiu-fons-crema-2048x1449.jpg 2048w, https:\/\/gremicafe.cat\/wp-content\/uploads\/2023\/02\/Logo-positiu-fons-crema-1018x720.jpg 1018w\" sizes=\"(max-width: 2560px) 100vw, 2560px\" \/><\/a>\n                <\/dt><\/dl><br style=\"clear: both\" \/><\/div>\n\n<div class=\"\">\n<p>&nbsp;<\/p>\n<\/div>\n\n\t\t<\/div>\n\t<\/div>\n<\/div><\/div><\/div><\/div><div class=\"vc_row-full-width vc_clearfix\"><\/div>\n","protected":false},"excerpt":{"rendered":"https:\/\/gremicafe.cat\/wp-content\/uploads\/2023\/02\/WhatsApp-Video-2023-02-15-at-15.27.08.mp4 &nbsp; Dibarcaf\u00e9, empresa torradora de caf\u00e8 de Barcelona amb m\u00e9s de cent anys d\u2019hist\u00f2ria, ha actualitzat la seva imatge corporativa i ha renovat el logotip i el packaging dels seus productes amb una imatge m\u00e9s actual, amb m\u00e9s for\u00e7a i amb m\u00e9s visibilitat. &nbsp; Visita la seva web i descobreix tots els seus productes [...]","protected":false},"author":1,"featured_media":6821,"comment_status":"closed","ping_status":"open","sticky":false,"template":"","format":"standard","meta":{"_acf_changed":false,"inline_featured_image":false,"footnotes":""},"categories":[1],"tags":[],"class_list":["post-6819","post","type-post","status-publish","format-standard","has-post-thumbnail","hentry","category-noticies"],"acf":[],"yoast_head":"<!-- This site is optimized with the Yoast SEO plugin v25.5 - https:\/\/yoast.com\/wordpress\/plugins\/seo\/ -->\n<title>DIBARCAF\u00c9 renova la seva imatge corporativa - Gremi del Caf\u00e8, torradors de Catalunya<\/title>\n<meta name=\"robots\" content=\"index, follow, max-snippet:-1, max-image-preview:large, max-video-preview:-1\" \/>\n<link rel=\"canonical\" href=\"https:\/\/gremicafe.cat\/es\/2023\/02\/17\/dibarcafe-renova-la-seva-imatge-corporativa\/\" \/>\n<meta property=\"og:locale\" content=\"es_ES\" \/>\n<meta property=\"og:type\" content=\"article\" \/>\n<meta property=\"og:title\" content=\"DIBARCAF\u00c9 renova la seva imatge corporativa - Gremi del Caf\u00e8, torradors de Catalunya\" \/>\n<meta property=\"og:url\" content=\"https:\/\/gremicafe.cat\/es\/2023\/02\/17\/dibarcafe-renova-la-seva-imatge-corporativa\/\" \/>\n<meta property=\"og:site_name\" content=\"Gremi del Caf\u00e8, torradors de Catalunya\" \/>\n<meta property=\"article:publisher\" content=\"https:\/\/www.facebook.com\/gremicafecat\" \/>\n<meta property=\"article:published_time\" content=\"2023-02-17T08:29:57+00:00\" \/>\n<meta property=\"article:modified_time\" content=\"2023-02-17T08:52:23+00:00\" \/>\n<meta property=\"og:image\" content=\"https:\/\/gremicafe.cat\/wp-content\/uploads\/2023\/02\/Logo-negatiu-scaled.jpg\" \/>\n\t<meta property=\"og:image:width\" content=\"2560\" \/>\n\t<meta property=\"og:image:height\" content=\"1811\" \/>\n\t<meta property=\"og:image:type\" content=\"image\/jpeg\" \/>\n<meta name=\"author\" content=\"gremicafe\" \/>\n<meta name=\"twitter:card\" content=\"summary_large_image\" \/>\n<meta name=\"twitter:creator\" content=\"@gremicafecat\" \/>\n<meta name=\"twitter:site\" content=\"@gremicafecat\" \/>\n<meta name=\"twitter:label1\" content=\"Escrito por\" \/>\n\t<meta name=\"twitter:data1\" content=\"gremicafe\" \/>\n\t<meta name=\"twitter:label2\" content=\"Tiempo de lectura\" \/>\n\t<meta name=\"twitter:data2\" content=\"1 minuto\" \/>\n<script type=\"application\/ld+json\" class=\"yoast-schema-graph\">{\"@context\":\"https:\/\/schema.org\",\"@graph\":[{\"@type\":\"Article\",\"@id\":\"https:\/\/gremicafe.cat\/2023\/02\/17\/dibarcafe-renova-la-seva-imatge-corporativa\/#article\",\"isPartOf\":{\"@id\":\"https:\/\/gremicafe.cat\/2023\/02\/17\/dibarcafe-renova-la-seva-imatge-corporativa\/\"},\"author\":{\"name\":\"gremicafe\",\"@id\":\"https:\/\/gremicafe.cat\/#\/schema\/person\/dabfdbb3d0fa36260855a380f94e4733\"},\"headline\":\"DIBARCAF\u00c9 renova la seva imatge corporativa\",\"datePublished\":\"2023-02-17T08:29:57+00:00\",\"dateModified\":\"2023-02-17T08:52:23+00:00\",\"mainEntityOfPage\":{\"@id\":\"https:\/\/gremicafe.cat\/2023\/02\/17\/dibarcafe-renova-la-seva-imatge-corporativa\/\"},\"wordCount\":108,\"publisher\":{\"@id\":\"https:\/\/gremicafe.cat\/#organization\"},\"image\":{\"@id\":\"https:\/\/gremicafe.cat\/2023\/02\/17\/dibarcafe-renova-la-seva-imatge-corporativa\/#primaryimage\"},\"thumbnailUrl\":\"https:\/\/gremicafe.cat\/wp-content\/uploads\/2023\/02\/Logo-negatiu-scaled.jpg\",\"articleSection\":[\"Not\u00edcies\"],\"inLanguage\":\"es\"},{\"@type\":\"WebPage\",\"@id\":\"https:\/\/gremicafe.cat\/2023\/02\/17\/dibarcafe-renova-la-seva-imatge-corporativa\/\",\"url\":\"https:\/\/gremicafe.cat\/2023\/02\/17\/dibarcafe-renova-la-seva-imatge-corporativa\/\",\"name\":\"DIBARCAF\u00c9 renova la seva imatge corporativa - Gremi del Caf\u00e8, torradors de Catalunya\",\"isPartOf\":{\"@id\":\"https:\/\/gremicafe.cat\/#website\"},\"primaryImageOfPage\":{\"@id\":\"https:\/\/gremicafe.cat\/2023\/02\/17\/dibarcafe-renova-la-seva-imatge-corporativa\/#primaryimage\"},\"image\":{\"@id\":\"https:\/\/gremicafe.cat\/2023\/02\/17\/dibarcafe-renova-la-seva-imatge-corporativa\/#primaryimage\"},\"thumbnailUrl\":\"https:\/\/gremicafe.cat\/wp-content\/uploads\/2023\/02\/Logo-negatiu-scaled.jpg\",\"datePublished\":\"2023-02-17T08:29:57+00:00\",\"dateModified\":\"2023-02-17T08:52:23+00:00\",\"breadcrumb\":{\"@id\":\"https:\/\/gremicafe.cat\/2023\/02\/17\/dibarcafe-renova-la-seva-imatge-corporativa\/#breadcrumb\"},\"inLanguage\":\"es\",\"potentialAction\":[{\"@type\":\"ReadAction\",\"target\":[\"https:\/\/gremicafe.cat\/2023\/02\/17\/dibarcafe-renova-la-seva-imatge-corporativa\/\"]}]},{\"@type\":\"ImageObject\",\"inLanguage\":\"es\",\"@id\":\"https:\/\/gremicafe.cat\/2023\/02\/17\/dibarcafe-renova-la-seva-imatge-corporativa\/#primaryimage\",\"url\":\"https:\/\/gremicafe.cat\/wp-content\/uploads\/2023\/02\/Logo-negatiu-scaled.jpg\",\"contentUrl\":\"https:\/\/gremicafe.cat\/wp-content\/uploads\/2023\/02\/Logo-negatiu-scaled.jpg\",\"width\":2560,\"height\":1811},{\"@type\":\"BreadcrumbList\",\"@id\":\"https:\/\/gremicafe.cat\/2023\/02\/17\/dibarcafe-renova-la-seva-imatge-corporativa\/#breadcrumb\",\"itemListElement\":[{\"@type\":\"ListItem\",\"position\":1,\"name\":\"Inici\",\"item\":\"https:\/\/gremicafe.cat\/\"},{\"@type\":\"ListItem\",\"position\":2,\"name\":\"DIBARCAF\u00c9 renova la seva imatge corporativa\"}]},{\"@type\":\"WebSite\",\"@id\":\"https:\/\/gremicafe.cat\/#website\",\"url\":\"https:\/\/gremicafe.cat\/\",\"name\":\"Gremi del Caf\u00e8, torradors de Catalunya\",\"description\":\"Web oficial del gremi de torradors de caf\u00e8 de Catalunya\",\"publisher\":{\"@id\":\"https:\/\/gremicafe.cat\/#organization\"},\"potentialAction\":[{\"@type\":\"SearchAction\",\"target\":{\"@type\":\"EntryPoint\",\"urlTemplate\":\"https:\/\/gremicafe.cat\/?s={search_term_string}\"},\"query-input\":{\"@type\":\"PropertyValueSpecification\",\"valueRequired\":true,\"valueName\":\"search_term_string\"}}],\"inLanguage\":\"es\"},{\"@type\":\"Organization\",\"@id\":\"https:\/\/gremicafe.cat\/#organization\",\"name\":\"Gremi del Caf\u00e8, Torradors de Catalunya\",\"url\":\"https:\/\/gremicafe.cat\/\",\"logo\":{\"@type\":\"ImageObject\",\"inLanguage\":\"es\",\"@id\":\"https:\/\/gremicafe.cat\/#\/schema\/logo\/image\/\",\"url\":\"https:\/\/gremicafe.cat\/wp-content\/uploads\/2018\/03\/gremicafe-logo250.png\",\"contentUrl\":\"https:\/\/gremicafe.cat\/wp-content\/uploads\/2018\/03\/gremicafe-logo250.png\",\"width\":250,\"height\":49,\"caption\":\"Gremi del Caf\u00e8, Torradors de Catalunya\"},\"image\":{\"@id\":\"https:\/\/gremicafe.cat\/#\/schema\/logo\/image\/\"},\"sameAs\":[\"https:\/\/www.facebook.com\/gremicafecat\",\"https:\/\/x.com\/gremicafecat\",\"https:\/\/www.instagram.com\/gremicafecat\/\",\"https:\/\/www.pinterest.es\/gremicafecat\/\",\"https:\/\/www.youtube.com\/channel\/UCGLo5Y35vLwLvP4FrPZrCrw\/\"]},{\"@type\":\"Person\",\"@id\":\"https:\/\/gremicafe.cat\/#\/schema\/person\/dabfdbb3d0fa36260855a380f94e4733\",\"name\":\"gremicafe\",\"image\":{\"@type\":\"ImageObject\",\"inLanguage\":\"es\",\"@id\":\"https:\/\/gremicafe.cat\/#\/schema\/person\/image\/\",\"url\":\"https:\/\/secure.gravatar.com\/avatar\/e59baa4ca8f6f97576d6375fb6d3c8f0?s=96&d=mm&r=g\",\"contentUrl\":\"https:\/\/secure.gravatar.com\/avatar\/e59baa4ca8f6f97576d6375fb6d3c8f0?s=96&d=mm&r=g\",\"caption\":\"gremicafe\"}}]}<\/script>\n<!-- \/ Yoast SEO plugin. -->","yoast_head_json":{"title":"DIBARCAF\u00c9 renova la seva imatge corporativa - Gremi del Caf\u00e8, torradors de Catalunya","robots":{"index":"index","follow":"follow","max-snippet":"max-snippet:-1","max-image-preview":"max-image-preview:large","max-video-preview":"max-video-preview:-1"},"canonical":"https:\/\/gremicafe.cat\/es\/2023\/02\/17\/dibarcafe-renova-la-seva-imatge-corporativa\/","og_locale":"es_ES","og_type":"article","og_title":"DIBARCAF\u00c9 renova la seva imatge corporativa - Gremi del Caf\u00e8, torradors de Catalunya","og_url":"https:\/\/gremicafe.cat\/es\/2023\/02\/17\/dibarcafe-renova-la-seva-imatge-corporativa\/","og_site_name":"Gremi del Caf\u00e8, torradors de Catalunya","article_publisher":"https:\/\/www.facebook.com\/gremicafecat","article_published_time":"2023-02-17T08:29:57+00:00","article_modified_time":"2023-02-17T08:52:23+00:00","og_image":[{"width":2560,"height":1811,"url":"https:\/\/gremicafe.cat\/wp-content\/uploads\/2023\/02\/Logo-negatiu-scaled.jpg","type":"image\/jpeg"}],"author":"gremicafe","twitter_card":"summary_large_image","twitter_creator":"@gremicafecat","twitter_site":"@gremicafecat","twitter_misc":{"Escrito por":"gremicafe","Tiempo de lectura":"1 minuto"},"schema":{"@context":"https:\/\/schema.org","@graph":[{"@type":"Article","@id":"https:\/\/gremicafe.cat\/2023\/02\/17\/dibarcafe-renova-la-seva-imatge-corporativa\/#article","isPartOf":{"@id":"https:\/\/gremicafe.cat\/2023\/02\/17\/dibarcafe-renova-la-seva-imatge-corporativa\/"},"author":{"name":"gremicafe","@id":"https:\/\/gremicafe.cat\/#\/schema\/person\/dabfdbb3d0fa36260855a380f94e4733"},"headline":"DIBARCAF\u00c9 renova la seva imatge corporativa","datePublished":"2023-02-17T08:29:57+00:00","dateModified":"2023-02-17T08:52:23+00:00","mainEntityOfPage":{"@id":"https:\/\/gremicafe.cat\/2023\/02\/17\/dibarcafe-renova-la-seva-imatge-corporativa\/"},"wordCount":108,"publisher":{"@id":"https:\/\/gremicafe.cat\/#organization"},"image":{"@id":"https:\/\/gremicafe.cat\/2023\/02\/17\/dibarcafe-renova-la-seva-imatge-corporativa\/#primaryimage"},"thumbnailUrl":"https:\/\/gremicafe.cat\/wp-content\/uploads\/2023\/02\/Logo-negatiu-scaled.jpg","articleSection":["Not\u00edcies"],"inLanguage":"es"},{"@type":"WebPage","@id":"https:\/\/gremicafe.cat\/2023\/02\/17\/dibarcafe-renova-la-seva-imatge-corporativa\/","url":"https:\/\/gremicafe.cat\/2023\/02\/17\/dibarcafe-renova-la-seva-imatge-corporativa\/","name":"DIBARCAF\u00c9 renova la seva imatge corporativa - Gremi del Caf\u00e8, torradors de Catalunya","isPartOf":{"@id":"https:\/\/gremicafe.cat\/#website"},"primaryImageOfPage":{"@id":"https:\/\/gremicafe.cat\/2023\/02\/17\/dibarcafe-renova-la-seva-imatge-corporativa\/#primaryimage"},"image":{"@id":"https:\/\/gremicafe.cat\/2023\/02\/17\/dibarcafe-renova-la-seva-imatge-corporativa\/#primaryimage"},"thumbnailUrl":"https:\/\/gremicafe.cat\/wp-content\/uploads\/2023\/02\/Logo-negatiu-scaled.jpg","datePublished":"2023-02-17T08:29:57+00:00","dateModified":"2023-02-17T08:52:23+00:00","breadcrumb":{"@id":"https:\/\/gremicafe.cat\/2023\/02\/17\/dibarcafe-renova-la-seva-imatge-corporativa\/#breadcrumb"},"inLanguage":"es","potentialAction":[{"@type":"ReadAction","target":["https:\/\/gremicafe.cat\/2023\/02\/17\/dibarcafe-renova-la-seva-imatge-corporativa\/"]}]},{"@type":"ImageObject","inLanguage":"es","@id":"https:\/\/gremicafe.cat\/2023\/02\/17\/dibarcafe-renova-la-seva-imatge-corporativa\/#primaryimage","url":"https:\/\/gremicafe.cat\/wp-content\/uploads\/2023\/02\/Logo-negatiu-scaled.jpg","contentUrl":"https:\/\/gremicafe.cat\/wp-content\/uploads\/2023\/02\/Logo-negatiu-scaled.jpg","width":2560,"height":1811},{"@type":"BreadcrumbList","@id":"https:\/\/gremicafe.cat\/2023\/02\/17\/dibarcafe-renova-la-seva-imatge-corporativa\/#breadcrumb","itemListElement":[{"@type":"ListItem","position":1,"name":"Inici","item":"https:\/\/gremicafe.cat\/"},{"@type":"ListItem","position":2,"name":"DIBARCAF\u00c9 renova la seva imatge corporativa"}]},{"@type":"WebSite","@id":"https:\/\/gremicafe.cat\/#website","url":"https:\/\/gremicafe.cat\/","name":"Gremio del Caf\u00e9, tostadores de Catalu\u00f1a","description":"Web oficial del gremio de tostadores de caf\u00e9 de Catalunya","publisher":{"@id":"https:\/\/gremicafe.cat\/#organization"},"potentialAction":[{"@type":"SearchAction","target":{"@type":"EntryPoint","urlTemplate":"https:\/\/gremicafe.cat\/?s={search_term_string}"},"query-input":{"@type":"PropertyValueSpecification","valueRequired":true,"valueName":"search_term_string"}}],"inLanguage":"es"},{"@type":"Organization","@id":"https:\/\/gremicafe.cat\/#organization","name":"Gremio del Caf\u00e9, Tostadores de Catalu\u00f1a","url":"https:\/\/gremicafe.cat\/","logo":{"@type":"ImageObject","inLanguage":"es","@id":"https:\/\/gremicafe.cat\/#\/schema\/logo\/image\/","url":"https:\/\/gremicafe.cat\/wp-content\/uploads\/2018\/03\/gremicafe-logo250.png","contentUrl":"https:\/\/gremicafe.cat\/wp-content\/uploads\/2018\/03\/gremicafe-logo250.png","width":250,"height":49,"caption":"Gremi del Caf\u00e8, Torradors de Catalunya"},"image":{"@id":"https:\/\/gremicafe.cat\/#\/schema\/logo\/image\/"},"sameAs":["https:\/\/www.facebook.com\/gremicafecat","https:\/\/x.com\/gremicafecat","https:\/\/www.instagram.com\/gremicafecat\/","https:\/\/www.pinterest.es\/gremicafecat\/","https:\/\/www.youtube.com\/channel\/UCGLo5Y35vLwLvP4FrPZrCrw\/"]},{"@type":"Person","@id":"https:\/\/gremicafe.cat\/#\/schema\/person\/dabfdbb3d0fa36260855a380f94e4733","name":"gremicafe","image":{"@type":"ImageObject","inLanguage":"es","@id":"https:\/\/gremicafe.cat\/#\/schema\/person\/image\/","url":"https:\/\/secure.gravatar.com\/avatar\/e59baa4ca8f6f97576d6375fb6d3c8f0?s=96&d=mm&r=g","contentUrl":"https:\/\/secure.gravatar.com\/avatar\/e59baa4ca8f6f97576d6375fb6d3c8f0?s=96&d=mm&r=g","caption":"gremicafe"}}]}},"_links":{"self":[{"href":"https:\/\/gremicafe.cat\/es\/wp-json\/wp\/v2\/posts\/6819"}],"collection":[{"href":"https:\/\/gremicafe.cat\/es\/wp-json\/wp\/v2\/posts"}],"about":[{"href":"https:\/\/gremicafe.cat\/es\/wp-json\/wp\/v2\/types\/post"}],"author":[{"embeddable":true,"href":"https:\/\/gremicafe.cat\/es\/wp-json\/wp\/v2\/users\/1"}],"replies":[{"embeddable":true,"href":"https:\/\/gremicafe.cat\/es\/wp-json\/wp\/v2\/comments?post=6819"}],"version-history":[{"count":0,"href":"https:\/\/gremicafe.cat\/es\/wp-json\/wp\/v2\/posts\/6819\/revisions"}],"wp:featuredmedia":[{"embeddable":true,"href":"https:\/\/gremicafe.cat\/es\/wp-json\/wp\/v2\/media\/6821"}],"wp:attachment":[{"href":"https:\/\/gremicafe.cat\/es\/wp-json\/wp\/v2\/media?parent=6819"}],"wp:term":[{"taxonomy":"category","embeddable":true,"href":"https:\/\/gremicafe.cat\/es\/wp-json\/wp\/v2\/categories?post=6819"},{"taxonomy":"post_tag","embeddable":true,"href":"https:\/\/gremicafe.cat\/es\/wp-json\/wp\/v2\/tags?post=6819"}],"curies":[{"name":"wp","href":"https:\/\/api.w.org\/{rel}","templated":true}]}}