{"id":6852,"date":"2023-02-21T13:04:28","date_gmt":"2023-02-21T12:04:28","guid":{"rendered":"https:\/\/gremicafe.cat\/?p=6852"},"modified":"2023-02-21T13:06:08","modified_gmt":"2023-02-21T12:06:08","slug":"el-president-del-gremi-del-cafe-al-tren-de-la-historia","status":"publish","type":"post","link":"https:\/\/gremicafe.cat\/es\/2023\/02\/21\/el-president-del-gremi-del-cafe-al-tren-de-la-historia\/","title":{"rendered":"El presidente del Gremio del Caf\u00e9 en el Tren de la Historia"},"content":{"rendered":"<div id=\"ut-row-69f423174826c\" data-vc-full-width=\"true\" data-vc-full-width-init=\"false\" class=\"vc_row wpb_row vc_row-fluid vc_column-gap-0 ut-row-69f423174827d\" ><div class=\"wpb_column vc_column_container vc_col-sm-12\" ><div id=\"ut_inner_column_69f42317489c6\" class=\"vc_column-inner\"><div class=\"wpb_wrapper\">\n\t<div class=\"wpb_text_column wpb_content_element\" >\n\t\t<div class=\"wpb_wrapper\">\n\t\t\t<div class=\"\">\n<p class=\"p1\"><strong><span class=\"s1\"><img loading=\"lazy\" decoding=\"async\" class=\"aligncenter wp-image-6854 size-full\" src=\"https:\/\/gremicafe.cat\/wp-content\/uploads\/2023\/02\/Erausquin-al-Tren-de-la-Historia.jpg\" alt=\"\" width=\"1080\" height=\"1350\" srcset=\"https:\/\/gremicafe.cat\/wp-content\/uploads\/2023\/02\/Erausquin-al-Tren-de-la-Historia.jpg 1080w, https:\/\/gremicafe.cat\/wp-content\/uploads\/2023\/02\/Erausquin-al-Tren-de-la-Historia-768x960.jpg 768w, https:\/\/gremicafe.cat\/wp-content\/uploads\/2023\/02\/Erausquin-al-Tren-de-la-Historia-576x720.jpg 576w\" sizes=\"(max-width: 1080px) 100vw, 1080px\" \/><\/span><\/strong><\/p>\n<p>&nbsp;<\/p>\n<blockquote>\n<p class=\"p1\"><span style=\"color: #000000;\"><strong><span class=\"s1\" style=\"color: #000000;\">Xavier de Erausquin, presidente del Gremio de Tostadores de Caf\u00e9 de Catalu\u00f1a, ha participado en el programa El Tren de la Historia.<\/span><\/strong><\/span><\/p>\n<\/blockquote>\n<p class=\"p1\"><span class=\"s1\">El programa, de contenido divulgativo cultural, se emite desde los estudios de R\u00e0dio Barcelona \u2013 SER Catalunya y se puede escuchar en P\u00f3dcast.<\/span><\/p>\n<p class=\"p1\"><span class=\"s1\">El motivo de la conversaci\u00f3n con el presidente del Gremio del Caf\u00e9 y tostador de la empresa BRACAF\u00c9, ha sido<strong> la historia del caf\u00e9 en Catalu\u00f1a y de c\u00f3mo el caf\u00e9 se hizo popular en Catalu\u00f1a desde el siglo XVII<\/strong>.<\/span><\/p>\n<p class=\"p1\"><span class=\"s1\">El Tren de la Historia es un proyecto de divulgaci\u00f3n hist\u00f3rica multiplataforma de El Peri\u00f3dico y de SER Catalunya dirigido por Xavier Carmaniu.<\/span><\/p>\n<p>&nbsp;<\/p>\n<p class=\"p1\"><span class=\"s1\">Escucha el <a href=\"https:\/\/linktr.ee\/trenhistoria\" target=\"_blank\" rel=\"noopener\">Tren de la Historia<\/a> o lee el art\u00edculo en <a href=\"https:\/\/www.elperiodico.cat\/ca\/oci-i-cultura\/20230212\/vells-cafes-llocs-trobada-literatura-82738397\" target=\"_blank\" rel=\"noopener\">El Periodico<\/a>.<\/span><\/p>\n<p>&nbsp;<\/p>\n<\/div>\n\n\t\t<\/div>\n\t<\/div>\n<\/div><\/div><\/div><\/div><div class=\"vc_row-full-width vc_clearfix\"><\/div>","protected":false},"excerpt":{"rendered":"&nbsp; Xavier de Erausquin, president del Gremi de Torradors de Caf\u00e8 de Catalunya, ha participat en el programa El Tren de la Hist\u00f2ria. El programa, de contingut divulgatiu cultural, s'emet des dels estudis de R\u00e0dio Barcelona - SER Catalunya i es pot escoltar en P\u00f2dcast. El motiu de la conversa amb el president del Gremi [...]","protected":false},"author":1,"featured_media":6854,"comment_status":"closed","ping_status":"open","sticky":false,"template":"","format":"standard","meta":{"_acf_changed":false,"inline_featured_image":false,"footnotes":""},"categories":[1],"tags":[],"class_list":["post-6852","post","type-post","status-publish","format-standard","has-post-thumbnail","hentry","category-noticies"],"acf":[],"yoast_head":"<!-- This site is optimized with the Yoast SEO plugin v25.5 - https:\/\/yoast.com\/wordpress\/plugins\/seo\/ -->\n<title>El president del Gremi del Caf\u00e8 al Tren de la Hist\u00f2ria - Gremi del Caf\u00e8, torradors de Catalunya<\/title>\n<meta name=\"robots\" content=\"index, follow, max-snippet:-1, max-image-preview:large, max-video-preview:-1\" \/>\n<link rel=\"canonical\" href=\"https:\/\/gremicafe.cat\/es\/2023\/02\/21\/el-president-del-gremi-del-cafe-al-tren-de-la-historia\/\" \/>\n<meta property=\"og:locale\" content=\"es_ES\" \/>\n<meta property=\"og:type\" content=\"article\" \/>\n<meta property=\"og:title\" content=\"El president del Gremi del Caf\u00e8 al Tren de la Hist\u00f2ria - Gremi del Caf\u00e8, torradors de Catalunya\" \/>\n<meta property=\"og:url\" content=\"https:\/\/gremicafe.cat\/es\/2023\/02\/21\/el-president-del-gremi-del-cafe-al-tren-de-la-historia\/\" \/>\n<meta property=\"og:site_name\" content=\"Gremi del Caf\u00e8, torradors de Catalunya\" \/>\n<meta property=\"article:publisher\" content=\"https:\/\/www.facebook.com\/gremicafecat\" \/>\n<meta property=\"article:published_time\" content=\"2023-02-21T12:04:28+00:00\" \/>\n<meta property=\"article:modified_time\" content=\"2023-02-21T12:06:08+00:00\" \/>\n<meta property=\"og:image\" content=\"https:\/\/gremicafe.cat\/wp-content\/uploads\/2023\/02\/Erausquin-al-Tren-de-la-Historia.jpg\" \/>\n\t<meta property=\"og:image:width\" content=\"1080\" \/>\n\t<meta property=\"og:image:height\" content=\"1350\" \/>\n\t<meta property=\"og:image:type\" content=\"image\/jpeg\" \/>\n<meta name=\"author\" content=\"gremicafe\" \/>\n<meta name=\"twitter:card\" content=\"summary_large_image\" \/>\n<meta name=\"twitter:creator\" content=\"@gremicafecat\" \/>\n<meta name=\"twitter:site\" content=\"@gremicafecat\" \/>\n<meta name=\"twitter:label1\" content=\"Escrito por\" \/>\n\t<meta name=\"twitter:data1\" content=\"gremicafe\" \/>\n\t<meta name=\"twitter:label2\" content=\"Tiempo de lectura\" \/>\n\t<meta name=\"twitter:data2\" content=\"1 minuto\" \/>\n<script type=\"application\/ld+json\" class=\"yoast-schema-graph\">{\"@context\":\"https:\/\/schema.org\",\"@graph\":[{\"@type\":\"Article\",\"@id\":\"https:\/\/gremicafe.cat\/2023\/02\/21\/el-president-del-gremi-del-cafe-al-tren-de-la-historia\/#article\",\"isPartOf\":{\"@id\":\"https:\/\/gremicafe.cat\/2023\/02\/21\/el-president-del-gremi-del-cafe-al-tren-de-la-historia\/\"},\"author\":{\"name\":\"gremicafe\",\"@id\":\"https:\/\/gremicafe.cat\/#\/schema\/person\/dabfdbb3d0fa36260855a380f94e4733\"},\"headline\":\"El president del Gremi del Caf\u00e8 al Tren de la Hist\u00f2ria\",\"datePublished\":\"2023-02-21T12:04:28+00:00\",\"dateModified\":\"2023-02-21T12:06:08+00:00\",\"mainEntityOfPage\":{\"@id\":\"https:\/\/gremicafe.cat\/2023\/02\/21\/el-president-del-gremi-del-cafe-al-tren-de-la-historia\/\"},\"wordCount\":157,\"publisher\":{\"@id\":\"https:\/\/gremicafe.cat\/#organization\"},\"image\":{\"@id\":\"https:\/\/gremicafe.cat\/2023\/02\/21\/el-president-del-gremi-del-cafe-al-tren-de-la-historia\/#primaryimage\"},\"thumbnailUrl\":\"https:\/\/gremicafe.cat\/wp-content\/uploads\/2023\/02\/Erausquin-al-Tren-de-la-Historia.jpg\",\"articleSection\":[\"Not\u00edcies\"],\"inLanguage\":\"es\"},{\"@type\":\"WebPage\",\"@id\":\"https:\/\/gremicafe.cat\/2023\/02\/21\/el-president-del-gremi-del-cafe-al-tren-de-la-historia\/\",\"url\":\"https:\/\/gremicafe.cat\/2023\/02\/21\/el-president-del-gremi-del-cafe-al-tren-de-la-historia\/\",\"name\":\"El president del Gremi del Caf\u00e8 al Tren de la Hist\u00f2ria - Gremi del Caf\u00e8, torradors de Catalunya\",\"isPartOf\":{\"@id\":\"https:\/\/gremicafe.cat\/#website\"},\"primaryImageOfPage\":{\"@id\":\"https:\/\/gremicafe.cat\/2023\/02\/21\/el-president-del-gremi-del-cafe-al-tren-de-la-historia\/#primaryimage\"},\"image\":{\"@id\":\"https:\/\/gremicafe.cat\/2023\/02\/21\/el-president-del-gremi-del-cafe-al-tren-de-la-historia\/#primaryimage\"},\"thumbnailUrl\":\"https:\/\/gremicafe.cat\/wp-content\/uploads\/2023\/02\/Erausquin-al-Tren-de-la-Historia.jpg\",\"datePublished\":\"2023-02-21T12:04:28+00:00\",\"dateModified\":\"2023-02-21T12:06:08+00:00\",\"breadcrumb\":{\"@id\":\"https:\/\/gremicafe.cat\/2023\/02\/21\/el-president-del-gremi-del-cafe-al-tren-de-la-historia\/#breadcrumb\"},\"inLanguage\":\"es\",\"potentialAction\":[{\"@type\":\"ReadAction\",\"target\":[\"https:\/\/gremicafe.cat\/2023\/02\/21\/el-president-del-gremi-del-cafe-al-tren-de-la-historia\/\"]}]},{\"@type\":\"ImageObject\",\"inLanguage\":\"es\",\"@id\":\"https:\/\/gremicafe.cat\/2023\/02\/21\/el-president-del-gremi-del-cafe-al-tren-de-la-historia\/#primaryimage\",\"url\":\"https:\/\/gremicafe.cat\/wp-content\/uploads\/2023\/02\/Erausquin-al-Tren-de-la-Historia.jpg\",\"contentUrl\":\"https:\/\/gremicafe.cat\/wp-content\/uploads\/2023\/02\/Erausquin-al-Tren-de-la-Historia.jpg\",\"width\":1080,\"height\":1350},{\"@type\":\"BreadcrumbList\",\"@id\":\"https:\/\/gremicafe.cat\/2023\/02\/21\/el-president-del-gremi-del-cafe-al-tren-de-la-historia\/#breadcrumb\",\"itemListElement\":[{\"@type\":\"ListItem\",\"position\":1,\"name\":\"Inici\",\"item\":\"https:\/\/gremicafe.cat\/\"},{\"@type\":\"ListItem\",\"position\":2,\"name\":\"El president del Gremi del Caf\u00e8 al Tren de la Hist\u00f2ria\"}]},{\"@type\":\"WebSite\",\"@id\":\"https:\/\/gremicafe.cat\/#website\",\"url\":\"https:\/\/gremicafe.cat\/\",\"name\":\"Gremi del Caf\u00e8, torradors de Catalunya\",\"description\":\"Web oficial del gremi de torradors de caf\u00e8 de Catalunya\",\"publisher\":{\"@id\":\"https:\/\/gremicafe.cat\/#organization\"},\"potentialAction\":[{\"@type\":\"SearchAction\",\"target\":{\"@type\":\"EntryPoint\",\"urlTemplate\":\"https:\/\/gremicafe.cat\/?s={search_term_string}\"},\"query-input\":{\"@type\":\"PropertyValueSpecification\",\"valueRequired\":true,\"valueName\":\"search_term_string\"}}],\"inLanguage\":\"es\"},{\"@type\":\"Organization\",\"@id\":\"https:\/\/gremicafe.cat\/#organization\",\"name\":\"Gremi del Caf\u00e8, Torradors de Catalunya\",\"url\":\"https:\/\/gremicafe.cat\/\",\"logo\":{\"@type\":\"ImageObject\",\"inLanguage\":\"es\",\"@id\":\"https:\/\/gremicafe.cat\/#\/schema\/logo\/image\/\",\"url\":\"https:\/\/gremicafe.cat\/wp-content\/uploads\/2018\/03\/gremicafe-logo250.png\",\"contentUrl\":\"https:\/\/gremicafe.cat\/wp-content\/uploads\/2018\/03\/gremicafe-logo250.png\",\"width\":250,\"height\":49,\"caption\":\"Gremi del Caf\u00e8, Torradors de Catalunya\"},\"image\":{\"@id\":\"https:\/\/gremicafe.cat\/#\/schema\/logo\/image\/\"},\"sameAs\":[\"https:\/\/www.facebook.com\/gremicafecat\",\"https:\/\/x.com\/gremicafecat\",\"https:\/\/www.instagram.com\/gremicafecat\/\",\"https:\/\/www.pinterest.es\/gremicafecat\/\",\"https:\/\/www.youtube.com\/channel\/UCGLo5Y35vLwLvP4FrPZrCrw\/\"]},{\"@type\":\"Person\",\"@id\":\"https:\/\/gremicafe.cat\/#\/schema\/person\/dabfdbb3d0fa36260855a380f94e4733\",\"name\":\"gremicafe\",\"image\":{\"@type\":\"ImageObject\",\"inLanguage\":\"es\",\"@id\":\"https:\/\/gremicafe.cat\/#\/schema\/person\/image\/\",\"url\":\"https:\/\/secure.gravatar.com\/avatar\/e59baa4ca8f6f97576d6375fb6d3c8f0?s=96&d=mm&r=g\",\"contentUrl\":\"https:\/\/secure.gravatar.com\/avatar\/e59baa4ca8f6f97576d6375fb6d3c8f0?s=96&d=mm&r=g\",\"caption\":\"gremicafe\"}}]}<\/script>\n<!-- \/ Yoast SEO plugin. -->","yoast_head_json":{"title":"El president del Gremi del Caf\u00e8 al Tren de la Hist\u00f2ria - Gremi del Caf\u00e8, torradors de Catalunya","robots":{"index":"index","follow":"follow","max-snippet":"max-snippet:-1","max-image-preview":"max-image-preview:large","max-video-preview":"max-video-preview:-1"},"canonical":"https:\/\/gremicafe.cat\/es\/2023\/02\/21\/el-president-del-gremi-del-cafe-al-tren-de-la-historia\/","og_locale":"es_ES","og_type":"article","og_title":"El president del Gremi del Caf\u00e8 al Tren de la Hist\u00f2ria - Gremi del Caf\u00e8, torradors de Catalunya","og_url":"https:\/\/gremicafe.cat\/es\/2023\/02\/21\/el-president-del-gremi-del-cafe-al-tren-de-la-historia\/","og_site_name":"Gremi del Caf\u00e8, torradors de Catalunya","article_publisher":"https:\/\/www.facebook.com\/gremicafecat","article_published_time":"2023-02-21T12:04:28+00:00","article_modified_time":"2023-02-21T12:06:08+00:00","og_image":[{"width":1080,"height":1350,"url":"https:\/\/gremicafe.cat\/wp-content\/uploads\/2023\/02\/Erausquin-al-Tren-de-la-Historia.jpg","type":"image\/jpeg"}],"author":"gremicafe","twitter_card":"summary_large_image","twitter_creator":"@gremicafecat","twitter_site":"@gremicafecat","twitter_misc":{"Escrito por":"gremicafe","Tiempo de lectura":"1 minuto"},"schema":{"@context":"https:\/\/schema.org","@graph":[{"@type":"Article","@id":"https:\/\/gremicafe.cat\/2023\/02\/21\/el-president-del-gremi-del-cafe-al-tren-de-la-historia\/#article","isPartOf":{"@id":"https:\/\/gremicafe.cat\/2023\/02\/21\/el-president-del-gremi-del-cafe-al-tren-de-la-historia\/"},"author":{"name":"gremicafe","@id":"https:\/\/gremicafe.cat\/#\/schema\/person\/dabfdbb3d0fa36260855a380f94e4733"},"headline":"El president del Gremi del Caf\u00e8 al Tren de la Hist\u00f2ria","datePublished":"2023-02-21T12:04:28+00:00","dateModified":"2023-02-21T12:06:08+00:00","mainEntityOfPage":{"@id":"https:\/\/gremicafe.cat\/2023\/02\/21\/el-president-del-gremi-del-cafe-al-tren-de-la-historia\/"},"wordCount":157,"publisher":{"@id":"https:\/\/gremicafe.cat\/#organization"},"image":{"@id":"https:\/\/gremicafe.cat\/2023\/02\/21\/el-president-del-gremi-del-cafe-al-tren-de-la-historia\/#primaryimage"},"thumbnailUrl":"https:\/\/gremicafe.cat\/wp-content\/uploads\/2023\/02\/Erausquin-al-Tren-de-la-Historia.jpg","articleSection":["Not\u00edcies"],"inLanguage":"es"},{"@type":"WebPage","@id":"https:\/\/gremicafe.cat\/2023\/02\/21\/el-president-del-gremi-del-cafe-al-tren-de-la-historia\/","url":"https:\/\/gremicafe.cat\/2023\/02\/21\/el-president-del-gremi-del-cafe-al-tren-de-la-historia\/","name":"El president del Gremi del Caf\u00e8 al Tren de la Hist\u00f2ria - Gremi del Caf\u00e8, torradors de Catalunya","isPartOf":{"@id":"https:\/\/gremicafe.cat\/#website"},"primaryImageOfPage":{"@id":"https:\/\/gremicafe.cat\/2023\/02\/21\/el-president-del-gremi-del-cafe-al-tren-de-la-historia\/#primaryimage"},"image":{"@id":"https:\/\/gremicafe.cat\/2023\/02\/21\/el-president-del-gremi-del-cafe-al-tren-de-la-historia\/#primaryimage"},"thumbnailUrl":"https:\/\/gremicafe.cat\/wp-content\/uploads\/2023\/02\/Erausquin-al-Tren-de-la-Historia.jpg","datePublished":"2023-02-21T12:04:28+00:00","dateModified":"2023-02-21T12:06:08+00:00","breadcrumb":{"@id":"https:\/\/gremicafe.cat\/2023\/02\/21\/el-president-del-gremi-del-cafe-al-tren-de-la-historia\/#breadcrumb"},"inLanguage":"es","potentialAction":[{"@type":"ReadAction","target":["https:\/\/gremicafe.cat\/2023\/02\/21\/el-president-del-gremi-del-cafe-al-tren-de-la-historia\/"]}]},{"@type":"ImageObject","inLanguage":"es","@id":"https:\/\/gremicafe.cat\/2023\/02\/21\/el-president-del-gremi-del-cafe-al-tren-de-la-historia\/#primaryimage","url":"https:\/\/gremicafe.cat\/wp-content\/uploads\/2023\/02\/Erausquin-al-Tren-de-la-Historia.jpg","contentUrl":"https:\/\/gremicafe.cat\/wp-content\/uploads\/2023\/02\/Erausquin-al-Tren-de-la-Historia.jpg","width":1080,"height":1350},{"@type":"BreadcrumbList","@id":"https:\/\/gremicafe.cat\/2023\/02\/21\/el-president-del-gremi-del-cafe-al-tren-de-la-historia\/#breadcrumb","itemListElement":[{"@type":"ListItem","position":1,"name":"Inici","item":"https:\/\/gremicafe.cat\/"},{"@type":"ListItem","position":2,"name":"El president del Gremi del Caf\u00e8 al Tren de la Hist\u00f2ria"}]},{"@type":"WebSite","@id":"https:\/\/gremicafe.cat\/#website","url":"https:\/\/gremicafe.cat\/","name":"Gremio del Caf\u00e9, tostadores de Catalu\u00f1a","description":"Web oficial del gremio de tostadores de caf\u00e9 de Catalunya","publisher":{"@id":"https:\/\/gremicafe.cat\/#organization"},"potentialAction":[{"@type":"SearchAction","target":{"@type":"EntryPoint","urlTemplate":"https:\/\/gremicafe.cat\/?s={search_term_string}"},"query-input":{"@type":"PropertyValueSpecification","valueRequired":true,"valueName":"search_term_string"}}],"inLanguage":"es"},{"@type":"Organization","@id":"https:\/\/gremicafe.cat\/#organization","name":"Gremio del Caf\u00e9, Tostadores de Catalu\u00f1a","url":"https:\/\/gremicafe.cat\/","logo":{"@type":"ImageObject","inLanguage":"es","@id":"https:\/\/gremicafe.cat\/#\/schema\/logo\/image\/","url":"https:\/\/gremicafe.cat\/wp-content\/uploads\/2018\/03\/gremicafe-logo250.png","contentUrl":"https:\/\/gremicafe.cat\/wp-content\/uploads\/2018\/03\/gremicafe-logo250.png","width":250,"height":49,"caption":"Gremi del Caf\u00e8, Torradors de Catalunya"},"image":{"@id":"https:\/\/gremicafe.cat\/#\/schema\/logo\/image\/"},"sameAs":["https:\/\/www.facebook.com\/gremicafecat","https:\/\/x.com\/gremicafecat","https:\/\/www.instagram.com\/gremicafecat\/","https:\/\/www.pinterest.es\/gremicafecat\/","https:\/\/www.youtube.com\/channel\/UCGLo5Y35vLwLvP4FrPZrCrw\/"]},{"@type":"Person","@id":"https:\/\/gremicafe.cat\/#\/schema\/person\/dabfdbb3d0fa36260855a380f94e4733","name":"gremicafe","image":{"@type":"ImageObject","inLanguage":"es","@id":"https:\/\/gremicafe.cat\/#\/schema\/person\/image\/","url":"https:\/\/secure.gravatar.com\/avatar\/e59baa4ca8f6f97576d6375fb6d3c8f0?s=96&d=mm&r=g","contentUrl":"https:\/\/secure.gravatar.com\/avatar\/e59baa4ca8f6f97576d6375fb6d3c8f0?s=96&d=mm&r=g","caption":"gremicafe"}}]}},"_links":{"self":[{"href":"https:\/\/gremicafe.cat\/es\/wp-json\/wp\/v2\/posts\/6852"}],"collection":[{"href":"https:\/\/gremicafe.cat\/es\/wp-json\/wp\/v2\/posts"}],"about":[{"href":"https:\/\/gremicafe.cat\/es\/wp-json\/wp\/v2\/types\/post"}],"author":[{"embeddable":true,"href":"https:\/\/gremicafe.cat\/es\/wp-json\/wp\/v2\/users\/1"}],"replies":[{"embeddable":true,"href":"https:\/\/gremicafe.cat\/es\/wp-json\/wp\/v2\/comments?post=6852"}],"version-history":[{"count":0,"href":"https:\/\/gremicafe.cat\/es\/wp-json\/wp\/v2\/posts\/6852\/revisions"}],"wp:featuredmedia":[{"embeddable":true,"href":"https:\/\/gremicafe.cat\/es\/wp-json\/wp\/v2\/media\/6854"}],"wp:attachment":[{"href":"https:\/\/gremicafe.cat\/es\/wp-json\/wp\/v2\/media?parent=6852"}],"wp:term":[{"taxonomy":"category","embeddable":true,"href":"https:\/\/gremicafe.cat\/es\/wp-json\/wp\/v2\/categories?post=6852"},{"taxonomy":"post_tag","embeddable":true,"href":"https:\/\/gremicafe.cat\/es\/wp-json\/wp\/v2\/tags?post=6852"}],"curies":[{"name":"wp","href":"https:\/\/api.w.org\/{rel}","templated":true}]}}