{"id":6863,"date":"2023-03-14T16:48:03","date_gmt":"2023-03-14T15:48:03","guid":{"rendered":"https:\/\/gremicafe.cat\/?p=6863"},"modified":"2023-03-14T16:55:41","modified_gmt":"2023-03-14T15:55:41","slug":"disminueixen-un-terc-les-exportacions-de-cafe-del-brasil-al-febrer","status":"publish","type":"post","link":"https:\/\/gremicafe.cat\/es\/2023\/03\/14\/disminueixen-un-terc-les-exportacions-de-cafe-del-brasil-al-febrer\/","title":{"rendered":"Disminuyen un tercio las exportaciones de caf\u00e9 de Brasil en febrero"},"content":{"rendered":"<div id=\"ut-row-69f5c5640d71d\" data-vc-full-width=\"true\" data-vc-full-width-init=\"false\" class=\"vc_row wpb_row vc_row-fluid vc_column-gap-0 ut-row-69f5c5640d72b\" ><div class=\"wpb_column vc_column_container vc_col-sm-12\" ><div id=\"ut_inner_column_69f5c5640dd77\" class=\"vc_column-inner\"><div class=\"wpb_wrapper\">\n\t<div class=\"wpb_text_column wpb_content_element\" >\n\t\t<div class=\"wpb_wrapper\">\n\t\t\t<div class=\"\">\n<p><img loading=\"lazy\" decoding=\"async\" class=\"wp-image-6864 size-full\" src=\"https:\/\/gremicafe.cat\/wp-content\/uploads\/2023\/03\/cafeBrasil-GremiCafe.jpg\" alt=\"Not\u00edcia caf\u00e8 del Brasil\" width=\"1080\" height=\"1080\" srcset=\"https:\/\/gremicafe.cat\/wp-content\/uploads\/2023\/03\/cafeBrasil-GremiCafe.jpg 1080w, https:\/\/gremicafe.cat\/wp-content\/uploads\/2023\/03\/cafeBrasil-GremiCafe-300x300.jpg 300w, https:\/\/gremicafe.cat\/wp-content\/uploads\/2023\/03\/cafeBrasil-GremiCafe-150x150.jpg 150w, https:\/\/gremicafe.cat\/wp-content\/uploads\/2023\/03\/cafeBrasil-GremiCafe-768x768.jpg 768w, https:\/\/gremicafe.cat\/wp-content\/uploads\/2023\/03\/cafeBrasil-GremiCafe-720x720.jpg 720w\" sizes=\"(max-width: 1080px) 100vw, 1080px\" \/><\/p>\n<p>&nbsp;<\/p>\n<blockquote>\n<p class=\"p1\"><span style=\"color: #333333;\"><strong><span class=\"s1\" style=\"color: #333333;\">Las exportaciones de caf\u00e9 verde fueron un 35,8% inferiores a 2.110.972 bolsas, de las que 2.027.611 de Ar\u00e1bica (-35,5%) y 83.361 de Robusta (-42,1%). Las ventas de caf\u00e9 procesado ascendieron a 285.012 bolsas (-5,3%)<\/span><\/strong><\/span><\/p>\n<\/blockquote>\n<p class=\"p1\"><span class=\"s1\">MIL\u00c1NO \u2013 Las exportaciones de caf\u00e9 de Brasil cayeron fuertemente en febrero, alcanzando su nivel m\u00e1s bajo desde 2013. Seg\u00fan los datos publicados recientemente por el Consejo de Exportadores de Caf\u00e9 de Brasil (Cecaf\u00e9), el pa\u00eds envi\u00f3 el mes pasado 2.395 .984 bolsas de 60 kg de todas las formas de caf\u00e9, una disminuci\u00f3n del 33,3% durante el a\u00f1o.<\/span><\/p>\n<p class=\"p1\"><span class=\"s1\">El presidente de Cecaf\u00e9, Marcio Ferreira, dijo en un comunicado que, pese a la reciente recuperaci\u00f3n de los precios del caf\u00e9 ar\u00e1biga en Nueva York KCc2, las tarifas internacionales actuales son m\u00e1s bajas que en Brasil, lo que lleva a los productores de caf\u00e9 a vender localmente o no vender nada.<\/span><\/p>\n<p class=\"p1\"><span class=\"s1\">Ferreira tambi\u00e9n se\u00f1al\u00f3 que los comerciantes internacionales intentan obtener caf\u00e9 en los pa\u00edses de destino, buscando acciones restantes con un precio cercano a los futuros de Nueva York. Los vol\u00famenes de exportaci\u00f3n tambi\u00e9n se vieron afectados por una demanda sostenida y creciente de caf\u00e9 Robusta en el mercado nacional.<\/span><\/p>\n<p class=\"p1\"><span class=\"s1\">&quot;Es una situaci\u00f3n que es probable que contin\u00fae hasta alrededor de junio o julio, cuando la nueva cosecha (brasile\u00f1a) llegue al mercado&quot;, dijo.<\/span><\/p>\n<p>&nbsp;<\/p>\n<p class=\"p1\"><span class=\"s1\">Lea la noticia entera en <a href=\"https:\/\/www.comunicaffe.com\/brazil-coffee-exports-fell-by-a-third-in-february-reports-cecafe\/\" target=\"_blank\" rel=\"noopener\">www.comunicaffe.com<\/a><\/span><\/p>\n<p>&nbsp;<\/p>\n<\/div>\n\n\t\t<\/div>\n\t<\/div>\n<\/div><\/div><\/div><\/div><div class=\"vc_row-full-width vc_clearfix\"><\/div>","protected":false},"excerpt":{"rendered":"&nbsp; Les exportacions de caf\u00e8 verd van ser un 35,8% inferiors a 2.110.972 bosses, de les quals 2.027.611 d'Ar\u00e0bica (-35,5%) i 83.361 de Robusta (-42,1%). Les vendes de caf\u00e8 processat van ascendir a 285.012 bosses (-5,3%) MIL\u00c0 \u2013 Les exportacions de caf\u00e8 del Brasil van caure fortament al febrer, arribant al seu nivell m\u00e9s baix [...]","protected":false},"author":1,"featured_media":6864,"comment_status":"closed","ping_status":"open","sticky":false,"template":"","format":"standard","meta":{"_acf_changed":false,"inline_featured_image":false,"footnotes":""},"categories":[1],"tags":[],"class_list":["post-6863","post","type-post","status-publish","format-standard","has-post-thumbnail","hentry","category-noticies"],"acf":[],"yoast_head":"<!-- This site is optimized with the Yoast SEO plugin v25.5 - https:\/\/yoast.com\/wordpress\/plugins\/seo\/ -->\n<title>Disminueixen un ter\u00e7 les exportacions de caf\u00e8 del Brasil al febrer - Gremi del Caf\u00e8, torradors de Catalunya<\/title>\n<meta name=\"robots\" content=\"index, follow, max-snippet:-1, max-image-preview:large, max-video-preview:-1\" \/>\n<link rel=\"canonical\" href=\"https:\/\/gremicafe.cat\/es\/2023\/03\/14\/disminueixen-un-terc-les-exportacions-de-cafe-del-brasil-al-febrer\/\" \/>\n<meta property=\"og:locale\" content=\"es_ES\" \/>\n<meta property=\"og:type\" content=\"article\" \/>\n<meta property=\"og:title\" content=\"Disminueixen un ter\u00e7 les exportacions de caf\u00e8 del Brasil al febrer - Gremi del Caf\u00e8, torradors de Catalunya\" \/>\n<meta property=\"og:url\" content=\"https:\/\/gremicafe.cat\/es\/2023\/03\/14\/disminueixen-un-terc-les-exportacions-de-cafe-del-brasil-al-febrer\/\" \/>\n<meta property=\"og:site_name\" content=\"Gremi del Caf\u00e8, torradors de Catalunya\" \/>\n<meta property=\"article:publisher\" content=\"https:\/\/www.facebook.com\/gremicafecat\" \/>\n<meta property=\"article:published_time\" content=\"2023-03-14T15:48:03+00:00\" \/>\n<meta property=\"article:modified_time\" content=\"2023-03-14T15:55:41+00:00\" \/>\n<meta property=\"og:image\" content=\"https:\/\/gremicafe.cat\/wp-content\/uploads\/2023\/03\/cafeBrasil-GremiCafe.jpg\" \/>\n\t<meta property=\"og:image:width\" content=\"1080\" \/>\n\t<meta property=\"og:image:height\" content=\"1080\" \/>\n\t<meta property=\"og:image:type\" content=\"image\/jpeg\" \/>\n<meta name=\"author\" content=\"gremicafe\" \/>\n<meta name=\"twitter:card\" content=\"summary_large_image\" \/>\n<meta name=\"twitter:creator\" content=\"@gremicafecat\" \/>\n<meta name=\"twitter:site\" content=\"@gremicafecat\" \/>\n<meta name=\"twitter:label1\" content=\"Escrito por\" \/>\n\t<meta name=\"twitter:data1\" content=\"gremicafe\" \/>\n\t<meta name=\"twitter:label2\" content=\"Tiempo de lectura\" \/>\n\t<meta name=\"twitter:data2\" content=\"2 minutos\" \/>\n<script type=\"application\/ld+json\" class=\"yoast-schema-graph\">{\"@context\":\"https:\/\/schema.org\",\"@graph\":[{\"@type\":\"Article\",\"@id\":\"https:\/\/gremicafe.cat\/2023\/03\/14\/disminueixen-un-terc-les-exportacions-de-cafe-del-brasil-al-febrer\/#article\",\"isPartOf\":{\"@id\":\"https:\/\/gremicafe.cat\/2023\/03\/14\/disminueixen-un-terc-les-exportacions-de-cafe-del-brasil-al-febrer\/\"},\"author\":{\"name\":\"gremicafe\",\"@id\":\"https:\/\/gremicafe.cat\/#\/schema\/person\/dabfdbb3d0fa36260855a380f94e4733\"},\"headline\":\"Disminueixen un ter\u00e7 les exportacions de caf\u00e8 del Brasil al febrer\",\"datePublished\":\"2023-03-14T15:48:03+00:00\",\"dateModified\":\"2023-03-14T15:55:41+00:00\",\"mainEntityOfPage\":{\"@id\":\"https:\/\/gremicafe.cat\/2023\/03\/14\/disminueixen-un-terc-les-exportacions-de-cafe-del-brasil-al-febrer\/\"},\"wordCount\":251,\"publisher\":{\"@id\":\"https:\/\/gremicafe.cat\/#organization\"},\"image\":{\"@id\":\"https:\/\/gremicafe.cat\/2023\/03\/14\/disminueixen-un-terc-les-exportacions-de-cafe-del-brasil-al-febrer\/#primaryimage\"},\"thumbnailUrl\":\"https:\/\/gremicafe.cat\/wp-content\/uploads\/2023\/03\/cafeBrasil-GremiCafe.jpg\",\"articleSection\":[\"Not\u00edcies\"],\"inLanguage\":\"es\"},{\"@type\":\"WebPage\",\"@id\":\"https:\/\/gremicafe.cat\/2023\/03\/14\/disminueixen-un-terc-les-exportacions-de-cafe-del-brasil-al-febrer\/\",\"url\":\"https:\/\/gremicafe.cat\/2023\/03\/14\/disminueixen-un-terc-les-exportacions-de-cafe-del-brasil-al-febrer\/\",\"name\":\"Disminueixen un ter\u00e7 les exportacions de caf\u00e8 del Brasil al febrer - Gremi del Caf\u00e8, torradors de Catalunya\",\"isPartOf\":{\"@id\":\"https:\/\/gremicafe.cat\/#website\"},\"primaryImageOfPage\":{\"@id\":\"https:\/\/gremicafe.cat\/2023\/03\/14\/disminueixen-un-terc-les-exportacions-de-cafe-del-brasil-al-febrer\/#primaryimage\"},\"image\":{\"@id\":\"https:\/\/gremicafe.cat\/2023\/03\/14\/disminueixen-un-terc-les-exportacions-de-cafe-del-brasil-al-febrer\/#primaryimage\"},\"thumbnailUrl\":\"https:\/\/gremicafe.cat\/wp-content\/uploads\/2023\/03\/cafeBrasil-GremiCafe.jpg\",\"datePublished\":\"2023-03-14T15:48:03+00:00\",\"dateModified\":\"2023-03-14T15:55:41+00:00\",\"breadcrumb\":{\"@id\":\"https:\/\/gremicafe.cat\/2023\/03\/14\/disminueixen-un-terc-les-exportacions-de-cafe-del-brasil-al-febrer\/#breadcrumb\"},\"inLanguage\":\"es\",\"potentialAction\":[{\"@type\":\"ReadAction\",\"target\":[\"https:\/\/gremicafe.cat\/2023\/03\/14\/disminueixen-un-terc-les-exportacions-de-cafe-del-brasil-al-febrer\/\"]}]},{\"@type\":\"ImageObject\",\"inLanguage\":\"es\",\"@id\":\"https:\/\/gremicafe.cat\/2023\/03\/14\/disminueixen-un-terc-les-exportacions-de-cafe-del-brasil-al-febrer\/#primaryimage\",\"url\":\"https:\/\/gremicafe.cat\/wp-content\/uploads\/2023\/03\/cafeBrasil-GremiCafe.jpg\",\"contentUrl\":\"https:\/\/gremicafe.cat\/wp-content\/uploads\/2023\/03\/cafeBrasil-GremiCafe.jpg\",\"width\":1080,\"height\":1080,\"caption\":\"Disminueixen un ter\u00e7 les exportacions de caf\u00e8 del Brasil al febrer\"},{\"@type\":\"BreadcrumbList\",\"@id\":\"https:\/\/gremicafe.cat\/2023\/03\/14\/disminueixen-un-terc-les-exportacions-de-cafe-del-brasil-al-febrer\/#breadcrumb\",\"itemListElement\":[{\"@type\":\"ListItem\",\"position\":1,\"name\":\"Inici\",\"item\":\"https:\/\/gremicafe.cat\/\"},{\"@type\":\"ListItem\",\"position\":2,\"name\":\"Disminueixen un ter\u00e7 les exportacions de caf\u00e8 del Brasil al febrer\"}]},{\"@type\":\"WebSite\",\"@id\":\"https:\/\/gremicafe.cat\/#website\",\"url\":\"https:\/\/gremicafe.cat\/\",\"name\":\"Gremi del Caf\u00e8, torradors de Catalunya\",\"description\":\"Web oficial del gremi de torradors de caf\u00e8 de Catalunya\",\"publisher\":{\"@id\":\"https:\/\/gremicafe.cat\/#organization\"},\"potentialAction\":[{\"@type\":\"SearchAction\",\"target\":{\"@type\":\"EntryPoint\",\"urlTemplate\":\"https:\/\/gremicafe.cat\/?s={search_term_string}\"},\"query-input\":{\"@type\":\"PropertyValueSpecification\",\"valueRequired\":true,\"valueName\":\"search_term_string\"}}],\"inLanguage\":\"es\"},{\"@type\":\"Organization\",\"@id\":\"https:\/\/gremicafe.cat\/#organization\",\"name\":\"Gremi del Caf\u00e8, Torradors de Catalunya\",\"url\":\"https:\/\/gremicafe.cat\/\",\"logo\":{\"@type\":\"ImageObject\",\"inLanguage\":\"es\",\"@id\":\"https:\/\/gremicafe.cat\/#\/schema\/logo\/image\/\",\"url\":\"https:\/\/gremicafe.cat\/wp-content\/uploads\/2018\/03\/gremicafe-logo250.png\",\"contentUrl\":\"https:\/\/gremicafe.cat\/wp-content\/uploads\/2018\/03\/gremicafe-logo250.png\",\"width\":250,\"height\":49,\"caption\":\"Gremi del Caf\u00e8, Torradors de Catalunya\"},\"image\":{\"@id\":\"https:\/\/gremicafe.cat\/#\/schema\/logo\/image\/\"},\"sameAs\":[\"https:\/\/www.facebook.com\/gremicafecat\",\"https:\/\/x.com\/gremicafecat\",\"https:\/\/www.instagram.com\/gremicafecat\/\",\"https:\/\/www.pinterest.es\/gremicafecat\/\",\"https:\/\/www.youtube.com\/channel\/UCGLo5Y35vLwLvP4FrPZrCrw\/\"]},{\"@type\":\"Person\",\"@id\":\"https:\/\/gremicafe.cat\/#\/schema\/person\/dabfdbb3d0fa36260855a380f94e4733\",\"name\":\"gremicafe\",\"image\":{\"@type\":\"ImageObject\",\"inLanguage\":\"es\",\"@id\":\"https:\/\/gremicafe.cat\/#\/schema\/person\/image\/\",\"url\":\"https:\/\/secure.gravatar.com\/avatar\/e59baa4ca8f6f97576d6375fb6d3c8f0?s=96&d=mm&r=g\",\"contentUrl\":\"https:\/\/secure.gravatar.com\/avatar\/e59baa4ca8f6f97576d6375fb6d3c8f0?s=96&d=mm&r=g\",\"caption\":\"gremicafe\"}}]}<\/script>\n<!-- \/ Yoast SEO plugin. -->","yoast_head_json":{"title":"Disminueixen un ter\u00e7 les exportacions de caf\u00e8 del Brasil al febrer - Gremi del Caf\u00e8, torradors de Catalunya","robots":{"index":"index","follow":"follow","max-snippet":"max-snippet:-1","max-image-preview":"max-image-preview:large","max-video-preview":"max-video-preview:-1"},"canonical":"https:\/\/gremicafe.cat\/es\/2023\/03\/14\/disminueixen-un-terc-les-exportacions-de-cafe-del-brasil-al-febrer\/","og_locale":"es_ES","og_type":"article","og_title":"Disminueixen un ter\u00e7 les exportacions de caf\u00e8 del Brasil al febrer - Gremi del Caf\u00e8, torradors de Catalunya","og_url":"https:\/\/gremicafe.cat\/es\/2023\/03\/14\/disminueixen-un-terc-les-exportacions-de-cafe-del-brasil-al-febrer\/","og_site_name":"Gremi del Caf\u00e8, torradors de Catalunya","article_publisher":"https:\/\/www.facebook.com\/gremicafecat","article_published_time":"2023-03-14T15:48:03+00:00","article_modified_time":"2023-03-14T15:55:41+00:00","og_image":[{"width":1080,"height":1080,"url":"https:\/\/gremicafe.cat\/wp-content\/uploads\/2023\/03\/cafeBrasil-GremiCafe.jpg","type":"image\/jpeg"}],"author":"gremicafe","twitter_card":"summary_large_image","twitter_creator":"@gremicafecat","twitter_site":"@gremicafecat","twitter_misc":{"Escrito por":"gremicafe","Tiempo de lectura":"2 minutos"},"schema":{"@context":"https:\/\/schema.org","@graph":[{"@type":"Article","@id":"https:\/\/gremicafe.cat\/2023\/03\/14\/disminueixen-un-terc-les-exportacions-de-cafe-del-brasil-al-febrer\/#article","isPartOf":{"@id":"https:\/\/gremicafe.cat\/2023\/03\/14\/disminueixen-un-terc-les-exportacions-de-cafe-del-brasil-al-febrer\/"},"author":{"name":"gremicafe","@id":"https:\/\/gremicafe.cat\/#\/schema\/person\/dabfdbb3d0fa36260855a380f94e4733"},"headline":"Disminueixen un ter\u00e7 les exportacions de caf\u00e8 del Brasil al febrer","datePublished":"2023-03-14T15:48:03+00:00","dateModified":"2023-03-14T15:55:41+00:00","mainEntityOfPage":{"@id":"https:\/\/gremicafe.cat\/2023\/03\/14\/disminueixen-un-terc-les-exportacions-de-cafe-del-brasil-al-febrer\/"},"wordCount":251,"publisher":{"@id":"https:\/\/gremicafe.cat\/#organization"},"image":{"@id":"https:\/\/gremicafe.cat\/2023\/03\/14\/disminueixen-un-terc-les-exportacions-de-cafe-del-brasil-al-febrer\/#primaryimage"},"thumbnailUrl":"https:\/\/gremicafe.cat\/wp-content\/uploads\/2023\/03\/cafeBrasil-GremiCafe.jpg","articleSection":["Not\u00edcies"],"inLanguage":"es"},{"@type":"WebPage","@id":"https:\/\/gremicafe.cat\/2023\/03\/14\/disminueixen-un-terc-les-exportacions-de-cafe-del-brasil-al-febrer\/","url":"https:\/\/gremicafe.cat\/2023\/03\/14\/disminueixen-un-terc-les-exportacions-de-cafe-del-brasil-al-febrer\/","name":"Disminueixen un ter\u00e7 les exportacions de caf\u00e8 del Brasil al febrer - Gremi del Caf\u00e8, torradors de Catalunya","isPartOf":{"@id":"https:\/\/gremicafe.cat\/#website"},"primaryImageOfPage":{"@id":"https:\/\/gremicafe.cat\/2023\/03\/14\/disminueixen-un-terc-les-exportacions-de-cafe-del-brasil-al-febrer\/#primaryimage"},"image":{"@id":"https:\/\/gremicafe.cat\/2023\/03\/14\/disminueixen-un-terc-les-exportacions-de-cafe-del-brasil-al-febrer\/#primaryimage"},"thumbnailUrl":"https:\/\/gremicafe.cat\/wp-content\/uploads\/2023\/03\/cafeBrasil-GremiCafe.jpg","datePublished":"2023-03-14T15:48:03+00:00","dateModified":"2023-03-14T15:55:41+00:00","breadcrumb":{"@id":"https:\/\/gremicafe.cat\/2023\/03\/14\/disminueixen-un-terc-les-exportacions-de-cafe-del-brasil-al-febrer\/#breadcrumb"},"inLanguage":"es","potentialAction":[{"@type":"ReadAction","target":["https:\/\/gremicafe.cat\/2023\/03\/14\/disminueixen-un-terc-les-exportacions-de-cafe-del-brasil-al-febrer\/"]}]},{"@type":"ImageObject","inLanguage":"es","@id":"https:\/\/gremicafe.cat\/2023\/03\/14\/disminueixen-un-terc-les-exportacions-de-cafe-del-brasil-al-febrer\/#primaryimage","url":"https:\/\/gremicafe.cat\/wp-content\/uploads\/2023\/03\/cafeBrasil-GremiCafe.jpg","contentUrl":"https:\/\/gremicafe.cat\/wp-content\/uploads\/2023\/03\/cafeBrasil-GremiCafe.jpg","width":1080,"height":1080,"caption":"Disminueixen un ter\u00e7 les exportacions de caf\u00e8 del Brasil al febrer"},{"@type":"BreadcrumbList","@id":"https:\/\/gremicafe.cat\/2023\/03\/14\/disminueixen-un-terc-les-exportacions-de-cafe-del-brasil-al-febrer\/#breadcrumb","itemListElement":[{"@type":"ListItem","position":1,"name":"Inici","item":"https:\/\/gremicafe.cat\/"},{"@type":"ListItem","position":2,"name":"Disminueixen un ter\u00e7 les exportacions de caf\u00e8 del Brasil al febrer"}]},{"@type":"WebSite","@id":"https:\/\/gremicafe.cat\/#website","url":"https:\/\/gremicafe.cat\/","name":"Gremio del Caf\u00e9, tostadores de Catalu\u00f1a","description":"Web oficial del gremio de tostadores de caf\u00e9 de Catalunya","publisher":{"@id":"https:\/\/gremicafe.cat\/#organization"},"potentialAction":[{"@type":"SearchAction","target":{"@type":"EntryPoint","urlTemplate":"https:\/\/gremicafe.cat\/?s={search_term_string}"},"query-input":{"@type":"PropertyValueSpecification","valueRequired":true,"valueName":"search_term_string"}}],"inLanguage":"es"},{"@type":"Organization","@id":"https:\/\/gremicafe.cat\/#organization","name":"Gremio del Caf\u00e9, Tostadores de Catalu\u00f1a","url":"https:\/\/gremicafe.cat\/","logo":{"@type":"ImageObject","inLanguage":"es","@id":"https:\/\/gremicafe.cat\/#\/schema\/logo\/image\/","url":"https:\/\/gremicafe.cat\/wp-content\/uploads\/2018\/03\/gremicafe-logo250.png","contentUrl":"https:\/\/gremicafe.cat\/wp-content\/uploads\/2018\/03\/gremicafe-logo250.png","width":250,"height":49,"caption":"Gremi del Caf\u00e8, Torradors de Catalunya"},"image":{"@id":"https:\/\/gremicafe.cat\/#\/schema\/logo\/image\/"},"sameAs":["https:\/\/www.facebook.com\/gremicafecat","https:\/\/x.com\/gremicafecat","https:\/\/www.instagram.com\/gremicafecat\/","https:\/\/www.pinterest.es\/gremicafecat\/","https:\/\/www.youtube.com\/channel\/UCGLo5Y35vLwLvP4FrPZrCrw\/"]},{"@type":"Person","@id":"https:\/\/gremicafe.cat\/#\/schema\/person\/dabfdbb3d0fa36260855a380f94e4733","name":"gremicafe","image":{"@type":"ImageObject","inLanguage":"es","@id":"https:\/\/gremicafe.cat\/#\/schema\/person\/image\/","url":"https:\/\/secure.gravatar.com\/avatar\/e59baa4ca8f6f97576d6375fb6d3c8f0?s=96&d=mm&r=g","contentUrl":"https:\/\/secure.gravatar.com\/avatar\/e59baa4ca8f6f97576d6375fb6d3c8f0?s=96&d=mm&r=g","caption":"gremicafe"}}]}},"_links":{"self":[{"href":"https:\/\/gremicafe.cat\/es\/wp-json\/wp\/v2\/posts\/6863"}],"collection":[{"href":"https:\/\/gremicafe.cat\/es\/wp-json\/wp\/v2\/posts"}],"about":[{"href":"https:\/\/gremicafe.cat\/es\/wp-json\/wp\/v2\/types\/post"}],"author":[{"embeddable":true,"href":"https:\/\/gremicafe.cat\/es\/wp-json\/wp\/v2\/users\/1"}],"replies":[{"embeddable":true,"href":"https:\/\/gremicafe.cat\/es\/wp-json\/wp\/v2\/comments?post=6863"}],"version-history":[{"count":0,"href":"https:\/\/gremicafe.cat\/es\/wp-json\/wp\/v2\/posts\/6863\/revisions"}],"wp:featuredmedia":[{"embeddable":true,"href":"https:\/\/gremicafe.cat\/es\/wp-json\/wp\/v2\/media\/6864"}],"wp:attachment":[{"href":"https:\/\/gremicafe.cat\/es\/wp-json\/wp\/v2\/media?parent=6863"}],"wp:term":[{"taxonomy":"category","embeddable":true,"href":"https:\/\/gremicafe.cat\/es\/wp-json\/wp\/v2\/categories?post=6863"},{"taxonomy":"post_tag","embeddable":true,"href":"https:\/\/gremicafe.cat\/es\/wp-json\/wp\/v2\/tags?post=6863"}],"curies":[{"name":"wp","href":"https:\/\/api.w.org\/{rel}","templated":true}]}}