{"id":6871,"date":"2023-03-28T10:47:45","date_gmt":"2023-03-28T08:47:45","guid":{"rendered":"https:\/\/gremicafe.cat\/?p=6871"},"modified":"2023-03-28T10:49:55","modified_gmt":"2023-03-28T08:49:55","slug":"coffee-wars-una-comedia-impactant-sobre-un-futur-cafeter-sense-lactis","status":"publish","type":"post","link":"https:\/\/gremicafe.cat\/es\/2023\/03\/28\/coffee-wars-una-comedia-impactant-sobre-un-futur-cafeter-sense-lactis\/","title":{"rendered":"&#039;Coffee Wars&#039;, una comedia impactante sobre un futuro cafetero sin l\u00e1cteos"},"content":{"rendered":"<div id=\"ut-row-69f45d71c40d8\" data-vc-full-width=\"true\" data-vc-full-width-init=\"false\" class=\"vc_row wpb_row vc_row-fluid vc_column-gap-0 ut-row-69f45d71c40e9\" ><div class=\"wpb_column vc_column_container vc_col-sm-12\" ><div id=\"ut_inner_column_69f45d71c49ff\" class=\"vc_column-inner\"><div class=\"wpb_wrapper\">\n\t<div class=\"wpb_text_column wpb_content_element\" >\n\t\t<div class=\"wpb_wrapper\">\n\t\t\t<div class=\"\">\n<p class=\"p1\"><strong><span class=\"s1\"><img loading=\"lazy\" decoding=\"async\" class=\"aligncenter wp-image-6872 size-full\" src=\"https:\/\/gremicafe.cat\/wp-content\/uploads\/2023\/03\/POST_01-1.jpg\" alt=\"\" width=\"1080\" height=\"1240\" srcset=\"https:\/\/gremicafe.cat\/wp-content\/uploads\/2023\/03\/POST_01-1.jpg 1080w, https:\/\/gremicafe.cat\/wp-content\/uploads\/2023\/03\/POST_01-1-768x882.jpg 768w, https:\/\/gremicafe.cat\/wp-content\/uploads\/2023\/03\/POST_01-1-627x720.jpg 627w\" sizes=\"(max-width: 1080px) 100vw, 1080px\" \/><\/span><\/strong><\/p>\n<p>&nbsp;<\/p>\n<p><strong>Coffee Wars, es un largometraje que contiene un mensaje potente sobre c\u00f3mo podr\u00eda ser un futuro sin l\u00e1cteos con el fin de mejorar la salud del planeta.<\/strong> La pel\u00edcula, a su vez, llama la atenci\u00f3n sobre el veganismo, el consumo \u00e9tico y el emprendimiento femenino.<\/p>\n<p>La protagonista de Coffee Wars es una amante del buen caf\u00e9 que est\u00e1 haciendo todo lo posible por mantener una cafeter\u00eda algo especial: se trata de una cafeter\u00eda vegana. Puede tomar un caf\u00e9 con leche mejor que nadie, pero con leche \u201cvegana\u201d. Es en el Campeonato del Mundo de baristas donde finalmente tendr\u00e1 la oportunidad de destacar en el mundo del caf\u00e9 dominado por los l\u00e1cteos.<\/p>\n<p>Coffee Warss, que puede verse en Movistar Plus, se estren\u00f3 el 21 de marzo de 2023 en iTunes, Amazon y Google Play.<\/p>\n<p>&nbsp;<\/p>\n<p class=\"p1\"><span class=\"s1\">Lea la noticia entera en <a href=\"https:\/\/www.comunicaffe.com\/coffee-wars-an-impact-comedy-about-a-dairy-free-future-was-released-yesterday\/\" target=\"_blank\" rel=\"noopener\">www.comunicaffe.com<\/a><\/span><\/p>\n<p class=\"p1\">M\u00e1s informaci\u00f3n en <a href=\"https:\/\/www.mundiario.com\/articulo\/movistar\/coffee-wars-nueva-comedia-movistar-plus-protagonizada-kate-nash\/20230307171400264150.html\" target=\"_blank\" rel=\"noopener\"><span class=\"s1\">www.mundiario.com<\/span><\/a><\/p>\n<p>&nbsp;<\/p>\n<\/div>\n\n            <style type='text\/css'>\n                #gallery-1 {\n                    margin: auto;\n                }\n                #gallery-1 .gallery-item {\n                    float: left;\n                    margin-top: 10px;\n                    text-align: center;\n                    width: 50%;\n                }\n                #gallery-1 img {\n                    border: 2px solid #cfcfcf;\n                }\n                #gallery-1 .gallery-caption {\n                    margin-left: 0;\n                }\n                \n                \n                \n                \/* see gallery_shortcode() in wp-includes\/media.php *\/\n            <\/style>\n\t\t<div id='gallery-1' class='gallery galleryid-6871 gallery-columns-2 gallery-size-full'><dl class='gallery-item'>\n                <dt class='gallery-icon landscape'>\n                    <img loading=\"lazy\" decoding=\"async\" width=\"2500\" height=\"1667\" src=\"https:\/\/gremicafe.cat\/wp-content\/uploads\/2023\/03\/CWKateNashheroshot.jpg\" class=\"attachment-full size-full\" alt=\"\" srcset=\"https:\/\/gremicafe.cat\/wp-content\/uploads\/2023\/03\/CWKateNashheroshot.jpg 2500w, https:\/\/gremicafe.cat\/wp-content\/uploads\/2023\/03\/CWKateNashheroshot-768x512.jpg 768w, https:\/\/gremicafe.cat\/wp-content\/uploads\/2023\/03\/CWKateNashheroshot-1536x1024.jpg 1536w, https:\/\/gremicafe.cat\/wp-content\/uploads\/2023\/03\/CWKateNashheroshot-2048x1366.jpg 2048w, https:\/\/gremicafe.cat\/wp-content\/uploads\/2023\/03\/CWKateNashheroshot-1080x720.jpg 1080w\" sizes=\"(max-width: 2500px) 100vw, 2500px\" \/>\n                <\/dt><\/dl><dl class='gallery-item'>\n                <dt class='gallery-icon landscape'>\n                    <img loading=\"lazy\" decoding=\"async\" width=\"2500\" height=\"1667\" src=\"https:\/\/gremicafe.cat\/wp-content\/uploads\/2023\/03\/CWKateNashcompetingatNationals.jpg\" class=\"attachment-full size-full\" alt=\"\" srcset=\"https:\/\/gremicafe.cat\/wp-content\/uploads\/2023\/03\/CWKateNashcompetingatNationals.jpg 2500w, https:\/\/gremicafe.cat\/wp-content\/uploads\/2023\/03\/CWKateNashcompetingatNationals-768x512.jpg 768w, https:\/\/gremicafe.cat\/wp-content\/uploads\/2023\/03\/CWKateNashcompetingatNationals-1536x1024.jpg 1536w, https:\/\/gremicafe.cat\/wp-content\/uploads\/2023\/03\/CWKateNashcompetingatNationals-2048x1366.jpg 2048w, https:\/\/gremicafe.cat\/wp-content\/uploads\/2023\/03\/CWKateNashcompetingatNationals-1080x720.jpg 1080w\" sizes=\"(max-width: 2500px) 100vw, 2500px\" \/>\n                <\/dt><\/dl><br style=\"clear: both\" \/><dl class='gallery-item'>\n                <dt class='gallery-icon landscape'>\n                    <img loading=\"lazy\" decoding=\"async\" width=\"2500\" height=\"1760\" src=\"https:\/\/gremicafe.cat\/wp-content\/uploads\/2023\/03\/CWSaoirseJackson_OwainArthur_KateNash_JordanStephensatNationals.jpg\" class=\"attachment-full size-full\" alt=\"\" srcset=\"https:\/\/gremicafe.cat\/wp-content\/uploads\/2023\/03\/CWSaoirseJackson_OwainArthur_KateNash_JordanStephensatNationals.jpg 2500w, https:\/\/gremicafe.cat\/wp-content\/uploads\/2023\/03\/CWSaoirseJackson_OwainArthur_KateNash_JordanStephensatNationals-768x541.jpg 768w, https:\/\/gremicafe.cat\/wp-content\/uploads\/2023\/03\/CWSaoirseJackson_OwainArthur_KateNash_JordanStephensatNationals-1536x1081.jpg 1536w, https:\/\/gremicafe.cat\/wp-content\/uploads\/2023\/03\/CWSaoirseJackson_OwainArthur_KateNash_JordanStephensatNationals-2048x1442.jpg 2048w, https:\/\/gremicafe.cat\/wp-content\/uploads\/2023\/03\/CWSaoirseJackson_OwainArthur_KateNash_JordanStephensatNationals-1023x720.jpg 1023w\" sizes=\"(max-width: 2500px) 100vw, 2500px\" \/>\n                <\/dt><\/dl>\n                <br style='clear: both' \/><\/div>\n\n\n\t\t<\/div>\n\t<\/div>\n<\/div><\/div><\/div><\/div><div class=\"vc_row-full-width vc_clearfix\"><\/div>","protected":false},"excerpt":{"rendered":"&nbsp; Coffee Wars, \u00e9s un llargmetratge que cont\u00e9 un missatge potent sobre com podria ser un futur sense lactis amb la finalitat de millorar la salut del planeta. La pel\u00b7l\u00edcula, alhora, crida l'atenci\u00f3 sobre el veganisme, el consum \u00e8tic i l'emprenedoria femenina. La protagonista de Coffee Wars \u00e9s una amant del bon caf\u00e8 que est\u00e0 [...]","protected":false},"author":1,"featured_media":6872,"comment_status":"closed","ping_status":"open","sticky":false,"template":"","format":"standard","meta":{"_acf_changed":false,"inline_featured_image":false,"footnotes":""},"categories":[1],"tags":[],"class_list":["post-6871","post","type-post","status-publish","format-standard","has-post-thumbnail","hentry","category-noticies"],"acf":[],"yoast_head":"<!-- This site is optimized with the Yoast SEO plugin v25.5 - https:\/\/yoast.com\/wordpress\/plugins\/seo\/ -->\n<title>&#039;Coffee Wars&#039;, una com\u00e8dia impactant sobre un futur cafeter sense lactis - Gremi del Caf\u00e8, torradors de Catalunya<\/title>\n<meta name=\"robots\" content=\"index, follow, max-snippet:-1, max-image-preview:large, max-video-preview:-1\" \/>\n<link rel=\"canonical\" href=\"https:\/\/gremicafe.cat\/es\/2023\/03\/28\/coffee-wars-una-comedia-impactant-sobre-un-futur-cafeter-sense-lactis\/\" \/>\n<meta property=\"og:locale\" content=\"es_ES\" \/>\n<meta property=\"og:type\" content=\"article\" \/>\n<meta property=\"og:title\" content=\"&#039;Coffee Wars&#039;, una com\u00e8dia impactant sobre un futur cafeter sense lactis - Gremi del Caf\u00e8, torradors de Catalunya\" \/>\n<meta property=\"og:url\" content=\"https:\/\/gremicafe.cat\/es\/2023\/03\/28\/coffee-wars-una-comedia-impactant-sobre-un-futur-cafeter-sense-lactis\/\" \/>\n<meta property=\"og:site_name\" content=\"Gremi del Caf\u00e8, torradors de Catalunya\" \/>\n<meta property=\"article:publisher\" content=\"https:\/\/www.facebook.com\/gremicafecat\" \/>\n<meta property=\"article:published_time\" content=\"2023-03-28T08:47:45+00:00\" \/>\n<meta property=\"article:modified_time\" content=\"2023-03-28T08:49:55+00:00\" \/>\n<meta property=\"og:image\" content=\"https:\/\/gremicafe.cat\/wp-content\/uploads\/2023\/03\/POST_01-1.jpg\" \/>\n\t<meta property=\"og:image:width\" content=\"1080\" \/>\n\t<meta property=\"og:image:height\" content=\"1240\" \/>\n\t<meta property=\"og:image:type\" content=\"image\/jpeg\" \/>\n<meta name=\"author\" content=\"gremicafe\" \/>\n<meta name=\"twitter:card\" content=\"summary_large_image\" \/>\n<meta name=\"twitter:creator\" content=\"@gremicafecat\" \/>\n<meta name=\"twitter:site\" content=\"@gremicafecat\" \/>\n<meta name=\"twitter:label1\" content=\"Escrito por\" \/>\n\t<meta name=\"twitter:data1\" content=\"gremicafe\" \/>\n\t<meta name=\"twitter:label2\" content=\"Tiempo de lectura\" \/>\n\t<meta name=\"twitter:data2\" content=\"1 minuto\" \/>\n<script type=\"application\/ld+json\" class=\"yoast-schema-graph\">{\"@context\":\"https:\/\/schema.org\",\"@graph\":[{\"@type\":\"Article\",\"@id\":\"https:\/\/gremicafe.cat\/2023\/03\/28\/coffee-wars-una-comedia-impactant-sobre-un-futur-cafeter-sense-lactis\/#article\",\"isPartOf\":{\"@id\":\"https:\/\/gremicafe.cat\/2023\/03\/28\/coffee-wars-una-comedia-impactant-sobre-un-futur-cafeter-sense-lactis\/\"},\"author\":{\"name\":\"gremicafe\",\"@id\":\"https:\/\/gremicafe.cat\/#\/schema\/person\/dabfdbb3d0fa36260855a380f94e4733\"},\"headline\":\"&#8216;Coffee Wars&#8217;, una com\u00e8dia impactant sobre un futur cafeter sense lactis\",\"datePublished\":\"2023-03-28T08:47:45+00:00\",\"dateModified\":\"2023-03-28T08:49:55+00:00\",\"mainEntityOfPage\":{\"@id\":\"https:\/\/gremicafe.cat\/2023\/03\/28\/coffee-wars-una-comedia-impactant-sobre-un-futur-cafeter-sense-lactis\/\"},\"wordCount\":182,\"publisher\":{\"@id\":\"https:\/\/gremicafe.cat\/#organization\"},\"image\":{\"@id\":\"https:\/\/gremicafe.cat\/2023\/03\/28\/coffee-wars-una-comedia-impactant-sobre-un-futur-cafeter-sense-lactis\/#primaryimage\"},\"thumbnailUrl\":\"https:\/\/gremicafe.cat\/wp-content\/uploads\/2023\/03\/POST_01-1.jpg\",\"articleSection\":[\"Not\u00edcies\"],\"inLanguage\":\"es\"},{\"@type\":\"WebPage\",\"@id\":\"https:\/\/gremicafe.cat\/2023\/03\/28\/coffee-wars-una-comedia-impactant-sobre-un-futur-cafeter-sense-lactis\/\",\"url\":\"https:\/\/gremicafe.cat\/2023\/03\/28\/coffee-wars-una-comedia-impactant-sobre-un-futur-cafeter-sense-lactis\/\",\"name\":\"'Coffee Wars', una com\u00e8dia impactant sobre un futur cafeter sense lactis - Gremi del Caf\u00e8, torradors de Catalunya\",\"isPartOf\":{\"@id\":\"https:\/\/gremicafe.cat\/#website\"},\"primaryImageOfPage\":{\"@id\":\"https:\/\/gremicafe.cat\/2023\/03\/28\/coffee-wars-una-comedia-impactant-sobre-un-futur-cafeter-sense-lactis\/#primaryimage\"},\"image\":{\"@id\":\"https:\/\/gremicafe.cat\/2023\/03\/28\/coffee-wars-una-comedia-impactant-sobre-un-futur-cafeter-sense-lactis\/#primaryimage\"},\"thumbnailUrl\":\"https:\/\/gremicafe.cat\/wp-content\/uploads\/2023\/03\/POST_01-1.jpg\",\"datePublished\":\"2023-03-28T08:47:45+00:00\",\"dateModified\":\"2023-03-28T08:49:55+00:00\",\"breadcrumb\":{\"@id\":\"https:\/\/gremicafe.cat\/2023\/03\/28\/coffee-wars-una-comedia-impactant-sobre-un-futur-cafeter-sense-lactis\/#breadcrumb\"},\"inLanguage\":\"es\",\"potentialAction\":[{\"@type\":\"ReadAction\",\"target\":[\"https:\/\/gremicafe.cat\/2023\/03\/28\/coffee-wars-una-comedia-impactant-sobre-un-futur-cafeter-sense-lactis\/\"]}]},{\"@type\":\"ImageObject\",\"inLanguage\":\"es\",\"@id\":\"https:\/\/gremicafe.cat\/2023\/03\/28\/coffee-wars-una-comedia-impactant-sobre-un-futur-cafeter-sense-lactis\/#primaryimage\",\"url\":\"https:\/\/gremicafe.cat\/wp-content\/uploads\/2023\/03\/POST_01-1.jpg\",\"contentUrl\":\"https:\/\/gremicafe.cat\/wp-content\/uploads\/2023\/03\/POST_01-1.jpg\",\"width\":1080,\"height\":1240},{\"@type\":\"BreadcrumbList\",\"@id\":\"https:\/\/gremicafe.cat\/2023\/03\/28\/coffee-wars-una-comedia-impactant-sobre-un-futur-cafeter-sense-lactis\/#breadcrumb\",\"itemListElement\":[{\"@type\":\"ListItem\",\"position\":1,\"name\":\"Inici\",\"item\":\"https:\/\/gremicafe.cat\/\"},{\"@type\":\"ListItem\",\"position\":2,\"name\":\"&#8216;Coffee Wars&#8217;, una com\u00e8dia impactant sobre un futur cafeter sense lactis\"}]},{\"@type\":\"WebSite\",\"@id\":\"https:\/\/gremicafe.cat\/#website\",\"url\":\"https:\/\/gremicafe.cat\/\",\"name\":\"Gremi del Caf\u00e8, torradors de Catalunya\",\"description\":\"Web oficial del gremi de torradors de caf\u00e8 de Catalunya\",\"publisher\":{\"@id\":\"https:\/\/gremicafe.cat\/#organization\"},\"potentialAction\":[{\"@type\":\"SearchAction\",\"target\":{\"@type\":\"EntryPoint\",\"urlTemplate\":\"https:\/\/gremicafe.cat\/?s={search_term_string}\"},\"query-input\":{\"@type\":\"PropertyValueSpecification\",\"valueRequired\":true,\"valueName\":\"search_term_string\"}}],\"inLanguage\":\"es\"},{\"@type\":\"Organization\",\"@id\":\"https:\/\/gremicafe.cat\/#organization\",\"name\":\"Gremi del Caf\u00e8, Torradors de Catalunya\",\"url\":\"https:\/\/gremicafe.cat\/\",\"logo\":{\"@type\":\"ImageObject\",\"inLanguage\":\"es\",\"@id\":\"https:\/\/gremicafe.cat\/#\/schema\/logo\/image\/\",\"url\":\"https:\/\/gremicafe.cat\/wp-content\/uploads\/2018\/03\/gremicafe-logo250.png\",\"contentUrl\":\"https:\/\/gremicafe.cat\/wp-content\/uploads\/2018\/03\/gremicafe-logo250.png\",\"width\":250,\"height\":49,\"caption\":\"Gremi del Caf\u00e8, Torradors de Catalunya\"},\"image\":{\"@id\":\"https:\/\/gremicafe.cat\/#\/schema\/logo\/image\/\"},\"sameAs\":[\"https:\/\/www.facebook.com\/gremicafecat\",\"https:\/\/x.com\/gremicafecat\",\"https:\/\/www.instagram.com\/gremicafecat\/\",\"https:\/\/www.pinterest.es\/gremicafecat\/\",\"https:\/\/www.youtube.com\/channel\/UCGLo5Y35vLwLvP4FrPZrCrw\/\"]},{\"@type\":\"Person\",\"@id\":\"https:\/\/gremicafe.cat\/#\/schema\/person\/dabfdbb3d0fa36260855a380f94e4733\",\"name\":\"gremicafe\",\"image\":{\"@type\":\"ImageObject\",\"inLanguage\":\"es\",\"@id\":\"https:\/\/gremicafe.cat\/#\/schema\/person\/image\/\",\"url\":\"https:\/\/secure.gravatar.com\/avatar\/e59baa4ca8f6f97576d6375fb6d3c8f0?s=96&d=mm&r=g\",\"contentUrl\":\"https:\/\/secure.gravatar.com\/avatar\/e59baa4ca8f6f97576d6375fb6d3c8f0?s=96&d=mm&r=g\",\"caption\":\"gremicafe\"}}]}<\/script>\n<!-- \/ Yoast SEO plugin. -->","yoast_head_json":{"title":"'Coffee Wars', una com\u00e8dia impactant sobre un futur cafeter sense lactis - Gremi del Caf\u00e8, torradors de Catalunya","robots":{"index":"index","follow":"follow","max-snippet":"max-snippet:-1","max-image-preview":"max-image-preview:large","max-video-preview":"max-video-preview:-1"},"canonical":"https:\/\/gremicafe.cat\/es\/2023\/03\/28\/coffee-wars-una-comedia-impactant-sobre-un-futur-cafeter-sense-lactis\/","og_locale":"es_ES","og_type":"article","og_title":"'Coffee Wars', una com\u00e8dia impactant sobre un futur cafeter sense lactis - Gremi del Caf\u00e8, torradors de Catalunya","og_url":"https:\/\/gremicafe.cat\/es\/2023\/03\/28\/coffee-wars-una-comedia-impactant-sobre-un-futur-cafeter-sense-lactis\/","og_site_name":"Gremi del Caf\u00e8, torradors de Catalunya","article_publisher":"https:\/\/www.facebook.com\/gremicafecat","article_published_time":"2023-03-28T08:47:45+00:00","article_modified_time":"2023-03-28T08:49:55+00:00","og_image":[{"width":1080,"height":1240,"url":"https:\/\/gremicafe.cat\/wp-content\/uploads\/2023\/03\/POST_01-1.jpg","type":"image\/jpeg"}],"author":"gremicafe","twitter_card":"summary_large_image","twitter_creator":"@gremicafecat","twitter_site":"@gremicafecat","twitter_misc":{"Escrito por":"gremicafe","Tiempo de lectura":"1 minuto"},"schema":{"@context":"https:\/\/schema.org","@graph":[{"@type":"Article","@id":"https:\/\/gremicafe.cat\/2023\/03\/28\/coffee-wars-una-comedia-impactant-sobre-un-futur-cafeter-sense-lactis\/#article","isPartOf":{"@id":"https:\/\/gremicafe.cat\/2023\/03\/28\/coffee-wars-una-comedia-impactant-sobre-un-futur-cafeter-sense-lactis\/"},"author":{"name":"gremicafe","@id":"https:\/\/gremicafe.cat\/#\/schema\/person\/dabfdbb3d0fa36260855a380f94e4733"},"headline":"&#8216;Coffee Wars&#8217;, una com\u00e8dia impactant sobre un futur cafeter sense lactis","datePublished":"2023-03-28T08:47:45+00:00","dateModified":"2023-03-28T08:49:55+00:00","mainEntityOfPage":{"@id":"https:\/\/gremicafe.cat\/2023\/03\/28\/coffee-wars-una-comedia-impactant-sobre-un-futur-cafeter-sense-lactis\/"},"wordCount":182,"publisher":{"@id":"https:\/\/gremicafe.cat\/#organization"},"image":{"@id":"https:\/\/gremicafe.cat\/2023\/03\/28\/coffee-wars-una-comedia-impactant-sobre-un-futur-cafeter-sense-lactis\/#primaryimage"},"thumbnailUrl":"https:\/\/gremicafe.cat\/wp-content\/uploads\/2023\/03\/POST_01-1.jpg","articleSection":["Not\u00edcies"],"inLanguage":"es"},{"@type":"WebPage","@id":"https:\/\/gremicafe.cat\/2023\/03\/28\/coffee-wars-una-comedia-impactant-sobre-un-futur-cafeter-sense-lactis\/","url":"https:\/\/gremicafe.cat\/2023\/03\/28\/coffee-wars-una-comedia-impactant-sobre-un-futur-cafeter-sense-lactis\/","name":"'Coffee Wars', una com\u00e8dia impactant sobre un futur cafeter sense lactis - Gremi del Caf\u00e8, torradors de Catalunya","isPartOf":{"@id":"https:\/\/gremicafe.cat\/#website"},"primaryImageOfPage":{"@id":"https:\/\/gremicafe.cat\/2023\/03\/28\/coffee-wars-una-comedia-impactant-sobre-un-futur-cafeter-sense-lactis\/#primaryimage"},"image":{"@id":"https:\/\/gremicafe.cat\/2023\/03\/28\/coffee-wars-una-comedia-impactant-sobre-un-futur-cafeter-sense-lactis\/#primaryimage"},"thumbnailUrl":"https:\/\/gremicafe.cat\/wp-content\/uploads\/2023\/03\/POST_01-1.jpg","datePublished":"2023-03-28T08:47:45+00:00","dateModified":"2023-03-28T08:49:55+00:00","breadcrumb":{"@id":"https:\/\/gremicafe.cat\/2023\/03\/28\/coffee-wars-una-comedia-impactant-sobre-un-futur-cafeter-sense-lactis\/#breadcrumb"},"inLanguage":"es","potentialAction":[{"@type":"ReadAction","target":["https:\/\/gremicafe.cat\/2023\/03\/28\/coffee-wars-una-comedia-impactant-sobre-un-futur-cafeter-sense-lactis\/"]}]},{"@type":"ImageObject","inLanguage":"es","@id":"https:\/\/gremicafe.cat\/2023\/03\/28\/coffee-wars-una-comedia-impactant-sobre-un-futur-cafeter-sense-lactis\/#primaryimage","url":"https:\/\/gremicafe.cat\/wp-content\/uploads\/2023\/03\/POST_01-1.jpg","contentUrl":"https:\/\/gremicafe.cat\/wp-content\/uploads\/2023\/03\/POST_01-1.jpg","width":1080,"height":1240},{"@type":"BreadcrumbList","@id":"https:\/\/gremicafe.cat\/2023\/03\/28\/coffee-wars-una-comedia-impactant-sobre-un-futur-cafeter-sense-lactis\/#breadcrumb","itemListElement":[{"@type":"ListItem","position":1,"name":"Inici","item":"https:\/\/gremicafe.cat\/"},{"@type":"ListItem","position":2,"name":"&#8216;Coffee Wars&#8217;, una com\u00e8dia impactant sobre un futur cafeter sense lactis"}]},{"@type":"WebSite","@id":"https:\/\/gremicafe.cat\/#website","url":"https:\/\/gremicafe.cat\/","name":"Gremio del Caf\u00e9, tostadores de Catalu\u00f1a","description":"Web oficial del gremio de tostadores de caf\u00e9 de Catalunya","publisher":{"@id":"https:\/\/gremicafe.cat\/#organization"},"potentialAction":[{"@type":"SearchAction","target":{"@type":"EntryPoint","urlTemplate":"https:\/\/gremicafe.cat\/?s={search_term_string}"},"query-input":{"@type":"PropertyValueSpecification","valueRequired":true,"valueName":"search_term_string"}}],"inLanguage":"es"},{"@type":"Organization","@id":"https:\/\/gremicafe.cat\/#organization","name":"Gremio del Caf\u00e9, Tostadores de Catalu\u00f1a","url":"https:\/\/gremicafe.cat\/","logo":{"@type":"ImageObject","inLanguage":"es","@id":"https:\/\/gremicafe.cat\/#\/schema\/logo\/image\/","url":"https:\/\/gremicafe.cat\/wp-content\/uploads\/2018\/03\/gremicafe-logo250.png","contentUrl":"https:\/\/gremicafe.cat\/wp-content\/uploads\/2018\/03\/gremicafe-logo250.png","width":250,"height":49,"caption":"Gremi del Caf\u00e8, Torradors de Catalunya"},"image":{"@id":"https:\/\/gremicafe.cat\/#\/schema\/logo\/image\/"},"sameAs":["https:\/\/www.facebook.com\/gremicafecat","https:\/\/x.com\/gremicafecat","https:\/\/www.instagram.com\/gremicafecat\/","https:\/\/www.pinterest.es\/gremicafecat\/","https:\/\/www.youtube.com\/channel\/UCGLo5Y35vLwLvP4FrPZrCrw\/"]},{"@type":"Person","@id":"https:\/\/gremicafe.cat\/#\/schema\/person\/dabfdbb3d0fa36260855a380f94e4733","name":"gremicafe","image":{"@type":"ImageObject","inLanguage":"es","@id":"https:\/\/gremicafe.cat\/#\/schema\/person\/image\/","url":"https:\/\/secure.gravatar.com\/avatar\/e59baa4ca8f6f97576d6375fb6d3c8f0?s=96&d=mm&r=g","contentUrl":"https:\/\/secure.gravatar.com\/avatar\/e59baa4ca8f6f97576d6375fb6d3c8f0?s=96&d=mm&r=g","caption":"gremicafe"}}]}},"_links":{"self":[{"href":"https:\/\/gremicafe.cat\/es\/wp-json\/wp\/v2\/posts\/6871"}],"collection":[{"href":"https:\/\/gremicafe.cat\/es\/wp-json\/wp\/v2\/posts"}],"about":[{"href":"https:\/\/gremicafe.cat\/es\/wp-json\/wp\/v2\/types\/post"}],"author":[{"embeddable":true,"href":"https:\/\/gremicafe.cat\/es\/wp-json\/wp\/v2\/users\/1"}],"replies":[{"embeddable":true,"href":"https:\/\/gremicafe.cat\/es\/wp-json\/wp\/v2\/comments?post=6871"}],"version-history":[{"count":0,"href":"https:\/\/gremicafe.cat\/es\/wp-json\/wp\/v2\/posts\/6871\/revisions"}],"wp:featuredmedia":[{"embeddable":true,"href":"https:\/\/gremicafe.cat\/es\/wp-json\/wp\/v2\/media\/6872"}],"wp:attachment":[{"href":"https:\/\/gremicafe.cat\/es\/wp-json\/wp\/v2\/media?parent=6871"}],"wp:term":[{"taxonomy":"category","embeddable":true,"href":"https:\/\/gremicafe.cat\/es\/wp-json\/wp\/v2\/categories?post=6871"},{"taxonomy":"post_tag","embeddable":true,"href":"https:\/\/gremicafe.cat\/es\/wp-json\/wp\/v2\/tags?post=6871"}],"curies":[{"name":"wp","href":"https:\/\/api.w.org\/{rel}","templated":true}]}}