{"id":6886,"date":"2023-04-14T09:20:47","date_gmt":"2023-04-14T07:20:47","guid":{"rendered":"https:\/\/gremicafe.cat\/?p=6886"},"modified":"2023-04-14T09:25:35","modified_gmt":"2023-04-14T07:25:35","slug":"gaudeix-barcelona-es-un-nou-video-del-gremi-de-restauracio-de-barcelona","status":"publish","type":"post","link":"https:\/\/gremicafe.cat\/es\/2023\/04\/14\/gaudeix-barcelona-es-un-nou-video-del-gremi-de-restauracio-de-barcelona\/","title":{"rendered":"\u201cDISFRUTA BARCELONA\u201d es un nuevo v\u00eddeo del Gremio de Restauraci\u00f3n de Barcelona"},"content":{"rendered":"<div id=\"ut-row-69f3d04049565\" data-vc-full-width=\"true\" data-vc-full-width-init=\"false\" class=\"vc_row wpb_row vc_row-fluid vc_column-gap-0 vc_row-o-content-middle vc_row-flex ut-row-69f3d04049574\" ><div class=\"wpb_column vc_column_container vc_col-sm-12\" ><div id=\"ut_inner_column_69f3d04049c02\" class=\"vc_column-inner\"><div class=\"wpb_wrapper\">\n\t<div class=\"wpb_raw_code wpb_content_element wpb_raw_html\" >\n\t\t<div class=\"wpb_wrapper\">\n\t\t\t<blockquote class=\"twitter-tweet\"><p lang=\"ca\" dir=\"ltr\">\u23ef\ufe0f\ud83c\udf9e\ufe0fLos cascarrabias, los que sistem\u00e1ticamente est\u00e1n en contra de todo, existen, pero no representan el sentir de la mayor\u00eda ciudadana. El grueso de los barceloneses sabemos convivir y disfrutamos de BCN con alegr\u00eda\ud83c\udf7b <a href=\"https:\/\/t.co\/3Ou5BvTnJl\">pic.twitter.com\/3Ou5BvTnJl<\/a><\/p>- Gremio de Restauraci\u00f3n de Barcelona (@RestauracioBCN) <a href=\"https:\/\/twitter.com\/RestauracioBCN\/status\/1646428679906500609?ref_src=twsrc%5Etfw\">abril 13, 2023<\/a><\/blockquote> <script async src=\"https:\/\/platform.twitter.com\/widgets.js\" charset=\"utf-8\"><\/script>\n\t\t<\/div>\n\t<\/div>\n\n\t<div class=\"wpb_text_column wpb_content_element\" >\n\t\t<div class=\"wpb_wrapper\">\n\t\t\t<div class=\"\">\n<p class=\"p1\"><strong><span class=\"s1\">Los cascarrabias existen, por supuesto. Est\u00e1n en contra de todo y es algo leg\u00edtimo: ahora bien, no representan el sentir general de los barceloneses que sabemos convivir y que nos gustan los diferentes ritmos y estilos de vida de los ciudadanos que vivimos en una gran ciudad. <\/span><\/strong><\/p>\n<p class=\"p1\"><span class=\"s1\">\u00a1Eso precisamente es lo que hace gran Barcelona! <\/span><\/p>\n<p class=\"p1\"><span class=\"s1\">\u00a1Gracias Juanjo Puigcorb\u00e9 y Anna Barrachina por dar vida a los personajes de este nuevo sketch del Gremio de Restauraci\u00f3n de Barcelona!<\/span><\/p>\n<p class=\"p1\"><span class=\"s1\">Esperamos que te guste!<\/span><\/p>\n<p class=\"p1\"><span class=\"s1\">\u00a1Ay\u00fadanos a difundirlo!<\/span><\/p>\n<p class=\"p1\"><span class=\"s1\">\u00a1Gracias!<\/span><\/p>\n<p>&nbsp;<\/p>\n<p class=\"p3\"><span class=\"s2\">\ud83c\udfac<\/span><a href=\"https:\/\/twitter.com\/RestauracioBCN\/status\/1646428679906500609?s=20\" target=\"_blank\" rel=\"noopener\"><span class=\"s1\"> V\u00eddeo Gremio de Restauraci\u00f3n de Barcelona <\/span><\/a><\/p>\n<p>&nbsp;<\/p>\n<\/div>\n\n\t\t<\/div>\n\t<\/div>\n<\/div><\/div><\/div><\/div><div class=\"vc_row-full-width vc_clearfix\"><\/div>","protected":false},"excerpt":{"rendered":"\u23ef\ufe0f\ud83c\udf9e\ufe0fEls rondinaires, els que sistem\u00e0ticament estan en contra de tot, existeixen, per\u00f2 no representen el sentir de la majoria ciutadana. El gruix dels barcelonins sabem conviure i gaudim de BCN amb alegria\ud83c\udf7b pic.twitter.com\/3Ou5BvTnJl&mdash; Gremi de Restauraci\u00f3 de Barcelona (@RestauracioBCN) April 13, 2023 Els \u201crondinaires\u201d existeixen, per descomptat. Estan en contra de tot i \u00e9s quelcom [...]","protected":false},"author":1,"featured_media":6887,"comment_status":"closed","ping_status":"open","sticky":false,"template":"","format":"standard","meta":{"_acf_changed":false,"inline_featured_image":false,"footnotes":""},"categories":[1],"tags":[],"class_list":["post-6886","post","type-post","status-publish","format-standard","has-post-thumbnail","hentry","category-noticies"],"acf":[],"yoast_head":"<!-- This site is optimized with the Yoast SEO plugin v25.5 - https:\/\/yoast.com\/wordpress\/plugins\/seo\/ -->\n<title>\u201cGAUDEIX BARCELONA\u201d \u00e9s un nou v\u00eddeo del Gremi de Restauraci\u00f3 de Barcelona - Gremi del Caf\u00e8, torradors de Catalunya<\/title>\n<meta name=\"robots\" content=\"index, follow, max-snippet:-1, max-image-preview:large, max-video-preview:-1\" \/>\n<link rel=\"canonical\" href=\"https:\/\/gremicafe.cat\/es\/2023\/04\/14\/gaudeix-barcelona-es-un-nou-video-del-gremi-de-restauracio-de-barcelona\/\" \/>\n<meta property=\"og:locale\" content=\"es_ES\" \/>\n<meta property=\"og:type\" content=\"article\" \/>\n<meta property=\"og:title\" content=\"\u201cGAUDEIX BARCELONA\u201d \u00e9s un nou v\u00eddeo del Gremi de Restauraci\u00f3 de Barcelona - Gremi del Caf\u00e8, torradors de Catalunya\" \/>\n<meta property=\"og:url\" content=\"https:\/\/gremicafe.cat\/es\/2023\/04\/14\/gaudeix-barcelona-es-un-nou-video-del-gremi-de-restauracio-de-barcelona\/\" \/>\n<meta property=\"og:site_name\" content=\"Gremi del Caf\u00e8, torradors de Catalunya\" \/>\n<meta property=\"article:publisher\" content=\"https:\/\/www.facebook.com\/gremicafecat\" \/>\n<meta property=\"article:published_time\" content=\"2023-04-14T07:20:47+00:00\" \/>\n<meta property=\"article:modified_time\" content=\"2023-04-14T07:25:35+00:00\" \/>\n<meta property=\"og:image\" content=\"https:\/\/gremicafe.cat\/wp-content\/uploads\/2023\/04\/Portada-vi\u0301deo-Gaudeix-Barcelona.jpg\" \/>\n\t<meta property=\"og:image:width\" content=\"1080\" \/>\n\t<meta property=\"og:image:height\" content=\"813\" \/>\n\t<meta property=\"og:image:type\" content=\"image\/jpeg\" \/>\n<meta name=\"author\" content=\"gremicafe\" \/>\n<meta name=\"twitter:card\" content=\"summary_large_image\" \/>\n<meta name=\"twitter:creator\" content=\"@gremicafecat\" \/>\n<meta name=\"twitter:site\" content=\"@gremicafecat\" \/>\n<meta name=\"twitter:label1\" content=\"Escrito por\" \/>\n\t<meta name=\"twitter:data1\" content=\"gremicafe\" \/>\n\t<meta name=\"twitter:label2\" content=\"Tiempo de lectura\" \/>\n\t<meta name=\"twitter:data2\" content=\"1 minuto\" \/>\n<script type=\"application\/ld+json\" class=\"yoast-schema-graph\">{\"@context\":\"https:\/\/schema.org\",\"@graph\":[{\"@type\":\"Article\",\"@id\":\"https:\/\/gremicafe.cat\/2023\/04\/14\/gaudeix-barcelona-es-un-nou-video-del-gremi-de-restauracio-de-barcelona\/#article\",\"isPartOf\":{\"@id\":\"https:\/\/gremicafe.cat\/2023\/04\/14\/gaudeix-barcelona-es-un-nou-video-del-gremi-de-restauracio-de-barcelona\/\"},\"author\":{\"name\":\"gremicafe\",\"@id\":\"https:\/\/gremicafe.cat\/#\/schema\/person\/dabfdbb3d0fa36260855a380f94e4733\"},\"headline\":\"\u201cGAUDEIX BARCELONA\u201d \u00e9s un nou v\u00eddeo del Gremi de Restauraci\u00f3 de Barcelona\",\"datePublished\":\"2023-04-14T07:20:47+00:00\",\"dateModified\":\"2023-04-14T07:25:35+00:00\",\"mainEntityOfPage\":{\"@id\":\"https:\/\/gremicafe.cat\/2023\/04\/14\/gaudeix-barcelona-es-un-nou-video-del-gremi-de-restauracio-de-barcelona\/\"},\"wordCount\":226,\"publisher\":{\"@id\":\"https:\/\/gremicafe.cat\/#organization\"},\"image\":{\"@id\":\"https:\/\/gremicafe.cat\/2023\/04\/14\/gaudeix-barcelona-es-un-nou-video-del-gremi-de-restauracio-de-barcelona\/#primaryimage\"},\"thumbnailUrl\":\"https:\/\/gremicafe.cat\/wp-content\/uploads\/2023\/04\/Portada-vi\u0301deo-Gaudeix-Barcelona.jpg\",\"articleSection\":[\"Not\u00edcies\"],\"inLanguage\":\"es\"},{\"@type\":\"WebPage\",\"@id\":\"https:\/\/gremicafe.cat\/2023\/04\/14\/gaudeix-barcelona-es-un-nou-video-del-gremi-de-restauracio-de-barcelona\/\",\"url\":\"https:\/\/gremicafe.cat\/2023\/04\/14\/gaudeix-barcelona-es-un-nou-video-del-gremi-de-restauracio-de-barcelona\/\",\"name\":\"\u201cGAUDEIX BARCELONA\u201d \u00e9s un nou v\u00eddeo del Gremi de Restauraci\u00f3 de Barcelona - Gremi del Caf\u00e8, torradors de Catalunya\",\"isPartOf\":{\"@id\":\"https:\/\/gremicafe.cat\/#website\"},\"primaryImageOfPage\":{\"@id\":\"https:\/\/gremicafe.cat\/2023\/04\/14\/gaudeix-barcelona-es-un-nou-video-del-gremi-de-restauracio-de-barcelona\/#primaryimage\"},\"image\":{\"@id\":\"https:\/\/gremicafe.cat\/2023\/04\/14\/gaudeix-barcelona-es-un-nou-video-del-gremi-de-restauracio-de-barcelona\/#primaryimage\"},\"thumbnailUrl\":\"https:\/\/gremicafe.cat\/wp-content\/uploads\/2023\/04\/Portada-vi\u0301deo-Gaudeix-Barcelona.jpg\",\"datePublished\":\"2023-04-14T07:20:47+00:00\",\"dateModified\":\"2023-04-14T07:25:35+00:00\",\"breadcrumb\":{\"@id\":\"https:\/\/gremicafe.cat\/2023\/04\/14\/gaudeix-barcelona-es-un-nou-video-del-gremi-de-restauracio-de-barcelona\/#breadcrumb\"},\"inLanguage\":\"es\",\"potentialAction\":[{\"@type\":\"ReadAction\",\"target\":[\"https:\/\/gremicafe.cat\/2023\/04\/14\/gaudeix-barcelona-es-un-nou-video-del-gremi-de-restauracio-de-barcelona\/\"]}]},{\"@type\":\"ImageObject\",\"inLanguage\":\"es\",\"@id\":\"https:\/\/gremicafe.cat\/2023\/04\/14\/gaudeix-barcelona-es-un-nou-video-del-gremi-de-restauracio-de-barcelona\/#primaryimage\",\"url\":\"https:\/\/gremicafe.cat\/wp-content\/uploads\/2023\/04\/Portada-vi\u0301deo-Gaudeix-Barcelona.jpg\",\"contentUrl\":\"https:\/\/gremicafe.cat\/wp-content\/uploads\/2023\/04\/Portada-vi\u0301deo-Gaudeix-Barcelona.jpg\",\"width\":1080,\"height\":813},{\"@type\":\"BreadcrumbList\",\"@id\":\"https:\/\/gremicafe.cat\/2023\/04\/14\/gaudeix-barcelona-es-un-nou-video-del-gremi-de-restauracio-de-barcelona\/#breadcrumb\",\"itemListElement\":[{\"@type\":\"ListItem\",\"position\":1,\"name\":\"Inici\",\"item\":\"https:\/\/gremicafe.cat\/\"},{\"@type\":\"ListItem\",\"position\":2,\"name\":\"\u201cGAUDEIX BARCELONA\u201d \u00e9s un nou v\u00eddeo del Gremi de Restauraci\u00f3 de Barcelona\"}]},{\"@type\":\"WebSite\",\"@id\":\"https:\/\/gremicafe.cat\/#website\",\"url\":\"https:\/\/gremicafe.cat\/\",\"name\":\"Gremi del Caf\u00e8, torradors de Catalunya\",\"description\":\"Web oficial del gremi de torradors de caf\u00e8 de Catalunya\",\"publisher\":{\"@id\":\"https:\/\/gremicafe.cat\/#organization\"},\"potentialAction\":[{\"@type\":\"SearchAction\",\"target\":{\"@type\":\"EntryPoint\",\"urlTemplate\":\"https:\/\/gremicafe.cat\/?s={search_term_string}\"},\"query-input\":{\"@type\":\"PropertyValueSpecification\",\"valueRequired\":true,\"valueName\":\"search_term_string\"}}],\"inLanguage\":\"es\"},{\"@type\":\"Organization\",\"@id\":\"https:\/\/gremicafe.cat\/#organization\",\"name\":\"Gremi del Caf\u00e8, Torradors de Catalunya\",\"url\":\"https:\/\/gremicafe.cat\/\",\"logo\":{\"@type\":\"ImageObject\",\"inLanguage\":\"es\",\"@id\":\"https:\/\/gremicafe.cat\/#\/schema\/logo\/image\/\",\"url\":\"https:\/\/gremicafe.cat\/wp-content\/uploads\/2018\/03\/gremicafe-logo250.png\",\"contentUrl\":\"https:\/\/gremicafe.cat\/wp-content\/uploads\/2018\/03\/gremicafe-logo250.png\",\"width\":250,\"height\":49,\"caption\":\"Gremi del Caf\u00e8, Torradors de Catalunya\"},\"image\":{\"@id\":\"https:\/\/gremicafe.cat\/#\/schema\/logo\/image\/\"},\"sameAs\":[\"https:\/\/www.facebook.com\/gremicafecat\",\"https:\/\/x.com\/gremicafecat\",\"https:\/\/www.instagram.com\/gremicafecat\/\",\"https:\/\/www.pinterest.es\/gremicafecat\/\",\"https:\/\/www.youtube.com\/channel\/UCGLo5Y35vLwLvP4FrPZrCrw\/\"]},{\"@type\":\"Person\",\"@id\":\"https:\/\/gremicafe.cat\/#\/schema\/person\/dabfdbb3d0fa36260855a380f94e4733\",\"name\":\"gremicafe\",\"image\":{\"@type\":\"ImageObject\",\"inLanguage\":\"es\",\"@id\":\"https:\/\/gremicafe.cat\/#\/schema\/person\/image\/\",\"url\":\"https:\/\/secure.gravatar.com\/avatar\/e59baa4ca8f6f97576d6375fb6d3c8f0?s=96&d=mm&r=g\",\"contentUrl\":\"https:\/\/secure.gravatar.com\/avatar\/e59baa4ca8f6f97576d6375fb6d3c8f0?s=96&d=mm&r=g\",\"caption\":\"gremicafe\"}}]}<\/script>\n<!-- \/ Yoast SEO plugin. -->","yoast_head_json":{"title":"\u201cGAUDEIX BARCELONA\u201d \u00e9s un nou v\u00eddeo del Gremi de Restauraci\u00f3 de Barcelona - Gremi del Caf\u00e8, torradors de Catalunya","robots":{"index":"index","follow":"follow","max-snippet":"max-snippet:-1","max-image-preview":"max-image-preview:large","max-video-preview":"max-video-preview:-1"},"canonical":"https:\/\/gremicafe.cat\/es\/2023\/04\/14\/gaudeix-barcelona-es-un-nou-video-del-gremi-de-restauracio-de-barcelona\/","og_locale":"es_ES","og_type":"article","og_title":"\u201cGAUDEIX BARCELONA\u201d \u00e9s un nou v\u00eddeo del Gremi de Restauraci\u00f3 de Barcelona - Gremi del Caf\u00e8, torradors de Catalunya","og_url":"https:\/\/gremicafe.cat\/es\/2023\/04\/14\/gaudeix-barcelona-es-un-nou-video-del-gremi-de-restauracio-de-barcelona\/","og_site_name":"Gremi del Caf\u00e8, torradors de Catalunya","article_publisher":"https:\/\/www.facebook.com\/gremicafecat","article_published_time":"2023-04-14T07:20:47+00:00","article_modified_time":"2023-04-14T07:25:35+00:00","og_image":[{"width":1080,"height":813,"url":"https:\/\/gremicafe.cat\/wp-content\/uploads\/2023\/04\/Portada-vi\u0301deo-Gaudeix-Barcelona.jpg","type":"image\/jpeg"}],"author":"gremicafe","twitter_card":"summary_large_image","twitter_creator":"@gremicafecat","twitter_site":"@gremicafecat","twitter_misc":{"Escrito por":"gremicafe","Tiempo de lectura":"1 minuto"},"schema":{"@context":"https:\/\/schema.org","@graph":[{"@type":"Article","@id":"https:\/\/gremicafe.cat\/2023\/04\/14\/gaudeix-barcelona-es-un-nou-video-del-gremi-de-restauracio-de-barcelona\/#article","isPartOf":{"@id":"https:\/\/gremicafe.cat\/2023\/04\/14\/gaudeix-barcelona-es-un-nou-video-del-gremi-de-restauracio-de-barcelona\/"},"author":{"name":"gremicafe","@id":"https:\/\/gremicafe.cat\/#\/schema\/person\/dabfdbb3d0fa36260855a380f94e4733"},"headline":"\u201cGAUDEIX BARCELONA\u201d \u00e9s un nou v\u00eddeo del Gremi de Restauraci\u00f3 de Barcelona","datePublished":"2023-04-14T07:20:47+00:00","dateModified":"2023-04-14T07:25:35+00:00","mainEntityOfPage":{"@id":"https:\/\/gremicafe.cat\/2023\/04\/14\/gaudeix-barcelona-es-un-nou-video-del-gremi-de-restauracio-de-barcelona\/"},"wordCount":226,"publisher":{"@id":"https:\/\/gremicafe.cat\/#organization"},"image":{"@id":"https:\/\/gremicafe.cat\/2023\/04\/14\/gaudeix-barcelona-es-un-nou-video-del-gremi-de-restauracio-de-barcelona\/#primaryimage"},"thumbnailUrl":"https:\/\/gremicafe.cat\/wp-content\/uploads\/2023\/04\/Portada-vi\u0301deo-Gaudeix-Barcelona.jpg","articleSection":["Not\u00edcies"],"inLanguage":"es"},{"@type":"WebPage","@id":"https:\/\/gremicafe.cat\/2023\/04\/14\/gaudeix-barcelona-es-un-nou-video-del-gremi-de-restauracio-de-barcelona\/","url":"https:\/\/gremicafe.cat\/2023\/04\/14\/gaudeix-barcelona-es-un-nou-video-del-gremi-de-restauracio-de-barcelona\/","name":"\u201cGAUDEIX BARCELONA\u201d \u00e9s un nou v\u00eddeo del Gremi de Restauraci\u00f3 de Barcelona - Gremi del Caf\u00e8, torradors de Catalunya","isPartOf":{"@id":"https:\/\/gremicafe.cat\/#website"},"primaryImageOfPage":{"@id":"https:\/\/gremicafe.cat\/2023\/04\/14\/gaudeix-barcelona-es-un-nou-video-del-gremi-de-restauracio-de-barcelona\/#primaryimage"},"image":{"@id":"https:\/\/gremicafe.cat\/2023\/04\/14\/gaudeix-barcelona-es-un-nou-video-del-gremi-de-restauracio-de-barcelona\/#primaryimage"},"thumbnailUrl":"https:\/\/gremicafe.cat\/wp-content\/uploads\/2023\/04\/Portada-vi\u0301deo-Gaudeix-Barcelona.jpg","datePublished":"2023-04-14T07:20:47+00:00","dateModified":"2023-04-14T07:25:35+00:00","breadcrumb":{"@id":"https:\/\/gremicafe.cat\/2023\/04\/14\/gaudeix-barcelona-es-un-nou-video-del-gremi-de-restauracio-de-barcelona\/#breadcrumb"},"inLanguage":"es","potentialAction":[{"@type":"ReadAction","target":["https:\/\/gremicafe.cat\/2023\/04\/14\/gaudeix-barcelona-es-un-nou-video-del-gremi-de-restauracio-de-barcelona\/"]}]},{"@type":"ImageObject","inLanguage":"es","@id":"https:\/\/gremicafe.cat\/2023\/04\/14\/gaudeix-barcelona-es-un-nou-video-del-gremi-de-restauracio-de-barcelona\/#primaryimage","url":"https:\/\/gremicafe.cat\/wp-content\/uploads\/2023\/04\/Portada-vi\u0301deo-Gaudeix-Barcelona.jpg","contentUrl":"https:\/\/gremicafe.cat\/wp-content\/uploads\/2023\/04\/Portada-vi\u0301deo-Gaudeix-Barcelona.jpg","width":1080,"height":813},{"@type":"BreadcrumbList","@id":"https:\/\/gremicafe.cat\/2023\/04\/14\/gaudeix-barcelona-es-un-nou-video-del-gremi-de-restauracio-de-barcelona\/#breadcrumb","itemListElement":[{"@type":"ListItem","position":1,"name":"Inici","item":"https:\/\/gremicafe.cat\/"},{"@type":"ListItem","position":2,"name":"\u201cGAUDEIX BARCELONA\u201d \u00e9s un nou v\u00eddeo del Gremi de Restauraci\u00f3 de Barcelona"}]},{"@type":"WebSite","@id":"https:\/\/gremicafe.cat\/#website","url":"https:\/\/gremicafe.cat\/","name":"Gremio del Caf\u00e9, tostadores de Catalu\u00f1a","description":"Web oficial del gremio de tostadores de caf\u00e9 de Catalunya","publisher":{"@id":"https:\/\/gremicafe.cat\/#organization"},"potentialAction":[{"@type":"SearchAction","target":{"@type":"EntryPoint","urlTemplate":"https:\/\/gremicafe.cat\/?s={search_term_string}"},"query-input":{"@type":"PropertyValueSpecification","valueRequired":true,"valueName":"search_term_string"}}],"inLanguage":"es"},{"@type":"Organization","@id":"https:\/\/gremicafe.cat\/#organization","name":"Gremio del Caf\u00e9, Tostadores de Catalu\u00f1a","url":"https:\/\/gremicafe.cat\/","logo":{"@type":"ImageObject","inLanguage":"es","@id":"https:\/\/gremicafe.cat\/#\/schema\/logo\/image\/","url":"https:\/\/gremicafe.cat\/wp-content\/uploads\/2018\/03\/gremicafe-logo250.png","contentUrl":"https:\/\/gremicafe.cat\/wp-content\/uploads\/2018\/03\/gremicafe-logo250.png","width":250,"height":49,"caption":"Gremi del Caf\u00e8, Torradors de Catalunya"},"image":{"@id":"https:\/\/gremicafe.cat\/#\/schema\/logo\/image\/"},"sameAs":["https:\/\/www.facebook.com\/gremicafecat","https:\/\/x.com\/gremicafecat","https:\/\/www.instagram.com\/gremicafecat\/","https:\/\/www.pinterest.es\/gremicafecat\/","https:\/\/www.youtube.com\/channel\/UCGLo5Y35vLwLvP4FrPZrCrw\/"]},{"@type":"Person","@id":"https:\/\/gremicafe.cat\/#\/schema\/person\/dabfdbb3d0fa36260855a380f94e4733","name":"gremicafe","image":{"@type":"ImageObject","inLanguage":"es","@id":"https:\/\/gremicafe.cat\/#\/schema\/person\/image\/","url":"https:\/\/secure.gravatar.com\/avatar\/e59baa4ca8f6f97576d6375fb6d3c8f0?s=96&d=mm&r=g","contentUrl":"https:\/\/secure.gravatar.com\/avatar\/e59baa4ca8f6f97576d6375fb6d3c8f0?s=96&d=mm&r=g","caption":"gremicafe"}}]}},"_links":{"self":[{"href":"https:\/\/gremicafe.cat\/es\/wp-json\/wp\/v2\/posts\/6886"}],"collection":[{"href":"https:\/\/gremicafe.cat\/es\/wp-json\/wp\/v2\/posts"}],"about":[{"href":"https:\/\/gremicafe.cat\/es\/wp-json\/wp\/v2\/types\/post"}],"author":[{"embeddable":true,"href":"https:\/\/gremicafe.cat\/es\/wp-json\/wp\/v2\/users\/1"}],"replies":[{"embeddable":true,"href":"https:\/\/gremicafe.cat\/es\/wp-json\/wp\/v2\/comments?post=6886"}],"version-history":[{"count":0,"href":"https:\/\/gremicafe.cat\/es\/wp-json\/wp\/v2\/posts\/6886\/revisions"}],"wp:featuredmedia":[{"embeddable":true,"href":"https:\/\/gremicafe.cat\/es\/wp-json\/wp\/v2\/media\/6887"}],"wp:attachment":[{"href":"https:\/\/gremicafe.cat\/es\/wp-json\/wp\/v2\/media?parent=6886"}],"wp:term":[{"taxonomy":"category","embeddable":true,"href":"https:\/\/gremicafe.cat\/es\/wp-json\/wp\/v2\/categories?post=6886"},{"taxonomy":"post_tag","embeddable":true,"href":"https:\/\/gremicafe.cat\/es\/wp-json\/wp\/v2\/tags?post=6886"}],"curies":[{"name":"wp","href":"https:\/\/api.w.org\/{rel}","templated":true}]}}