{"id":6918,"date":"2023-05-17T11:41:26","date_gmt":"2023-05-17T09:41:26","guid":{"rendered":"https:\/\/gremicafe.cat\/?p=6918"},"modified":"2023-06-13T11:52:30","modified_gmt":"2023-06-13T09:52:30","slug":"lassemblea-del-gremi-del-cafe-de-catalunya-organitza-una-visita-especial-a-la-casa-navas-de-reus","status":"publish","type":"post","link":"https:\/\/gremicafe.cat\/es\/2023\/05\/17\/lassemblea-del-gremi-del-cafe-de-catalunya-organitza-una-visita-especial-a-la-casa-navas-de-reus\/","title":{"rendered":"La Asamblea del Gremio del Caf\u00e9 de Catalu\u00f1a organiza una visita especial a la Casa Nav\u00e0s de Reus"},"content":{"rendered":"<div id=\"ut-row-69f39e00347a8\" data-vc-full-width=\"true\" data-vc-full-width-init=\"false\" class=\"vc_row wpb_row vc_row-fluid vc_column-gap-0 ut-row-69f39e00347b7\" ><div class=\"wpb_column vc_column_container vc_col-sm-12\" ><div id=\"ut_inner_column_69f39e0034f5a\" class=\"vc_column-inner\"><div class=\"wpb_wrapper\">\n\t<div class=\"wpb_text_column wpb_content_element\" >\n\t\t<div class=\"wpb_wrapper\">\n\t\t\t<div class=\"\">\n<p class=\"p1\"><strong><span class=\"s1\"><img loading=\"lazy\" decoding=\"async\" class=\"aligncenter wp-image-6920 size-full\" src=\"https:\/\/gremicafe.cat\/wp-content\/uploads\/2023\/05\/IMG_3861_web.jpg\" alt=\"\" width=\"1200\" height=\"900\" srcset=\"https:\/\/gremicafe.cat\/wp-content\/uploads\/2023\/05\/IMG_3861_web.jpg 1200w, https:\/\/gremicafe.cat\/wp-content\/uploads\/2023\/05\/IMG_3861_web-768x576.jpg 768w, https:\/\/gremicafe.cat\/wp-content\/uploads\/2023\/05\/IMG_3861_web-960x720.jpg 960w\" sizes=\"(max-width: 1200px) 100vw, 1200px\" \/><\/span><\/strong><\/p>\n<p>&nbsp;<\/p>\n<p class=\"p1\"><span class=\"s1\">El pasado 9 de mayo se celebr\u00f3 el<b>Asamblea del Gremio del Caf\u00e9 de Catalunya en el prestigioso C\u00edrcol de Reus<\/b>. La jornada comenz\u00f3 con una c\u00e1lida bienvenida por parte de los miembros de la Asamblea del Gremio del Caf\u00e9, con asistencia de tostadores de caf\u00e9 de toda Catalu\u00f1a. <\/span><\/p>\n<p class=\"p1\"><span class=\"s1\">Como complemento de la jornada, la Asamblea del Gremio del Caf\u00e9 de Catalunya organiz\u00f3 una <b>visita especial a la Casa Nav\u00e0s, un emblema arquitect\u00f3nico de Reus<\/b>, aprovechando el centenario del arquitecto Dom\u00e8nec i Montaner, que proyect\u00f3 esta belleza del modernismo catal\u00e1n. Durante la visita, los asistentes tuvieron la oportunidad de <b>degustar el reconocido vermut Mir\u00f3<\/b>, una bebida tradicional y querida de Reus.<\/span><\/p>\n<p class=\"p1\"><span class=\"s1\">La Asamblea del Gremio del Caf\u00e9 de Catalunya quiere expresar su agradecimiento a los responsables de la Casa Nav\u00e0s, al equipo de restauraci\u00f3n de la entidad ya los tostadores de caf\u00e9 por su participaci\u00f3n en este evento inolvidable.<\/span><\/p>\n<p>&nbsp;<\/p>\n<p class=\"p1\"><span class=\"s1\">Para m\u00e1s informaci\u00f3n lee el <a href=\"https:\/\/gremicafe.cat\/es\/sala-premsa\/#noupresident2023\" target=\"_blank\" rel=\"noopener\">comunicado de prensa<\/a>.<\/span><\/p>\n<p>&nbsp;<\/p>\n<\/div>\n\n            <style type='text\/css'>\n                #gallery-1 {\n                    margin: auto;\n                }\n                #gallery-1 .gallery-item {\n                    float: left;\n                    margin-top: 10px;\n                    text-align: center;\n                    width: 50%;\n                }\n                #gallery-1 img {\n                    border: 2px solid #cfcfcf;\n                }\n                #gallery-1 .gallery-caption {\n                    margin-left: 0;\n                }\n                \n                \n                \n                \/* see gallery_shortcode() in wp-includes\/media.php *\/\n            <\/style>\n\t\t<div id='gallery-1' class='gallery galleryid-6918 gallery-columns-2 gallery-size-full'><dl class='gallery-item'>\n                <dt class='gallery-icon landscape'>\n                    <a href='https:\/\/gremicafe.cat\/wp-content\/uploads\/2023\/05\/IMG_3856_web.jpg'><img loading=\"lazy\" decoding=\"async\" width=\"1920\" height=\"1133\" src=\"https:\/\/gremicafe.cat\/wp-content\/uploads\/2023\/05\/IMG_3856_web.jpg\" class=\"attachment-full size-full\" alt=\"\" srcset=\"https:\/\/gremicafe.cat\/wp-content\/uploads\/2023\/05\/IMG_3856_web.jpg 1920w, https:\/\/gremicafe.cat\/wp-content\/uploads\/2023\/05\/IMG_3856_web-768x453.jpg 768w, https:\/\/gremicafe.cat\/wp-content\/uploads\/2023\/05\/IMG_3856_web-1536x906.jpg 1536w, https:\/\/gremicafe.cat\/wp-content\/uploads\/2023\/05\/IMG_3856_web-1220x720.jpg 1220w\" sizes=\"(max-width: 1920px) 100vw, 1920px\" \/><\/a>\n                <\/dt><\/dl><dl class='gallery-item'>\n                <dt class='gallery-icon landscape'>\n                    <a href='https:\/\/gremicafe.cat\/wp-content\/uploads\/2023\/05\/IMG_3865_web.jpg'><img loading=\"lazy\" decoding=\"async\" width=\"1920\" height=\"1041\" src=\"https:\/\/gremicafe.cat\/wp-content\/uploads\/2023\/05\/IMG_3865_web.jpg\" class=\"attachment-full size-full\" alt=\"\" srcset=\"https:\/\/gremicafe.cat\/wp-content\/uploads\/2023\/05\/IMG_3865_web.jpg 1920w, https:\/\/gremicafe.cat\/wp-content\/uploads\/2023\/05\/IMG_3865_web-768x416.jpg 768w, https:\/\/gremicafe.cat\/wp-content\/uploads\/2023\/05\/IMG_3865_web-1536x833.jpg 1536w, https:\/\/gremicafe.cat\/wp-content\/uploads\/2023\/05\/IMG_3865_web-1280x694.jpg 1280w\" sizes=\"(max-width: 1920px) 100vw, 1920px\" \/><\/a>\n                <\/dt><\/dl><br style=\"clear: both\" \/><dl class='gallery-item'>\n                <dt class='gallery-icon landscape'>\n                    <a href='https:\/\/gremicafe.cat\/wp-content\/uploads\/2023\/05\/IMG_3869_web.jpg'><img loading=\"lazy\" decoding=\"async\" width=\"1200\" height=\"900\" src=\"https:\/\/gremicafe.cat\/wp-content\/uploads\/2023\/05\/IMG_3869_web.jpg\" class=\"attachment-full size-full\" alt=\"\" srcset=\"https:\/\/gremicafe.cat\/wp-content\/uploads\/2023\/05\/IMG_3869_web.jpg 1200w, https:\/\/gremicafe.cat\/wp-content\/uploads\/2023\/05\/IMG_3869_web-768x576.jpg 768w, https:\/\/gremicafe.cat\/wp-content\/uploads\/2023\/05\/IMG_3869_web-960x720.jpg 960w\" sizes=\"(max-width: 1200px) 100vw, 1200px\" \/><\/a>\n                <\/dt><\/dl>\n                <br style='clear: both' \/><\/div>\n\n\n\t\t<\/div>\n\t<\/div>\n<\/div><\/div><\/div><\/div><div class=\"vc_row-full-width vc_clearfix\"><\/div>","protected":false},"excerpt":{"rendered":"&nbsp; El passat 9 de maig es va celebrar l\u2019Assemblea del Gremi del Caf\u00e8 de Catalunya al prestigi\u00f3s C\u00edrcol de Reus. La jornada va comen\u00e7ar amb una c\u00e0lida benvinguda per part dels membres de l'Assemblea del Gremi del Caf\u00e8, amb assist\u00e8ncia de torradors de caf\u00e8 de tota Catalunya. Com a complement de la jornada, l\u2019Assemblea [...]","protected":false},"author":1,"featured_media":6920,"comment_status":"closed","ping_status":"open","sticky":false,"template":"","format":"standard","meta":{"_acf_changed":false,"inline_featured_image":false,"footnotes":""},"categories":[1],"tags":[],"class_list":["post-6918","post","type-post","status-publish","format-standard","has-post-thumbnail","hentry","category-noticies"],"acf":[],"yoast_head":"<!-- This site is optimized with the Yoast SEO plugin v25.5 - https:\/\/yoast.com\/wordpress\/plugins\/seo\/ -->\n<title>L\u2019Assemblea del Gremi del Caf\u00e8 de Catalunya organitza una visita especial a la Casa Nav\u00e0s de Reus - Gremi del Caf\u00e8, torradors de Catalunya<\/title>\n<meta name=\"robots\" content=\"index, follow, max-snippet:-1, max-image-preview:large, max-video-preview:-1\" \/>\n<link rel=\"canonical\" href=\"https:\/\/gremicafe.cat\/es\/2023\/05\/17\/lassemblea-del-gremi-del-cafe-de-catalunya-organitza-una-visita-especial-a-la-casa-navas-de-reus\/\" \/>\n<meta property=\"og:locale\" content=\"es_ES\" \/>\n<meta property=\"og:type\" content=\"article\" \/>\n<meta property=\"og:title\" content=\"L\u2019Assemblea del Gremi del Caf\u00e8 de Catalunya organitza una visita especial a la Casa Nav\u00e0s de Reus - Gremi del Caf\u00e8, torradors de Catalunya\" \/>\n<meta property=\"og:url\" content=\"https:\/\/gremicafe.cat\/es\/2023\/05\/17\/lassemblea-del-gremi-del-cafe-de-catalunya-organitza-una-visita-especial-a-la-casa-navas-de-reus\/\" \/>\n<meta property=\"og:site_name\" content=\"Gremi del Caf\u00e8, torradors de Catalunya\" \/>\n<meta property=\"article:publisher\" content=\"https:\/\/www.facebook.com\/gremicafecat\" \/>\n<meta property=\"article:published_time\" content=\"2023-05-17T09:41:26+00:00\" \/>\n<meta property=\"article:modified_time\" content=\"2023-06-13T09:52:30+00:00\" \/>\n<meta property=\"og:image\" content=\"https:\/\/gremicafe.cat\/wp-content\/uploads\/2023\/05\/IMG_3861_web.jpg\" \/>\n\t<meta property=\"og:image:width\" content=\"1200\" \/>\n\t<meta property=\"og:image:height\" content=\"900\" \/>\n\t<meta property=\"og:image:type\" content=\"image\/jpeg\" \/>\n<meta name=\"author\" content=\"gremicafe\" \/>\n<meta name=\"twitter:card\" content=\"summary_large_image\" \/>\n<meta name=\"twitter:creator\" content=\"@gremicafecat\" \/>\n<meta name=\"twitter:site\" content=\"@gremicafecat\" \/>\n<meta name=\"twitter:label1\" content=\"Escrito por\" \/>\n\t<meta name=\"twitter:data1\" content=\"gremicafe\" \/>\n\t<meta name=\"twitter:label2\" content=\"Tiempo de lectura\" \/>\n\t<meta name=\"twitter:data2\" content=\"1 minuto\" \/>\n<script type=\"application\/ld+json\" class=\"yoast-schema-graph\">{\"@context\":\"https:\/\/schema.org\",\"@graph\":[{\"@type\":\"Article\",\"@id\":\"https:\/\/gremicafe.cat\/2023\/05\/17\/lassemblea-del-gremi-del-cafe-de-catalunya-organitza-una-visita-especial-a-la-casa-navas-de-reus\/#article\",\"isPartOf\":{\"@id\":\"https:\/\/gremicafe.cat\/2023\/05\/17\/lassemblea-del-gremi-del-cafe-de-catalunya-organitza-una-visita-especial-a-la-casa-navas-de-reus\/\"},\"author\":{\"name\":\"gremicafe\",\"@id\":\"https:\/\/gremicafe.cat\/#\/schema\/person\/dabfdbb3d0fa36260855a380f94e4733\"},\"headline\":\"L\u2019Assemblea del Gremi del Caf\u00e8 de Catalunya organitza una visita especial a la Casa Nav\u00e0s de Reus\",\"datePublished\":\"2023-05-17T09:41:26+00:00\",\"dateModified\":\"2023-06-13T09:52:30+00:00\",\"mainEntityOfPage\":{\"@id\":\"https:\/\/gremicafe.cat\/2023\/05\/17\/lassemblea-del-gremi-del-cafe-de-catalunya-organitza-una-visita-especial-a-la-casa-navas-de-reus\/\"},\"wordCount\":212,\"publisher\":{\"@id\":\"https:\/\/gremicafe.cat\/#organization\"},\"image\":{\"@id\":\"https:\/\/gremicafe.cat\/2023\/05\/17\/lassemblea-del-gremi-del-cafe-de-catalunya-organitza-una-visita-especial-a-la-casa-navas-de-reus\/#primaryimage\"},\"thumbnailUrl\":\"https:\/\/gremicafe.cat\/wp-content\/uploads\/2023\/05\/IMG_3861_web.jpg\",\"articleSection\":[\"Not\u00edcies\"],\"inLanguage\":\"es\"},{\"@type\":\"WebPage\",\"@id\":\"https:\/\/gremicafe.cat\/2023\/05\/17\/lassemblea-del-gremi-del-cafe-de-catalunya-organitza-una-visita-especial-a-la-casa-navas-de-reus\/\",\"url\":\"https:\/\/gremicafe.cat\/2023\/05\/17\/lassemblea-del-gremi-del-cafe-de-catalunya-organitza-una-visita-especial-a-la-casa-navas-de-reus\/\",\"name\":\"L\u2019Assemblea del Gremi del Caf\u00e8 de Catalunya organitza una visita especial a la Casa Nav\u00e0s de Reus - Gremi del Caf\u00e8, torradors de Catalunya\",\"isPartOf\":{\"@id\":\"https:\/\/gremicafe.cat\/#website\"},\"primaryImageOfPage\":{\"@id\":\"https:\/\/gremicafe.cat\/2023\/05\/17\/lassemblea-del-gremi-del-cafe-de-catalunya-organitza-una-visita-especial-a-la-casa-navas-de-reus\/#primaryimage\"},\"image\":{\"@id\":\"https:\/\/gremicafe.cat\/2023\/05\/17\/lassemblea-del-gremi-del-cafe-de-catalunya-organitza-una-visita-especial-a-la-casa-navas-de-reus\/#primaryimage\"},\"thumbnailUrl\":\"https:\/\/gremicafe.cat\/wp-content\/uploads\/2023\/05\/IMG_3861_web.jpg\",\"datePublished\":\"2023-05-17T09:41:26+00:00\",\"dateModified\":\"2023-06-13T09:52:30+00:00\",\"breadcrumb\":{\"@id\":\"https:\/\/gremicafe.cat\/2023\/05\/17\/lassemblea-del-gremi-del-cafe-de-catalunya-organitza-una-visita-especial-a-la-casa-navas-de-reus\/#breadcrumb\"},\"inLanguage\":\"es\",\"potentialAction\":[{\"@type\":\"ReadAction\",\"target\":[\"https:\/\/gremicafe.cat\/2023\/05\/17\/lassemblea-del-gremi-del-cafe-de-catalunya-organitza-una-visita-especial-a-la-casa-navas-de-reus\/\"]}]},{\"@type\":\"ImageObject\",\"inLanguage\":\"es\",\"@id\":\"https:\/\/gremicafe.cat\/2023\/05\/17\/lassemblea-del-gremi-del-cafe-de-catalunya-organitza-una-visita-especial-a-la-casa-navas-de-reus\/#primaryimage\",\"url\":\"https:\/\/gremicafe.cat\/wp-content\/uploads\/2023\/05\/IMG_3861_web.jpg\",\"contentUrl\":\"https:\/\/gremicafe.cat\/wp-content\/uploads\/2023\/05\/IMG_3861_web.jpg\",\"width\":1200,\"height\":900},{\"@type\":\"BreadcrumbList\",\"@id\":\"https:\/\/gremicafe.cat\/2023\/05\/17\/lassemblea-del-gremi-del-cafe-de-catalunya-organitza-una-visita-especial-a-la-casa-navas-de-reus\/#breadcrumb\",\"itemListElement\":[{\"@type\":\"ListItem\",\"position\":1,\"name\":\"Inici\",\"item\":\"https:\/\/gremicafe.cat\/\"},{\"@type\":\"ListItem\",\"position\":2,\"name\":\"L\u2019Assemblea del Gremi del Caf\u00e8 de Catalunya organitza una visita especial a la Casa Nav\u00e0s de Reus\"}]},{\"@type\":\"WebSite\",\"@id\":\"https:\/\/gremicafe.cat\/#website\",\"url\":\"https:\/\/gremicafe.cat\/\",\"name\":\"Gremi del Caf\u00e8, torradors de Catalunya\",\"description\":\"Web oficial del gremi de torradors de caf\u00e8 de Catalunya\",\"publisher\":{\"@id\":\"https:\/\/gremicafe.cat\/#organization\"},\"potentialAction\":[{\"@type\":\"SearchAction\",\"target\":{\"@type\":\"EntryPoint\",\"urlTemplate\":\"https:\/\/gremicafe.cat\/?s={search_term_string}\"},\"query-input\":{\"@type\":\"PropertyValueSpecification\",\"valueRequired\":true,\"valueName\":\"search_term_string\"}}],\"inLanguage\":\"es\"},{\"@type\":\"Organization\",\"@id\":\"https:\/\/gremicafe.cat\/#organization\",\"name\":\"Gremi del Caf\u00e8, Torradors de Catalunya\",\"url\":\"https:\/\/gremicafe.cat\/\",\"logo\":{\"@type\":\"ImageObject\",\"inLanguage\":\"es\",\"@id\":\"https:\/\/gremicafe.cat\/#\/schema\/logo\/image\/\",\"url\":\"https:\/\/gremicafe.cat\/wp-content\/uploads\/2018\/03\/gremicafe-logo250.png\",\"contentUrl\":\"https:\/\/gremicafe.cat\/wp-content\/uploads\/2018\/03\/gremicafe-logo250.png\",\"width\":250,\"height\":49,\"caption\":\"Gremi del Caf\u00e8, Torradors de Catalunya\"},\"image\":{\"@id\":\"https:\/\/gremicafe.cat\/#\/schema\/logo\/image\/\"},\"sameAs\":[\"https:\/\/www.facebook.com\/gremicafecat\",\"https:\/\/x.com\/gremicafecat\",\"https:\/\/www.instagram.com\/gremicafecat\/\",\"https:\/\/www.pinterest.es\/gremicafecat\/\",\"https:\/\/www.youtube.com\/channel\/UCGLo5Y35vLwLvP4FrPZrCrw\/\"]},{\"@type\":\"Person\",\"@id\":\"https:\/\/gremicafe.cat\/#\/schema\/person\/dabfdbb3d0fa36260855a380f94e4733\",\"name\":\"gremicafe\",\"image\":{\"@type\":\"ImageObject\",\"inLanguage\":\"es\",\"@id\":\"https:\/\/gremicafe.cat\/#\/schema\/person\/image\/\",\"url\":\"https:\/\/secure.gravatar.com\/avatar\/e59baa4ca8f6f97576d6375fb6d3c8f0?s=96&d=mm&r=g\",\"contentUrl\":\"https:\/\/secure.gravatar.com\/avatar\/e59baa4ca8f6f97576d6375fb6d3c8f0?s=96&d=mm&r=g\",\"caption\":\"gremicafe\"}}]}<\/script>\n<!-- \/ Yoast SEO plugin. -->","yoast_head_json":{"title":"L\u2019Assemblea del Gremi del Caf\u00e8 de Catalunya organitza una visita especial a la Casa Nav\u00e0s de Reus - Gremi del Caf\u00e8, torradors de Catalunya","robots":{"index":"index","follow":"follow","max-snippet":"max-snippet:-1","max-image-preview":"max-image-preview:large","max-video-preview":"max-video-preview:-1"},"canonical":"https:\/\/gremicafe.cat\/es\/2023\/05\/17\/lassemblea-del-gremi-del-cafe-de-catalunya-organitza-una-visita-especial-a-la-casa-navas-de-reus\/","og_locale":"es_ES","og_type":"article","og_title":"L\u2019Assemblea del Gremi del Caf\u00e8 de Catalunya organitza una visita especial a la Casa Nav\u00e0s de Reus - Gremi del Caf\u00e8, torradors de Catalunya","og_url":"https:\/\/gremicafe.cat\/es\/2023\/05\/17\/lassemblea-del-gremi-del-cafe-de-catalunya-organitza-una-visita-especial-a-la-casa-navas-de-reus\/","og_site_name":"Gremi del Caf\u00e8, torradors de Catalunya","article_publisher":"https:\/\/www.facebook.com\/gremicafecat","article_published_time":"2023-05-17T09:41:26+00:00","article_modified_time":"2023-06-13T09:52:30+00:00","og_image":[{"width":1200,"height":900,"url":"https:\/\/gremicafe.cat\/wp-content\/uploads\/2023\/05\/IMG_3861_web.jpg","type":"image\/jpeg"}],"author":"gremicafe","twitter_card":"summary_large_image","twitter_creator":"@gremicafecat","twitter_site":"@gremicafecat","twitter_misc":{"Escrito por":"gremicafe","Tiempo de lectura":"1 minuto"},"schema":{"@context":"https:\/\/schema.org","@graph":[{"@type":"Article","@id":"https:\/\/gremicafe.cat\/2023\/05\/17\/lassemblea-del-gremi-del-cafe-de-catalunya-organitza-una-visita-especial-a-la-casa-navas-de-reus\/#article","isPartOf":{"@id":"https:\/\/gremicafe.cat\/2023\/05\/17\/lassemblea-del-gremi-del-cafe-de-catalunya-organitza-una-visita-especial-a-la-casa-navas-de-reus\/"},"author":{"name":"gremicafe","@id":"https:\/\/gremicafe.cat\/#\/schema\/person\/dabfdbb3d0fa36260855a380f94e4733"},"headline":"L\u2019Assemblea del Gremi del Caf\u00e8 de Catalunya organitza una visita especial a la Casa Nav\u00e0s de Reus","datePublished":"2023-05-17T09:41:26+00:00","dateModified":"2023-06-13T09:52:30+00:00","mainEntityOfPage":{"@id":"https:\/\/gremicafe.cat\/2023\/05\/17\/lassemblea-del-gremi-del-cafe-de-catalunya-organitza-una-visita-especial-a-la-casa-navas-de-reus\/"},"wordCount":212,"publisher":{"@id":"https:\/\/gremicafe.cat\/#organization"},"image":{"@id":"https:\/\/gremicafe.cat\/2023\/05\/17\/lassemblea-del-gremi-del-cafe-de-catalunya-organitza-una-visita-especial-a-la-casa-navas-de-reus\/#primaryimage"},"thumbnailUrl":"https:\/\/gremicafe.cat\/wp-content\/uploads\/2023\/05\/IMG_3861_web.jpg","articleSection":["Not\u00edcies"],"inLanguage":"es"},{"@type":"WebPage","@id":"https:\/\/gremicafe.cat\/2023\/05\/17\/lassemblea-del-gremi-del-cafe-de-catalunya-organitza-una-visita-especial-a-la-casa-navas-de-reus\/","url":"https:\/\/gremicafe.cat\/2023\/05\/17\/lassemblea-del-gremi-del-cafe-de-catalunya-organitza-una-visita-especial-a-la-casa-navas-de-reus\/","name":"L\u2019Assemblea del Gremi del Caf\u00e8 de Catalunya organitza una visita especial a la Casa Nav\u00e0s de Reus - Gremi del Caf\u00e8, torradors de Catalunya","isPartOf":{"@id":"https:\/\/gremicafe.cat\/#website"},"primaryImageOfPage":{"@id":"https:\/\/gremicafe.cat\/2023\/05\/17\/lassemblea-del-gremi-del-cafe-de-catalunya-organitza-una-visita-especial-a-la-casa-navas-de-reus\/#primaryimage"},"image":{"@id":"https:\/\/gremicafe.cat\/2023\/05\/17\/lassemblea-del-gremi-del-cafe-de-catalunya-organitza-una-visita-especial-a-la-casa-navas-de-reus\/#primaryimage"},"thumbnailUrl":"https:\/\/gremicafe.cat\/wp-content\/uploads\/2023\/05\/IMG_3861_web.jpg","datePublished":"2023-05-17T09:41:26+00:00","dateModified":"2023-06-13T09:52:30+00:00","breadcrumb":{"@id":"https:\/\/gremicafe.cat\/2023\/05\/17\/lassemblea-del-gremi-del-cafe-de-catalunya-organitza-una-visita-especial-a-la-casa-navas-de-reus\/#breadcrumb"},"inLanguage":"es","potentialAction":[{"@type":"ReadAction","target":["https:\/\/gremicafe.cat\/2023\/05\/17\/lassemblea-del-gremi-del-cafe-de-catalunya-organitza-una-visita-especial-a-la-casa-navas-de-reus\/"]}]},{"@type":"ImageObject","inLanguage":"es","@id":"https:\/\/gremicafe.cat\/2023\/05\/17\/lassemblea-del-gremi-del-cafe-de-catalunya-organitza-una-visita-especial-a-la-casa-navas-de-reus\/#primaryimage","url":"https:\/\/gremicafe.cat\/wp-content\/uploads\/2023\/05\/IMG_3861_web.jpg","contentUrl":"https:\/\/gremicafe.cat\/wp-content\/uploads\/2023\/05\/IMG_3861_web.jpg","width":1200,"height":900},{"@type":"BreadcrumbList","@id":"https:\/\/gremicafe.cat\/2023\/05\/17\/lassemblea-del-gremi-del-cafe-de-catalunya-organitza-una-visita-especial-a-la-casa-navas-de-reus\/#breadcrumb","itemListElement":[{"@type":"ListItem","position":1,"name":"Inici","item":"https:\/\/gremicafe.cat\/"},{"@type":"ListItem","position":2,"name":"L\u2019Assemblea del Gremi del Caf\u00e8 de Catalunya organitza una visita especial a la Casa Nav\u00e0s de Reus"}]},{"@type":"WebSite","@id":"https:\/\/gremicafe.cat\/#website","url":"https:\/\/gremicafe.cat\/","name":"Gremio del Caf\u00e9, tostadores de Catalu\u00f1a","description":"Web oficial del gremio de tostadores de caf\u00e9 de Catalunya","publisher":{"@id":"https:\/\/gremicafe.cat\/#organization"},"potentialAction":[{"@type":"SearchAction","target":{"@type":"EntryPoint","urlTemplate":"https:\/\/gremicafe.cat\/?s={search_term_string}"},"query-input":{"@type":"PropertyValueSpecification","valueRequired":true,"valueName":"search_term_string"}}],"inLanguage":"es"},{"@type":"Organization","@id":"https:\/\/gremicafe.cat\/#organization","name":"Gremio del Caf\u00e9, Tostadores de Catalu\u00f1a","url":"https:\/\/gremicafe.cat\/","logo":{"@type":"ImageObject","inLanguage":"es","@id":"https:\/\/gremicafe.cat\/#\/schema\/logo\/image\/","url":"https:\/\/gremicafe.cat\/wp-content\/uploads\/2018\/03\/gremicafe-logo250.png","contentUrl":"https:\/\/gremicafe.cat\/wp-content\/uploads\/2018\/03\/gremicafe-logo250.png","width":250,"height":49,"caption":"Gremi del Caf\u00e8, Torradors de Catalunya"},"image":{"@id":"https:\/\/gremicafe.cat\/#\/schema\/logo\/image\/"},"sameAs":["https:\/\/www.facebook.com\/gremicafecat","https:\/\/x.com\/gremicafecat","https:\/\/www.instagram.com\/gremicafecat\/","https:\/\/www.pinterest.es\/gremicafecat\/","https:\/\/www.youtube.com\/channel\/UCGLo5Y35vLwLvP4FrPZrCrw\/"]},{"@type":"Person","@id":"https:\/\/gremicafe.cat\/#\/schema\/person\/dabfdbb3d0fa36260855a380f94e4733","name":"gremicafe","image":{"@type":"ImageObject","inLanguage":"es","@id":"https:\/\/gremicafe.cat\/#\/schema\/person\/image\/","url":"https:\/\/secure.gravatar.com\/avatar\/e59baa4ca8f6f97576d6375fb6d3c8f0?s=96&d=mm&r=g","contentUrl":"https:\/\/secure.gravatar.com\/avatar\/e59baa4ca8f6f97576d6375fb6d3c8f0?s=96&d=mm&r=g","caption":"gremicafe"}}]}},"_links":{"self":[{"href":"https:\/\/gremicafe.cat\/es\/wp-json\/wp\/v2\/posts\/6918"}],"collection":[{"href":"https:\/\/gremicafe.cat\/es\/wp-json\/wp\/v2\/posts"}],"about":[{"href":"https:\/\/gremicafe.cat\/es\/wp-json\/wp\/v2\/types\/post"}],"author":[{"embeddable":true,"href":"https:\/\/gremicafe.cat\/es\/wp-json\/wp\/v2\/users\/1"}],"replies":[{"embeddable":true,"href":"https:\/\/gremicafe.cat\/es\/wp-json\/wp\/v2\/comments?post=6918"}],"version-history":[{"count":0,"href":"https:\/\/gremicafe.cat\/es\/wp-json\/wp\/v2\/posts\/6918\/revisions"}],"wp:featuredmedia":[{"embeddable":true,"href":"https:\/\/gremicafe.cat\/es\/wp-json\/wp\/v2\/media\/6920"}],"wp:attachment":[{"href":"https:\/\/gremicafe.cat\/es\/wp-json\/wp\/v2\/media?parent=6918"}],"wp:term":[{"taxonomy":"category","embeddable":true,"href":"https:\/\/gremicafe.cat\/es\/wp-json\/wp\/v2\/categories?post=6918"},{"taxonomy":"post_tag","embeddable":true,"href":"https:\/\/gremicafe.cat\/es\/wp-json\/wp\/v2\/tags?post=6918"}],"curies":[{"name":"wp","href":"https:\/\/api.w.org\/{rel}","templated":true}]}}