{"id":6957,"date":"2023-06-21T17:17:47","date_gmt":"2023-06-21T15:17:47","guid":{"rendered":"https:\/\/gremicafe.cat\/?p=6957"},"modified":"2023-06-28T17:20:44","modified_gmt":"2023-06-28T15:20:44","slug":"dos-cafes-de-cornella-premiats-als-girona-excellent","status":"publish","type":"post","link":"https:\/\/gremicafe.cat\/es\/2023\/06\/21\/dos-cafes-de-cornella-premiats-als-girona-excellent\/","title":{"rendered":"Dos caf\u00e9s de Cornell\u00e0 premiados en los Girona Excelente"},"content":{"rendered":"<div id=\"ut-row-69f5c578bf2b2\" data-vc-full-width=\"true\" data-vc-full-width-init=\"false\" class=\"vc_row wpb_row vc_row-fluid vc_column-gap-0 ut-row-69f5c578bf2bf\" ><div class=\"wpb_column vc_column_container vc_col-sm-12\" ><div id=\"ut_inner_column_69f5c578bfdda\" class=\"vc_column-inner\"><div class=\"wpb_wrapper\">\n\t<div class=\"wpb_text_column wpb_content_element\" >\n\t\t<div class=\"wpb_wrapper\">\n\t\t\t<div class=\"\">\n<p class=\"p1\"><strong><span class=\"s1\"><img loading=\"lazy\" decoding=\"async\" class=\"aligncenter wp-image-6958 size-full\" src=\"https:\/\/gremicafe.cat\/wp-content\/uploads\/2023\/06\/CornellaJuny2023.jpg\" alt=\"\" width=\"1200\" height=\"761\" srcset=\"https:\/\/gremicafe.cat\/wp-content\/uploads\/2023\/06\/CornellaJuny2023.jpg 1200w, https:\/\/gremicafe.cat\/wp-content\/uploads\/2023\/06\/CornellaJuny2023-768x487.jpg 768w, https:\/\/gremicafe.cat\/wp-content\/uploads\/2023\/06\/CornellaJuny2023-1135x720.jpg 1135w\" sizes=\"(max-width: 1200px) 100vw, 1200px\" \/><\/span><\/strong><\/p>\n<p>&nbsp;<\/p>\n<p>Girona, 21 de junio de 2023 \u2013 El prestigioso sello de calidad agroalimentaria Girona Excel\u00b7lent ha otorgado dos de sus distinguidos galardones a Caf\u00e8s Cornell\u00e0, reconociendo la calidad excepcional de dos de nuestros productos. Nuestro blend para cafeter\u00edas, \u201c96 Barista Pro Premium Grade\u201d, ha sido reconocido como el mejor tostado para espresso, mientras que el \u201cMahogany Brazil Fazenda Sert\u00e3o\u201d ha sido distinguido como el mejor tostado para caf\u00e9 de filtro.<\/p>\n<p>Girona Excelente, un sello de calidad agroalimentaria promovido por la Diputaci\u00f3n de Girona, tiene como objetivo impulsar, fomentar y difundir los productos agroalimentarios de la m\u00e1xima excelencia de la provincia.<\/p>\n<p>El jurado, formado por 43 profesionales del sector agroalimentario, ha sido el encargado de evaluar los productos presentados en las 14 categor\u00edas utilizando catas a ciegas para una valoraci\u00f3n objetiva. Se han tenido en cuenta aspectos como la apariencia, el aroma, el gusto y la armon\u00eda. As\u00ed, nuestro blend para cafeter\u00edas \u201c96 Barista Pro Premium Grade\u201d ha demostrado ser el mejor tostado para espresso, mientras que el \u201cMahogany Brazil Fazenda Sert\u00e3o\u201d ha destacado como el mejor tostado para caf\u00e9 de filtro.<\/p>\n<p>El caf\u00e9 para cafeter\u00edas, 96 Barista Pro Premium Grade, ya fue galardonado como ganador en la edici\u00f3n anterior de este prestigioso certamen.<\/p>\n<p>Para obtener m\u00e1s informaci\u00f3n sobre los productos premiados y otras ofertas, le invitamos a visitar la p\u00e1gina web <a href=\"http:\/\/www.cafescornella.cat\/\">www.cafescornella.cat<\/a>.<\/p>\n<\/div>\n<div class=\"\">\n<p>&nbsp;<\/p>\n<p>Desc\u00e1rgate la Nota de Prensa <a href=\"https:\/\/gremicafe.cat\/wp-content\/uploads\/2023\/06\/Nota-premsa-premi-Girona-Excel.lent-2023.pdf\" target=\"_blank\" rel=\"noopener\">aqu\u00ed<\/a>.<\/p>\n<p>&nbsp;<\/p>\n<\/div>\n\n            <style type='text\/css'>\n                #gallery-1 {\n                    margin: auto;\n                }\n                #gallery-1 .gallery-item {\n                    float: left;\n                    margin-top: 10px;\n                    text-align: center;\n                    width: 50%;\n                }\n                #gallery-1 img {\n                    border: 2px solid #cfcfcf;\n                }\n                #gallery-1 .gallery-caption {\n                    margin-left: 0;\n                }\n                \n                \n                \n                \/* see gallery_shortcode() in wp-includes\/media.php *\/\n            <\/style>\n\t\t<div id='gallery-1' class='gallery galleryid-6957 gallery-columns-2 gallery-size-full'><dl class='gallery-item'>\n                <dt class='gallery-icon portrait'>\n                    <a href='https:\/\/gremicafe.cat\/wp-content\/uploads\/2023\/06\/Blend-96.png'><img loading=\"lazy\" decoding=\"async\" width=\"2327\" height=\"4961\" src=\"https:\/\/gremicafe.cat\/wp-content\/uploads\/2023\/06\/Blend-96.png\" class=\"attachment-full size-full\" alt=\"\" srcset=\"https:\/\/gremicafe.cat\/wp-content\/uploads\/2023\/06\/Blend-96.png 2327w, https:\/\/gremicafe.cat\/wp-content\/uploads\/2023\/06\/Blend-96-768x1637.png 768w, https:\/\/gremicafe.cat\/wp-content\/uploads\/2023\/06\/Blend-96-720x1536.png 720w, https:\/\/gremicafe.cat\/wp-content\/uploads\/2023\/06\/Blend-96-961x2048.png 961w, https:\/\/gremicafe.cat\/wp-content\/uploads\/2023\/06\/Blend-96-338x720.png 338w\" sizes=\"(max-width: 2327px) 100vw, 2327px\" \/><\/a>\n                <\/dt><\/dl><dl class='gallery-item'>\n                <dt class='gallery-icon portrait'>\n                    <a href='https:\/\/gremicafe.cat\/wp-content\/uploads\/2023\/06\/dau-2023-b-GIRONA-EXCELLENT-01.jpg'><img loading=\"lazy\" decoding=\"async\" width=\"1005\" height=\"1067\" src=\"https:\/\/gremicafe.cat\/wp-content\/uploads\/2023\/06\/dau-2023-b-GIRONA-EXCELLENT-01.jpg\" class=\"attachment-full size-full\" alt=\"\" srcset=\"https:\/\/gremicafe.cat\/wp-content\/uploads\/2023\/06\/dau-2023-b-GIRONA-EXCELLENT-01.jpg 1005w, https:\/\/gremicafe.cat\/wp-content\/uploads\/2023\/06\/dau-2023-b-GIRONA-EXCELLENT-01-768x815.jpg 768w, https:\/\/gremicafe.cat\/wp-content\/uploads\/2023\/06\/dau-2023-b-GIRONA-EXCELLENT-01-678x720.jpg 678w\" sizes=\"(max-width: 1005px) 100vw, 1005px\" \/><\/a>\n                <\/dt><\/dl><br style=\"clear: both\" \/><dl class='gallery-item'>\n                <dt class='gallery-icon portrait'>\n                    <a href='https:\/\/gremicafe.cat\/wp-content\/uploads\/2023\/06\/Mahogany_BRASIL-filtro.png'><img loading=\"lazy\" decoding=\"async\" width=\"947\" height=\"1280\" src=\"https:\/\/gremicafe.cat\/wp-content\/uploads\/2023\/06\/Mahogany_BRASIL-filtro.png\" class=\"attachment-full size-full\" alt=\"\" srcset=\"https:\/\/gremicafe.cat\/wp-content\/uploads\/2023\/06\/Mahogany_BRASIL-filtro.png 947w, https:\/\/gremicafe.cat\/wp-content\/uploads\/2023\/06\/Mahogany_BRASIL-filtro-768x1038.png 768w, https:\/\/gremicafe.cat\/wp-content\/uploads\/2023\/06\/Mahogany_BRASIL-filtro-533x720.png 533w\" sizes=\"(max-width: 947px) 100vw, 947px\" \/><\/a>\n                <\/dt><\/dl>\n                <br style='clear: both' \/><\/div>\n\n\n\t\t<\/div>\n\t<\/div>\n<\/div><\/div><\/div><\/div><div class=\"vc_row-full-width vc_clearfix\"><\/div>","protected":false},"excerpt":{"rendered":"&nbsp; Girona, 21 de juny de 2023 - El prestigi\u00f3s segell de qualitat agroaliment\u00e0ria Girona Excel\u00b7lent ha atorgat dos dels seus distingits guardons a Caf\u00e8s Cornell\u00e0, reconeixent la qualitat excepcional de dos dels nostres productes. El nostre blend per a cafeteries, \"96 Barista Pro Premium Grade\", ha estat reconegut com el millor torrat per a [...]","protected":false},"author":1,"featured_media":6958,"comment_status":"closed","ping_status":"open","sticky":false,"template":"","format":"standard","meta":{"_acf_changed":false,"inline_featured_image":false,"footnotes":""},"categories":[1],"tags":[],"class_list":["post-6957","post","type-post","status-publish","format-standard","has-post-thumbnail","hentry","category-noticies"],"acf":[],"yoast_head":"<!-- This site is optimized with the Yoast SEO plugin v25.5 - https:\/\/yoast.com\/wordpress\/plugins\/seo\/ -->\n<title>Dos caf\u00e8s de Cornell\u00e0 premiats als Girona Excel\u00b7lent - Gremi del Caf\u00e8, torradors de Catalunya<\/title>\n<meta name=\"robots\" content=\"index, follow, max-snippet:-1, max-image-preview:large, max-video-preview:-1\" \/>\n<link rel=\"canonical\" href=\"https:\/\/gremicafe.cat\/es\/2023\/06\/21\/dos-cafes-de-cornella-premiats-als-girona-excellent\/\" \/>\n<meta property=\"og:locale\" content=\"es_ES\" \/>\n<meta property=\"og:type\" content=\"article\" \/>\n<meta property=\"og:title\" content=\"Dos caf\u00e8s de Cornell\u00e0 premiats als Girona Excel\u00b7lent - Gremi del Caf\u00e8, torradors de Catalunya\" \/>\n<meta property=\"og:url\" content=\"https:\/\/gremicafe.cat\/es\/2023\/06\/21\/dos-cafes-de-cornella-premiats-als-girona-excellent\/\" \/>\n<meta property=\"og:site_name\" content=\"Gremi del Caf\u00e8, torradors de Catalunya\" \/>\n<meta property=\"article:publisher\" content=\"https:\/\/www.facebook.com\/gremicafecat\" \/>\n<meta property=\"article:published_time\" content=\"2023-06-21T15:17:47+00:00\" \/>\n<meta property=\"article:modified_time\" content=\"2023-06-28T15:20:44+00:00\" \/>\n<meta property=\"og:image\" content=\"https:\/\/gremicafe.cat\/wp-content\/uploads\/2023\/06\/CornellaJuny2023.jpg\" \/>\n\t<meta property=\"og:image:width\" content=\"1200\" \/>\n\t<meta property=\"og:image:height\" content=\"761\" \/>\n\t<meta property=\"og:image:type\" content=\"image\/jpeg\" \/>\n<meta name=\"author\" content=\"gremicafe\" \/>\n<meta name=\"twitter:card\" content=\"summary_large_image\" \/>\n<meta name=\"twitter:creator\" content=\"@gremicafecat\" \/>\n<meta name=\"twitter:site\" content=\"@gremicafecat\" \/>\n<meta name=\"twitter:label1\" content=\"Escrito por\" \/>\n\t<meta name=\"twitter:data1\" content=\"gremicafe\" \/>\n\t<meta name=\"twitter:label2\" content=\"Tiempo de lectura\" \/>\n\t<meta name=\"twitter:data2\" content=\"1 minuto\" \/>\n<script type=\"application\/ld+json\" class=\"yoast-schema-graph\">{\"@context\":\"https:\/\/schema.org\",\"@graph\":[{\"@type\":\"Article\",\"@id\":\"https:\/\/gremicafe.cat\/2023\/06\/21\/dos-cafes-de-cornella-premiats-als-girona-excellent\/#article\",\"isPartOf\":{\"@id\":\"https:\/\/gremicafe.cat\/2023\/06\/21\/dos-cafes-de-cornella-premiats-als-girona-excellent\/\"},\"author\":{\"name\":\"gremicafe\",\"@id\":\"https:\/\/gremicafe.cat\/#\/schema\/person\/dabfdbb3d0fa36260855a380f94e4733\"},\"headline\":\"Dos caf\u00e8s de Cornell\u00e0 premiats als Girona Excel\u00b7lent\",\"datePublished\":\"2023-06-21T15:17:47+00:00\",\"dateModified\":\"2023-06-28T15:20:44+00:00\",\"mainEntityOfPage\":{\"@id\":\"https:\/\/gremicafe.cat\/2023\/06\/21\/dos-cafes-de-cornella-premiats-als-girona-excellent\/\"},\"wordCount\":277,\"publisher\":{\"@id\":\"https:\/\/gremicafe.cat\/#organization\"},\"image\":{\"@id\":\"https:\/\/gremicafe.cat\/2023\/06\/21\/dos-cafes-de-cornella-premiats-als-girona-excellent\/#primaryimage\"},\"thumbnailUrl\":\"https:\/\/gremicafe.cat\/wp-content\/uploads\/2023\/06\/CornellaJuny2023.jpg\",\"articleSection\":[\"Not\u00edcies\"],\"inLanguage\":\"es\"},{\"@type\":\"WebPage\",\"@id\":\"https:\/\/gremicafe.cat\/2023\/06\/21\/dos-cafes-de-cornella-premiats-als-girona-excellent\/\",\"url\":\"https:\/\/gremicafe.cat\/2023\/06\/21\/dos-cafes-de-cornella-premiats-als-girona-excellent\/\",\"name\":\"Dos caf\u00e8s de Cornell\u00e0 premiats als Girona Excel\u00b7lent - Gremi del Caf\u00e8, torradors de Catalunya\",\"isPartOf\":{\"@id\":\"https:\/\/gremicafe.cat\/#website\"},\"primaryImageOfPage\":{\"@id\":\"https:\/\/gremicafe.cat\/2023\/06\/21\/dos-cafes-de-cornella-premiats-als-girona-excellent\/#primaryimage\"},\"image\":{\"@id\":\"https:\/\/gremicafe.cat\/2023\/06\/21\/dos-cafes-de-cornella-premiats-als-girona-excellent\/#primaryimage\"},\"thumbnailUrl\":\"https:\/\/gremicafe.cat\/wp-content\/uploads\/2023\/06\/CornellaJuny2023.jpg\",\"datePublished\":\"2023-06-21T15:17:47+00:00\",\"dateModified\":\"2023-06-28T15:20:44+00:00\",\"breadcrumb\":{\"@id\":\"https:\/\/gremicafe.cat\/2023\/06\/21\/dos-cafes-de-cornella-premiats-als-girona-excellent\/#breadcrumb\"},\"inLanguage\":\"es\",\"potentialAction\":[{\"@type\":\"ReadAction\",\"target\":[\"https:\/\/gremicafe.cat\/2023\/06\/21\/dos-cafes-de-cornella-premiats-als-girona-excellent\/\"]}]},{\"@type\":\"ImageObject\",\"inLanguage\":\"es\",\"@id\":\"https:\/\/gremicafe.cat\/2023\/06\/21\/dos-cafes-de-cornella-premiats-als-girona-excellent\/#primaryimage\",\"url\":\"https:\/\/gremicafe.cat\/wp-content\/uploads\/2023\/06\/CornellaJuny2023.jpg\",\"contentUrl\":\"https:\/\/gremicafe.cat\/wp-content\/uploads\/2023\/06\/CornellaJuny2023.jpg\",\"width\":1200,\"height\":761},{\"@type\":\"BreadcrumbList\",\"@id\":\"https:\/\/gremicafe.cat\/2023\/06\/21\/dos-cafes-de-cornella-premiats-als-girona-excellent\/#breadcrumb\",\"itemListElement\":[{\"@type\":\"ListItem\",\"position\":1,\"name\":\"Inici\",\"item\":\"https:\/\/gremicafe.cat\/\"},{\"@type\":\"ListItem\",\"position\":2,\"name\":\"Dos caf\u00e8s de Cornell\u00e0 premiats als Girona Excel\u00b7lent\"}]},{\"@type\":\"WebSite\",\"@id\":\"https:\/\/gremicafe.cat\/#website\",\"url\":\"https:\/\/gremicafe.cat\/\",\"name\":\"Gremi del Caf\u00e8, torradors de Catalunya\",\"description\":\"Web oficial del gremi de torradors de caf\u00e8 de Catalunya\",\"publisher\":{\"@id\":\"https:\/\/gremicafe.cat\/#organization\"},\"potentialAction\":[{\"@type\":\"SearchAction\",\"target\":{\"@type\":\"EntryPoint\",\"urlTemplate\":\"https:\/\/gremicafe.cat\/?s={search_term_string}\"},\"query-input\":{\"@type\":\"PropertyValueSpecification\",\"valueRequired\":true,\"valueName\":\"search_term_string\"}}],\"inLanguage\":\"es\"},{\"@type\":\"Organization\",\"@id\":\"https:\/\/gremicafe.cat\/#organization\",\"name\":\"Gremi del Caf\u00e8, Torradors de Catalunya\",\"url\":\"https:\/\/gremicafe.cat\/\",\"logo\":{\"@type\":\"ImageObject\",\"inLanguage\":\"es\",\"@id\":\"https:\/\/gremicafe.cat\/#\/schema\/logo\/image\/\",\"url\":\"https:\/\/gremicafe.cat\/wp-content\/uploads\/2018\/03\/gremicafe-logo250.png\",\"contentUrl\":\"https:\/\/gremicafe.cat\/wp-content\/uploads\/2018\/03\/gremicafe-logo250.png\",\"width\":250,\"height\":49,\"caption\":\"Gremi del Caf\u00e8, Torradors de Catalunya\"},\"image\":{\"@id\":\"https:\/\/gremicafe.cat\/#\/schema\/logo\/image\/\"},\"sameAs\":[\"https:\/\/www.facebook.com\/gremicafecat\",\"https:\/\/x.com\/gremicafecat\",\"https:\/\/www.instagram.com\/gremicafecat\/\",\"https:\/\/www.pinterest.es\/gremicafecat\/\",\"https:\/\/www.youtube.com\/channel\/UCGLo5Y35vLwLvP4FrPZrCrw\/\"]},{\"@type\":\"Person\",\"@id\":\"https:\/\/gremicafe.cat\/#\/schema\/person\/dabfdbb3d0fa36260855a380f94e4733\",\"name\":\"gremicafe\",\"image\":{\"@type\":\"ImageObject\",\"inLanguage\":\"es\",\"@id\":\"https:\/\/gremicafe.cat\/#\/schema\/person\/image\/\",\"url\":\"https:\/\/secure.gravatar.com\/avatar\/e59baa4ca8f6f97576d6375fb6d3c8f0?s=96&d=mm&r=g\",\"contentUrl\":\"https:\/\/secure.gravatar.com\/avatar\/e59baa4ca8f6f97576d6375fb6d3c8f0?s=96&d=mm&r=g\",\"caption\":\"gremicafe\"}}]}<\/script>\n<!-- \/ Yoast SEO plugin. -->","yoast_head_json":{"title":"Dos caf\u00e8s de Cornell\u00e0 premiats als Girona Excel\u00b7lent - Gremi del Caf\u00e8, torradors de Catalunya","robots":{"index":"index","follow":"follow","max-snippet":"max-snippet:-1","max-image-preview":"max-image-preview:large","max-video-preview":"max-video-preview:-1"},"canonical":"https:\/\/gremicafe.cat\/es\/2023\/06\/21\/dos-cafes-de-cornella-premiats-als-girona-excellent\/","og_locale":"es_ES","og_type":"article","og_title":"Dos caf\u00e8s de Cornell\u00e0 premiats als Girona Excel\u00b7lent - Gremi del Caf\u00e8, torradors de Catalunya","og_url":"https:\/\/gremicafe.cat\/es\/2023\/06\/21\/dos-cafes-de-cornella-premiats-als-girona-excellent\/","og_site_name":"Gremi del Caf\u00e8, torradors de Catalunya","article_publisher":"https:\/\/www.facebook.com\/gremicafecat","article_published_time":"2023-06-21T15:17:47+00:00","article_modified_time":"2023-06-28T15:20:44+00:00","og_image":[{"width":1200,"height":761,"url":"https:\/\/gremicafe.cat\/wp-content\/uploads\/2023\/06\/CornellaJuny2023.jpg","type":"image\/jpeg"}],"author":"gremicafe","twitter_card":"summary_large_image","twitter_creator":"@gremicafecat","twitter_site":"@gremicafecat","twitter_misc":{"Escrito por":"gremicafe","Tiempo de lectura":"1 minuto"},"schema":{"@context":"https:\/\/schema.org","@graph":[{"@type":"Article","@id":"https:\/\/gremicafe.cat\/2023\/06\/21\/dos-cafes-de-cornella-premiats-als-girona-excellent\/#article","isPartOf":{"@id":"https:\/\/gremicafe.cat\/2023\/06\/21\/dos-cafes-de-cornella-premiats-als-girona-excellent\/"},"author":{"name":"gremicafe","@id":"https:\/\/gremicafe.cat\/#\/schema\/person\/dabfdbb3d0fa36260855a380f94e4733"},"headline":"Dos caf\u00e8s de Cornell\u00e0 premiats als Girona Excel\u00b7lent","datePublished":"2023-06-21T15:17:47+00:00","dateModified":"2023-06-28T15:20:44+00:00","mainEntityOfPage":{"@id":"https:\/\/gremicafe.cat\/2023\/06\/21\/dos-cafes-de-cornella-premiats-als-girona-excellent\/"},"wordCount":277,"publisher":{"@id":"https:\/\/gremicafe.cat\/#organization"},"image":{"@id":"https:\/\/gremicafe.cat\/2023\/06\/21\/dos-cafes-de-cornella-premiats-als-girona-excellent\/#primaryimage"},"thumbnailUrl":"https:\/\/gremicafe.cat\/wp-content\/uploads\/2023\/06\/CornellaJuny2023.jpg","articleSection":["Not\u00edcies"],"inLanguage":"es"},{"@type":"WebPage","@id":"https:\/\/gremicafe.cat\/2023\/06\/21\/dos-cafes-de-cornella-premiats-als-girona-excellent\/","url":"https:\/\/gremicafe.cat\/2023\/06\/21\/dos-cafes-de-cornella-premiats-als-girona-excellent\/","name":"Dos caf\u00e8s de Cornell\u00e0 premiats als Girona Excel\u00b7lent - Gremi del Caf\u00e8, torradors de Catalunya","isPartOf":{"@id":"https:\/\/gremicafe.cat\/#website"},"primaryImageOfPage":{"@id":"https:\/\/gremicafe.cat\/2023\/06\/21\/dos-cafes-de-cornella-premiats-als-girona-excellent\/#primaryimage"},"image":{"@id":"https:\/\/gremicafe.cat\/2023\/06\/21\/dos-cafes-de-cornella-premiats-als-girona-excellent\/#primaryimage"},"thumbnailUrl":"https:\/\/gremicafe.cat\/wp-content\/uploads\/2023\/06\/CornellaJuny2023.jpg","datePublished":"2023-06-21T15:17:47+00:00","dateModified":"2023-06-28T15:20:44+00:00","breadcrumb":{"@id":"https:\/\/gremicafe.cat\/2023\/06\/21\/dos-cafes-de-cornella-premiats-als-girona-excellent\/#breadcrumb"},"inLanguage":"es","potentialAction":[{"@type":"ReadAction","target":["https:\/\/gremicafe.cat\/2023\/06\/21\/dos-cafes-de-cornella-premiats-als-girona-excellent\/"]}]},{"@type":"ImageObject","inLanguage":"es","@id":"https:\/\/gremicafe.cat\/2023\/06\/21\/dos-cafes-de-cornella-premiats-als-girona-excellent\/#primaryimage","url":"https:\/\/gremicafe.cat\/wp-content\/uploads\/2023\/06\/CornellaJuny2023.jpg","contentUrl":"https:\/\/gremicafe.cat\/wp-content\/uploads\/2023\/06\/CornellaJuny2023.jpg","width":1200,"height":761},{"@type":"BreadcrumbList","@id":"https:\/\/gremicafe.cat\/2023\/06\/21\/dos-cafes-de-cornella-premiats-als-girona-excellent\/#breadcrumb","itemListElement":[{"@type":"ListItem","position":1,"name":"Inici","item":"https:\/\/gremicafe.cat\/"},{"@type":"ListItem","position":2,"name":"Dos caf\u00e8s de Cornell\u00e0 premiats als Girona Excel\u00b7lent"}]},{"@type":"WebSite","@id":"https:\/\/gremicafe.cat\/#website","url":"https:\/\/gremicafe.cat\/","name":"Gremio del Caf\u00e9, tostadores de Catalu\u00f1a","description":"Web oficial del gremio de tostadores de caf\u00e9 de Catalunya","publisher":{"@id":"https:\/\/gremicafe.cat\/#organization"},"potentialAction":[{"@type":"SearchAction","target":{"@type":"EntryPoint","urlTemplate":"https:\/\/gremicafe.cat\/?s={search_term_string}"},"query-input":{"@type":"PropertyValueSpecification","valueRequired":true,"valueName":"search_term_string"}}],"inLanguage":"es"},{"@type":"Organization","@id":"https:\/\/gremicafe.cat\/#organization","name":"Gremio del Caf\u00e9, Tostadores de Catalu\u00f1a","url":"https:\/\/gremicafe.cat\/","logo":{"@type":"ImageObject","inLanguage":"es","@id":"https:\/\/gremicafe.cat\/#\/schema\/logo\/image\/","url":"https:\/\/gremicafe.cat\/wp-content\/uploads\/2018\/03\/gremicafe-logo250.png","contentUrl":"https:\/\/gremicafe.cat\/wp-content\/uploads\/2018\/03\/gremicafe-logo250.png","width":250,"height":49,"caption":"Gremi del Caf\u00e8, Torradors de Catalunya"},"image":{"@id":"https:\/\/gremicafe.cat\/#\/schema\/logo\/image\/"},"sameAs":["https:\/\/www.facebook.com\/gremicafecat","https:\/\/x.com\/gremicafecat","https:\/\/www.instagram.com\/gremicafecat\/","https:\/\/www.pinterest.es\/gremicafecat\/","https:\/\/www.youtube.com\/channel\/UCGLo5Y35vLwLvP4FrPZrCrw\/"]},{"@type":"Person","@id":"https:\/\/gremicafe.cat\/#\/schema\/person\/dabfdbb3d0fa36260855a380f94e4733","name":"gremicafe","image":{"@type":"ImageObject","inLanguage":"es","@id":"https:\/\/gremicafe.cat\/#\/schema\/person\/image\/","url":"https:\/\/secure.gravatar.com\/avatar\/e59baa4ca8f6f97576d6375fb6d3c8f0?s=96&d=mm&r=g","contentUrl":"https:\/\/secure.gravatar.com\/avatar\/e59baa4ca8f6f97576d6375fb6d3c8f0?s=96&d=mm&r=g","caption":"gremicafe"}}]}},"_links":{"self":[{"href":"https:\/\/gremicafe.cat\/es\/wp-json\/wp\/v2\/posts\/6957"}],"collection":[{"href":"https:\/\/gremicafe.cat\/es\/wp-json\/wp\/v2\/posts"}],"about":[{"href":"https:\/\/gremicafe.cat\/es\/wp-json\/wp\/v2\/types\/post"}],"author":[{"embeddable":true,"href":"https:\/\/gremicafe.cat\/es\/wp-json\/wp\/v2\/users\/1"}],"replies":[{"embeddable":true,"href":"https:\/\/gremicafe.cat\/es\/wp-json\/wp\/v2\/comments?post=6957"}],"version-history":[{"count":0,"href":"https:\/\/gremicafe.cat\/es\/wp-json\/wp\/v2\/posts\/6957\/revisions"}],"wp:featuredmedia":[{"embeddable":true,"href":"https:\/\/gremicafe.cat\/es\/wp-json\/wp\/v2\/media\/6958"}],"wp:attachment":[{"href":"https:\/\/gremicafe.cat\/es\/wp-json\/wp\/v2\/media?parent=6957"}],"wp:term":[{"taxonomy":"category","embeddable":true,"href":"https:\/\/gremicafe.cat\/es\/wp-json\/wp\/v2\/categories?post=6957"},{"taxonomy":"post_tag","embeddable":true,"href":"https:\/\/gremicafe.cat\/es\/wp-json\/wp\/v2\/tags?post=6957"}],"curies":[{"name":"wp","href":"https:\/\/api.w.org\/{rel}","templated":true}]}}