{"id":6972,"date":"2023-06-28T11:22:56","date_gmt":"2023-06-28T09:22:56","guid":{"rendered":"https:\/\/gremicafe.cat\/?p=6972"},"modified":"2023-06-29T12:47:39","modified_gmt":"2023-06-29T10:47:39","slug":"els-preus-del-cafe-robusta-al-mercat-de-futurs-van-assolir-nous-maxims-historics","status":"publish","type":"post","link":"https:\/\/gremicafe.cat\/es\/2023\/06\/28\/els-preus-del-cafe-robusta-al-mercat-de-futurs-van-assolir-nous-maxims-historics\/","title":{"rendered":"Los precios del caf\u00e9 robusta en el mercado de futuros alcanzaron nuevos m\u00e1ximos hist\u00f3ricos"},"content":{"rendered":"<div id=\"ut-row-69f4897644aaa\" data-vc-full-width=\"true\" data-vc-full-width-init=\"false\" class=\"vc_row wpb_row vc_row-fluid vc_column-gap-0 ut-row-69f4897644ac5\" ><div class=\"wpb_column vc_column_container vc_col-sm-12\" ><div id=\"ut_inner_column_69f4897646d17\" class=\"vc_column-inner\"><div class=\"wpb_wrapper\">\n\t<div class=\"wpb_text_column wpb_content_element\" >\n\t\t<div class=\"wpb_wrapper\">\n\t\t\t<div class=\"\">\n<p class=\"p1\"><strong><span class=\"s1\"><img loading=\"lazy\" decoding=\"async\" class=\"aligncenter wp-image-6973 size-full\" src=\"https:\/\/gremicafe.cat\/wp-content\/uploads\/2023\/06\/gremicafe-cafe_verd-robusta_web.jpg\" alt=\"\" width=\"1800\" height=\"1303\" srcset=\"https:\/\/gremicafe.cat\/wp-content\/uploads\/2023\/06\/gremicafe-cafe_verd-robusta_web.jpg 1800w, https:\/\/gremicafe.cat\/wp-content\/uploads\/2023\/06\/gremicafe-cafe_verd-robusta_web-768x556.jpg 768w, https:\/\/gremicafe.cat\/wp-content\/uploads\/2023\/06\/gremicafe-cafe_verd-robusta_web-1536x1112.jpg 1536w, https:\/\/gremicafe.cat\/wp-content\/uploads\/2023\/06\/gremicafe-cafe_verd-robusta_web-995x720.jpg 995w\" sizes=\"(max-width: 1800px) 100vw, 1800px\" \/><\/span><\/strong><\/p>\n<p>&nbsp;<\/p>\n<p class=\"p1\">Los precios de Robusta han alcanzado m\u00e1ximos hist\u00f3ricos debido al fuerte aumento de la demanda por parte de los tostadores. Adem\u00e1s, el precio de Robusta a\u00fan podr\u00eda subir un poco m\u00e1s: es probable que el nuevo evento meteorol\u00f3gico, conocido como El Ni\u00f1o, lleve un clima seco en el sudeste asi\u00e1tico, lo que podr\u00eda frenar la producci\u00f3n de Robusta al principal productor , Vietnam, este a\u00f1o.<\/p>\n<\/div>\n<div class=\"\">\n<p>&nbsp;<\/p>\n<p>Lee la noticia entera en <a href=\"https:\/\/www.comunicaffe.com\/robusta-coffee-futures-prices-hit-new-record-highs-on-tight-supplies-and-el-nino\/\" target=\"_blank\" rel=\"noopener\">www.comunicaffe.com<\/a><\/p>\n<p>&nbsp;<\/p>\n<\/div>\n\n\t\t<\/div>\n\t<\/div>\n<\/div><\/div><\/div><\/div><div class=\"vc_row-full-width vc_clearfix\"><\/div>","protected":false},"excerpt":{"rendered":"&nbsp; Els preus de Robusta han assolit m\u00e0xims hist\u00f2rics a causa del fort augment de la demanda per part dels torradors. A m\u00e9s a m\u00e9s, el preu de Robusta encara podria pujar una mica m\u00e9s: \u00e9s probable que el nou esdeveniment meteorol\u00f2gic, conegut com El Ni\u00f1o, porti un clima sec al sud-est asi\u00e0tic, cosa que [...]","protected":false},"author":1,"featured_media":6973,"comment_status":"closed","ping_status":"open","sticky":false,"template":"","format":"standard","meta":{"_acf_changed":false,"inline_featured_image":false,"footnotes":""},"categories":[1],"tags":[],"class_list":["post-6972","post","type-post","status-publish","format-standard","has-post-thumbnail","hentry","category-noticies"],"acf":[],"yoast_head":"<!-- This site is optimized with the Yoast SEO plugin v25.5 - https:\/\/yoast.com\/wordpress\/plugins\/seo\/ -->\n<title>Els preus del caf\u00e8 robusta al mercat de futurs van assolir nous m\u00e0xims hist\u00f2rics - Gremi del Caf\u00e8, torradors de Catalunya<\/title>\n<meta name=\"robots\" content=\"index, follow, max-snippet:-1, max-image-preview:large, max-video-preview:-1\" \/>\n<link rel=\"canonical\" href=\"https:\/\/gremicafe.cat\/es\/2023\/06\/28\/els-preus-del-cafe-robusta-al-mercat-de-futurs-van-assolir-nous-maxims-historics\/\" \/>\n<meta property=\"og:locale\" content=\"es_ES\" \/>\n<meta property=\"og:type\" content=\"article\" \/>\n<meta property=\"og:title\" content=\"Els preus del caf\u00e8 robusta al mercat de futurs van assolir nous m\u00e0xims hist\u00f2rics - Gremi del Caf\u00e8, torradors de Catalunya\" \/>\n<meta property=\"og:url\" content=\"https:\/\/gremicafe.cat\/es\/2023\/06\/28\/els-preus-del-cafe-robusta-al-mercat-de-futurs-van-assolir-nous-maxims-historics\/\" \/>\n<meta property=\"og:site_name\" content=\"Gremi del Caf\u00e8, torradors de Catalunya\" \/>\n<meta property=\"article:publisher\" content=\"https:\/\/www.facebook.com\/gremicafecat\" \/>\n<meta property=\"article:published_time\" content=\"2023-06-28T09:22:56+00:00\" \/>\n<meta property=\"article:modified_time\" content=\"2023-06-29T10:47:39+00:00\" \/>\n<meta property=\"og:image\" content=\"https:\/\/gremicafe.cat\/wp-content\/uploads\/2023\/06\/gremicafe-cafe_verd-robusta_web.jpg\" \/>\n\t<meta property=\"og:image:width\" content=\"1800\" \/>\n\t<meta property=\"og:image:height\" content=\"1303\" \/>\n\t<meta property=\"og:image:type\" content=\"image\/jpeg\" \/>\n<meta name=\"author\" content=\"gremicafe\" \/>\n<meta name=\"twitter:card\" content=\"summary_large_image\" \/>\n<meta name=\"twitter:creator\" content=\"@gremicafecat\" \/>\n<meta name=\"twitter:site\" content=\"@gremicafecat\" \/>\n<meta name=\"twitter:label1\" content=\"Escrito por\" \/>\n\t<meta name=\"twitter:data1\" content=\"gremicafe\" \/>\n\t<meta name=\"twitter:label2\" content=\"Tiempo de lectura\" \/>\n\t<meta name=\"twitter:data2\" content=\"1 minuto\" \/>\n<script type=\"application\/ld+json\" class=\"yoast-schema-graph\">{\"@context\":\"https:\/\/schema.org\",\"@graph\":[{\"@type\":\"Article\",\"@id\":\"https:\/\/gremicafe.cat\/2023\/06\/28\/els-preus-del-cafe-robusta-al-mercat-de-futurs-van-assolir-nous-maxims-historics\/#article\",\"isPartOf\":{\"@id\":\"https:\/\/gremicafe.cat\/2023\/06\/28\/els-preus-del-cafe-robusta-al-mercat-de-futurs-van-assolir-nous-maxims-historics\/\"},\"author\":{\"name\":\"gremicafe\",\"@id\":\"https:\/\/gremicafe.cat\/#\/schema\/person\/dabfdbb3d0fa36260855a380f94e4733\"},\"headline\":\"Els preus del caf\u00e8 robusta al mercat de futurs van assolir nous m\u00e0xims hist\u00f2rics\",\"datePublished\":\"2023-06-28T09:22:56+00:00\",\"dateModified\":\"2023-06-29T10:47:39+00:00\",\"mainEntityOfPage\":{\"@id\":\"https:\/\/gremicafe.cat\/2023\/06\/28\/els-preus-del-cafe-robusta-al-mercat-de-futurs-van-assolir-nous-maxims-historics\/\"},\"wordCount\":116,\"publisher\":{\"@id\":\"https:\/\/gremicafe.cat\/#organization\"},\"image\":{\"@id\":\"https:\/\/gremicafe.cat\/2023\/06\/28\/els-preus-del-cafe-robusta-al-mercat-de-futurs-van-assolir-nous-maxims-historics\/#primaryimage\"},\"thumbnailUrl\":\"https:\/\/gremicafe.cat\/wp-content\/uploads\/2023\/06\/gremicafe-cafe_verd-robusta_web.jpg\",\"articleSection\":[\"Not\u00edcies\"],\"inLanguage\":\"es\"},{\"@type\":\"WebPage\",\"@id\":\"https:\/\/gremicafe.cat\/2023\/06\/28\/els-preus-del-cafe-robusta-al-mercat-de-futurs-van-assolir-nous-maxims-historics\/\",\"url\":\"https:\/\/gremicafe.cat\/2023\/06\/28\/els-preus-del-cafe-robusta-al-mercat-de-futurs-van-assolir-nous-maxims-historics\/\",\"name\":\"Els preus del caf\u00e8 robusta al mercat de futurs van assolir nous m\u00e0xims hist\u00f2rics - Gremi del Caf\u00e8, torradors de Catalunya\",\"isPartOf\":{\"@id\":\"https:\/\/gremicafe.cat\/#website\"},\"primaryImageOfPage\":{\"@id\":\"https:\/\/gremicafe.cat\/2023\/06\/28\/els-preus-del-cafe-robusta-al-mercat-de-futurs-van-assolir-nous-maxims-historics\/#primaryimage\"},\"image\":{\"@id\":\"https:\/\/gremicafe.cat\/2023\/06\/28\/els-preus-del-cafe-robusta-al-mercat-de-futurs-van-assolir-nous-maxims-historics\/#primaryimage\"},\"thumbnailUrl\":\"https:\/\/gremicafe.cat\/wp-content\/uploads\/2023\/06\/gremicafe-cafe_verd-robusta_web.jpg\",\"datePublished\":\"2023-06-28T09:22:56+00:00\",\"dateModified\":\"2023-06-29T10:47:39+00:00\",\"breadcrumb\":{\"@id\":\"https:\/\/gremicafe.cat\/2023\/06\/28\/els-preus-del-cafe-robusta-al-mercat-de-futurs-van-assolir-nous-maxims-historics\/#breadcrumb\"},\"inLanguage\":\"es\",\"potentialAction\":[{\"@type\":\"ReadAction\",\"target\":[\"https:\/\/gremicafe.cat\/2023\/06\/28\/els-preus-del-cafe-robusta-al-mercat-de-futurs-van-assolir-nous-maxims-historics\/\"]}]},{\"@type\":\"ImageObject\",\"inLanguage\":\"es\",\"@id\":\"https:\/\/gremicafe.cat\/2023\/06\/28\/els-preus-del-cafe-robusta-al-mercat-de-futurs-van-assolir-nous-maxims-historics\/#primaryimage\",\"url\":\"https:\/\/gremicafe.cat\/wp-content\/uploads\/2023\/06\/gremicafe-cafe_verd-robusta_web.jpg\",\"contentUrl\":\"https:\/\/gremicafe.cat\/wp-content\/uploads\/2023\/06\/gremicafe-cafe_verd-robusta_web.jpg\",\"width\":1800,\"height\":1303},{\"@type\":\"BreadcrumbList\",\"@id\":\"https:\/\/gremicafe.cat\/2023\/06\/28\/els-preus-del-cafe-robusta-al-mercat-de-futurs-van-assolir-nous-maxims-historics\/#breadcrumb\",\"itemListElement\":[{\"@type\":\"ListItem\",\"position\":1,\"name\":\"Inici\",\"item\":\"https:\/\/gremicafe.cat\/\"},{\"@type\":\"ListItem\",\"position\":2,\"name\":\"Els preus del caf\u00e8 robusta al mercat de futurs van assolir nous m\u00e0xims hist\u00f2rics\"}]},{\"@type\":\"WebSite\",\"@id\":\"https:\/\/gremicafe.cat\/#website\",\"url\":\"https:\/\/gremicafe.cat\/\",\"name\":\"Gremi del Caf\u00e8, torradors de Catalunya\",\"description\":\"Web oficial del gremi de torradors de caf\u00e8 de Catalunya\",\"publisher\":{\"@id\":\"https:\/\/gremicafe.cat\/#organization\"},\"potentialAction\":[{\"@type\":\"SearchAction\",\"target\":{\"@type\":\"EntryPoint\",\"urlTemplate\":\"https:\/\/gremicafe.cat\/?s={search_term_string}\"},\"query-input\":{\"@type\":\"PropertyValueSpecification\",\"valueRequired\":true,\"valueName\":\"search_term_string\"}}],\"inLanguage\":\"es\"},{\"@type\":\"Organization\",\"@id\":\"https:\/\/gremicafe.cat\/#organization\",\"name\":\"Gremi del Caf\u00e8, Torradors de Catalunya\",\"url\":\"https:\/\/gremicafe.cat\/\",\"logo\":{\"@type\":\"ImageObject\",\"inLanguage\":\"es\",\"@id\":\"https:\/\/gremicafe.cat\/#\/schema\/logo\/image\/\",\"url\":\"https:\/\/gremicafe.cat\/wp-content\/uploads\/2018\/03\/gremicafe-logo250.png\",\"contentUrl\":\"https:\/\/gremicafe.cat\/wp-content\/uploads\/2018\/03\/gremicafe-logo250.png\",\"width\":250,\"height\":49,\"caption\":\"Gremi del Caf\u00e8, Torradors de Catalunya\"},\"image\":{\"@id\":\"https:\/\/gremicafe.cat\/#\/schema\/logo\/image\/\"},\"sameAs\":[\"https:\/\/www.facebook.com\/gremicafecat\",\"https:\/\/x.com\/gremicafecat\",\"https:\/\/www.instagram.com\/gremicafecat\/\",\"https:\/\/www.pinterest.es\/gremicafecat\/\",\"https:\/\/www.youtube.com\/channel\/UCGLo5Y35vLwLvP4FrPZrCrw\/\"]},{\"@type\":\"Person\",\"@id\":\"https:\/\/gremicafe.cat\/#\/schema\/person\/dabfdbb3d0fa36260855a380f94e4733\",\"name\":\"gremicafe\",\"image\":{\"@type\":\"ImageObject\",\"inLanguage\":\"es\",\"@id\":\"https:\/\/gremicafe.cat\/#\/schema\/person\/image\/\",\"url\":\"https:\/\/secure.gravatar.com\/avatar\/e59baa4ca8f6f97576d6375fb6d3c8f0?s=96&d=mm&r=g\",\"contentUrl\":\"https:\/\/secure.gravatar.com\/avatar\/e59baa4ca8f6f97576d6375fb6d3c8f0?s=96&d=mm&r=g\",\"caption\":\"gremicafe\"}}]}<\/script>\n<!-- \/ Yoast SEO plugin. -->","yoast_head_json":{"title":"Els preus del caf\u00e8 robusta al mercat de futurs van assolir nous m\u00e0xims hist\u00f2rics - Gremi del Caf\u00e8, torradors de Catalunya","robots":{"index":"index","follow":"follow","max-snippet":"max-snippet:-1","max-image-preview":"max-image-preview:large","max-video-preview":"max-video-preview:-1"},"canonical":"https:\/\/gremicafe.cat\/es\/2023\/06\/28\/els-preus-del-cafe-robusta-al-mercat-de-futurs-van-assolir-nous-maxims-historics\/","og_locale":"es_ES","og_type":"article","og_title":"Els preus del caf\u00e8 robusta al mercat de futurs van assolir nous m\u00e0xims hist\u00f2rics - Gremi del Caf\u00e8, torradors de Catalunya","og_url":"https:\/\/gremicafe.cat\/es\/2023\/06\/28\/els-preus-del-cafe-robusta-al-mercat-de-futurs-van-assolir-nous-maxims-historics\/","og_site_name":"Gremi del Caf\u00e8, torradors de Catalunya","article_publisher":"https:\/\/www.facebook.com\/gremicafecat","article_published_time":"2023-06-28T09:22:56+00:00","article_modified_time":"2023-06-29T10:47:39+00:00","og_image":[{"width":1800,"height":1303,"url":"https:\/\/gremicafe.cat\/wp-content\/uploads\/2023\/06\/gremicafe-cafe_verd-robusta_web.jpg","type":"image\/jpeg"}],"author":"gremicafe","twitter_card":"summary_large_image","twitter_creator":"@gremicafecat","twitter_site":"@gremicafecat","twitter_misc":{"Escrito por":"gremicafe","Tiempo de lectura":"1 minuto"},"schema":{"@context":"https:\/\/schema.org","@graph":[{"@type":"Article","@id":"https:\/\/gremicafe.cat\/2023\/06\/28\/els-preus-del-cafe-robusta-al-mercat-de-futurs-van-assolir-nous-maxims-historics\/#article","isPartOf":{"@id":"https:\/\/gremicafe.cat\/2023\/06\/28\/els-preus-del-cafe-robusta-al-mercat-de-futurs-van-assolir-nous-maxims-historics\/"},"author":{"name":"gremicafe","@id":"https:\/\/gremicafe.cat\/#\/schema\/person\/dabfdbb3d0fa36260855a380f94e4733"},"headline":"Els preus del caf\u00e8 robusta al mercat de futurs van assolir nous m\u00e0xims hist\u00f2rics","datePublished":"2023-06-28T09:22:56+00:00","dateModified":"2023-06-29T10:47:39+00:00","mainEntityOfPage":{"@id":"https:\/\/gremicafe.cat\/2023\/06\/28\/els-preus-del-cafe-robusta-al-mercat-de-futurs-van-assolir-nous-maxims-historics\/"},"wordCount":116,"publisher":{"@id":"https:\/\/gremicafe.cat\/#organization"},"image":{"@id":"https:\/\/gremicafe.cat\/2023\/06\/28\/els-preus-del-cafe-robusta-al-mercat-de-futurs-van-assolir-nous-maxims-historics\/#primaryimage"},"thumbnailUrl":"https:\/\/gremicafe.cat\/wp-content\/uploads\/2023\/06\/gremicafe-cafe_verd-robusta_web.jpg","articleSection":["Not\u00edcies"],"inLanguage":"es"},{"@type":"WebPage","@id":"https:\/\/gremicafe.cat\/2023\/06\/28\/els-preus-del-cafe-robusta-al-mercat-de-futurs-van-assolir-nous-maxims-historics\/","url":"https:\/\/gremicafe.cat\/2023\/06\/28\/els-preus-del-cafe-robusta-al-mercat-de-futurs-van-assolir-nous-maxims-historics\/","name":"Els preus del caf\u00e8 robusta al mercat de futurs van assolir nous m\u00e0xims hist\u00f2rics - Gremi del Caf\u00e8, torradors de Catalunya","isPartOf":{"@id":"https:\/\/gremicafe.cat\/#website"},"primaryImageOfPage":{"@id":"https:\/\/gremicafe.cat\/2023\/06\/28\/els-preus-del-cafe-robusta-al-mercat-de-futurs-van-assolir-nous-maxims-historics\/#primaryimage"},"image":{"@id":"https:\/\/gremicafe.cat\/2023\/06\/28\/els-preus-del-cafe-robusta-al-mercat-de-futurs-van-assolir-nous-maxims-historics\/#primaryimage"},"thumbnailUrl":"https:\/\/gremicafe.cat\/wp-content\/uploads\/2023\/06\/gremicafe-cafe_verd-robusta_web.jpg","datePublished":"2023-06-28T09:22:56+00:00","dateModified":"2023-06-29T10:47:39+00:00","breadcrumb":{"@id":"https:\/\/gremicafe.cat\/2023\/06\/28\/els-preus-del-cafe-robusta-al-mercat-de-futurs-van-assolir-nous-maxims-historics\/#breadcrumb"},"inLanguage":"es","potentialAction":[{"@type":"ReadAction","target":["https:\/\/gremicafe.cat\/2023\/06\/28\/els-preus-del-cafe-robusta-al-mercat-de-futurs-van-assolir-nous-maxims-historics\/"]}]},{"@type":"ImageObject","inLanguage":"es","@id":"https:\/\/gremicafe.cat\/2023\/06\/28\/els-preus-del-cafe-robusta-al-mercat-de-futurs-van-assolir-nous-maxims-historics\/#primaryimage","url":"https:\/\/gremicafe.cat\/wp-content\/uploads\/2023\/06\/gremicafe-cafe_verd-robusta_web.jpg","contentUrl":"https:\/\/gremicafe.cat\/wp-content\/uploads\/2023\/06\/gremicafe-cafe_verd-robusta_web.jpg","width":1800,"height":1303},{"@type":"BreadcrumbList","@id":"https:\/\/gremicafe.cat\/2023\/06\/28\/els-preus-del-cafe-robusta-al-mercat-de-futurs-van-assolir-nous-maxims-historics\/#breadcrumb","itemListElement":[{"@type":"ListItem","position":1,"name":"Inici","item":"https:\/\/gremicafe.cat\/"},{"@type":"ListItem","position":2,"name":"Els preus del caf\u00e8 robusta al mercat de futurs van assolir nous m\u00e0xims hist\u00f2rics"}]},{"@type":"WebSite","@id":"https:\/\/gremicafe.cat\/#website","url":"https:\/\/gremicafe.cat\/","name":"Gremio del Caf\u00e9, tostadores de Catalu\u00f1a","description":"Web oficial del gremio de tostadores de caf\u00e9 de Catalunya","publisher":{"@id":"https:\/\/gremicafe.cat\/#organization"},"potentialAction":[{"@type":"SearchAction","target":{"@type":"EntryPoint","urlTemplate":"https:\/\/gremicafe.cat\/?s={search_term_string}"},"query-input":{"@type":"PropertyValueSpecification","valueRequired":true,"valueName":"search_term_string"}}],"inLanguage":"es"},{"@type":"Organization","@id":"https:\/\/gremicafe.cat\/#organization","name":"Gremio del Caf\u00e9, Tostadores de Catalu\u00f1a","url":"https:\/\/gremicafe.cat\/","logo":{"@type":"ImageObject","inLanguage":"es","@id":"https:\/\/gremicafe.cat\/#\/schema\/logo\/image\/","url":"https:\/\/gremicafe.cat\/wp-content\/uploads\/2018\/03\/gremicafe-logo250.png","contentUrl":"https:\/\/gremicafe.cat\/wp-content\/uploads\/2018\/03\/gremicafe-logo250.png","width":250,"height":49,"caption":"Gremi del Caf\u00e8, Torradors de Catalunya"},"image":{"@id":"https:\/\/gremicafe.cat\/#\/schema\/logo\/image\/"},"sameAs":["https:\/\/www.facebook.com\/gremicafecat","https:\/\/x.com\/gremicafecat","https:\/\/www.instagram.com\/gremicafecat\/","https:\/\/www.pinterest.es\/gremicafecat\/","https:\/\/www.youtube.com\/channel\/UCGLo5Y35vLwLvP4FrPZrCrw\/"]},{"@type":"Person","@id":"https:\/\/gremicafe.cat\/#\/schema\/person\/dabfdbb3d0fa36260855a380f94e4733","name":"gremicafe","image":{"@type":"ImageObject","inLanguage":"es","@id":"https:\/\/gremicafe.cat\/#\/schema\/person\/image\/","url":"https:\/\/secure.gravatar.com\/avatar\/e59baa4ca8f6f97576d6375fb6d3c8f0?s=96&d=mm&r=g","contentUrl":"https:\/\/secure.gravatar.com\/avatar\/e59baa4ca8f6f97576d6375fb6d3c8f0?s=96&d=mm&r=g","caption":"gremicafe"}}]}},"_links":{"self":[{"href":"https:\/\/gremicafe.cat\/es\/wp-json\/wp\/v2\/posts\/6972"}],"collection":[{"href":"https:\/\/gremicafe.cat\/es\/wp-json\/wp\/v2\/posts"}],"about":[{"href":"https:\/\/gremicafe.cat\/es\/wp-json\/wp\/v2\/types\/post"}],"author":[{"embeddable":true,"href":"https:\/\/gremicafe.cat\/es\/wp-json\/wp\/v2\/users\/1"}],"replies":[{"embeddable":true,"href":"https:\/\/gremicafe.cat\/es\/wp-json\/wp\/v2\/comments?post=6972"}],"version-history":[{"count":0,"href":"https:\/\/gremicafe.cat\/es\/wp-json\/wp\/v2\/posts\/6972\/revisions"}],"wp:featuredmedia":[{"embeddable":true,"href":"https:\/\/gremicafe.cat\/es\/wp-json\/wp\/v2\/media\/6973"}],"wp:attachment":[{"href":"https:\/\/gremicafe.cat\/es\/wp-json\/wp\/v2\/media?parent=6972"}],"wp:term":[{"taxonomy":"category","embeddable":true,"href":"https:\/\/gremicafe.cat\/es\/wp-json\/wp\/v2\/categories?post=6972"},{"taxonomy":"post_tag","embeddable":true,"href":"https:\/\/gremicafe.cat\/es\/wp-json\/wp\/v2\/tags?post=6972"}],"curies":[{"name":"wp","href":"https:\/\/api.w.org\/{rel}","templated":true}]}}