{"id":6978,"date":"2023-07-06T12:55:43","date_gmt":"2023-07-06T10:55:43","guid":{"rendered":"https:\/\/gremicafe.cat\/?p=6978"},"modified":"2023-07-06T13:05:13","modified_gmt":"2023-07-06T11:05:13","slug":"beneficis-del-cafe","status":"publish","type":"post","link":"https:\/\/gremicafe.cat\/es\/2023\/07\/06\/beneficis-del-cafe\/","title":{"rendered":"Beneficios del caf\u00e9"},"content":{"rendered":"<div id=\"ut-row-69f5839a44131\" data-vc-full-width=\"true\" data-vc-full-width-init=\"false\" class=\"vc_row wpb_row vc_row-fluid vc_column-gap-0 ut-row-69f5839a44144\" ><div class=\"wpb_column vc_column_container vc_col-sm-12\" ><div id=\"ut_inner_column_69f5839a44a5b\" class=\"vc_column-inner\"><div class=\"wpb_wrapper\">\n\t<div class=\"wpb_text_column wpb_content_element\" >\n\t\t<div class=\"wpb_wrapper\">\n\t\t\t<div class=\"\">\n<p class=\"p1\"><strong><span class=\"s1\"><img loading=\"lazy\" decoding=\"async\" class=\"aligncenter wp-image-6979 size-full\" src=\"https:\/\/gremicafe.cat\/wp-content\/uploads\/2023\/07\/shutterstock_1899172291_WEB.jpg\" alt=\"\" width=\"1200\" height=\"1158\" srcset=\"https:\/\/gremicafe.cat\/wp-content\/uploads\/2023\/07\/shutterstock_1899172291_WEB.jpg 1200w, https:\/\/gremicafe.cat\/wp-content\/uploads\/2023\/07\/shutterstock_1899172291_WEB-768x741.jpg 768w, https:\/\/gremicafe.cat\/wp-content\/uploads\/2023\/07\/shutterstock_1899172291_WEB-746x720.jpg 746w\" sizes=\"(max-width: 1200px) 100vw, 1200px\" \/><\/span><\/strong><\/p>\n<p>&nbsp;<\/p>\n<blockquote>\n<h2 class=\"entry c-mainarticle__entry\">Es conocida la capacidad estimulante del caf\u00e9, pero pocos saben c\u00f3mo consigue hacer realmente ese efecto en nuestro cerebro<\/h2>\n<\/blockquote>\n<p class=\"p1\">Cada momento que pasas despierto tus neuronas est\u00e1n dispar\u00e1ndose. \u00c9sta\u00a0<strong>actividad<\/strong>\u00a0<strong>neuronal<\/strong> produce adenosina como resultado. La adenosina juega un papel importante en varios procesos metab\u00f3licos. De hecho, es parte de nuestra unidad b\u00e1sica de energ\u00eda, el ATP o adenosina trifosfato.<\/p>\n<p class=\"p1\">El\u00a0<strong>cerebro<\/strong> tiene receptores de adenosina, que monitorizan con atenci\u00f3n el nivel acumulado, enviando se\u00f1ales de cansancio o sue\u00f1os cuando la adenosina supera cierto umbral (no quiere que trabajes demasiado).<\/p>\n<p class=\"p1\">La\u00a0<strong>cafe\u00edna<\/strong>, aqu\u00ed es la gracia, tiene una\u00a0<strong>estructura<\/strong>\u00a0<strong>molecular<\/strong>\u00a0similar a la adenosina, haciendo que sea tambi\u00e9n captada por los receptores de nuestro cerebro, pero sin activarlos. Esto inhibe parcialmente las se\u00f1ales de cansancio, permitiendo que se distingan libremente los estimulantes naturales del cerebro, como la dopamina o el glutamato.<\/p>\n<\/div>\n<div class=\"\">\n<p>&nbsp;<\/p>\n<p>Lee la noticia entera en <a href=\"https:\/\/www.elnacional.cat\/ca\/benestar\/beneficis-cafe_1046568_102.html\" target=\"_blank\" rel=\"noopener\">www.elnacional.cat<\/a><\/p>\n<p>&nbsp;<\/p>\n<\/div>\n\n\t\t<\/div>\n\t<\/div>\n<\/div><\/div><\/div><\/div><div class=\"vc_row-full-width vc_clearfix\"><\/div>","protected":false},"excerpt":{"rendered":"&nbsp; \u00c9s coneguda la capacitat estimulant del caf\u00e8, per\u00f2 pocs saben com aconsegueix fer realment aquest efecte al nostre cervell Cada moment que passes despert les teves neurones estan disparant-se. Aquesta\u00a0activitat\u00a0neuronal produeix adenosina com a resultat. L'adenosina juga un paper important en diversos processos metab\u00f2lics. De fet, \u00e9s part de la nostra unitat b\u00e0sica d'energia, [...]","protected":false},"author":1,"featured_media":6979,"comment_status":"closed","ping_status":"open","sticky":false,"template":"","format":"standard","meta":{"_acf_changed":false,"inline_featured_image":false,"footnotes":""},"categories":[1],"tags":[],"class_list":["post-6978","post","type-post","status-publish","format-standard","has-post-thumbnail","hentry","category-noticies"],"acf":[],"yoast_head":"<!-- This site is optimized with the Yoast SEO plugin v25.5 - https:\/\/yoast.com\/wordpress\/plugins\/seo\/ -->\n<title>Beneficis del caf\u00e8 - Gremi del Caf\u00e8, torradors de Catalunya<\/title>\n<meta name=\"robots\" content=\"index, follow, max-snippet:-1, max-image-preview:large, max-video-preview:-1\" \/>\n<link rel=\"canonical\" href=\"https:\/\/gremicafe.cat\/es\/2023\/07\/06\/beneficis-del-cafe\/\" \/>\n<meta property=\"og:locale\" content=\"es_ES\" \/>\n<meta property=\"og:type\" content=\"article\" \/>\n<meta property=\"og:title\" content=\"Beneficis del caf\u00e8 - Gremi del Caf\u00e8, torradors de Catalunya\" \/>\n<meta property=\"og:url\" content=\"https:\/\/gremicafe.cat\/es\/2023\/07\/06\/beneficis-del-cafe\/\" \/>\n<meta property=\"og:site_name\" content=\"Gremi del Caf\u00e8, torradors de Catalunya\" \/>\n<meta property=\"article:publisher\" content=\"https:\/\/www.facebook.com\/gremicafecat\" \/>\n<meta property=\"article:published_time\" content=\"2023-07-06T10:55:43+00:00\" \/>\n<meta property=\"article:modified_time\" content=\"2023-07-06T11:05:13+00:00\" \/>\n<meta property=\"og:image\" content=\"https:\/\/gremicafe.cat\/wp-content\/uploads\/2023\/07\/shutterstock_1899172291_WEB.jpg\" \/>\n\t<meta property=\"og:image:width\" content=\"1200\" \/>\n\t<meta property=\"og:image:height\" content=\"1158\" \/>\n\t<meta property=\"og:image:type\" content=\"image\/jpeg\" \/>\n<meta name=\"author\" content=\"gremicafe\" \/>\n<meta name=\"twitter:card\" content=\"summary_large_image\" \/>\n<meta name=\"twitter:creator\" content=\"@gremicafecat\" \/>\n<meta name=\"twitter:site\" content=\"@gremicafecat\" \/>\n<meta name=\"twitter:label1\" content=\"Escrito por\" \/>\n\t<meta name=\"twitter:data1\" content=\"gremicafe\" \/>\n\t<meta name=\"twitter:label2\" content=\"Tiempo de lectura\" \/>\n\t<meta name=\"twitter:data2\" content=\"2 minutos\" \/>\n<script type=\"application\/ld+json\" class=\"yoast-schema-graph\">{\"@context\":\"https:\/\/schema.org\",\"@graph\":[{\"@type\":\"Article\",\"@id\":\"https:\/\/gremicafe.cat\/2023\/07\/06\/beneficis-del-cafe\/#article\",\"isPartOf\":{\"@id\":\"https:\/\/gremicafe.cat\/2023\/07\/06\/beneficis-del-cafe\/\"},\"author\":{\"name\":\"gremicafe\",\"@id\":\"https:\/\/gremicafe.cat\/#\/schema\/person\/dabfdbb3d0fa36260855a380f94e4733\"},\"headline\":\"Beneficis del caf\u00e8\",\"datePublished\":\"2023-07-06T10:55:43+00:00\",\"dateModified\":\"2023-07-06T11:05:13+00:00\",\"mainEntityOfPage\":{\"@id\":\"https:\/\/gremicafe.cat\/2023\/07\/06\/beneficis-del-cafe\/\"},\"wordCount\":172,\"publisher\":{\"@id\":\"https:\/\/gremicafe.cat\/#organization\"},\"image\":{\"@id\":\"https:\/\/gremicafe.cat\/2023\/07\/06\/beneficis-del-cafe\/#primaryimage\"},\"thumbnailUrl\":\"https:\/\/gremicafe.cat\/wp-content\/uploads\/2023\/07\/shutterstock_1899172291_WEB.jpg\",\"articleSection\":[\"Not\u00edcies\"],\"inLanguage\":\"es\"},{\"@type\":\"WebPage\",\"@id\":\"https:\/\/gremicafe.cat\/2023\/07\/06\/beneficis-del-cafe\/\",\"url\":\"https:\/\/gremicafe.cat\/2023\/07\/06\/beneficis-del-cafe\/\",\"name\":\"Beneficis del caf\u00e8 - Gremi del Caf\u00e8, torradors de Catalunya\",\"isPartOf\":{\"@id\":\"https:\/\/gremicafe.cat\/#website\"},\"primaryImageOfPage\":{\"@id\":\"https:\/\/gremicafe.cat\/2023\/07\/06\/beneficis-del-cafe\/#primaryimage\"},\"image\":{\"@id\":\"https:\/\/gremicafe.cat\/2023\/07\/06\/beneficis-del-cafe\/#primaryimage\"},\"thumbnailUrl\":\"https:\/\/gremicafe.cat\/wp-content\/uploads\/2023\/07\/shutterstock_1899172291_WEB.jpg\",\"datePublished\":\"2023-07-06T10:55:43+00:00\",\"dateModified\":\"2023-07-06T11:05:13+00:00\",\"breadcrumb\":{\"@id\":\"https:\/\/gremicafe.cat\/2023\/07\/06\/beneficis-del-cafe\/#breadcrumb\"},\"inLanguage\":\"es\",\"potentialAction\":[{\"@type\":\"ReadAction\",\"target\":[\"https:\/\/gremicafe.cat\/2023\/07\/06\/beneficis-del-cafe\/\"]}]},{\"@type\":\"ImageObject\",\"inLanguage\":\"es\",\"@id\":\"https:\/\/gremicafe.cat\/2023\/07\/06\/beneficis-del-cafe\/#primaryimage\",\"url\":\"https:\/\/gremicafe.cat\/wp-content\/uploads\/2023\/07\/shutterstock_1899172291_WEB.jpg\",\"contentUrl\":\"https:\/\/gremicafe.cat\/wp-content\/uploads\/2023\/07\/shutterstock_1899172291_WEB.jpg\",\"width\":1200,\"height\":1158},{\"@type\":\"BreadcrumbList\",\"@id\":\"https:\/\/gremicafe.cat\/2023\/07\/06\/beneficis-del-cafe\/#breadcrumb\",\"itemListElement\":[{\"@type\":\"ListItem\",\"position\":1,\"name\":\"Inici\",\"item\":\"https:\/\/gremicafe.cat\/\"},{\"@type\":\"ListItem\",\"position\":2,\"name\":\"Beneficis del caf\u00e8\"}]},{\"@type\":\"WebSite\",\"@id\":\"https:\/\/gremicafe.cat\/#website\",\"url\":\"https:\/\/gremicafe.cat\/\",\"name\":\"Gremi del Caf\u00e8, torradors de Catalunya\",\"description\":\"Web oficial del gremi de torradors de caf\u00e8 de Catalunya\",\"publisher\":{\"@id\":\"https:\/\/gremicafe.cat\/#organization\"},\"potentialAction\":[{\"@type\":\"SearchAction\",\"target\":{\"@type\":\"EntryPoint\",\"urlTemplate\":\"https:\/\/gremicafe.cat\/?s={search_term_string}\"},\"query-input\":{\"@type\":\"PropertyValueSpecification\",\"valueRequired\":true,\"valueName\":\"search_term_string\"}}],\"inLanguage\":\"es\"},{\"@type\":\"Organization\",\"@id\":\"https:\/\/gremicafe.cat\/#organization\",\"name\":\"Gremi del Caf\u00e8, Torradors de Catalunya\",\"url\":\"https:\/\/gremicafe.cat\/\",\"logo\":{\"@type\":\"ImageObject\",\"inLanguage\":\"es\",\"@id\":\"https:\/\/gremicafe.cat\/#\/schema\/logo\/image\/\",\"url\":\"https:\/\/gremicafe.cat\/wp-content\/uploads\/2018\/03\/gremicafe-logo250.png\",\"contentUrl\":\"https:\/\/gremicafe.cat\/wp-content\/uploads\/2018\/03\/gremicafe-logo250.png\",\"width\":250,\"height\":49,\"caption\":\"Gremi del Caf\u00e8, Torradors de Catalunya\"},\"image\":{\"@id\":\"https:\/\/gremicafe.cat\/#\/schema\/logo\/image\/\"},\"sameAs\":[\"https:\/\/www.facebook.com\/gremicafecat\",\"https:\/\/x.com\/gremicafecat\",\"https:\/\/www.instagram.com\/gremicafecat\/\",\"https:\/\/www.pinterest.es\/gremicafecat\/\",\"https:\/\/www.youtube.com\/channel\/UCGLo5Y35vLwLvP4FrPZrCrw\/\"]},{\"@type\":\"Person\",\"@id\":\"https:\/\/gremicafe.cat\/#\/schema\/person\/dabfdbb3d0fa36260855a380f94e4733\",\"name\":\"gremicafe\",\"image\":{\"@type\":\"ImageObject\",\"inLanguage\":\"es\",\"@id\":\"https:\/\/gremicafe.cat\/#\/schema\/person\/image\/\",\"url\":\"https:\/\/secure.gravatar.com\/avatar\/e59baa4ca8f6f97576d6375fb6d3c8f0?s=96&d=mm&r=g\",\"contentUrl\":\"https:\/\/secure.gravatar.com\/avatar\/e59baa4ca8f6f97576d6375fb6d3c8f0?s=96&d=mm&r=g\",\"caption\":\"gremicafe\"}}]}<\/script>\n<!-- \/ Yoast SEO plugin. -->","yoast_head_json":{"title":"Beneficis del caf\u00e8 - Gremi del Caf\u00e8, torradors de Catalunya","robots":{"index":"index","follow":"follow","max-snippet":"max-snippet:-1","max-image-preview":"max-image-preview:large","max-video-preview":"max-video-preview:-1"},"canonical":"https:\/\/gremicafe.cat\/es\/2023\/07\/06\/beneficis-del-cafe\/","og_locale":"es_ES","og_type":"article","og_title":"Beneficis del caf\u00e8 - Gremi del Caf\u00e8, torradors de Catalunya","og_url":"https:\/\/gremicafe.cat\/es\/2023\/07\/06\/beneficis-del-cafe\/","og_site_name":"Gremi del Caf\u00e8, torradors de Catalunya","article_publisher":"https:\/\/www.facebook.com\/gremicafecat","article_published_time":"2023-07-06T10:55:43+00:00","article_modified_time":"2023-07-06T11:05:13+00:00","og_image":[{"width":1200,"height":1158,"url":"https:\/\/gremicafe.cat\/wp-content\/uploads\/2023\/07\/shutterstock_1899172291_WEB.jpg","type":"image\/jpeg"}],"author":"gremicafe","twitter_card":"summary_large_image","twitter_creator":"@gremicafecat","twitter_site":"@gremicafecat","twitter_misc":{"Escrito por":"gremicafe","Tiempo de lectura":"2 minutos"},"schema":{"@context":"https:\/\/schema.org","@graph":[{"@type":"Article","@id":"https:\/\/gremicafe.cat\/2023\/07\/06\/beneficis-del-cafe\/#article","isPartOf":{"@id":"https:\/\/gremicafe.cat\/2023\/07\/06\/beneficis-del-cafe\/"},"author":{"name":"gremicafe","@id":"https:\/\/gremicafe.cat\/#\/schema\/person\/dabfdbb3d0fa36260855a380f94e4733"},"headline":"Beneficis del caf\u00e8","datePublished":"2023-07-06T10:55:43+00:00","dateModified":"2023-07-06T11:05:13+00:00","mainEntityOfPage":{"@id":"https:\/\/gremicafe.cat\/2023\/07\/06\/beneficis-del-cafe\/"},"wordCount":172,"publisher":{"@id":"https:\/\/gremicafe.cat\/#organization"},"image":{"@id":"https:\/\/gremicafe.cat\/2023\/07\/06\/beneficis-del-cafe\/#primaryimage"},"thumbnailUrl":"https:\/\/gremicafe.cat\/wp-content\/uploads\/2023\/07\/shutterstock_1899172291_WEB.jpg","articleSection":["Not\u00edcies"],"inLanguage":"es"},{"@type":"WebPage","@id":"https:\/\/gremicafe.cat\/2023\/07\/06\/beneficis-del-cafe\/","url":"https:\/\/gremicafe.cat\/2023\/07\/06\/beneficis-del-cafe\/","name":"Beneficis del caf\u00e8 - Gremi del Caf\u00e8, torradors de Catalunya","isPartOf":{"@id":"https:\/\/gremicafe.cat\/#website"},"primaryImageOfPage":{"@id":"https:\/\/gremicafe.cat\/2023\/07\/06\/beneficis-del-cafe\/#primaryimage"},"image":{"@id":"https:\/\/gremicafe.cat\/2023\/07\/06\/beneficis-del-cafe\/#primaryimage"},"thumbnailUrl":"https:\/\/gremicafe.cat\/wp-content\/uploads\/2023\/07\/shutterstock_1899172291_WEB.jpg","datePublished":"2023-07-06T10:55:43+00:00","dateModified":"2023-07-06T11:05:13+00:00","breadcrumb":{"@id":"https:\/\/gremicafe.cat\/2023\/07\/06\/beneficis-del-cafe\/#breadcrumb"},"inLanguage":"es","potentialAction":[{"@type":"ReadAction","target":["https:\/\/gremicafe.cat\/2023\/07\/06\/beneficis-del-cafe\/"]}]},{"@type":"ImageObject","inLanguage":"es","@id":"https:\/\/gremicafe.cat\/2023\/07\/06\/beneficis-del-cafe\/#primaryimage","url":"https:\/\/gremicafe.cat\/wp-content\/uploads\/2023\/07\/shutterstock_1899172291_WEB.jpg","contentUrl":"https:\/\/gremicafe.cat\/wp-content\/uploads\/2023\/07\/shutterstock_1899172291_WEB.jpg","width":1200,"height":1158},{"@type":"BreadcrumbList","@id":"https:\/\/gremicafe.cat\/2023\/07\/06\/beneficis-del-cafe\/#breadcrumb","itemListElement":[{"@type":"ListItem","position":1,"name":"Inici","item":"https:\/\/gremicafe.cat\/"},{"@type":"ListItem","position":2,"name":"Beneficis del caf\u00e8"}]},{"@type":"WebSite","@id":"https:\/\/gremicafe.cat\/#website","url":"https:\/\/gremicafe.cat\/","name":"Gremio del Caf\u00e9, tostadores de Catalu\u00f1a","description":"Web oficial del gremio de tostadores de caf\u00e9 de Catalunya","publisher":{"@id":"https:\/\/gremicafe.cat\/#organization"},"potentialAction":[{"@type":"SearchAction","target":{"@type":"EntryPoint","urlTemplate":"https:\/\/gremicafe.cat\/?s={search_term_string}"},"query-input":{"@type":"PropertyValueSpecification","valueRequired":true,"valueName":"search_term_string"}}],"inLanguage":"es"},{"@type":"Organization","@id":"https:\/\/gremicafe.cat\/#organization","name":"Gremio del Caf\u00e9, Tostadores de Catalu\u00f1a","url":"https:\/\/gremicafe.cat\/","logo":{"@type":"ImageObject","inLanguage":"es","@id":"https:\/\/gremicafe.cat\/#\/schema\/logo\/image\/","url":"https:\/\/gremicafe.cat\/wp-content\/uploads\/2018\/03\/gremicafe-logo250.png","contentUrl":"https:\/\/gremicafe.cat\/wp-content\/uploads\/2018\/03\/gremicafe-logo250.png","width":250,"height":49,"caption":"Gremi del Caf\u00e8, Torradors de Catalunya"},"image":{"@id":"https:\/\/gremicafe.cat\/#\/schema\/logo\/image\/"},"sameAs":["https:\/\/www.facebook.com\/gremicafecat","https:\/\/x.com\/gremicafecat","https:\/\/www.instagram.com\/gremicafecat\/","https:\/\/www.pinterest.es\/gremicafecat\/","https:\/\/www.youtube.com\/channel\/UCGLo5Y35vLwLvP4FrPZrCrw\/"]},{"@type":"Person","@id":"https:\/\/gremicafe.cat\/#\/schema\/person\/dabfdbb3d0fa36260855a380f94e4733","name":"gremicafe","image":{"@type":"ImageObject","inLanguage":"es","@id":"https:\/\/gremicafe.cat\/#\/schema\/person\/image\/","url":"https:\/\/secure.gravatar.com\/avatar\/e59baa4ca8f6f97576d6375fb6d3c8f0?s=96&d=mm&r=g","contentUrl":"https:\/\/secure.gravatar.com\/avatar\/e59baa4ca8f6f97576d6375fb6d3c8f0?s=96&d=mm&r=g","caption":"gremicafe"}}]}},"_links":{"self":[{"href":"https:\/\/gremicafe.cat\/es\/wp-json\/wp\/v2\/posts\/6978"}],"collection":[{"href":"https:\/\/gremicafe.cat\/es\/wp-json\/wp\/v2\/posts"}],"about":[{"href":"https:\/\/gremicafe.cat\/es\/wp-json\/wp\/v2\/types\/post"}],"author":[{"embeddable":true,"href":"https:\/\/gremicafe.cat\/es\/wp-json\/wp\/v2\/users\/1"}],"replies":[{"embeddable":true,"href":"https:\/\/gremicafe.cat\/es\/wp-json\/wp\/v2\/comments?post=6978"}],"version-history":[{"count":0,"href":"https:\/\/gremicafe.cat\/es\/wp-json\/wp\/v2\/posts\/6978\/revisions"}],"wp:featuredmedia":[{"embeddable":true,"href":"https:\/\/gremicafe.cat\/es\/wp-json\/wp\/v2\/media\/6979"}],"wp:attachment":[{"href":"https:\/\/gremicafe.cat\/es\/wp-json\/wp\/v2\/media?parent=6978"}],"wp:term":[{"taxonomy":"category","embeddable":true,"href":"https:\/\/gremicafe.cat\/es\/wp-json\/wp\/v2\/categories?post=6978"},{"taxonomy":"post_tag","embeddable":true,"href":"https:\/\/gremicafe.cat\/es\/wp-json\/wp\/v2\/tags?post=6978"}],"curies":[{"name":"wp","href":"https:\/\/api.w.org\/{rel}","templated":true}]}}