{"id":6987,"date":"2023-07-25T12:03:52","date_gmt":"2023-07-25T10:03:52","guid":{"rendered":"https:\/\/gremicafe.cat\/?p=6987"},"modified":"2023-08-02T12:09:34","modified_gmt":"2023-08-02T10:09:34","slug":"3-metodes-per-servir-un-cafe-amb-gel-perfecte","status":"publish","type":"post","link":"https:\/\/gremicafe.cat\/es\/2023\/07\/25\/3-metodes-per-servir-un-cafe-amb-gel-perfecte\/","title":{"rendered":"3 M\u00e9todos para servir un caf\u00e9 con hielo perfecto"},"content":{"rendered":"<p class=\"p1\"><strong><span class=\"s1\"><img loading=\"lazy\" decoding=\"async\" class=\"aligncenter size-full wp-image-6988\" src=\"https:\/\/gremicafe.cat\/wp-content\/uploads\/2023\/08\/CafeGel2.jpg\" alt=\"\" width=\"1584\" height=\"1080\" srcset=\"https:\/\/gremicafe.cat\/wp-content\/uploads\/2023\/08\/CafeGel2.jpg 1584w, https:\/\/gremicafe.cat\/wp-content\/uploads\/2023\/08\/CafeGel2-768x524.jpg 768w, https:\/\/gremicafe.cat\/wp-content\/uploads\/2023\/08\/CafeGel2-1536x1047.jpg 1536w, https:\/\/gremicafe.cat\/wp-content\/uploads\/2023\/08\/CafeGel2-1056x720.jpg 1056w\" sizes=\"(max-width: 1584px) 100vw, 1584px\" \/><\/span><\/strong><\/p>\n<p class=\"p1\"><strong><span class=\"s1\">\u00a1Aprende, con Caf\u00e8s Novell, nuevas t\u00e9cnicas para disfrutar de un caf\u00e9 refrescante!<\/span><\/strong><\/p>\n<p class=\"p1\"><span class=\"s1\">El caf\u00e9 con hielo es muy habitual en estos d\u00edas tan calurosos del a\u00f1o. Quiz\u00e1 ya no le apetece una taza de caf\u00e9 caliente, pero todav\u00eda desea disfrutar del caf\u00e9 con todo el sabor, cuerpo y aroma. \u00a1Pero para hacerlo bien debemos tener en cuenta ciertos aspectos importantes, y por eso hoy os traemos algunos consejos e ideas para que pod\u00e1is disfrutar mejor de un caf\u00e9 refrescante!<\/span><\/p>\n<p>&nbsp;<\/p>\n<p class=\"p1\"><span class=\"s1\">Entra en: <a href=\"https:\/\/cafesnovell.com\/ca\/3-metodes-per-servir-un-cafe-amb-gel-perfecte\/\">https:\/\/cafesnovell.com\/ca\/3-metodes-per-servir-un-cafe-amb-gel-perfecte\/<\/a><\/span><\/p>","protected":false},"excerpt":{"rendered":"<p>Apr\u00e8n, amb Caf\u00e8s Novell, noves t\u00e8cniques per gaudir d&#8217;un caf\u00e8 ben refrescant! El caf\u00e8 amb gel \u00e9s molt habitual aquests dies tan calorosos de l&#8217;any. Potser ja no us vindr\u00e0 de gust una tassa de caf\u00e8 calenta, per\u00f2 encara voleu gaudir del caf\u00e8 amb tot el sabor, cos i aroma. Per\u00f2 per fer-ho b\u00e9 hem [&hellip;]<\/p>\n","protected":false},"author":1,"featured_media":6988,"comment_status":"closed","ping_status":"open","sticky":false,"template":"","format":"standard","meta":{"_acf_changed":false,"inline_featured_image":false,"footnotes":""},"categories":[1],"tags":[],"class_list":["post-6987","post","type-post","status-publish","format-standard","has-post-thumbnail","hentry","category-noticies"],"acf":[],"yoast_head":"<!-- This site is optimized with the Yoast SEO plugin v25.5 - https:\/\/yoast.com\/wordpress\/plugins\/seo\/ -->\n<title>3 M\u00e8todes per servir un caf\u00e8 amb gel perfecte - Gremi del Caf\u00e8, torradors de Catalunya<\/title>\n<meta name=\"robots\" content=\"index, follow, max-snippet:-1, max-image-preview:large, max-video-preview:-1\" \/>\n<link rel=\"canonical\" href=\"https:\/\/gremicafe.cat\/es\/2023\/07\/25\/3-metodes-per-servir-un-cafe-amb-gel-perfecte\/\" \/>\n<meta property=\"og:locale\" content=\"es_ES\" \/>\n<meta property=\"og:type\" content=\"article\" \/>\n<meta property=\"og:title\" content=\"3 M\u00e8todes per servir un caf\u00e8 amb gel perfecte - Gremi del Caf\u00e8, torradors de Catalunya\" \/>\n<meta property=\"og:description\" content=\"Apr\u00e8n, amb Caf\u00e8s Novell, noves t\u00e8cniques per gaudir d&#8217;un caf\u00e8 ben refrescant! El caf\u00e8 amb gel \u00e9s molt habitual aquests dies tan calorosos de l&#8217;any. Potser ja no us vindr\u00e0 de gust una tassa de caf\u00e8 calenta, per\u00f2 encara voleu gaudir del caf\u00e8 amb tot el sabor, cos i aroma. Per\u00f2 per fer-ho b\u00e9 hem [&hellip;]\" \/>\n<meta property=\"og:url\" content=\"https:\/\/gremicafe.cat\/es\/2023\/07\/25\/3-metodes-per-servir-un-cafe-amb-gel-perfecte\/\" \/>\n<meta property=\"og:site_name\" content=\"Gremi del Caf\u00e8, torradors de Catalunya\" \/>\n<meta property=\"article:publisher\" content=\"https:\/\/www.facebook.com\/gremicafecat\" \/>\n<meta property=\"article:published_time\" content=\"2023-07-25T10:03:52+00:00\" \/>\n<meta property=\"article:modified_time\" content=\"2023-08-02T10:09:34+00:00\" \/>\n<meta property=\"og:image\" content=\"https:\/\/gremicafe.cat\/wp-content\/uploads\/2023\/08\/CafeGel2.jpg\" \/>\n\t<meta property=\"og:image:width\" content=\"1584\" \/>\n\t<meta property=\"og:image:height\" content=\"1080\" \/>\n\t<meta property=\"og:image:type\" content=\"image\/jpeg\" \/>\n<meta name=\"author\" content=\"gremicafe\" \/>\n<meta name=\"twitter:card\" content=\"summary_large_image\" \/>\n<meta name=\"twitter:creator\" content=\"@gremicafecat\" \/>\n<meta name=\"twitter:site\" content=\"@gremicafecat\" \/>\n<meta name=\"twitter:label1\" content=\"Escrito por\" \/>\n\t<meta name=\"twitter:data1\" content=\"gremicafe\" \/>\n\t<meta name=\"twitter:label2\" content=\"Tiempo de lectura\" \/>\n\t<meta name=\"twitter:data2\" content=\"1 minuto\" \/>\n<script type=\"application\/ld+json\" class=\"yoast-schema-graph\">{\"@context\":\"https:\/\/schema.org\",\"@graph\":[{\"@type\":\"Article\",\"@id\":\"https:\/\/gremicafe.cat\/2023\/07\/25\/3-metodes-per-servir-un-cafe-amb-gel-perfecte\/#article\",\"isPartOf\":{\"@id\":\"https:\/\/gremicafe.cat\/2023\/07\/25\/3-metodes-per-servir-un-cafe-amb-gel-perfecte\/\"},\"author\":{\"name\":\"gremicafe\",\"@id\":\"https:\/\/gremicafe.cat\/#\/schema\/person\/dabfdbb3d0fa36260855a380f94e4733\"},\"headline\":\"3 M\u00e8todes per servir un caf\u00e8 amb gel perfecte\",\"datePublished\":\"2023-07-25T10:03:52+00:00\",\"dateModified\":\"2023-08-02T10:09:34+00:00\",\"mainEntityOfPage\":{\"@id\":\"https:\/\/gremicafe.cat\/2023\/07\/25\/3-metodes-per-servir-un-cafe-amb-gel-perfecte\/\"},\"wordCount\":100,\"publisher\":{\"@id\":\"https:\/\/gremicafe.cat\/#organization\"},\"image\":{\"@id\":\"https:\/\/gremicafe.cat\/2023\/07\/25\/3-metodes-per-servir-un-cafe-amb-gel-perfecte\/#primaryimage\"},\"thumbnailUrl\":\"https:\/\/gremicafe.cat\/wp-content\/uploads\/2023\/08\/CafeGel2.jpg\",\"articleSection\":[\"Not\u00edcies\"],\"inLanguage\":\"es\"},{\"@type\":\"WebPage\",\"@id\":\"https:\/\/gremicafe.cat\/2023\/07\/25\/3-metodes-per-servir-un-cafe-amb-gel-perfecte\/\",\"url\":\"https:\/\/gremicafe.cat\/2023\/07\/25\/3-metodes-per-servir-un-cafe-amb-gel-perfecte\/\",\"name\":\"3 M\u00e8todes per servir un caf\u00e8 amb gel perfecte - Gremi del Caf\u00e8, torradors de Catalunya\",\"isPartOf\":{\"@id\":\"https:\/\/gremicafe.cat\/#website\"},\"primaryImageOfPage\":{\"@id\":\"https:\/\/gremicafe.cat\/2023\/07\/25\/3-metodes-per-servir-un-cafe-amb-gel-perfecte\/#primaryimage\"},\"image\":{\"@id\":\"https:\/\/gremicafe.cat\/2023\/07\/25\/3-metodes-per-servir-un-cafe-amb-gel-perfecte\/#primaryimage\"},\"thumbnailUrl\":\"https:\/\/gremicafe.cat\/wp-content\/uploads\/2023\/08\/CafeGel2.jpg\",\"datePublished\":\"2023-07-25T10:03:52+00:00\",\"dateModified\":\"2023-08-02T10:09:34+00:00\",\"breadcrumb\":{\"@id\":\"https:\/\/gremicafe.cat\/2023\/07\/25\/3-metodes-per-servir-un-cafe-amb-gel-perfecte\/#breadcrumb\"},\"inLanguage\":\"es\",\"potentialAction\":[{\"@type\":\"ReadAction\",\"target\":[\"https:\/\/gremicafe.cat\/2023\/07\/25\/3-metodes-per-servir-un-cafe-amb-gel-perfecte\/\"]}]},{\"@type\":\"ImageObject\",\"inLanguage\":\"es\",\"@id\":\"https:\/\/gremicafe.cat\/2023\/07\/25\/3-metodes-per-servir-un-cafe-amb-gel-perfecte\/#primaryimage\",\"url\":\"https:\/\/gremicafe.cat\/wp-content\/uploads\/2023\/08\/CafeGel2.jpg\",\"contentUrl\":\"https:\/\/gremicafe.cat\/wp-content\/uploads\/2023\/08\/CafeGel2.jpg\",\"width\":1584,\"height\":1080},{\"@type\":\"BreadcrumbList\",\"@id\":\"https:\/\/gremicafe.cat\/2023\/07\/25\/3-metodes-per-servir-un-cafe-amb-gel-perfecte\/#breadcrumb\",\"itemListElement\":[{\"@type\":\"ListItem\",\"position\":1,\"name\":\"Inici\",\"item\":\"https:\/\/gremicafe.cat\/\"},{\"@type\":\"ListItem\",\"position\":2,\"name\":\"3 M\u00e8todes per servir un caf\u00e8 amb gel perfecte\"}]},{\"@type\":\"WebSite\",\"@id\":\"https:\/\/gremicafe.cat\/#website\",\"url\":\"https:\/\/gremicafe.cat\/\",\"name\":\"Gremi del Caf\u00e8, torradors de Catalunya\",\"description\":\"Web oficial del gremi de torradors de caf\u00e8 de Catalunya\",\"publisher\":{\"@id\":\"https:\/\/gremicafe.cat\/#organization\"},\"potentialAction\":[{\"@type\":\"SearchAction\",\"target\":{\"@type\":\"EntryPoint\",\"urlTemplate\":\"https:\/\/gremicafe.cat\/?s={search_term_string}\"},\"query-input\":{\"@type\":\"PropertyValueSpecification\",\"valueRequired\":true,\"valueName\":\"search_term_string\"}}],\"inLanguage\":\"es\"},{\"@type\":\"Organization\",\"@id\":\"https:\/\/gremicafe.cat\/#organization\",\"name\":\"Gremi del Caf\u00e8, Torradors de Catalunya\",\"url\":\"https:\/\/gremicafe.cat\/\",\"logo\":{\"@type\":\"ImageObject\",\"inLanguage\":\"es\",\"@id\":\"https:\/\/gremicafe.cat\/#\/schema\/logo\/image\/\",\"url\":\"https:\/\/gremicafe.cat\/wp-content\/uploads\/2018\/03\/gremicafe-logo250.png\",\"contentUrl\":\"https:\/\/gremicafe.cat\/wp-content\/uploads\/2018\/03\/gremicafe-logo250.png\",\"width\":250,\"height\":49,\"caption\":\"Gremi del Caf\u00e8, Torradors de Catalunya\"},\"image\":{\"@id\":\"https:\/\/gremicafe.cat\/#\/schema\/logo\/image\/\"},\"sameAs\":[\"https:\/\/www.facebook.com\/gremicafecat\",\"https:\/\/x.com\/gremicafecat\",\"https:\/\/www.instagram.com\/gremicafecat\/\",\"https:\/\/www.pinterest.es\/gremicafecat\/\",\"https:\/\/www.youtube.com\/channel\/UCGLo5Y35vLwLvP4FrPZrCrw\/\"]},{\"@type\":\"Person\",\"@id\":\"https:\/\/gremicafe.cat\/#\/schema\/person\/dabfdbb3d0fa36260855a380f94e4733\",\"name\":\"gremicafe\",\"image\":{\"@type\":\"ImageObject\",\"inLanguage\":\"es\",\"@id\":\"https:\/\/gremicafe.cat\/#\/schema\/person\/image\/\",\"url\":\"https:\/\/secure.gravatar.com\/avatar\/e59baa4ca8f6f97576d6375fb6d3c8f0?s=96&d=mm&r=g\",\"contentUrl\":\"https:\/\/secure.gravatar.com\/avatar\/e59baa4ca8f6f97576d6375fb6d3c8f0?s=96&d=mm&r=g\",\"caption\":\"gremicafe\"}}]}<\/script>\n<!-- \/ Yoast SEO plugin. -->","yoast_head_json":{"title":"3 M\u00e8todes per servir un caf\u00e8 amb gel perfecte - Gremi del Caf\u00e8, torradors de Catalunya","robots":{"index":"index","follow":"follow","max-snippet":"max-snippet:-1","max-image-preview":"max-image-preview:large","max-video-preview":"max-video-preview:-1"},"canonical":"https:\/\/gremicafe.cat\/es\/2023\/07\/25\/3-metodes-per-servir-un-cafe-amb-gel-perfecte\/","og_locale":"es_ES","og_type":"article","og_title":"3 M\u00e8todes per servir un caf\u00e8 amb gel perfecte - Gremi del Caf\u00e8, torradors de Catalunya","og_description":"Apr\u00e8n, amb Caf\u00e8s Novell, noves t\u00e8cniques per gaudir d&#8217;un caf\u00e8 ben refrescant! El caf\u00e8 amb gel \u00e9s molt habitual aquests dies tan calorosos de l&#8217;any. Potser ja no us vindr\u00e0 de gust una tassa de caf\u00e8 calenta, per\u00f2 encara voleu gaudir del caf\u00e8 amb tot el sabor, cos i aroma. Per\u00f2 per fer-ho b\u00e9 hem [&hellip;]","og_url":"https:\/\/gremicafe.cat\/es\/2023\/07\/25\/3-metodes-per-servir-un-cafe-amb-gel-perfecte\/","og_site_name":"Gremi del Caf\u00e8, torradors de Catalunya","article_publisher":"https:\/\/www.facebook.com\/gremicafecat","article_published_time":"2023-07-25T10:03:52+00:00","article_modified_time":"2023-08-02T10:09:34+00:00","og_image":[{"width":1584,"height":1080,"url":"https:\/\/gremicafe.cat\/wp-content\/uploads\/2023\/08\/CafeGel2.jpg","type":"image\/jpeg"}],"author":"gremicafe","twitter_card":"summary_large_image","twitter_creator":"@gremicafecat","twitter_site":"@gremicafecat","twitter_misc":{"Escrito por":"gremicafe","Tiempo de lectura":"1 minuto"},"schema":{"@context":"https:\/\/schema.org","@graph":[{"@type":"Article","@id":"https:\/\/gremicafe.cat\/2023\/07\/25\/3-metodes-per-servir-un-cafe-amb-gel-perfecte\/#article","isPartOf":{"@id":"https:\/\/gremicafe.cat\/2023\/07\/25\/3-metodes-per-servir-un-cafe-amb-gel-perfecte\/"},"author":{"name":"gremicafe","@id":"https:\/\/gremicafe.cat\/#\/schema\/person\/dabfdbb3d0fa36260855a380f94e4733"},"headline":"3 M\u00e8todes per servir un caf\u00e8 amb gel perfecte","datePublished":"2023-07-25T10:03:52+00:00","dateModified":"2023-08-02T10:09:34+00:00","mainEntityOfPage":{"@id":"https:\/\/gremicafe.cat\/2023\/07\/25\/3-metodes-per-servir-un-cafe-amb-gel-perfecte\/"},"wordCount":100,"publisher":{"@id":"https:\/\/gremicafe.cat\/#organization"},"image":{"@id":"https:\/\/gremicafe.cat\/2023\/07\/25\/3-metodes-per-servir-un-cafe-amb-gel-perfecte\/#primaryimage"},"thumbnailUrl":"https:\/\/gremicafe.cat\/wp-content\/uploads\/2023\/08\/CafeGel2.jpg","articleSection":["Not\u00edcies"],"inLanguage":"es"},{"@type":"WebPage","@id":"https:\/\/gremicafe.cat\/2023\/07\/25\/3-metodes-per-servir-un-cafe-amb-gel-perfecte\/","url":"https:\/\/gremicafe.cat\/2023\/07\/25\/3-metodes-per-servir-un-cafe-amb-gel-perfecte\/","name":"3 M\u00e8todes per servir un caf\u00e8 amb gel perfecte - Gremi del Caf\u00e8, torradors de Catalunya","isPartOf":{"@id":"https:\/\/gremicafe.cat\/#website"},"primaryImageOfPage":{"@id":"https:\/\/gremicafe.cat\/2023\/07\/25\/3-metodes-per-servir-un-cafe-amb-gel-perfecte\/#primaryimage"},"image":{"@id":"https:\/\/gremicafe.cat\/2023\/07\/25\/3-metodes-per-servir-un-cafe-amb-gel-perfecte\/#primaryimage"},"thumbnailUrl":"https:\/\/gremicafe.cat\/wp-content\/uploads\/2023\/08\/CafeGel2.jpg","datePublished":"2023-07-25T10:03:52+00:00","dateModified":"2023-08-02T10:09:34+00:00","breadcrumb":{"@id":"https:\/\/gremicafe.cat\/2023\/07\/25\/3-metodes-per-servir-un-cafe-amb-gel-perfecte\/#breadcrumb"},"inLanguage":"es","potentialAction":[{"@type":"ReadAction","target":["https:\/\/gremicafe.cat\/2023\/07\/25\/3-metodes-per-servir-un-cafe-amb-gel-perfecte\/"]}]},{"@type":"ImageObject","inLanguage":"es","@id":"https:\/\/gremicafe.cat\/2023\/07\/25\/3-metodes-per-servir-un-cafe-amb-gel-perfecte\/#primaryimage","url":"https:\/\/gremicafe.cat\/wp-content\/uploads\/2023\/08\/CafeGel2.jpg","contentUrl":"https:\/\/gremicafe.cat\/wp-content\/uploads\/2023\/08\/CafeGel2.jpg","width":1584,"height":1080},{"@type":"BreadcrumbList","@id":"https:\/\/gremicafe.cat\/2023\/07\/25\/3-metodes-per-servir-un-cafe-amb-gel-perfecte\/#breadcrumb","itemListElement":[{"@type":"ListItem","position":1,"name":"Inici","item":"https:\/\/gremicafe.cat\/"},{"@type":"ListItem","position":2,"name":"3 M\u00e8todes per servir un caf\u00e8 amb gel perfecte"}]},{"@type":"WebSite","@id":"https:\/\/gremicafe.cat\/#website","url":"https:\/\/gremicafe.cat\/","name":"Gremio del Caf\u00e9, tostadores de Catalu\u00f1a","description":"Web oficial del gremio de tostadores de caf\u00e9 de Catalunya","publisher":{"@id":"https:\/\/gremicafe.cat\/#organization"},"potentialAction":[{"@type":"SearchAction","target":{"@type":"EntryPoint","urlTemplate":"https:\/\/gremicafe.cat\/?s={search_term_string}"},"query-input":{"@type":"PropertyValueSpecification","valueRequired":true,"valueName":"search_term_string"}}],"inLanguage":"es"},{"@type":"Organization","@id":"https:\/\/gremicafe.cat\/#organization","name":"Gremio del Caf\u00e9, Tostadores de Catalu\u00f1a","url":"https:\/\/gremicafe.cat\/","logo":{"@type":"ImageObject","inLanguage":"es","@id":"https:\/\/gremicafe.cat\/#\/schema\/logo\/image\/","url":"https:\/\/gremicafe.cat\/wp-content\/uploads\/2018\/03\/gremicafe-logo250.png","contentUrl":"https:\/\/gremicafe.cat\/wp-content\/uploads\/2018\/03\/gremicafe-logo250.png","width":250,"height":49,"caption":"Gremi del Caf\u00e8, Torradors de Catalunya"},"image":{"@id":"https:\/\/gremicafe.cat\/#\/schema\/logo\/image\/"},"sameAs":["https:\/\/www.facebook.com\/gremicafecat","https:\/\/x.com\/gremicafecat","https:\/\/www.instagram.com\/gremicafecat\/","https:\/\/www.pinterest.es\/gremicafecat\/","https:\/\/www.youtube.com\/channel\/UCGLo5Y35vLwLvP4FrPZrCrw\/"]},{"@type":"Person","@id":"https:\/\/gremicafe.cat\/#\/schema\/person\/dabfdbb3d0fa36260855a380f94e4733","name":"gremicafe","image":{"@type":"ImageObject","inLanguage":"es","@id":"https:\/\/gremicafe.cat\/#\/schema\/person\/image\/","url":"https:\/\/secure.gravatar.com\/avatar\/e59baa4ca8f6f97576d6375fb6d3c8f0?s=96&d=mm&r=g","contentUrl":"https:\/\/secure.gravatar.com\/avatar\/e59baa4ca8f6f97576d6375fb6d3c8f0?s=96&d=mm&r=g","caption":"gremicafe"}}]}},"_links":{"self":[{"href":"https:\/\/gremicafe.cat\/es\/wp-json\/wp\/v2\/posts\/6987"}],"collection":[{"href":"https:\/\/gremicafe.cat\/es\/wp-json\/wp\/v2\/posts"}],"about":[{"href":"https:\/\/gremicafe.cat\/es\/wp-json\/wp\/v2\/types\/post"}],"author":[{"embeddable":true,"href":"https:\/\/gremicafe.cat\/es\/wp-json\/wp\/v2\/users\/1"}],"replies":[{"embeddable":true,"href":"https:\/\/gremicafe.cat\/es\/wp-json\/wp\/v2\/comments?post=6987"}],"version-history":[{"count":0,"href":"https:\/\/gremicafe.cat\/es\/wp-json\/wp\/v2\/posts\/6987\/revisions"}],"wp:featuredmedia":[{"embeddable":true,"href":"https:\/\/gremicafe.cat\/es\/wp-json\/wp\/v2\/media\/6988"}],"wp:attachment":[{"href":"https:\/\/gremicafe.cat\/es\/wp-json\/wp\/v2\/media?parent=6987"}],"wp:term":[{"taxonomy":"category","embeddable":true,"href":"https:\/\/gremicafe.cat\/es\/wp-json\/wp\/v2\/categories?post=6987"},{"taxonomy":"post_tag","embeddable":true,"href":"https:\/\/gremicafe.cat\/es\/wp-json\/wp\/v2\/tags?post=6987"}],"curies":[{"name":"wp","href":"https:\/\/api.w.org\/{rel}","templated":true}]}}