{"id":6992,"date":"2023-07-12T12:12:16","date_gmt":"2023-07-12T10:12:16","guid":{"rendered":"https:\/\/gremicafe.cat\/?p=6992"},"modified":"2023-08-02T12:15:18","modified_gmt":"2023-08-02T10:15:18","slug":"com-fer-lexpresso-amb-gel-perfecte","status":"publish","type":"post","link":"https:\/\/gremicafe.cat\/es\/2023\/07\/12\/com-fer-lexpresso-amb-gel-perfecte\/","title":{"rendered":"\u00bfC\u00f3mo hacer el expreso con hielo perfecto?"},"content":{"rendered":"<p class=\"p3\"><span class=\"s2\"><img loading=\"lazy\" decoding=\"async\" class=\"aligncenter size-full wp-image-6989\" src=\"https:\/\/gremicafe.cat\/wp-content\/uploads\/2023\/08\/Cafe\u0300Gel001.jpg\" alt=\"\" width=\"1280\" height=\"1600\" srcset=\"https:\/\/gremicafe.cat\/wp-content\/uploads\/2023\/08\/Cafe\u0300Gel001.jpg 1280w, https:\/\/gremicafe.cat\/wp-content\/uploads\/2023\/08\/Cafe\u0300Gel001-768x960.jpg 768w, https:\/\/gremicafe.cat\/wp-content\/uploads\/2023\/08\/Cafe\u0300Gel001-1229x1536.jpg 1229w, https:\/\/gremicafe.cat\/wp-content\/uploads\/2023\/08\/Cafe\u0300Gel001-576x720.jpg 576w\" sizes=\"(max-width: 1280px) 100vw, 1280px\" \/><\/span><\/p>\n<p>&nbsp;<\/p>\n<p class=\"p3\"><span class=\"s2\">Con la llegada del calor, seguramente una de las bebidas m\u00e1s demandadas en caf\u00e9 por tus clientes, es el caf\u00e9 con hielo. Pero, \u00bfSabemos prepararlo correctamente? Hoy, Caf\u00e9s Mama Same, te da las claves de c\u00f3mo hacerlo.<\/span><\/p>\n<p class=\"p5\">Entra en: <a href=\"https:\/\/www.cafesmamasame.com\/ca\/blog\/com-fer-lexpresso-amb-gel-perfecte\">https:\/\/www.cafesmamasame.com\/ca\/blog\/com-fer-lexpresso-amb-gel-perfecte<\/a><\/p>","protected":false},"excerpt":{"rendered":"<p>&nbsp; Amb l&#8217;arribada de la calor, segurament una de les begudes m\u00e9s demandades amb caf\u00e8 pels teus clients, \u00e9s el caf\u00e8 amb gel. Per\u00f2, Sabem preparar-ho correctament? Avui, Caf\u00e8s Mama Same, et dona les claus de com fer-ho. Entra a: https:\/\/www.cafesmamasame.com\/ca\/blog\/com-fer-lexpresso-amb-gel-perfecte<\/p>","protected":false},"author":1,"featured_media":6989,"comment_status":"closed","ping_status":"open","sticky":false,"template":"","format":"standard","meta":{"_acf_changed":false,"inline_featured_image":false,"footnotes":""},"categories":[1],"tags":[],"class_list":["post-6992","post","type-post","status-publish","format-standard","has-post-thumbnail","hentry","category-noticies"],"acf":[],"yoast_head":"<!-- This site is optimized with the Yoast SEO plugin v25.5 - https:\/\/yoast.com\/wordpress\/plugins\/seo\/ -->\n<title>Com fer l&#039;expresso amb gel perfecte? - Gremi del Caf\u00e8, torradors de Catalunya<\/title>\n<meta name=\"robots\" content=\"index, follow, max-snippet:-1, max-image-preview:large, max-video-preview:-1\" \/>\n<link rel=\"canonical\" href=\"https:\/\/gremicafe.cat\/es\/2023\/07\/12\/com-fer-lexpresso-amb-gel-perfecte\/\" \/>\n<meta property=\"og:locale\" content=\"es_ES\" \/>\n<meta property=\"og:type\" content=\"article\" \/>\n<meta property=\"og:title\" content=\"Com fer l&#039;expresso amb gel perfecte? - Gremi del Caf\u00e8, torradors de Catalunya\" \/>\n<meta property=\"og:description\" content=\"&nbsp; Amb l&#8217;arribada de la calor, segurament una de les begudes m\u00e9s demandades amb caf\u00e8 pels teus clients, \u00e9s el caf\u00e8 amb gel. Per\u00f2, Sabem preparar-ho correctament? Avui, Caf\u00e8s Mama Same, et dona les claus de com fer-ho. Entra a: https:\/\/www.cafesmamasame.com\/ca\/blog\/com-fer-lexpresso-amb-gel-perfecte\" \/>\n<meta property=\"og:url\" content=\"https:\/\/gremicafe.cat\/es\/2023\/07\/12\/com-fer-lexpresso-amb-gel-perfecte\/\" \/>\n<meta property=\"og:site_name\" content=\"Gremi del Caf\u00e8, torradors de Catalunya\" \/>\n<meta property=\"article:publisher\" content=\"https:\/\/www.facebook.com\/gremicafecat\" \/>\n<meta property=\"article:published_time\" content=\"2023-07-12T10:12:16+00:00\" \/>\n<meta property=\"article:modified_time\" content=\"2023-08-02T10:15:18+00:00\" \/>\n<meta property=\"og:image\" content=\"https:\/\/gremicafe.cat\/wp-content\/uploads\/2023\/08\/Cafe\u0300Gel001.jpg\" \/>\n\t<meta property=\"og:image:width\" content=\"1280\" \/>\n\t<meta property=\"og:image:height\" content=\"1600\" \/>\n\t<meta property=\"og:image:type\" content=\"image\/jpeg\" \/>\n<meta name=\"author\" content=\"gremicafe\" \/>\n<meta name=\"twitter:card\" content=\"summary_large_image\" \/>\n<meta name=\"twitter:creator\" content=\"@gremicafecat\" \/>\n<meta name=\"twitter:site\" content=\"@gremicafecat\" \/>\n<meta name=\"twitter:label1\" content=\"Escrito por\" \/>\n\t<meta name=\"twitter:data1\" content=\"gremicafe\" \/>\n\t<meta name=\"twitter:label2\" content=\"Tiempo de lectura\" \/>\n\t<meta name=\"twitter:data2\" content=\"1 minuto\" \/>\n<script type=\"application\/ld+json\" class=\"yoast-schema-graph\">{\"@context\":\"https:\/\/schema.org\",\"@graph\":[{\"@type\":\"Article\",\"@id\":\"https:\/\/gremicafe.cat\/2023\/07\/12\/com-fer-lexpresso-amb-gel-perfecte\/#article\",\"isPartOf\":{\"@id\":\"https:\/\/gremicafe.cat\/2023\/07\/12\/com-fer-lexpresso-amb-gel-perfecte\/\"},\"author\":{\"name\":\"gremicafe\",\"@id\":\"https:\/\/gremicafe.cat\/#\/schema\/person\/dabfdbb3d0fa36260855a380f94e4733\"},\"headline\":\"Com fer l&#8217;expresso amb gel perfecte?\",\"datePublished\":\"2023-07-12T10:12:16+00:00\",\"dateModified\":\"2023-08-02T10:15:18+00:00\",\"mainEntityOfPage\":{\"@id\":\"https:\/\/gremicafe.cat\/2023\/07\/12\/com-fer-lexpresso-amb-gel-perfecte\/\"},\"wordCount\":55,\"publisher\":{\"@id\":\"https:\/\/gremicafe.cat\/#organization\"},\"image\":{\"@id\":\"https:\/\/gremicafe.cat\/2023\/07\/12\/com-fer-lexpresso-amb-gel-perfecte\/#primaryimage\"},\"thumbnailUrl\":\"https:\/\/gremicafe.cat\/wp-content\/uploads\/2023\/08\/Cafe\u0300Gel001.jpg\",\"articleSection\":[\"Not\u00edcies\"],\"inLanguage\":\"es\"},{\"@type\":\"WebPage\",\"@id\":\"https:\/\/gremicafe.cat\/2023\/07\/12\/com-fer-lexpresso-amb-gel-perfecte\/\",\"url\":\"https:\/\/gremicafe.cat\/2023\/07\/12\/com-fer-lexpresso-amb-gel-perfecte\/\",\"name\":\"Com fer l'expresso amb gel perfecte? - Gremi del Caf\u00e8, torradors de Catalunya\",\"isPartOf\":{\"@id\":\"https:\/\/gremicafe.cat\/#website\"},\"primaryImageOfPage\":{\"@id\":\"https:\/\/gremicafe.cat\/2023\/07\/12\/com-fer-lexpresso-amb-gel-perfecte\/#primaryimage\"},\"image\":{\"@id\":\"https:\/\/gremicafe.cat\/2023\/07\/12\/com-fer-lexpresso-amb-gel-perfecte\/#primaryimage\"},\"thumbnailUrl\":\"https:\/\/gremicafe.cat\/wp-content\/uploads\/2023\/08\/Cafe\u0300Gel001.jpg\",\"datePublished\":\"2023-07-12T10:12:16+00:00\",\"dateModified\":\"2023-08-02T10:15:18+00:00\",\"breadcrumb\":{\"@id\":\"https:\/\/gremicafe.cat\/2023\/07\/12\/com-fer-lexpresso-amb-gel-perfecte\/#breadcrumb\"},\"inLanguage\":\"es\",\"potentialAction\":[{\"@type\":\"ReadAction\",\"target\":[\"https:\/\/gremicafe.cat\/2023\/07\/12\/com-fer-lexpresso-amb-gel-perfecte\/\"]}]},{\"@type\":\"ImageObject\",\"inLanguage\":\"es\",\"@id\":\"https:\/\/gremicafe.cat\/2023\/07\/12\/com-fer-lexpresso-amb-gel-perfecte\/#primaryimage\",\"url\":\"https:\/\/gremicafe.cat\/wp-content\/uploads\/2023\/08\/Cafe\u0300Gel001.jpg\",\"contentUrl\":\"https:\/\/gremicafe.cat\/wp-content\/uploads\/2023\/08\/Cafe\u0300Gel001.jpg\",\"width\":1280,\"height\":1600},{\"@type\":\"BreadcrumbList\",\"@id\":\"https:\/\/gremicafe.cat\/2023\/07\/12\/com-fer-lexpresso-amb-gel-perfecte\/#breadcrumb\",\"itemListElement\":[{\"@type\":\"ListItem\",\"position\":1,\"name\":\"Inici\",\"item\":\"https:\/\/gremicafe.cat\/\"},{\"@type\":\"ListItem\",\"position\":2,\"name\":\"Com fer l&#8217;expresso amb gel perfecte?\"}]},{\"@type\":\"WebSite\",\"@id\":\"https:\/\/gremicafe.cat\/#website\",\"url\":\"https:\/\/gremicafe.cat\/\",\"name\":\"Gremi del Caf\u00e8, torradors de Catalunya\",\"description\":\"Web oficial del gremi de torradors de caf\u00e8 de Catalunya\",\"publisher\":{\"@id\":\"https:\/\/gremicafe.cat\/#organization\"},\"potentialAction\":[{\"@type\":\"SearchAction\",\"target\":{\"@type\":\"EntryPoint\",\"urlTemplate\":\"https:\/\/gremicafe.cat\/?s={search_term_string}\"},\"query-input\":{\"@type\":\"PropertyValueSpecification\",\"valueRequired\":true,\"valueName\":\"search_term_string\"}}],\"inLanguage\":\"es\"},{\"@type\":\"Organization\",\"@id\":\"https:\/\/gremicafe.cat\/#organization\",\"name\":\"Gremi del Caf\u00e8, Torradors de Catalunya\",\"url\":\"https:\/\/gremicafe.cat\/\",\"logo\":{\"@type\":\"ImageObject\",\"inLanguage\":\"es\",\"@id\":\"https:\/\/gremicafe.cat\/#\/schema\/logo\/image\/\",\"url\":\"https:\/\/gremicafe.cat\/wp-content\/uploads\/2018\/03\/gremicafe-logo250.png\",\"contentUrl\":\"https:\/\/gremicafe.cat\/wp-content\/uploads\/2018\/03\/gremicafe-logo250.png\",\"width\":250,\"height\":49,\"caption\":\"Gremi del Caf\u00e8, Torradors de Catalunya\"},\"image\":{\"@id\":\"https:\/\/gremicafe.cat\/#\/schema\/logo\/image\/\"},\"sameAs\":[\"https:\/\/www.facebook.com\/gremicafecat\",\"https:\/\/x.com\/gremicafecat\",\"https:\/\/www.instagram.com\/gremicafecat\/\",\"https:\/\/www.pinterest.es\/gremicafecat\/\",\"https:\/\/www.youtube.com\/channel\/UCGLo5Y35vLwLvP4FrPZrCrw\/\"]},{\"@type\":\"Person\",\"@id\":\"https:\/\/gremicafe.cat\/#\/schema\/person\/dabfdbb3d0fa36260855a380f94e4733\",\"name\":\"gremicafe\",\"image\":{\"@type\":\"ImageObject\",\"inLanguage\":\"es\",\"@id\":\"https:\/\/gremicafe.cat\/#\/schema\/person\/image\/\",\"url\":\"https:\/\/secure.gravatar.com\/avatar\/e59baa4ca8f6f97576d6375fb6d3c8f0?s=96&d=mm&r=g\",\"contentUrl\":\"https:\/\/secure.gravatar.com\/avatar\/e59baa4ca8f6f97576d6375fb6d3c8f0?s=96&d=mm&r=g\",\"caption\":\"gremicafe\"}}]}<\/script>\n<!-- \/ Yoast SEO plugin. -->","yoast_head_json":{"title":"Com fer l'expresso amb gel perfecte? - Gremi del Caf\u00e8, torradors de Catalunya","robots":{"index":"index","follow":"follow","max-snippet":"max-snippet:-1","max-image-preview":"max-image-preview:large","max-video-preview":"max-video-preview:-1"},"canonical":"https:\/\/gremicafe.cat\/es\/2023\/07\/12\/com-fer-lexpresso-amb-gel-perfecte\/","og_locale":"es_ES","og_type":"article","og_title":"Com fer l'expresso amb gel perfecte? - Gremi del Caf\u00e8, torradors de Catalunya","og_description":"&nbsp; Amb l&#8217;arribada de la calor, segurament una de les begudes m\u00e9s demandades amb caf\u00e8 pels teus clients, \u00e9s el caf\u00e8 amb gel. Per\u00f2, Sabem preparar-ho correctament? Avui, Caf\u00e8s Mama Same, et dona les claus de com fer-ho. Entra a: https:\/\/www.cafesmamasame.com\/ca\/blog\/com-fer-lexpresso-amb-gel-perfecte","og_url":"https:\/\/gremicafe.cat\/es\/2023\/07\/12\/com-fer-lexpresso-amb-gel-perfecte\/","og_site_name":"Gremi del Caf\u00e8, torradors de Catalunya","article_publisher":"https:\/\/www.facebook.com\/gremicafecat","article_published_time":"2023-07-12T10:12:16+00:00","article_modified_time":"2023-08-02T10:15:18+00:00","og_image":[{"width":1280,"height":1600,"url":"https:\/\/gremicafe.cat\/wp-content\/uploads\/2023\/08\/Cafe\u0300Gel001.jpg","type":"image\/jpeg"}],"author":"gremicafe","twitter_card":"summary_large_image","twitter_creator":"@gremicafecat","twitter_site":"@gremicafecat","twitter_misc":{"Escrito por":"gremicafe","Tiempo de lectura":"1 minuto"},"schema":{"@context":"https:\/\/schema.org","@graph":[{"@type":"Article","@id":"https:\/\/gremicafe.cat\/2023\/07\/12\/com-fer-lexpresso-amb-gel-perfecte\/#article","isPartOf":{"@id":"https:\/\/gremicafe.cat\/2023\/07\/12\/com-fer-lexpresso-amb-gel-perfecte\/"},"author":{"name":"gremicafe","@id":"https:\/\/gremicafe.cat\/#\/schema\/person\/dabfdbb3d0fa36260855a380f94e4733"},"headline":"Com fer l&#8217;expresso amb gel perfecte?","datePublished":"2023-07-12T10:12:16+00:00","dateModified":"2023-08-02T10:15:18+00:00","mainEntityOfPage":{"@id":"https:\/\/gremicafe.cat\/2023\/07\/12\/com-fer-lexpresso-amb-gel-perfecte\/"},"wordCount":55,"publisher":{"@id":"https:\/\/gremicafe.cat\/#organization"},"image":{"@id":"https:\/\/gremicafe.cat\/2023\/07\/12\/com-fer-lexpresso-amb-gel-perfecte\/#primaryimage"},"thumbnailUrl":"https:\/\/gremicafe.cat\/wp-content\/uploads\/2023\/08\/Cafe\u0300Gel001.jpg","articleSection":["Not\u00edcies"],"inLanguage":"es"},{"@type":"WebPage","@id":"https:\/\/gremicafe.cat\/2023\/07\/12\/com-fer-lexpresso-amb-gel-perfecte\/","url":"https:\/\/gremicafe.cat\/2023\/07\/12\/com-fer-lexpresso-amb-gel-perfecte\/","name":"Com fer l'expresso amb gel perfecte? - Gremi del Caf\u00e8, torradors de Catalunya","isPartOf":{"@id":"https:\/\/gremicafe.cat\/#website"},"primaryImageOfPage":{"@id":"https:\/\/gremicafe.cat\/2023\/07\/12\/com-fer-lexpresso-amb-gel-perfecte\/#primaryimage"},"image":{"@id":"https:\/\/gremicafe.cat\/2023\/07\/12\/com-fer-lexpresso-amb-gel-perfecte\/#primaryimage"},"thumbnailUrl":"https:\/\/gremicafe.cat\/wp-content\/uploads\/2023\/08\/Cafe\u0300Gel001.jpg","datePublished":"2023-07-12T10:12:16+00:00","dateModified":"2023-08-02T10:15:18+00:00","breadcrumb":{"@id":"https:\/\/gremicafe.cat\/2023\/07\/12\/com-fer-lexpresso-amb-gel-perfecte\/#breadcrumb"},"inLanguage":"es","potentialAction":[{"@type":"ReadAction","target":["https:\/\/gremicafe.cat\/2023\/07\/12\/com-fer-lexpresso-amb-gel-perfecte\/"]}]},{"@type":"ImageObject","inLanguage":"es","@id":"https:\/\/gremicafe.cat\/2023\/07\/12\/com-fer-lexpresso-amb-gel-perfecte\/#primaryimage","url":"https:\/\/gremicafe.cat\/wp-content\/uploads\/2023\/08\/Cafe\u0300Gel001.jpg","contentUrl":"https:\/\/gremicafe.cat\/wp-content\/uploads\/2023\/08\/Cafe\u0300Gel001.jpg","width":1280,"height":1600},{"@type":"BreadcrumbList","@id":"https:\/\/gremicafe.cat\/2023\/07\/12\/com-fer-lexpresso-amb-gel-perfecte\/#breadcrumb","itemListElement":[{"@type":"ListItem","position":1,"name":"Inici","item":"https:\/\/gremicafe.cat\/"},{"@type":"ListItem","position":2,"name":"Com fer l&#8217;expresso amb gel perfecte?"}]},{"@type":"WebSite","@id":"https:\/\/gremicafe.cat\/#website","url":"https:\/\/gremicafe.cat\/","name":"Gremio del Caf\u00e9, tostadores de Catalu\u00f1a","description":"Web oficial del gremio de tostadores de caf\u00e9 de Catalunya","publisher":{"@id":"https:\/\/gremicafe.cat\/#organization"},"potentialAction":[{"@type":"SearchAction","target":{"@type":"EntryPoint","urlTemplate":"https:\/\/gremicafe.cat\/?s={search_term_string}"},"query-input":{"@type":"PropertyValueSpecification","valueRequired":true,"valueName":"search_term_string"}}],"inLanguage":"es"},{"@type":"Organization","@id":"https:\/\/gremicafe.cat\/#organization","name":"Gremio del Caf\u00e9, Tostadores de Catalu\u00f1a","url":"https:\/\/gremicafe.cat\/","logo":{"@type":"ImageObject","inLanguage":"es","@id":"https:\/\/gremicafe.cat\/#\/schema\/logo\/image\/","url":"https:\/\/gremicafe.cat\/wp-content\/uploads\/2018\/03\/gremicafe-logo250.png","contentUrl":"https:\/\/gremicafe.cat\/wp-content\/uploads\/2018\/03\/gremicafe-logo250.png","width":250,"height":49,"caption":"Gremi del Caf\u00e8, Torradors de Catalunya"},"image":{"@id":"https:\/\/gremicafe.cat\/#\/schema\/logo\/image\/"},"sameAs":["https:\/\/www.facebook.com\/gremicafecat","https:\/\/x.com\/gremicafecat","https:\/\/www.instagram.com\/gremicafecat\/","https:\/\/www.pinterest.es\/gremicafecat\/","https:\/\/www.youtube.com\/channel\/UCGLo5Y35vLwLvP4FrPZrCrw\/"]},{"@type":"Person","@id":"https:\/\/gremicafe.cat\/#\/schema\/person\/dabfdbb3d0fa36260855a380f94e4733","name":"gremicafe","image":{"@type":"ImageObject","inLanguage":"es","@id":"https:\/\/gremicafe.cat\/#\/schema\/person\/image\/","url":"https:\/\/secure.gravatar.com\/avatar\/e59baa4ca8f6f97576d6375fb6d3c8f0?s=96&d=mm&r=g","contentUrl":"https:\/\/secure.gravatar.com\/avatar\/e59baa4ca8f6f97576d6375fb6d3c8f0?s=96&d=mm&r=g","caption":"gremicafe"}}]}},"_links":{"self":[{"href":"https:\/\/gremicafe.cat\/es\/wp-json\/wp\/v2\/posts\/6992"}],"collection":[{"href":"https:\/\/gremicafe.cat\/es\/wp-json\/wp\/v2\/posts"}],"about":[{"href":"https:\/\/gremicafe.cat\/es\/wp-json\/wp\/v2\/types\/post"}],"author":[{"embeddable":true,"href":"https:\/\/gremicafe.cat\/es\/wp-json\/wp\/v2\/users\/1"}],"replies":[{"embeddable":true,"href":"https:\/\/gremicafe.cat\/es\/wp-json\/wp\/v2\/comments?post=6992"}],"version-history":[{"count":0,"href":"https:\/\/gremicafe.cat\/es\/wp-json\/wp\/v2\/posts\/6992\/revisions"}],"wp:featuredmedia":[{"embeddable":true,"href":"https:\/\/gremicafe.cat\/es\/wp-json\/wp\/v2\/media\/6989"}],"wp:attachment":[{"href":"https:\/\/gremicafe.cat\/es\/wp-json\/wp\/v2\/media?parent=6992"}],"wp:term":[{"taxonomy":"category","embeddable":true,"href":"https:\/\/gremicafe.cat\/es\/wp-json\/wp\/v2\/categories?post=6992"},{"taxonomy":"post_tag","embeddable":true,"href":"https:\/\/gremicafe.cat\/es\/wp-json\/wp\/v2\/tags?post=6992"}],"curies":[{"name":"wp","href":"https:\/\/api.w.org\/{rel}","templated":true}]}}