{"id":7000,"date":"2023-08-11T13:24:57","date_gmt":"2023-08-11T11:24:57","guid":{"rendered":"https:\/\/gremicafe.cat\/?p=7000"},"modified":"2023-08-25T13:27:42","modified_gmt":"2023-08-25T11:27:42","slug":"uns-estudis-revelen-qui-ha-de-deixar-de-beure-cafe","status":"publish","type":"post","link":"https:\/\/gremicafe.cat\/es\/2023\/08\/11\/uns-estudis-revelen-qui-ha-de-deixar-de-beure-cafe\/","title":{"rendered":"Unos estudios revelan qui\u00e9n debe dejar de beber caf\u00e9"},"content":{"rendered":"<p class=\"p1\"><strong><span class=\"s1\"><img loading=\"lazy\" decoding=\"async\" class=\"aligncenter wp-image-7001 size-full\" src=\"https:\/\/gremicafe.cat\/wp-content\/uploads\/2023\/08\/pexels-ketut-subiyanto-4350288_1080x1080.jpg\" alt=\"\" width=\"1080\" height=\"1080\" srcset=\"https:\/\/gremicafe.cat\/wp-content\/uploads\/2023\/08\/pexels-ketut-subiyanto-4350288_1080x1080.jpg 1080w, https:\/\/gremicafe.cat\/wp-content\/uploads\/2023\/08\/pexels-ketut-subiyanto-4350288_1080x1080-300x300.jpg 300w, https:\/\/gremicafe.cat\/wp-content\/uploads\/2023\/08\/pexels-ketut-subiyanto-4350288_1080x1080-150x150.jpg 150w, https:\/\/gremicafe.cat\/wp-content\/uploads\/2023\/08\/pexels-ketut-subiyanto-4350288_1080x1080-768x768.jpg 768w, https:\/\/gremicafe.cat\/wp-content\/uploads\/2023\/08\/pexels-ketut-subiyanto-4350288_1080x1080-720x720.jpg 720w\" sizes=\"(max-width: 1080px) 100vw, 1080px\" \/><\/span><\/strong><\/p>\n<p>&nbsp;<\/p>\n<blockquote>\n<p class=\"p1\">Dos estudios demuestran que el consumo moderado de caf\u00e9 puede resultar beneficioso para la mayor\u00eda de las personas.<\/p>\n<\/blockquote>\n<p class=\"p1\">Uno de los estudios \u201cconstat\u00f3 una mayor longevidad asociada al consumo de caf\u00e9\u201d, seg\u00fan el citado art\u00edculo, algo que se manifestar\u00eda m\u00e1s claramente entre personas de m\u00e1s de <span class=\"hiddenGreenError\">54<\/span> a\u00f1os.<\/p>\n<p class=\"p1\">Un estudio diferente del <span class=\"hiddenSpellError\">CIBERESP<\/span> tambi\u00e9n concluye que existen beneficios en mujeres y personas mayores de <span class=\"hiddenGreenError\">60<\/span> a\u00f1os con hipertensi\u00f3n, obesidad o diabetes que toman dos o m\u00e1s tazas de caf\u00e9 al d\u00eda.<\/p>\n<p class=\"p1\">Hay que tener en cuenta que se recomienda consumirlo sin az\u00facar y sin leche y que, en cualquier caso, existen quienes podr\u00edan experimentar efectos secundarios o tener contraindicaciones, principalmente, si hay presencia de cafe\u00edna en el que se toma. Por eso, deber\u00edan tener cuidado los siguientes grupos de personas: <b class=\"\">Personas que son sensibles a la cafe\u00edna<\/b>; <b class=\"\">Mujeres embarazadas<\/b> y <b class=\"\">Personas que toman ciertos medicamentos<\/b>.<\/p>\n<p class=\"p1\">Seg\u00fan la Asociaci\u00f3n Espa\u00f1ola del Caf\u00e9 (<span class=\"hiddenSpellError\">AECaf\u00e9<\/span>), los espa\u00f1oles beben <b class=\"\">65,5 millones de tazas diarias<\/b>, el 80% de ellas con cafe\u00edna. Por lo general, se recomienda el consumo moderado de cafe\u00edna, que se considera un consumo de hasta tres <span class=\"hiddenGrammarError\">tazas<\/span> al d\u00eda.<\/p>\n<p>&nbsp;<\/p>\n<p class=\"p1\">Lee la noticia entera en <a href=\"https:\/\/www.elperiodico.com\/es\/vida-y-estilo\/20230819\/personas-no-deben-beber-cafe-nunca-dv-80747001\" target=\"_blank\" rel=\"noopener\">www.elperiodico.com<\/a><\/p>","protected":false},"excerpt":{"rendered":"<p>&nbsp; Dos estudis demostren que el consum moderat de caf\u00e8 pot ser benefici\u00f3s per a la majoria de les persones. Un dels estudis &#8220;va constatar una major longevitat associada al consum de caf\u00e8&#8221;, segons el citat article, alguna cosa que es manifestaria m\u00e9s clarament entre persones de m\u00e9s de 54 anys. Un estudi diferent del [&hellip;]<\/p>\n","protected":false},"author":1,"featured_media":7001,"comment_status":"closed","ping_status":"open","sticky":false,"template":"","format":"standard","meta":{"_acf_changed":false,"inline_featured_image":false,"footnotes":""},"categories":[1],"tags":[],"class_list":["post-7000","post","type-post","status-publish","format-standard","has-post-thumbnail","hentry","category-noticies"],"acf":[],"yoast_head":"<!-- This site is optimized with the Yoast SEO plugin v25.5 - https:\/\/yoast.com\/wordpress\/plugins\/seo\/ -->\n<title>Uns estudis revelen qui ha de deixar de beure caf\u00e8 - Gremi del Caf\u00e8, torradors de Catalunya<\/title>\n<meta name=\"robots\" content=\"index, follow, max-snippet:-1, max-image-preview:large, max-video-preview:-1\" \/>\n<link rel=\"canonical\" href=\"https:\/\/gremicafe.cat\/es\/2023\/08\/11\/uns-estudis-revelen-qui-ha-de-deixar-de-beure-cafe\/\" \/>\n<meta property=\"og:locale\" content=\"es_ES\" \/>\n<meta property=\"og:type\" content=\"article\" \/>\n<meta property=\"og:title\" content=\"Uns estudis revelen qui ha de deixar de beure caf\u00e8 - Gremi del Caf\u00e8, torradors de Catalunya\" \/>\n<meta property=\"og:description\" content=\"&nbsp; Dos estudis demostren que el consum moderat de caf\u00e8 pot ser benefici\u00f3s per a la majoria de les persones. Un dels estudis &#8220;va constatar una major longevitat associada al consum de caf\u00e8&#8221;, segons el citat article, alguna cosa que es manifestaria m\u00e9s clarament entre persones de m\u00e9s de 54 anys. Un estudi diferent del [&hellip;]\" \/>\n<meta property=\"og:url\" content=\"https:\/\/gremicafe.cat\/es\/2023\/08\/11\/uns-estudis-revelen-qui-ha-de-deixar-de-beure-cafe\/\" \/>\n<meta property=\"og:site_name\" content=\"Gremi del Caf\u00e8, torradors de Catalunya\" \/>\n<meta property=\"article:publisher\" content=\"https:\/\/www.facebook.com\/gremicafecat\" \/>\n<meta property=\"article:published_time\" content=\"2023-08-11T11:24:57+00:00\" \/>\n<meta property=\"article:modified_time\" content=\"2023-08-25T11:27:42+00:00\" \/>\n<meta property=\"og:image\" content=\"https:\/\/gremicafe.cat\/wp-content\/uploads\/2023\/08\/pexels-ketut-subiyanto-4350288_1080x1080.jpg\" \/>\n\t<meta property=\"og:image:width\" content=\"1080\" \/>\n\t<meta property=\"og:image:height\" content=\"1080\" \/>\n\t<meta property=\"og:image:type\" content=\"image\/jpeg\" \/>\n<meta name=\"author\" content=\"gremicafe\" \/>\n<meta name=\"twitter:card\" content=\"summary_large_image\" \/>\n<meta name=\"twitter:creator\" content=\"@gremicafecat\" \/>\n<meta name=\"twitter:site\" content=\"@gremicafecat\" \/>\n<meta name=\"twitter:label1\" content=\"Escrito por\" \/>\n\t<meta name=\"twitter:data1\" content=\"gremicafe\" \/>\n\t<meta name=\"twitter:label2\" content=\"Tiempo de lectura\" \/>\n\t<meta name=\"twitter:data2\" content=\"1 minuto\" \/>\n<script type=\"application\/ld+json\" class=\"yoast-schema-graph\">{\"@context\":\"https:\/\/schema.org\",\"@graph\":[{\"@type\":\"Article\",\"@id\":\"https:\/\/gremicafe.cat\/2023\/08\/11\/uns-estudis-revelen-qui-ha-de-deixar-de-beure-cafe\/#article\",\"isPartOf\":{\"@id\":\"https:\/\/gremicafe.cat\/2023\/08\/11\/uns-estudis-revelen-qui-ha-de-deixar-de-beure-cafe\/\"},\"author\":{\"name\":\"gremicafe\",\"@id\":\"https:\/\/gremicafe.cat\/#\/schema\/person\/dabfdbb3d0fa36260855a380f94e4733\"},\"headline\":\"Uns estudis revelen qui ha de deixar de beure caf\u00e8\",\"datePublished\":\"2023-08-11T11:24:57+00:00\",\"dateModified\":\"2023-08-25T11:27:42+00:00\",\"mainEntityOfPage\":{\"@id\":\"https:\/\/gremicafe.cat\/2023\/08\/11\/uns-estudis-revelen-qui-ha-de-deixar-de-beure-cafe\/\"},\"wordCount\":220,\"publisher\":{\"@id\":\"https:\/\/gremicafe.cat\/#organization\"},\"image\":{\"@id\":\"https:\/\/gremicafe.cat\/2023\/08\/11\/uns-estudis-revelen-qui-ha-de-deixar-de-beure-cafe\/#primaryimage\"},\"thumbnailUrl\":\"https:\/\/gremicafe.cat\/wp-content\/uploads\/2023\/08\/pexels-ketut-subiyanto-4350288_1080x1080.jpg\",\"articleSection\":[\"Not\u00edcies\"],\"inLanguage\":\"es\"},{\"@type\":\"WebPage\",\"@id\":\"https:\/\/gremicafe.cat\/2023\/08\/11\/uns-estudis-revelen-qui-ha-de-deixar-de-beure-cafe\/\",\"url\":\"https:\/\/gremicafe.cat\/2023\/08\/11\/uns-estudis-revelen-qui-ha-de-deixar-de-beure-cafe\/\",\"name\":\"Uns estudis revelen qui ha de deixar de beure caf\u00e8 - Gremi del Caf\u00e8, torradors de Catalunya\",\"isPartOf\":{\"@id\":\"https:\/\/gremicafe.cat\/#website\"},\"primaryImageOfPage\":{\"@id\":\"https:\/\/gremicafe.cat\/2023\/08\/11\/uns-estudis-revelen-qui-ha-de-deixar-de-beure-cafe\/#primaryimage\"},\"image\":{\"@id\":\"https:\/\/gremicafe.cat\/2023\/08\/11\/uns-estudis-revelen-qui-ha-de-deixar-de-beure-cafe\/#primaryimage\"},\"thumbnailUrl\":\"https:\/\/gremicafe.cat\/wp-content\/uploads\/2023\/08\/pexels-ketut-subiyanto-4350288_1080x1080.jpg\",\"datePublished\":\"2023-08-11T11:24:57+00:00\",\"dateModified\":\"2023-08-25T11:27:42+00:00\",\"breadcrumb\":{\"@id\":\"https:\/\/gremicafe.cat\/2023\/08\/11\/uns-estudis-revelen-qui-ha-de-deixar-de-beure-cafe\/#breadcrumb\"},\"inLanguage\":\"es\",\"potentialAction\":[{\"@type\":\"ReadAction\",\"target\":[\"https:\/\/gremicafe.cat\/2023\/08\/11\/uns-estudis-revelen-qui-ha-de-deixar-de-beure-cafe\/\"]}]},{\"@type\":\"ImageObject\",\"inLanguage\":\"es\",\"@id\":\"https:\/\/gremicafe.cat\/2023\/08\/11\/uns-estudis-revelen-qui-ha-de-deixar-de-beure-cafe\/#primaryimage\",\"url\":\"https:\/\/gremicafe.cat\/wp-content\/uploads\/2023\/08\/pexels-ketut-subiyanto-4350288_1080x1080.jpg\",\"contentUrl\":\"https:\/\/gremicafe.cat\/wp-content\/uploads\/2023\/08\/pexels-ketut-subiyanto-4350288_1080x1080.jpg\",\"width\":1080,\"height\":1080},{\"@type\":\"BreadcrumbList\",\"@id\":\"https:\/\/gremicafe.cat\/2023\/08\/11\/uns-estudis-revelen-qui-ha-de-deixar-de-beure-cafe\/#breadcrumb\",\"itemListElement\":[{\"@type\":\"ListItem\",\"position\":1,\"name\":\"Inici\",\"item\":\"https:\/\/gremicafe.cat\/\"},{\"@type\":\"ListItem\",\"position\":2,\"name\":\"Uns estudis revelen qui ha de deixar de beure caf\u00e8\"}]},{\"@type\":\"WebSite\",\"@id\":\"https:\/\/gremicafe.cat\/#website\",\"url\":\"https:\/\/gremicafe.cat\/\",\"name\":\"Gremi del Caf\u00e8, torradors de Catalunya\",\"description\":\"Web oficial del gremi de torradors de caf\u00e8 de Catalunya\",\"publisher\":{\"@id\":\"https:\/\/gremicafe.cat\/#organization\"},\"potentialAction\":[{\"@type\":\"SearchAction\",\"target\":{\"@type\":\"EntryPoint\",\"urlTemplate\":\"https:\/\/gremicafe.cat\/?s={search_term_string}\"},\"query-input\":{\"@type\":\"PropertyValueSpecification\",\"valueRequired\":true,\"valueName\":\"search_term_string\"}}],\"inLanguage\":\"es\"},{\"@type\":\"Organization\",\"@id\":\"https:\/\/gremicafe.cat\/#organization\",\"name\":\"Gremi del Caf\u00e8, Torradors de Catalunya\",\"url\":\"https:\/\/gremicafe.cat\/\",\"logo\":{\"@type\":\"ImageObject\",\"inLanguage\":\"es\",\"@id\":\"https:\/\/gremicafe.cat\/#\/schema\/logo\/image\/\",\"url\":\"https:\/\/gremicafe.cat\/wp-content\/uploads\/2018\/03\/gremicafe-logo250.png\",\"contentUrl\":\"https:\/\/gremicafe.cat\/wp-content\/uploads\/2018\/03\/gremicafe-logo250.png\",\"width\":250,\"height\":49,\"caption\":\"Gremi del Caf\u00e8, Torradors de Catalunya\"},\"image\":{\"@id\":\"https:\/\/gremicafe.cat\/#\/schema\/logo\/image\/\"},\"sameAs\":[\"https:\/\/www.facebook.com\/gremicafecat\",\"https:\/\/x.com\/gremicafecat\",\"https:\/\/www.instagram.com\/gremicafecat\/\",\"https:\/\/www.pinterest.es\/gremicafecat\/\",\"https:\/\/www.youtube.com\/channel\/UCGLo5Y35vLwLvP4FrPZrCrw\/\"]},{\"@type\":\"Person\",\"@id\":\"https:\/\/gremicafe.cat\/#\/schema\/person\/dabfdbb3d0fa36260855a380f94e4733\",\"name\":\"gremicafe\",\"image\":{\"@type\":\"ImageObject\",\"inLanguage\":\"es\",\"@id\":\"https:\/\/gremicafe.cat\/#\/schema\/person\/image\/\",\"url\":\"https:\/\/secure.gravatar.com\/avatar\/e59baa4ca8f6f97576d6375fb6d3c8f0?s=96&d=mm&r=g\",\"contentUrl\":\"https:\/\/secure.gravatar.com\/avatar\/e59baa4ca8f6f97576d6375fb6d3c8f0?s=96&d=mm&r=g\",\"caption\":\"gremicafe\"}}]}<\/script>\n<!-- \/ Yoast SEO plugin. -->","yoast_head_json":{"title":"Uns estudis revelen qui ha de deixar de beure caf\u00e8 - Gremi del Caf\u00e8, torradors de Catalunya","robots":{"index":"index","follow":"follow","max-snippet":"max-snippet:-1","max-image-preview":"max-image-preview:large","max-video-preview":"max-video-preview:-1"},"canonical":"https:\/\/gremicafe.cat\/es\/2023\/08\/11\/uns-estudis-revelen-qui-ha-de-deixar-de-beure-cafe\/","og_locale":"es_ES","og_type":"article","og_title":"Uns estudis revelen qui ha de deixar de beure caf\u00e8 - Gremi del Caf\u00e8, torradors de Catalunya","og_description":"&nbsp; Dos estudis demostren que el consum moderat de caf\u00e8 pot ser benefici\u00f3s per a la majoria de les persones. Un dels estudis &#8220;va constatar una major longevitat associada al consum de caf\u00e8&#8221;, segons el citat article, alguna cosa que es manifestaria m\u00e9s clarament entre persones de m\u00e9s de 54 anys. Un estudi diferent del [&hellip;]","og_url":"https:\/\/gremicafe.cat\/es\/2023\/08\/11\/uns-estudis-revelen-qui-ha-de-deixar-de-beure-cafe\/","og_site_name":"Gremi del Caf\u00e8, torradors de Catalunya","article_publisher":"https:\/\/www.facebook.com\/gremicafecat","article_published_time":"2023-08-11T11:24:57+00:00","article_modified_time":"2023-08-25T11:27:42+00:00","og_image":[{"width":1080,"height":1080,"url":"https:\/\/gremicafe.cat\/wp-content\/uploads\/2023\/08\/pexels-ketut-subiyanto-4350288_1080x1080.jpg","type":"image\/jpeg"}],"author":"gremicafe","twitter_card":"summary_large_image","twitter_creator":"@gremicafecat","twitter_site":"@gremicafecat","twitter_misc":{"Escrito por":"gremicafe","Tiempo de lectura":"1 minuto"},"schema":{"@context":"https:\/\/schema.org","@graph":[{"@type":"Article","@id":"https:\/\/gremicafe.cat\/2023\/08\/11\/uns-estudis-revelen-qui-ha-de-deixar-de-beure-cafe\/#article","isPartOf":{"@id":"https:\/\/gremicafe.cat\/2023\/08\/11\/uns-estudis-revelen-qui-ha-de-deixar-de-beure-cafe\/"},"author":{"name":"gremicafe","@id":"https:\/\/gremicafe.cat\/#\/schema\/person\/dabfdbb3d0fa36260855a380f94e4733"},"headline":"Uns estudis revelen qui ha de deixar de beure caf\u00e8","datePublished":"2023-08-11T11:24:57+00:00","dateModified":"2023-08-25T11:27:42+00:00","mainEntityOfPage":{"@id":"https:\/\/gremicafe.cat\/2023\/08\/11\/uns-estudis-revelen-qui-ha-de-deixar-de-beure-cafe\/"},"wordCount":220,"publisher":{"@id":"https:\/\/gremicafe.cat\/#organization"},"image":{"@id":"https:\/\/gremicafe.cat\/2023\/08\/11\/uns-estudis-revelen-qui-ha-de-deixar-de-beure-cafe\/#primaryimage"},"thumbnailUrl":"https:\/\/gremicafe.cat\/wp-content\/uploads\/2023\/08\/pexels-ketut-subiyanto-4350288_1080x1080.jpg","articleSection":["Not\u00edcies"],"inLanguage":"es"},{"@type":"WebPage","@id":"https:\/\/gremicafe.cat\/2023\/08\/11\/uns-estudis-revelen-qui-ha-de-deixar-de-beure-cafe\/","url":"https:\/\/gremicafe.cat\/2023\/08\/11\/uns-estudis-revelen-qui-ha-de-deixar-de-beure-cafe\/","name":"Uns estudis revelen qui ha de deixar de beure caf\u00e8 - Gremi del Caf\u00e8, torradors de Catalunya","isPartOf":{"@id":"https:\/\/gremicafe.cat\/#website"},"primaryImageOfPage":{"@id":"https:\/\/gremicafe.cat\/2023\/08\/11\/uns-estudis-revelen-qui-ha-de-deixar-de-beure-cafe\/#primaryimage"},"image":{"@id":"https:\/\/gremicafe.cat\/2023\/08\/11\/uns-estudis-revelen-qui-ha-de-deixar-de-beure-cafe\/#primaryimage"},"thumbnailUrl":"https:\/\/gremicafe.cat\/wp-content\/uploads\/2023\/08\/pexels-ketut-subiyanto-4350288_1080x1080.jpg","datePublished":"2023-08-11T11:24:57+00:00","dateModified":"2023-08-25T11:27:42+00:00","breadcrumb":{"@id":"https:\/\/gremicafe.cat\/2023\/08\/11\/uns-estudis-revelen-qui-ha-de-deixar-de-beure-cafe\/#breadcrumb"},"inLanguage":"es","potentialAction":[{"@type":"ReadAction","target":["https:\/\/gremicafe.cat\/2023\/08\/11\/uns-estudis-revelen-qui-ha-de-deixar-de-beure-cafe\/"]}]},{"@type":"ImageObject","inLanguage":"es","@id":"https:\/\/gremicafe.cat\/2023\/08\/11\/uns-estudis-revelen-qui-ha-de-deixar-de-beure-cafe\/#primaryimage","url":"https:\/\/gremicafe.cat\/wp-content\/uploads\/2023\/08\/pexels-ketut-subiyanto-4350288_1080x1080.jpg","contentUrl":"https:\/\/gremicafe.cat\/wp-content\/uploads\/2023\/08\/pexels-ketut-subiyanto-4350288_1080x1080.jpg","width":1080,"height":1080},{"@type":"BreadcrumbList","@id":"https:\/\/gremicafe.cat\/2023\/08\/11\/uns-estudis-revelen-qui-ha-de-deixar-de-beure-cafe\/#breadcrumb","itemListElement":[{"@type":"ListItem","position":1,"name":"Inici","item":"https:\/\/gremicafe.cat\/"},{"@type":"ListItem","position":2,"name":"Uns estudis revelen qui ha de deixar de beure caf\u00e8"}]},{"@type":"WebSite","@id":"https:\/\/gremicafe.cat\/#website","url":"https:\/\/gremicafe.cat\/","name":"Gremio del Caf\u00e9, tostadores de Catalu\u00f1a","description":"Web oficial del gremio de tostadores de caf\u00e9 de Catalunya","publisher":{"@id":"https:\/\/gremicafe.cat\/#organization"},"potentialAction":[{"@type":"SearchAction","target":{"@type":"EntryPoint","urlTemplate":"https:\/\/gremicafe.cat\/?s={search_term_string}"},"query-input":{"@type":"PropertyValueSpecification","valueRequired":true,"valueName":"search_term_string"}}],"inLanguage":"es"},{"@type":"Organization","@id":"https:\/\/gremicafe.cat\/#organization","name":"Gremio del Caf\u00e9, Tostadores de Catalu\u00f1a","url":"https:\/\/gremicafe.cat\/","logo":{"@type":"ImageObject","inLanguage":"es","@id":"https:\/\/gremicafe.cat\/#\/schema\/logo\/image\/","url":"https:\/\/gremicafe.cat\/wp-content\/uploads\/2018\/03\/gremicafe-logo250.png","contentUrl":"https:\/\/gremicafe.cat\/wp-content\/uploads\/2018\/03\/gremicafe-logo250.png","width":250,"height":49,"caption":"Gremi del Caf\u00e8, Torradors de Catalunya"},"image":{"@id":"https:\/\/gremicafe.cat\/#\/schema\/logo\/image\/"},"sameAs":["https:\/\/www.facebook.com\/gremicafecat","https:\/\/x.com\/gremicafecat","https:\/\/www.instagram.com\/gremicafecat\/","https:\/\/www.pinterest.es\/gremicafecat\/","https:\/\/www.youtube.com\/channel\/UCGLo5Y35vLwLvP4FrPZrCrw\/"]},{"@type":"Person","@id":"https:\/\/gremicafe.cat\/#\/schema\/person\/dabfdbb3d0fa36260855a380f94e4733","name":"gremicafe","image":{"@type":"ImageObject","inLanguage":"es","@id":"https:\/\/gremicafe.cat\/#\/schema\/person\/image\/","url":"https:\/\/secure.gravatar.com\/avatar\/e59baa4ca8f6f97576d6375fb6d3c8f0?s=96&d=mm&r=g","contentUrl":"https:\/\/secure.gravatar.com\/avatar\/e59baa4ca8f6f97576d6375fb6d3c8f0?s=96&d=mm&r=g","caption":"gremicafe"}}]}},"_links":{"self":[{"href":"https:\/\/gremicafe.cat\/es\/wp-json\/wp\/v2\/posts\/7000"}],"collection":[{"href":"https:\/\/gremicafe.cat\/es\/wp-json\/wp\/v2\/posts"}],"about":[{"href":"https:\/\/gremicafe.cat\/es\/wp-json\/wp\/v2\/types\/post"}],"author":[{"embeddable":true,"href":"https:\/\/gremicafe.cat\/es\/wp-json\/wp\/v2\/users\/1"}],"replies":[{"embeddable":true,"href":"https:\/\/gremicafe.cat\/es\/wp-json\/wp\/v2\/comments?post=7000"}],"version-history":[{"count":0,"href":"https:\/\/gremicafe.cat\/es\/wp-json\/wp\/v2\/posts\/7000\/revisions"}],"wp:featuredmedia":[{"embeddable":true,"href":"https:\/\/gremicafe.cat\/es\/wp-json\/wp\/v2\/media\/7001"}],"wp:attachment":[{"href":"https:\/\/gremicafe.cat\/es\/wp-json\/wp\/v2\/media?parent=7000"}],"wp:term":[{"taxonomy":"category","embeddable":true,"href":"https:\/\/gremicafe.cat\/es\/wp-json\/wp\/v2\/categories?post=7000"},{"taxonomy":"post_tag","embeddable":true,"href":"https:\/\/gremicafe.cat\/es\/wp-json\/wp\/v2\/tags?post=7000"}],"curies":[{"name":"wp","href":"https:\/\/api.w.org\/{rel}","templated":true}]}}