{"id":7006,"date":"2023-08-24T08:54:23","date_gmt":"2023-08-24T06:54:23","guid":{"rendered":"https:\/\/gremicafe.cat\/?p=7006"},"modified":"2023-08-31T08:56:41","modified_gmt":"2023-08-31T06:56:41","slug":"la-comunitat-de-madrid-investiga-una-molecula-per-millorar-lenvelliment","status":"publish","type":"post","link":"https:\/\/gremicafe.cat\/es\/2023\/08\/24\/la-comunitat-de-madrid-investiga-una-molecula-per-millorar-lenvelliment\/","title":{"rendered":"La Comunidad de Madrid investiga c\u00f3mo una mol\u00e9cula presente en el caf\u00e9 puede mejorar la calidad de vida en el envejecimiento"},"content":{"rendered":"<p class=\"p1\"><strong><span class=\"s1\"><img loading=\"lazy\" decoding=\"async\" class=\"aligncenter wp-image-7008 size-full\" src=\"https:\/\/gremicafe.cat\/wp-content\/uploads\/2023\/08\/coffee-171653_1920_WEB.jpg\" alt=\"\" width=\"1200\" height=\"794\" srcset=\"https:\/\/gremicafe.cat\/wp-content\/uploads\/2023\/08\/coffee-171653_1920_WEB.jpg 1200w, https:\/\/gremicafe.cat\/wp-content\/uploads\/2023\/08\/coffee-171653_1920_WEB-768x508.jpg 768w, https:\/\/gremicafe.cat\/wp-content\/uploads\/2023\/08\/coffee-171653_1920_WEB-1088x720.jpg 1088w\" sizes=\"(max-width: 1200px) 100vw, 1200px\" \/><\/span><\/strong><\/p>\n<p>&nbsp;<\/p>\n<p class=\"p1\"><strong>La Comunidad de Madrid investiga<\/strong>, en el Instituto Madrile\u00f1o de Estudios Avanzados (IMDEA Food Institute), <strong>un compuesto denominado armol que se encuentra presente en el caf\u00e9 y que mejora la calidad de vida durante el envejecimiento.<\/strong> En concreto, lidera un an\u00e1lisis que mostr\u00f3 que este elemento tiene efectos positivos en la funci\u00f3n del m\u00fasculo esquel\u00e9tico y otros par\u00e1metros metab\u00f3licos favorables en la tercera edad.<\/p>\n<p>&nbsp;<\/p>\n<p class=\"p1\">Lea la noticia entera <a href=\"https:\/\/www.comunidad.madrid\/noticias\/2023\/08\/04\/comunidad-madrid-investiga-molecula-presente-cafe-puede-mejorar-calidad-vida-envejecimiento\" target=\"_blank\" rel=\"noopener\">aqu\u00ed<\/a>.<\/p>\n<p>Web de IMDEA Food Institute: <a href=\"https:\/\/www.food.imdea.org\/\" target=\"_blank\" rel=\"noopener\">www.food.imdea.org<\/a><\/p>","protected":false},"excerpt":{"rendered":"<p>&nbsp; La Comunitat de Madrid investiga, a l&#8217;Institut Madrileny d&#8217;Estudis Avan\u00e7ats (IMDEA Food Institute), un compost denominat harmol que es troba present en el caf\u00e8 i que millora la qualitat de vida durant l&#8217;envelliment. En concret, lidera una an\u00e0lisi que ha mostrat que aquest element t\u00e9 efectes positius en la funci\u00f3 del m\u00fascul esquel\u00e8tic i [&hellip;]<\/p>\n","protected":false},"author":1,"featured_media":7008,"comment_status":"closed","ping_status":"open","sticky":false,"template":"","format":"standard","meta":{"_acf_changed":false,"inline_featured_image":false,"footnotes":""},"categories":[1],"tags":[],"class_list":["post-7006","post","type-post","status-publish","format-standard","has-post-thumbnail","hentry","category-noticies"],"acf":[],"yoast_head":"<!-- This site is optimized with the Yoast SEO plugin v25.5 - https:\/\/yoast.com\/wordpress\/plugins\/seo\/ -->\n<title>La Comunitat de Madrid investiga com una mol\u00e8cula present en el caf\u00e8 pot millorar la qualitat de vida en l&#039;envelliment - Gremi del Caf\u00e8, torradors de Catalunya<\/title>\n<meta name=\"robots\" content=\"index, follow, max-snippet:-1, max-image-preview:large, max-video-preview:-1\" \/>\n<link rel=\"canonical\" href=\"https:\/\/gremicafe.cat\/es\/2023\/08\/24\/la-comunitat-de-madrid-investiga-una-molecula-per-millorar-lenvelliment\/\" \/>\n<meta property=\"og:locale\" content=\"es_ES\" \/>\n<meta property=\"og:type\" content=\"article\" \/>\n<meta property=\"og:title\" content=\"La Comunitat de Madrid investiga com una mol\u00e8cula present en el caf\u00e8 pot millorar la qualitat de vida en l&#039;envelliment - Gremi del Caf\u00e8, torradors de Catalunya\" \/>\n<meta property=\"og:description\" content=\"&nbsp; La Comunitat de Madrid investiga, a l&#8217;Institut Madrileny d&#8217;Estudis Avan\u00e7ats (IMDEA Food Institute), un compost denominat harmol que es troba present en el caf\u00e8 i que millora la qualitat de vida durant l&#8217;envelliment. En concret, lidera una an\u00e0lisi que ha mostrat que aquest element t\u00e9 efectes positius en la funci\u00f3 del m\u00fascul esquel\u00e8tic i [&hellip;]\" \/>\n<meta property=\"og:url\" content=\"https:\/\/gremicafe.cat\/es\/2023\/08\/24\/la-comunitat-de-madrid-investiga-una-molecula-per-millorar-lenvelliment\/\" \/>\n<meta property=\"og:site_name\" content=\"Gremi del Caf\u00e8, torradors de Catalunya\" \/>\n<meta property=\"article:publisher\" content=\"https:\/\/www.facebook.com\/gremicafecat\" \/>\n<meta property=\"article:published_time\" content=\"2023-08-24T06:54:23+00:00\" \/>\n<meta property=\"article:modified_time\" content=\"2023-08-31T06:56:41+00:00\" \/>\n<meta property=\"og:image\" content=\"https:\/\/gremicafe.cat\/wp-content\/uploads\/2023\/08\/coffee-171653_1920_WEB.jpg\" \/>\n\t<meta property=\"og:image:width\" content=\"1200\" \/>\n\t<meta property=\"og:image:height\" content=\"794\" \/>\n\t<meta property=\"og:image:type\" content=\"image\/jpeg\" \/>\n<meta name=\"author\" content=\"gremicafe\" \/>\n<meta name=\"twitter:card\" content=\"summary_large_image\" \/>\n<meta name=\"twitter:creator\" content=\"@gremicafecat\" \/>\n<meta name=\"twitter:site\" content=\"@gremicafecat\" \/>\n<meta name=\"twitter:label1\" content=\"Escrito por\" \/>\n\t<meta name=\"twitter:data1\" content=\"gremicafe\" \/>\n\t<meta name=\"twitter:label2\" content=\"Tiempo de lectura\" \/>\n\t<meta name=\"twitter:data2\" content=\"1 minuto\" \/>\n<script type=\"application\/ld+json\" class=\"yoast-schema-graph\">{\"@context\":\"https:\/\/schema.org\",\"@graph\":[{\"@type\":\"Article\",\"@id\":\"https:\/\/gremicafe.cat\/2023\/08\/24\/la-comunitat-de-madrid-investiga-una-molecula-per-millorar-lenvelliment\/#article\",\"isPartOf\":{\"@id\":\"https:\/\/gremicafe.cat\/2023\/08\/24\/la-comunitat-de-madrid-investiga-una-molecula-per-millorar-lenvelliment\/\"},\"author\":{\"name\":\"gremicafe\",\"@id\":\"https:\/\/gremicafe.cat\/#\/schema\/person\/dabfdbb3d0fa36260855a380f94e4733\"},\"headline\":\"La Comunitat de Madrid investiga com una mol\u00e8cula present en el caf\u00e8 pot millorar la qualitat de vida en l&#8217;envelliment\",\"datePublished\":\"2023-08-24T06:54:23+00:00\",\"dateModified\":\"2023-08-31T06:56:41+00:00\",\"mainEntityOfPage\":{\"@id\":\"https:\/\/gremicafe.cat\/2023\/08\/24\/la-comunitat-de-madrid-investiga-una-molecula-per-millorar-lenvelliment\/\"},\"wordCount\":106,\"publisher\":{\"@id\":\"https:\/\/gremicafe.cat\/#organization\"},\"image\":{\"@id\":\"https:\/\/gremicafe.cat\/2023\/08\/24\/la-comunitat-de-madrid-investiga-una-molecula-per-millorar-lenvelliment\/#primaryimage\"},\"thumbnailUrl\":\"https:\/\/gremicafe.cat\/wp-content\/uploads\/2023\/08\/coffee-171653_1920_WEB.jpg\",\"articleSection\":[\"Not\u00edcies\"],\"inLanguage\":\"es\"},{\"@type\":\"WebPage\",\"@id\":\"https:\/\/gremicafe.cat\/2023\/08\/24\/la-comunitat-de-madrid-investiga-una-molecula-per-millorar-lenvelliment\/\",\"url\":\"https:\/\/gremicafe.cat\/2023\/08\/24\/la-comunitat-de-madrid-investiga-una-molecula-per-millorar-lenvelliment\/\",\"name\":\"La Comunitat de Madrid investiga com una mol\u00e8cula present en el caf\u00e8 pot millorar la qualitat de vida en l'envelliment - Gremi del Caf\u00e8, torradors de Catalunya\",\"isPartOf\":{\"@id\":\"https:\/\/gremicafe.cat\/#website\"},\"primaryImageOfPage\":{\"@id\":\"https:\/\/gremicafe.cat\/2023\/08\/24\/la-comunitat-de-madrid-investiga-una-molecula-per-millorar-lenvelliment\/#primaryimage\"},\"image\":{\"@id\":\"https:\/\/gremicafe.cat\/2023\/08\/24\/la-comunitat-de-madrid-investiga-una-molecula-per-millorar-lenvelliment\/#primaryimage\"},\"thumbnailUrl\":\"https:\/\/gremicafe.cat\/wp-content\/uploads\/2023\/08\/coffee-171653_1920_WEB.jpg\",\"datePublished\":\"2023-08-24T06:54:23+00:00\",\"dateModified\":\"2023-08-31T06:56:41+00:00\",\"breadcrumb\":{\"@id\":\"https:\/\/gremicafe.cat\/2023\/08\/24\/la-comunitat-de-madrid-investiga-una-molecula-per-millorar-lenvelliment\/#breadcrumb\"},\"inLanguage\":\"es\",\"potentialAction\":[{\"@type\":\"ReadAction\",\"target\":[\"https:\/\/gremicafe.cat\/2023\/08\/24\/la-comunitat-de-madrid-investiga-una-molecula-per-millorar-lenvelliment\/\"]}]},{\"@type\":\"ImageObject\",\"inLanguage\":\"es\",\"@id\":\"https:\/\/gremicafe.cat\/2023\/08\/24\/la-comunitat-de-madrid-investiga-una-molecula-per-millorar-lenvelliment\/#primaryimage\",\"url\":\"https:\/\/gremicafe.cat\/wp-content\/uploads\/2023\/08\/coffee-171653_1920_WEB.jpg\",\"contentUrl\":\"https:\/\/gremicafe.cat\/wp-content\/uploads\/2023\/08\/coffee-171653_1920_WEB.jpg\",\"width\":1200,\"height\":794},{\"@type\":\"BreadcrumbList\",\"@id\":\"https:\/\/gremicafe.cat\/2023\/08\/24\/la-comunitat-de-madrid-investiga-una-molecula-per-millorar-lenvelliment\/#breadcrumb\",\"itemListElement\":[{\"@type\":\"ListItem\",\"position\":1,\"name\":\"Inici\",\"item\":\"https:\/\/gremicafe.cat\/\"},{\"@type\":\"ListItem\",\"position\":2,\"name\":\"La Comunitat de Madrid investiga com una mol\u00e8cula present en el caf\u00e8 pot millorar la qualitat de vida en l&#8217;envelliment\"}]},{\"@type\":\"WebSite\",\"@id\":\"https:\/\/gremicafe.cat\/#website\",\"url\":\"https:\/\/gremicafe.cat\/\",\"name\":\"Gremi del Caf\u00e8, torradors de Catalunya\",\"description\":\"Web oficial del gremi de torradors de caf\u00e8 de Catalunya\",\"publisher\":{\"@id\":\"https:\/\/gremicafe.cat\/#organization\"},\"potentialAction\":[{\"@type\":\"SearchAction\",\"target\":{\"@type\":\"EntryPoint\",\"urlTemplate\":\"https:\/\/gremicafe.cat\/?s={search_term_string}\"},\"query-input\":{\"@type\":\"PropertyValueSpecification\",\"valueRequired\":true,\"valueName\":\"search_term_string\"}}],\"inLanguage\":\"es\"},{\"@type\":\"Organization\",\"@id\":\"https:\/\/gremicafe.cat\/#organization\",\"name\":\"Gremi del Caf\u00e8, Torradors de Catalunya\",\"url\":\"https:\/\/gremicafe.cat\/\",\"logo\":{\"@type\":\"ImageObject\",\"inLanguage\":\"es\",\"@id\":\"https:\/\/gremicafe.cat\/#\/schema\/logo\/image\/\",\"url\":\"https:\/\/gremicafe.cat\/wp-content\/uploads\/2018\/03\/gremicafe-logo250.png\",\"contentUrl\":\"https:\/\/gremicafe.cat\/wp-content\/uploads\/2018\/03\/gremicafe-logo250.png\",\"width\":250,\"height\":49,\"caption\":\"Gremi del Caf\u00e8, Torradors de Catalunya\"},\"image\":{\"@id\":\"https:\/\/gremicafe.cat\/#\/schema\/logo\/image\/\"},\"sameAs\":[\"https:\/\/www.facebook.com\/gremicafecat\",\"https:\/\/x.com\/gremicafecat\",\"https:\/\/www.instagram.com\/gremicafecat\/\",\"https:\/\/www.pinterest.es\/gremicafecat\/\",\"https:\/\/www.youtube.com\/channel\/UCGLo5Y35vLwLvP4FrPZrCrw\/\"]},{\"@type\":\"Person\",\"@id\":\"https:\/\/gremicafe.cat\/#\/schema\/person\/dabfdbb3d0fa36260855a380f94e4733\",\"name\":\"gremicafe\",\"image\":{\"@type\":\"ImageObject\",\"inLanguage\":\"es\",\"@id\":\"https:\/\/gremicafe.cat\/#\/schema\/person\/image\/\",\"url\":\"https:\/\/secure.gravatar.com\/avatar\/e59baa4ca8f6f97576d6375fb6d3c8f0?s=96&d=mm&r=g\",\"contentUrl\":\"https:\/\/secure.gravatar.com\/avatar\/e59baa4ca8f6f97576d6375fb6d3c8f0?s=96&d=mm&r=g\",\"caption\":\"gremicafe\"}}]}<\/script>\n<!-- \/ Yoast SEO plugin. -->","yoast_head_json":{"title":"La Comunitat de Madrid investiga com una mol\u00e8cula present en el caf\u00e8 pot millorar la qualitat de vida en l'envelliment - Gremi del Caf\u00e8, torradors de Catalunya","robots":{"index":"index","follow":"follow","max-snippet":"max-snippet:-1","max-image-preview":"max-image-preview:large","max-video-preview":"max-video-preview:-1"},"canonical":"https:\/\/gremicafe.cat\/es\/2023\/08\/24\/la-comunitat-de-madrid-investiga-una-molecula-per-millorar-lenvelliment\/","og_locale":"es_ES","og_type":"article","og_title":"La Comunitat de Madrid investiga com una mol\u00e8cula present en el caf\u00e8 pot millorar la qualitat de vida en l'envelliment - Gremi del Caf\u00e8, torradors de Catalunya","og_description":"&nbsp; La Comunitat de Madrid investiga, a l&#8217;Institut Madrileny d&#8217;Estudis Avan\u00e7ats (IMDEA Food Institute), un compost denominat harmol que es troba present en el caf\u00e8 i que millora la qualitat de vida durant l&#8217;envelliment. En concret, lidera una an\u00e0lisi que ha mostrat que aquest element t\u00e9 efectes positius en la funci\u00f3 del m\u00fascul esquel\u00e8tic i [&hellip;]","og_url":"https:\/\/gremicafe.cat\/es\/2023\/08\/24\/la-comunitat-de-madrid-investiga-una-molecula-per-millorar-lenvelliment\/","og_site_name":"Gremi del Caf\u00e8, torradors de Catalunya","article_publisher":"https:\/\/www.facebook.com\/gremicafecat","article_published_time":"2023-08-24T06:54:23+00:00","article_modified_time":"2023-08-31T06:56:41+00:00","og_image":[{"width":1200,"height":794,"url":"https:\/\/gremicafe.cat\/wp-content\/uploads\/2023\/08\/coffee-171653_1920_WEB.jpg","type":"image\/jpeg"}],"author":"gremicafe","twitter_card":"summary_large_image","twitter_creator":"@gremicafecat","twitter_site":"@gremicafecat","twitter_misc":{"Escrito por":"gremicafe","Tiempo de lectura":"1 minuto"},"schema":{"@context":"https:\/\/schema.org","@graph":[{"@type":"Article","@id":"https:\/\/gremicafe.cat\/2023\/08\/24\/la-comunitat-de-madrid-investiga-una-molecula-per-millorar-lenvelliment\/#article","isPartOf":{"@id":"https:\/\/gremicafe.cat\/2023\/08\/24\/la-comunitat-de-madrid-investiga-una-molecula-per-millorar-lenvelliment\/"},"author":{"name":"gremicafe","@id":"https:\/\/gremicafe.cat\/#\/schema\/person\/dabfdbb3d0fa36260855a380f94e4733"},"headline":"La Comunitat de Madrid investiga com una mol\u00e8cula present en el caf\u00e8 pot millorar la qualitat de vida en l&#8217;envelliment","datePublished":"2023-08-24T06:54:23+00:00","dateModified":"2023-08-31T06:56:41+00:00","mainEntityOfPage":{"@id":"https:\/\/gremicafe.cat\/2023\/08\/24\/la-comunitat-de-madrid-investiga-una-molecula-per-millorar-lenvelliment\/"},"wordCount":106,"publisher":{"@id":"https:\/\/gremicafe.cat\/#organization"},"image":{"@id":"https:\/\/gremicafe.cat\/2023\/08\/24\/la-comunitat-de-madrid-investiga-una-molecula-per-millorar-lenvelliment\/#primaryimage"},"thumbnailUrl":"https:\/\/gremicafe.cat\/wp-content\/uploads\/2023\/08\/coffee-171653_1920_WEB.jpg","articleSection":["Not\u00edcies"],"inLanguage":"es"},{"@type":"WebPage","@id":"https:\/\/gremicafe.cat\/2023\/08\/24\/la-comunitat-de-madrid-investiga-una-molecula-per-millorar-lenvelliment\/","url":"https:\/\/gremicafe.cat\/2023\/08\/24\/la-comunitat-de-madrid-investiga-una-molecula-per-millorar-lenvelliment\/","name":"La Comunitat de Madrid investiga com una mol\u00e8cula present en el caf\u00e8 pot millorar la qualitat de vida en l'envelliment - Gremi del Caf\u00e8, torradors de Catalunya","isPartOf":{"@id":"https:\/\/gremicafe.cat\/#website"},"primaryImageOfPage":{"@id":"https:\/\/gremicafe.cat\/2023\/08\/24\/la-comunitat-de-madrid-investiga-una-molecula-per-millorar-lenvelliment\/#primaryimage"},"image":{"@id":"https:\/\/gremicafe.cat\/2023\/08\/24\/la-comunitat-de-madrid-investiga-una-molecula-per-millorar-lenvelliment\/#primaryimage"},"thumbnailUrl":"https:\/\/gremicafe.cat\/wp-content\/uploads\/2023\/08\/coffee-171653_1920_WEB.jpg","datePublished":"2023-08-24T06:54:23+00:00","dateModified":"2023-08-31T06:56:41+00:00","breadcrumb":{"@id":"https:\/\/gremicafe.cat\/2023\/08\/24\/la-comunitat-de-madrid-investiga-una-molecula-per-millorar-lenvelliment\/#breadcrumb"},"inLanguage":"es","potentialAction":[{"@type":"ReadAction","target":["https:\/\/gremicafe.cat\/2023\/08\/24\/la-comunitat-de-madrid-investiga-una-molecula-per-millorar-lenvelliment\/"]}]},{"@type":"ImageObject","inLanguage":"es","@id":"https:\/\/gremicafe.cat\/2023\/08\/24\/la-comunitat-de-madrid-investiga-una-molecula-per-millorar-lenvelliment\/#primaryimage","url":"https:\/\/gremicafe.cat\/wp-content\/uploads\/2023\/08\/coffee-171653_1920_WEB.jpg","contentUrl":"https:\/\/gremicafe.cat\/wp-content\/uploads\/2023\/08\/coffee-171653_1920_WEB.jpg","width":1200,"height":794},{"@type":"BreadcrumbList","@id":"https:\/\/gremicafe.cat\/2023\/08\/24\/la-comunitat-de-madrid-investiga-una-molecula-per-millorar-lenvelliment\/#breadcrumb","itemListElement":[{"@type":"ListItem","position":1,"name":"Inici","item":"https:\/\/gremicafe.cat\/"},{"@type":"ListItem","position":2,"name":"La Comunitat de Madrid investiga com una mol\u00e8cula present en el caf\u00e8 pot millorar la qualitat de vida en l&#8217;envelliment"}]},{"@type":"WebSite","@id":"https:\/\/gremicafe.cat\/#website","url":"https:\/\/gremicafe.cat\/","name":"Gremio del Caf\u00e9, tostadores de Catalu\u00f1a","description":"Web oficial del gremio de tostadores de caf\u00e9 de Catalunya","publisher":{"@id":"https:\/\/gremicafe.cat\/#organization"},"potentialAction":[{"@type":"SearchAction","target":{"@type":"EntryPoint","urlTemplate":"https:\/\/gremicafe.cat\/?s={search_term_string}"},"query-input":{"@type":"PropertyValueSpecification","valueRequired":true,"valueName":"search_term_string"}}],"inLanguage":"es"},{"@type":"Organization","@id":"https:\/\/gremicafe.cat\/#organization","name":"Gremio del Caf\u00e9, Tostadores de Catalu\u00f1a","url":"https:\/\/gremicafe.cat\/","logo":{"@type":"ImageObject","inLanguage":"es","@id":"https:\/\/gremicafe.cat\/#\/schema\/logo\/image\/","url":"https:\/\/gremicafe.cat\/wp-content\/uploads\/2018\/03\/gremicafe-logo250.png","contentUrl":"https:\/\/gremicafe.cat\/wp-content\/uploads\/2018\/03\/gremicafe-logo250.png","width":250,"height":49,"caption":"Gremi del Caf\u00e8, Torradors de Catalunya"},"image":{"@id":"https:\/\/gremicafe.cat\/#\/schema\/logo\/image\/"},"sameAs":["https:\/\/www.facebook.com\/gremicafecat","https:\/\/x.com\/gremicafecat","https:\/\/www.instagram.com\/gremicafecat\/","https:\/\/www.pinterest.es\/gremicafecat\/","https:\/\/www.youtube.com\/channel\/UCGLo5Y35vLwLvP4FrPZrCrw\/"]},{"@type":"Person","@id":"https:\/\/gremicafe.cat\/#\/schema\/person\/dabfdbb3d0fa36260855a380f94e4733","name":"gremicafe","image":{"@type":"ImageObject","inLanguage":"es","@id":"https:\/\/gremicafe.cat\/#\/schema\/person\/image\/","url":"https:\/\/secure.gravatar.com\/avatar\/e59baa4ca8f6f97576d6375fb6d3c8f0?s=96&d=mm&r=g","contentUrl":"https:\/\/secure.gravatar.com\/avatar\/e59baa4ca8f6f97576d6375fb6d3c8f0?s=96&d=mm&r=g","caption":"gremicafe"}}]}},"_links":{"self":[{"href":"https:\/\/gremicafe.cat\/es\/wp-json\/wp\/v2\/posts\/7006"}],"collection":[{"href":"https:\/\/gremicafe.cat\/es\/wp-json\/wp\/v2\/posts"}],"about":[{"href":"https:\/\/gremicafe.cat\/es\/wp-json\/wp\/v2\/types\/post"}],"author":[{"embeddable":true,"href":"https:\/\/gremicafe.cat\/es\/wp-json\/wp\/v2\/users\/1"}],"replies":[{"embeddable":true,"href":"https:\/\/gremicafe.cat\/es\/wp-json\/wp\/v2\/comments?post=7006"}],"version-history":[{"count":0,"href":"https:\/\/gremicafe.cat\/es\/wp-json\/wp\/v2\/posts\/7006\/revisions"}],"wp:featuredmedia":[{"embeddable":true,"href":"https:\/\/gremicafe.cat\/es\/wp-json\/wp\/v2\/media\/7008"}],"wp:attachment":[{"href":"https:\/\/gremicafe.cat\/es\/wp-json\/wp\/v2\/media?parent=7006"}],"wp:term":[{"taxonomy":"category","embeddable":true,"href":"https:\/\/gremicafe.cat\/es\/wp-json\/wp\/v2\/categories?post=7006"},{"taxonomy":"post_tag","embeddable":true,"href":"https:\/\/gremicafe.cat\/es\/wp-json\/wp\/v2\/tags?post=7006"}],"curies":[{"name":"wp","href":"https:\/\/api.w.org\/{rel}","templated":true}]}}