{"id":7088,"date":"2023-09-07T15:48:29","date_gmt":"2023-09-07T13:48:29","guid":{"rendered":"https:\/\/gremicafe.cat\/?p=7088"},"modified":"2023-09-15T15:51:54","modified_gmt":"2023-09-15T13:51:54","slug":"el-gremi-del-cafe-edita-el-llibre-el-cafe-a-catalunya","status":"publish","type":"post","link":"https:\/\/gremicafe.cat\/es\/2023\/09\/07\/el-gremi-del-cafe-edita-el-llibre-el-cafe-a-catalunya\/","title":{"rendered":"El Gremio del Caf\u00e9 edita el libro &quot;El Caf\u00e9 en Catalu\u00f1a&quot;"},"content":{"rendered":"<p class=\"p1\"><span class=\"s1\"><b>Barcelona, septiembre de 2023.<span class=\"Apple-converted-space\">\u00a0 <\/span><\/b>El Gremio del Caf\u00e9-Torradors de Catalunya ha editado el libro EL CAF\u00c9 EN CATALU\u00d1A que se presentar\u00e1 pr\u00f3ximamente en Barcelona.<\/span><\/p>\n<p class=\"p1\"><span class=\"s1\">Se trata de una edici\u00f3n con tapa dura y sobrecubiertas que incluye 240 p\u00e1ginas de fotograf\u00edas y textos que describen la historia del caf\u00e9 en Catalu\u00f1a de la mano de los tostadores de caf\u00e9 que lo han hecho posible. C<\/span><span class=\"s1\">llena con m\u00e1s de veinte testimonios personales que han vivido b\u00e1sicamente por el y para el caf\u00e9 toda su vida, y que a partir de sus valiosos recuerdos, an\u00e9cdotas y emociones reencontradas han ayudado a reconstruir y recuperar un pedazo de la memoria.<\/span><\/p>\n<p class=\"p3\"><span class=\"s1\">El libro, distribuido cronol\u00f3gicamente, comienza con la llegada del caf\u00e9 a Catalu\u00f1a, los primeros tostadores, los primeros caf\u00e9s, cafeteras y molinos hasta llegar a la actualidad. La historia del caf\u00e9 se ve complementada por la historia de dieciocho tostadores de caf\u00e9 catalanes que han querido aparecer.<\/span><\/p>\n<p class=\"p3\"><span class=\"s1\">Se trata de una edici\u00f3n privada del Gremio y de los tostadores que lo componen, pero se ha realizado una tirada algo superior para ponerlo a la venta a trav\u00e9s de la p\u00e1gina web del Gremio <a href=\"https:\/\/gremicafe.cat\/es\/\"><span class=\"s2\">www.gremicafe.cat<\/span><\/a>.<\/span><\/p>\n<p>Para m\u00e1s informaci\u00f3n entra en la p\u00e1gina del libro <a href=\"https:\/\/gremicafe.cat\/es\/llibre-el-cafe-a-catalunya\/\"><strong>El caf\u00e9 en Catalu\u00f1a<\/strong><\/a><\/p>\n<p>&nbsp;<\/p>\n<p><img loading=\"lazy\" decoding=\"async\" class=\"aligncenter size-full wp-image-7028\" src=\"https:\/\/gremicafe.cat\/wp-content\/uploads\/2023\/09\/tridi_llibre_cafe_xweb.jpg\" alt=\"\" width=\"841\" height=\"958\" srcset=\"https:\/\/gremicafe.cat\/wp-content\/uploads\/2023\/09\/tridi_llibre_cafe_xweb.jpg 841w, https:\/\/gremicafe.cat\/wp-content\/uploads\/2023\/09\/tridi_llibre_cafe_xweb-768x875.jpg 768w, https:\/\/gremicafe.cat\/wp-content\/uploads\/2023\/09\/tridi_llibre_cafe_xweb-632x720.jpg 632w\" sizes=\"(max-width: 841px) 100vw, 841px\" \/><\/p>","protected":false},"excerpt":{"rendered":"<p>Barcelona, setembre de 2023.\u00a0 El Gremi del Caf\u00e8-Torradors de Catalunya ha editat el llibre EL CAF\u00c8 A CATALUNYA que es presentar\u00e0 proximament a Barcelona. Es tracta d\u2019una edici\u00f3 amb tapa dura i sobrecobertes que inclou 240 p\u00e0gines de fotografies i textos que descriuen la hist\u00f2ria del caf\u00e8 a Catalunya de la m\u00e0 dels torradors de [&hellip;]<\/p>\n","protected":false},"author":1,"featured_media":7022,"comment_status":"closed","ping_status":"open","sticky":false,"template":"","format":"standard","meta":{"_acf_changed":false,"inline_featured_image":false,"footnotes":""},"categories":[1],"tags":[47,53,84,72,83,73],"class_list":["post-7088","post","type-post","status-publish","format-standard","has-post-thumbnail","hentry","category-noticies","tag-cafe","tag-catalunya","tag-el-cafe-a-catalunya","tag-gremi-cafe-catalunya","tag-llibre-el-cafe-a-catalunya","tag-torradors-de-cafe"],"acf":[],"yoast_head":"<!-- This site is optimized with the Yoast SEO plugin v25.5 - https:\/\/yoast.com\/wordpress\/plugins\/seo\/ -->\n<title>El Gremi del Caf\u00e8 edita el llibre &quot;El Caf\u00e8 a Catalunya&quot; - Gremi del Caf\u00e8, torradors de Catalunya<\/title>\n<meta name=\"robots\" content=\"index, follow, max-snippet:-1, max-image-preview:large, max-video-preview:-1\" \/>\n<link rel=\"canonical\" href=\"https:\/\/gremicafe.cat\/es\/2023\/09\/07\/el-gremi-del-cafe-edita-el-llibre-el-cafe-a-catalunya\/\" \/>\n<meta property=\"og:locale\" content=\"es_ES\" \/>\n<meta property=\"og:type\" content=\"article\" \/>\n<meta property=\"og:title\" content=\"El Gremi del Caf\u00e8 edita el llibre &quot;El Caf\u00e8 a Catalunya&quot; - Gremi del Caf\u00e8, torradors de Catalunya\" \/>\n<meta property=\"og:description\" content=\"Barcelona, setembre de 2023.\u00a0 El Gremi del Caf\u00e8-Torradors de Catalunya ha editat el llibre EL CAF\u00c8 A CATALUNYA que es presentar\u00e0 proximament a Barcelona. Es tracta d\u2019una edici\u00f3 amb tapa dura i sobrecobertes que inclou 240 p\u00e0gines de fotografies i textos que descriuen la hist\u00f2ria del caf\u00e8 a Catalunya de la m\u00e0 dels torradors de [&hellip;]\" \/>\n<meta property=\"og:url\" content=\"https:\/\/gremicafe.cat\/es\/2023\/09\/07\/el-gremi-del-cafe-edita-el-llibre-el-cafe-a-catalunya\/\" \/>\n<meta property=\"og:site_name\" content=\"Gremi del Caf\u00e8, torradors de Catalunya\" \/>\n<meta property=\"article:publisher\" content=\"https:\/\/www.facebook.com\/gremicafecat\" \/>\n<meta property=\"article:published_time\" content=\"2023-09-07T13:48:29+00:00\" \/>\n<meta property=\"article:modified_time\" content=\"2023-09-15T13:51:54+00:00\" \/>\n<meta property=\"og:image\" content=\"https:\/\/gremicafe.cat\/wp-content\/uploads\/2023\/09\/11621_baner_promo_llibre_cafe.jpg\" \/>\n\t<meta property=\"og:image:width\" content=\"1400\" \/>\n\t<meta property=\"og:image:height\" content=\"985\" \/>\n\t<meta property=\"og:image:type\" content=\"image\/jpeg\" \/>\n<meta name=\"author\" content=\"gremicafe\" \/>\n<meta name=\"twitter:card\" content=\"summary_large_image\" \/>\n<meta name=\"twitter:creator\" content=\"@gremicafecat\" \/>\n<meta name=\"twitter:site\" content=\"@gremicafecat\" \/>\n<meta name=\"twitter:label1\" content=\"Escrito por\" \/>\n\t<meta name=\"twitter:data1\" content=\"gremicafe\" \/>\n\t<meta name=\"twitter:label2\" content=\"Tiempo de lectura\" \/>\n\t<meta name=\"twitter:data2\" content=\"2 minutos\" \/>\n<script type=\"application\/ld+json\" class=\"yoast-schema-graph\">{\"@context\":\"https:\/\/schema.org\",\"@graph\":[{\"@type\":\"Article\",\"@id\":\"https:\/\/gremicafe.cat\/2023\/09\/07\/el-gremi-del-cafe-edita-el-llibre-el-cafe-a-catalunya\/#article\",\"isPartOf\":{\"@id\":\"https:\/\/gremicafe.cat\/2023\/09\/07\/el-gremi-del-cafe-edita-el-llibre-el-cafe-a-catalunya\/\"},\"author\":{\"name\":\"gremicafe\",\"@id\":\"https:\/\/gremicafe.cat\/#\/schema\/person\/dabfdbb3d0fa36260855a380f94e4733\"},\"headline\":\"El Gremi del Caf\u00e8 edita el llibre &#8220;El Caf\u00e8 a Catalunya&#8221;\",\"datePublished\":\"2023-09-07T13:48:29+00:00\",\"dateModified\":\"2023-09-15T13:51:54+00:00\",\"mainEntityOfPage\":{\"@id\":\"https:\/\/gremicafe.cat\/2023\/09\/07\/el-gremi-del-cafe-edita-el-llibre-el-cafe-a-catalunya\/\"},\"wordCount\":231,\"publisher\":{\"@id\":\"https:\/\/gremicafe.cat\/#organization\"},\"image\":{\"@id\":\"https:\/\/gremicafe.cat\/2023\/09\/07\/el-gremi-del-cafe-edita-el-llibre-el-cafe-a-catalunya\/#primaryimage\"},\"thumbnailUrl\":\"https:\/\/gremicafe.cat\/wp-content\/uploads\/2023\/09\/11621_baner_promo_llibre_cafe.jpg\",\"keywords\":[\"cafe\",\"catalunya\",\"El Caf\u00e8 a Catalunya\",\"gremi cafe catalunya\",\"Llibre El caf\u00e8 a catalunya\",\"torradors de cafe\"],\"articleSection\":[\"Not\u00edcies\"],\"inLanguage\":\"es\"},{\"@type\":\"WebPage\",\"@id\":\"https:\/\/gremicafe.cat\/2023\/09\/07\/el-gremi-del-cafe-edita-el-llibre-el-cafe-a-catalunya\/\",\"url\":\"https:\/\/gremicafe.cat\/2023\/09\/07\/el-gremi-del-cafe-edita-el-llibre-el-cafe-a-catalunya\/\",\"name\":\"El Gremi del Caf\u00e8 edita el llibre \\\"El Caf\u00e8 a Catalunya\\\" - Gremi del Caf\u00e8, torradors de Catalunya\",\"isPartOf\":{\"@id\":\"https:\/\/gremicafe.cat\/#website\"},\"primaryImageOfPage\":{\"@id\":\"https:\/\/gremicafe.cat\/2023\/09\/07\/el-gremi-del-cafe-edita-el-llibre-el-cafe-a-catalunya\/#primaryimage\"},\"image\":{\"@id\":\"https:\/\/gremicafe.cat\/2023\/09\/07\/el-gremi-del-cafe-edita-el-llibre-el-cafe-a-catalunya\/#primaryimage\"},\"thumbnailUrl\":\"https:\/\/gremicafe.cat\/wp-content\/uploads\/2023\/09\/11621_baner_promo_llibre_cafe.jpg\",\"datePublished\":\"2023-09-07T13:48:29+00:00\",\"dateModified\":\"2023-09-15T13:51:54+00:00\",\"breadcrumb\":{\"@id\":\"https:\/\/gremicafe.cat\/2023\/09\/07\/el-gremi-del-cafe-edita-el-llibre-el-cafe-a-catalunya\/#breadcrumb\"},\"inLanguage\":\"es\",\"potentialAction\":[{\"@type\":\"ReadAction\",\"target\":[\"https:\/\/gremicafe.cat\/2023\/09\/07\/el-gremi-del-cafe-edita-el-llibre-el-cafe-a-catalunya\/\"]}]},{\"@type\":\"ImageObject\",\"inLanguage\":\"es\",\"@id\":\"https:\/\/gremicafe.cat\/2023\/09\/07\/el-gremi-del-cafe-edita-el-llibre-el-cafe-a-catalunya\/#primaryimage\",\"url\":\"https:\/\/gremicafe.cat\/wp-content\/uploads\/2023\/09\/11621_baner_promo_llibre_cafe.jpg\",\"contentUrl\":\"https:\/\/gremicafe.cat\/wp-content\/uploads\/2023\/09\/11621_baner_promo_llibre_cafe.jpg\",\"width\":1400,\"height\":985},{\"@type\":\"BreadcrumbList\",\"@id\":\"https:\/\/gremicafe.cat\/2023\/09\/07\/el-gremi-del-cafe-edita-el-llibre-el-cafe-a-catalunya\/#breadcrumb\",\"itemListElement\":[{\"@type\":\"ListItem\",\"position\":1,\"name\":\"Inici\",\"item\":\"https:\/\/gremicafe.cat\/\"},{\"@type\":\"ListItem\",\"position\":2,\"name\":\"El Gremi del Caf\u00e8 edita el llibre &#8220;El Caf\u00e8 a Catalunya&#8221;\"}]},{\"@type\":\"WebSite\",\"@id\":\"https:\/\/gremicafe.cat\/#website\",\"url\":\"https:\/\/gremicafe.cat\/\",\"name\":\"Gremi del Caf\u00e8, torradors de Catalunya\",\"description\":\"Web oficial del gremi de torradors de caf\u00e8 de Catalunya\",\"publisher\":{\"@id\":\"https:\/\/gremicafe.cat\/#organization\"},\"potentialAction\":[{\"@type\":\"SearchAction\",\"target\":{\"@type\":\"EntryPoint\",\"urlTemplate\":\"https:\/\/gremicafe.cat\/?s={search_term_string}\"},\"query-input\":{\"@type\":\"PropertyValueSpecification\",\"valueRequired\":true,\"valueName\":\"search_term_string\"}}],\"inLanguage\":\"es\"},{\"@type\":\"Organization\",\"@id\":\"https:\/\/gremicafe.cat\/#organization\",\"name\":\"Gremi del Caf\u00e8, Torradors de Catalunya\",\"url\":\"https:\/\/gremicafe.cat\/\",\"logo\":{\"@type\":\"ImageObject\",\"inLanguage\":\"es\",\"@id\":\"https:\/\/gremicafe.cat\/#\/schema\/logo\/image\/\",\"url\":\"https:\/\/gremicafe.cat\/wp-content\/uploads\/2018\/03\/gremicafe-logo250.png\",\"contentUrl\":\"https:\/\/gremicafe.cat\/wp-content\/uploads\/2018\/03\/gremicafe-logo250.png\",\"width\":250,\"height\":49,\"caption\":\"Gremi del Caf\u00e8, Torradors de Catalunya\"},\"image\":{\"@id\":\"https:\/\/gremicafe.cat\/#\/schema\/logo\/image\/\"},\"sameAs\":[\"https:\/\/www.facebook.com\/gremicafecat\",\"https:\/\/x.com\/gremicafecat\",\"https:\/\/www.instagram.com\/gremicafecat\/\",\"https:\/\/www.pinterest.es\/gremicafecat\/\",\"https:\/\/www.youtube.com\/channel\/UCGLo5Y35vLwLvP4FrPZrCrw\/\"]},{\"@type\":\"Person\",\"@id\":\"https:\/\/gremicafe.cat\/#\/schema\/person\/dabfdbb3d0fa36260855a380f94e4733\",\"name\":\"gremicafe\",\"image\":{\"@type\":\"ImageObject\",\"inLanguage\":\"es\",\"@id\":\"https:\/\/gremicafe.cat\/#\/schema\/person\/image\/\",\"url\":\"https:\/\/secure.gravatar.com\/avatar\/e59baa4ca8f6f97576d6375fb6d3c8f0?s=96&d=mm&r=g\",\"contentUrl\":\"https:\/\/secure.gravatar.com\/avatar\/e59baa4ca8f6f97576d6375fb6d3c8f0?s=96&d=mm&r=g\",\"caption\":\"gremicafe\"}}]}<\/script>\n<!-- \/ Yoast SEO plugin. -->","yoast_head_json":{"title":"El Gremi del Caf\u00e8 edita el llibre \"El Caf\u00e8 a Catalunya\" - Gremi del Caf\u00e8, torradors de Catalunya","robots":{"index":"index","follow":"follow","max-snippet":"max-snippet:-1","max-image-preview":"max-image-preview:large","max-video-preview":"max-video-preview:-1"},"canonical":"https:\/\/gremicafe.cat\/es\/2023\/09\/07\/el-gremi-del-cafe-edita-el-llibre-el-cafe-a-catalunya\/","og_locale":"es_ES","og_type":"article","og_title":"El Gremi del Caf\u00e8 edita el llibre \"El Caf\u00e8 a Catalunya\" - Gremi del Caf\u00e8, torradors de Catalunya","og_description":"Barcelona, setembre de 2023.\u00a0 El Gremi del Caf\u00e8-Torradors de Catalunya ha editat el llibre EL CAF\u00c8 A CATALUNYA que es presentar\u00e0 proximament a Barcelona. Es tracta d\u2019una edici\u00f3 amb tapa dura i sobrecobertes que inclou 240 p\u00e0gines de fotografies i textos que descriuen la hist\u00f2ria del caf\u00e8 a Catalunya de la m\u00e0 dels torradors de [&hellip;]","og_url":"https:\/\/gremicafe.cat\/es\/2023\/09\/07\/el-gremi-del-cafe-edita-el-llibre-el-cafe-a-catalunya\/","og_site_name":"Gremi del Caf\u00e8, torradors de Catalunya","article_publisher":"https:\/\/www.facebook.com\/gremicafecat","article_published_time":"2023-09-07T13:48:29+00:00","article_modified_time":"2023-09-15T13:51:54+00:00","og_image":[{"width":1400,"height":985,"url":"https:\/\/gremicafe.cat\/wp-content\/uploads\/2023\/09\/11621_baner_promo_llibre_cafe.jpg","type":"image\/jpeg"}],"author":"gremicafe","twitter_card":"summary_large_image","twitter_creator":"@gremicafecat","twitter_site":"@gremicafecat","twitter_misc":{"Escrito por":"gremicafe","Tiempo de lectura":"2 minutos"},"schema":{"@context":"https:\/\/schema.org","@graph":[{"@type":"Article","@id":"https:\/\/gremicafe.cat\/2023\/09\/07\/el-gremi-del-cafe-edita-el-llibre-el-cafe-a-catalunya\/#article","isPartOf":{"@id":"https:\/\/gremicafe.cat\/2023\/09\/07\/el-gremi-del-cafe-edita-el-llibre-el-cafe-a-catalunya\/"},"author":{"name":"gremicafe","@id":"https:\/\/gremicafe.cat\/#\/schema\/person\/dabfdbb3d0fa36260855a380f94e4733"},"headline":"El Gremi del Caf\u00e8 edita el llibre &#8220;El Caf\u00e8 a Catalunya&#8221;","datePublished":"2023-09-07T13:48:29+00:00","dateModified":"2023-09-15T13:51:54+00:00","mainEntityOfPage":{"@id":"https:\/\/gremicafe.cat\/2023\/09\/07\/el-gremi-del-cafe-edita-el-llibre-el-cafe-a-catalunya\/"},"wordCount":231,"publisher":{"@id":"https:\/\/gremicafe.cat\/#organization"},"image":{"@id":"https:\/\/gremicafe.cat\/2023\/09\/07\/el-gremi-del-cafe-edita-el-llibre-el-cafe-a-catalunya\/#primaryimage"},"thumbnailUrl":"https:\/\/gremicafe.cat\/wp-content\/uploads\/2023\/09\/11621_baner_promo_llibre_cafe.jpg","keywords":["cafe","catalunya","El Caf\u00e8 a Catalunya","gremi cafe catalunya","Llibre El caf\u00e8 a catalunya","torradors de cafe"],"articleSection":["Not\u00edcies"],"inLanguage":"es"},{"@type":"WebPage","@id":"https:\/\/gremicafe.cat\/2023\/09\/07\/el-gremi-del-cafe-edita-el-llibre-el-cafe-a-catalunya\/","url":"https:\/\/gremicafe.cat\/2023\/09\/07\/el-gremi-del-cafe-edita-el-llibre-el-cafe-a-catalunya\/","name":"El Gremi del Caf\u00e8 edita el llibre \"El Caf\u00e8 a Catalunya\" - Gremi del Caf\u00e8, torradors de Catalunya","isPartOf":{"@id":"https:\/\/gremicafe.cat\/#website"},"primaryImageOfPage":{"@id":"https:\/\/gremicafe.cat\/2023\/09\/07\/el-gremi-del-cafe-edita-el-llibre-el-cafe-a-catalunya\/#primaryimage"},"image":{"@id":"https:\/\/gremicafe.cat\/2023\/09\/07\/el-gremi-del-cafe-edita-el-llibre-el-cafe-a-catalunya\/#primaryimage"},"thumbnailUrl":"https:\/\/gremicafe.cat\/wp-content\/uploads\/2023\/09\/11621_baner_promo_llibre_cafe.jpg","datePublished":"2023-09-07T13:48:29+00:00","dateModified":"2023-09-15T13:51:54+00:00","breadcrumb":{"@id":"https:\/\/gremicafe.cat\/2023\/09\/07\/el-gremi-del-cafe-edita-el-llibre-el-cafe-a-catalunya\/#breadcrumb"},"inLanguage":"es","potentialAction":[{"@type":"ReadAction","target":["https:\/\/gremicafe.cat\/2023\/09\/07\/el-gremi-del-cafe-edita-el-llibre-el-cafe-a-catalunya\/"]}]},{"@type":"ImageObject","inLanguage":"es","@id":"https:\/\/gremicafe.cat\/2023\/09\/07\/el-gremi-del-cafe-edita-el-llibre-el-cafe-a-catalunya\/#primaryimage","url":"https:\/\/gremicafe.cat\/wp-content\/uploads\/2023\/09\/11621_baner_promo_llibre_cafe.jpg","contentUrl":"https:\/\/gremicafe.cat\/wp-content\/uploads\/2023\/09\/11621_baner_promo_llibre_cafe.jpg","width":1400,"height":985},{"@type":"BreadcrumbList","@id":"https:\/\/gremicafe.cat\/2023\/09\/07\/el-gremi-del-cafe-edita-el-llibre-el-cafe-a-catalunya\/#breadcrumb","itemListElement":[{"@type":"ListItem","position":1,"name":"Inici","item":"https:\/\/gremicafe.cat\/"},{"@type":"ListItem","position":2,"name":"El Gremi del Caf\u00e8 edita el llibre &#8220;El Caf\u00e8 a Catalunya&#8221;"}]},{"@type":"WebSite","@id":"https:\/\/gremicafe.cat\/#website","url":"https:\/\/gremicafe.cat\/","name":"Gremio del Caf\u00e9, tostadores de Catalu\u00f1a","description":"Web oficial del gremio de tostadores de caf\u00e9 de Catalunya","publisher":{"@id":"https:\/\/gremicafe.cat\/#organization"},"potentialAction":[{"@type":"SearchAction","target":{"@type":"EntryPoint","urlTemplate":"https:\/\/gremicafe.cat\/?s={search_term_string}"},"query-input":{"@type":"PropertyValueSpecification","valueRequired":true,"valueName":"search_term_string"}}],"inLanguage":"es"},{"@type":"Organization","@id":"https:\/\/gremicafe.cat\/#organization","name":"Gremio del Caf\u00e9, Tostadores de Catalu\u00f1a","url":"https:\/\/gremicafe.cat\/","logo":{"@type":"ImageObject","inLanguage":"es","@id":"https:\/\/gremicafe.cat\/#\/schema\/logo\/image\/","url":"https:\/\/gremicafe.cat\/wp-content\/uploads\/2018\/03\/gremicafe-logo250.png","contentUrl":"https:\/\/gremicafe.cat\/wp-content\/uploads\/2018\/03\/gremicafe-logo250.png","width":250,"height":49,"caption":"Gremi del Caf\u00e8, Torradors de Catalunya"},"image":{"@id":"https:\/\/gremicafe.cat\/#\/schema\/logo\/image\/"},"sameAs":["https:\/\/www.facebook.com\/gremicafecat","https:\/\/x.com\/gremicafecat","https:\/\/www.instagram.com\/gremicafecat\/","https:\/\/www.pinterest.es\/gremicafecat\/","https:\/\/www.youtube.com\/channel\/UCGLo5Y35vLwLvP4FrPZrCrw\/"]},{"@type":"Person","@id":"https:\/\/gremicafe.cat\/#\/schema\/person\/dabfdbb3d0fa36260855a380f94e4733","name":"gremicafe","image":{"@type":"ImageObject","inLanguage":"es","@id":"https:\/\/gremicafe.cat\/#\/schema\/person\/image\/","url":"https:\/\/secure.gravatar.com\/avatar\/e59baa4ca8f6f97576d6375fb6d3c8f0?s=96&d=mm&r=g","contentUrl":"https:\/\/secure.gravatar.com\/avatar\/e59baa4ca8f6f97576d6375fb6d3c8f0?s=96&d=mm&r=g","caption":"gremicafe"}}]}},"_links":{"self":[{"href":"https:\/\/gremicafe.cat\/es\/wp-json\/wp\/v2\/posts\/7088"}],"collection":[{"href":"https:\/\/gremicafe.cat\/es\/wp-json\/wp\/v2\/posts"}],"about":[{"href":"https:\/\/gremicafe.cat\/es\/wp-json\/wp\/v2\/types\/post"}],"author":[{"embeddable":true,"href":"https:\/\/gremicafe.cat\/es\/wp-json\/wp\/v2\/users\/1"}],"replies":[{"embeddable":true,"href":"https:\/\/gremicafe.cat\/es\/wp-json\/wp\/v2\/comments?post=7088"}],"version-history":[{"count":0,"href":"https:\/\/gremicafe.cat\/es\/wp-json\/wp\/v2\/posts\/7088\/revisions"}],"wp:featuredmedia":[{"embeddable":true,"href":"https:\/\/gremicafe.cat\/es\/wp-json\/wp\/v2\/media\/7022"}],"wp:attachment":[{"href":"https:\/\/gremicafe.cat\/es\/wp-json\/wp\/v2\/media?parent=7088"}],"wp:term":[{"taxonomy":"category","embeddable":true,"href":"https:\/\/gremicafe.cat\/es\/wp-json\/wp\/v2\/categories?post=7088"},{"taxonomy":"post_tag","embeddable":true,"href":"https:\/\/gremicafe.cat\/es\/wp-json\/wp\/v2\/tags?post=7088"}],"curies":[{"name":"wp","href":"https:\/\/api.w.org\/{rel}","templated":true}]}}