{"id":7126,"date":"2023-10-05T10:21:40","date_gmt":"2023-10-05T08:21:40","guid":{"rendered":"https:\/\/gremicafe.cat\/?p=7126"},"modified":"2023-10-05T10:22:55","modified_gmt":"2023-10-05T08:22:55","slug":"barcelona-referent-del-cafe-despecialitat-a-europa","status":"publish","type":"post","link":"https:\/\/gremicafe.cat\/es\/2023\/10\/05\/barcelona-referent-del-cafe-despecialitat-a-europa\/","title":{"rendered":"Barcelona, referente del caf\u00e9 de especialidad en Europa"},"content":{"rendered":"<div>\n<div><\/div>\n<div><\/div>\n<div>\n<div id=\"attachment_7127\" style=\"width: 1210px\" class=\"wp-caption aligncenter\"><img loading=\"lazy\" decoding=\"async\" aria-describedby=\"caption-attachment-7127\" class=\"size-full wp-image-7127\" src=\"https:\/\/gremicafe.cat\/wp-content\/uploads\/2023\/10\/CAFE\u0300PORTAw.jpg\" alt=\"\" width=\"1200\" height=\"801\" srcset=\"https:\/\/gremicafe.cat\/wp-content\/uploads\/2023\/10\/CAFE\u0300PORTAw.jpg 1200w, https:\/\/gremicafe.cat\/wp-content\/uploads\/2023\/10\/CAFE\u0300PORTAw-768x513.jpg 768w, https:\/\/gremicafe.cat\/wp-content\/uploads\/2023\/10\/CAFE\u0300PORTAw-1079x720.jpg 1079w\" sizes=\"(max-width: 1200px) 100vw, 1200px\" \/><p id=\"caption-attachment-7127\" class=\"wp-caption-text\">Caf\u00e9 molido \u00a9 Gremio del Caf\u00e9 de Catalu\u00f1a<\/p><\/div>\n<\/div>\n<div><\/div>\n<div><\/div>\n<h3>Carlos Gotor, de Bou Caf\u00e8s y presidente del Gremio del Caf\u00e9 y Jordi Mestre, fundador de Nomad Coffee hablan del caf\u00e9 en Catalunya.<\/h3>\n<div>\u201cCada vez hay m\u00e1s consumidores interesados en saber y aprender sobre el caf\u00e9, pero todav\u00eda hay m\u00e1s que quieren tomar un mejor producto\u201d, apunta el presidente del Gremio del Caf\u00e9, Carlos Gotor, quien define el caf\u00e9 de especialidad como \u201cun producto que tiene historias que contar, no s\u00f3lo de sus or\u00edgenes, sino tambi\u00e9n de c\u00f3mo se trabaja, c\u00f3mo se tuesta, c\u00f3mo se prepara y c\u00f3mo se consume\u201d. Gotor destaca que, en la actualidad, la oferta de caf\u00e9 de especialidad se encuentra en pleno crecimiento, lo que favorece al sector porque cada vez m\u00e1s se habla de buen caf\u00e9.<\/div>\n<\/div>\n<div><\/div>\n<div><a href=\"https:\/\/www.viaempresa.cat\/afterwork\/barcelona-cafe-especialitat_2188372_102.html\">Art\u00edculo en V\u00cdA EMPRESA. Lea la noticia entera AQU\u00cd.<\/a><\/div>\n<div><\/div>","protected":false},"excerpt":{"rendered":"<p>Carlos\u00a0Gotor, de Bou Caf\u00e8s i president del Gremi del Caf\u00e8 i\u00a0Jordi\u00a0Mestre, fundador de\u00a0Nomad\u00a0Coffee parlen del caf\u00e8 a Catalunya. \u201cCada vegada hi ha m\u00e9s consumidors interessats a saber i aprendre sobre el caf\u00e8, per\u00f2 encara n\u2019hi ha m\u00e9s que volen prendre un millor producte\u201d, apunta el president del Gremi del Caf\u00e8, Carlos Gotor, qui defineix el [&hellip;]<\/p>\n","protected":false},"author":1,"featured_media":7127,"comment_status":"closed","ping_status":"open","sticky":false,"template":"","format":"standard","meta":{"_acf_changed":false,"inline_featured_image":false,"footnotes":""},"categories":[1],"tags":[],"class_list":["post-7126","post","type-post","status-publish","format-standard","has-post-thumbnail","hentry","category-noticies"],"acf":[],"yoast_head":"<!-- This site is optimized with the Yoast SEO plugin v25.5 - https:\/\/yoast.com\/wordpress\/plugins\/seo\/ -->\n<title>Barcelona, referent del caf\u00e8 d&#039;especialitat a Europa - Gremi del Caf\u00e8, torradors de Catalunya<\/title>\n<meta name=\"robots\" content=\"index, follow, max-snippet:-1, max-image-preview:large, max-video-preview:-1\" \/>\n<link rel=\"canonical\" href=\"https:\/\/gremicafe.cat\/es\/2023\/10\/05\/barcelona-referent-del-cafe-despecialitat-a-europa\/\" \/>\n<meta property=\"og:locale\" content=\"es_ES\" \/>\n<meta property=\"og:type\" content=\"article\" \/>\n<meta property=\"og:title\" content=\"Barcelona, referent del caf\u00e8 d&#039;especialitat a Europa - Gremi del Caf\u00e8, torradors de Catalunya\" \/>\n<meta property=\"og:description\" content=\"Carlos\u00a0Gotor, de Bou Caf\u00e8s i president del Gremi del Caf\u00e8 i\u00a0Jordi\u00a0Mestre, fundador de\u00a0Nomad\u00a0Coffee parlen del caf\u00e8 a Catalunya. \u201cCada vegada hi ha m\u00e9s consumidors interessats a saber i aprendre sobre el caf\u00e8, per\u00f2 encara n\u2019hi ha m\u00e9s que volen prendre un millor producte\u201d, apunta el president del Gremi del Caf\u00e8, Carlos Gotor, qui defineix el [&hellip;]\" \/>\n<meta property=\"og:url\" content=\"https:\/\/gremicafe.cat\/es\/2023\/10\/05\/barcelona-referent-del-cafe-despecialitat-a-europa\/\" \/>\n<meta property=\"og:site_name\" content=\"Gremi del Caf\u00e8, torradors de Catalunya\" \/>\n<meta property=\"article:publisher\" content=\"https:\/\/www.facebook.com\/gremicafecat\" \/>\n<meta property=\"article:published_time\" content=\"2023-10-05T08:21:40+00:00\" \/>\n<meta property=\"article:modified_time\" content=\"2023-10-05T08:22:55+00:00\" \/>\n<meta property=\"og:image\" content=\"https:\/\/gremicafe.cat\/wp-content\/uploads\/2023\/10\/CAFE\u0300PORTAw.jpg\" \/>\n\t<meta property=\"og:image:width\" content=\"1200\" \/>\n\t<meta property=\"og:image:height\" content=\"801\" \/>\n\t<meta property=\"og:image:type\" content=\"image\/jpeg\" \/>\n<meta name=\"author\" content=\"gremicafe\" \/>\n<meta name=\"twitter:card\" content=\"summary_large_image\" \/>\n<meta name=\"twitter:creator\" content=\"@gremicafecat\" \/>\n<meta name=\"twitter:site\" content=\"@gremicafecat\" \/>\n<meta name=\"twitter:label1\" content=\"Escrito por\" \/>\n\t<meta name=\"twitter:data1\" content=\"gremicafe\" \/>\n\t<meta name=\"twitter:label2\" content=\"Tiempo de lectura\" \/>\n\t<meta name=\"twitter:data2\" content=\"1 minuto\" \/>\n<script type=\"application\/ld+json\" class=\"yoast-schema-graph\">{\"@context\":\"https:\/\/schema.org\",\"@graph\":[{\"@type\":\"Article\",\"@id\":\"https:\/\/gremicafe.cat\/2023\/10\/05\/barcelona-referent-del-cafe-despecialitat-a-europa\/#article\",\"isPartOf\":{\"@id\":\"https:\/\/gremicafe.cat\/2023\/10\/05\/barcelona-referent-del-cafe-despecialitat-a-europa\/\"},\"author\":{\"name\":\"gremicafe\",\"@id\":\"https:\/\/gremicafe.cat\/#\/schema\/person\/dabfdbb3d0fa36260855a380f94e4733\"},\"headline\":\"Barcelona, referent del caf\u00e8 d&#8217;especialitat a Europa\",\"datePublished\":\"2023-10-05T08:21:40+00:00\",\"dateModified\":\"2023-10-05T08:22:55+00:00\",\"mainEntityOfPage\":{\"@id\":\"https:\/\/gremicafe.cat\/2023\/10\/05\/barcelona-referent-del-cafe-despecialitat-a-europa\/\"},\"wordCount\":163,\"publisher\":{\"@id\":\"https:\/\/gremicafe.cat\/#organization\"},\"image\":{\"@id\":\"https:\/\/gremicafe.cat\/2023\/10\/05\/barcelona-referent-del-cafe-despecialitat-a-europa\/#primaryimage\"},\"thumbnailUrl\":\"https:\/\/gremicafe.cat\/wp-content\/uploads\/2023\/10\/CAFE\u0300PORTAw.jpg\",\"articleSection\":[\"Not\u00edcies\"],\"inLanguage\":\"es\"},{\"@type\":\"WebPage\",\"@id\":\"https:\/\/gremicafe.cat\/2023\/10\/05\/barcelona-referent-del-cafe-despecialitat-a-europa\/\",\"url\":\"https:\/\/gremicafe.cat\/2023\/10\/05\/barcelona-referent-del-cafe-despecialitat-a-europa\/\",\"name\":\"Barcelona, referent del caf\u00e8 d'especialitat a Europa - Gremi del Caf\u00e8, torradors de Catalunya\",\"isPartOf\":{\"@id\":\"https:\/\/gremicafe.cat\/#website\"},\"primaryImageOfPage\":{\"@id\":\"https:\/\/gremicafe.cat\/2023\/10\/05\/barcelona-referent-del-cafe-despecialitat-a-europa\/#primaryimage\"},\"image\":{\"@id\":\"https:\/\/gremicafe.cat\/2023\/10\/05\/barcelona-referent-del-cafe-despecialitat-a-europa\/#primaryimage\"},\"thumbnailUrl\":\"https:\/\/gremicafe.cat\/wp-content\/uploads\/2023\/10\/CAFE\u0300PORTAw.jpg\",\"datePublished\":\"2023-10-05T08:21:40+00:00\",\"dateModified\":\"2023-10-05T08:22:55+00:00\",\"breadcrumb\":{\"@id\":\"https:\/\/gremicafe.cat\/2023\/10\/05\/barcelona-referent-del-cafe-despecialitat-a-europa\/#breadcrumb\"},\"inLanguage\":\"es\",\"potentialAction\":[{\"@type\":\"ReadAction\",\"target\":[\"https:\/\/gremicafe.cat\/2023\/10\/05\/barcelona-referent-del-cafe-despecialitat-a-europa\/\"]}]},{\"@type\":\"ImageObject\",\"inLanguage\":\"es\",\"@id\":\"https:\/\/gremicafe.cat\/2023\/10\/05\/barcelona-referent-del-cafe-despecialitat-a-europa\/#primaryimage\",\"url\":\"https:\/\/gremicafe.cat\/wp-content\/uploads\/2023\/10\/CAFE\u0300PORTAw.jpg\",\"contentUrl\":\"https:\/\/gremicafe.cat\/wp-content\/uploads\/2023\/10\/CAFE\u0300PORTAw.jpg\",\"width\":1200,\"height\":801,\"caption\":\"Caf\u00e8 m\u00f2lt \u00a9 Gremi del Caf\u00e8 de Catalunya\"},{\"@type\":\"BreadcrumbList\",\"@id\":\"https:\/\/gremicafe.cat\/2023\/10\/05\/barcelona-referent-del-cafe-despecialitat-a-europa\/#breadcrumb\",\"itemListElement\":[{\"@type\":\"ListItem\",\"position\":1,\"name\":\"Inici\",\"item\":\"https:\/\/gremicafe.cat\/\"},{\"@type\":\"ListItem\",\"position\":2,\"name\":\"Barcelona, referent del caf\u00e8 d&#8217;especialitat a Europa\"}]},{\"@type\":\"WebSite\",\"@id\":\"https:\/\/gremicafe.cat\/#website\",\"url\":\"https:\/\/gremicafe.cat\/\",\"name\":\"Gremi del Caf\u00e8, torradors de Catalunya\",\"description\":\"Web oficial del gremi de torradors de caf\u00e8 de Catalunya\",\"publisher\":{\"@id\":\"https:\/\/gremicafe.cat\/#organization\"},\"potentialAction\":[{\"@type\":\"SearchAction\",\"target\":{\"@type\":\"EntryPoint\",\"urlTemplate\":\"https:\/\/gremicafe.cat\/?s={search_term_string}\"},\"query-input\":{\"@type\":\"PropertyValueSpecification\",\"valueRequired\":true,\"valueName\":\"search_term_string\"}}],\"inLanguage\":\"es\"},{\"@type\":\"Organization\",\"@id\":\"https:\/\/gremicafe.cat\/#organization\",\"name\":\"Gremi del Caf\u00e8, Torradors de Catalunya\",\"url\":\"https:\/\/gremicafe.cat\/\",\"logo\":{\"@type\":\"ImageObject\",\"inLanguage\":\"es\",\"@id\":\"https:\/\/gremicafe.cat\/#\/schema\/logo\/image\/\",\"url\":\"https:\/\/gremicafe.cat\/wp-content\/uploads\/2018\/03\/gremicafe-logo250.png\",\"contentUrl\":\"https:\/\/gremicafe.cat\/wp-content\/uploads\/2018\/03\/gremicafe-logo250.png\",\"width\":250,\"height\":49,\"caption\":\"Gremi del Caf\u00e8, Torradors de Catalunya\"},\"image\":{\"@id\":\"https:\/\/gremicafe.cat\/#\/schema\/logo\/image\/\"},\"sameAs\":[\"https:\/\/www.facebook.com\/gremicafecat\",\"https:\/\/x.com\/gremicafecat\",\"https:\/\/www.instagram.com\/gremicafecat\/\",\"https:\/\/www.pinterest.es\/gremicafecat\/\",\"https:\/\/www.youtube.com\/channel\/UCGLo5Y35vLwLvP4FrPZrCrw\/\"]},{\"@type\":\"Person\",\"@id\":\"https:\/\/gremicafe.cat\/#\/schema\/person\/dabfdbb3d0fa36260855a380f94e4733\",\"name\":\"gremicafe\",\"image\":{\"@type\":\"ImageObject\",\"inLanguage\":\"es\",\"@id\":\"https:\/\/gremicafe.cat\/#\/schema\/person\/image\/\",\"url\":\"https:\/\/secure.gravatar.com\/avatar\/e59baa4ca8f6f97576d6375fb6d3c8f0?s=96&d=mm&r=g\",\"contentUrl\":\"https:\/\/secure.gravatar.com\/avatar\/e59baa4ca8f6f97576d6375fb6d3c8f0?s=96&d=mm&r=g\",\"caption\":\"gremicafe\"}}]}<\/script>\n<!-- \/ Yoast SEO plugin. -->","yoast_head_json":{"title":"Barcelona, referent del caf\u00e8 d'especialitat a Europa - Gremi del Caf\u00e8, torradors de Catalunya","robots":{"index":"index","follow":"follow","max-snippet":"max-snippet:-1","max-image-preview":"max-image-preview:large","max-video-preview":"max-video-preview:-1"},"canonical":"https:\/\/gremicafe.cat\/es\/2023\/10\/05\/barcelona-referent-del-cafe-despecialitat-a-europa\/","og_locale":"es_ES","og_type":"article","og_title":"Barcelona, referent del caf\u00e8 d'especialitat a Europa - Gremi del Caf\u00e8, torradors de Catalunya","og_description":"Carlos\u00a0Gotor, de Bou Caf\u00e8s i president del Gremi del Caf\u00e8 i\u00a0Jordi\u00a0Mestre, fundador de\u00a0Nomad\u00a0Coffee parlen del caf\u00e8 a Catalunya. \u201cCada vegada hi ha m\u00e9s consumidors interessats a saber i aprendre sobre el caf\u00e8, per\u00f2 encara n\u2019hi ha m\u00e9s que volen prendre un millor producte\u201d, apunta el president del Gremi del Caf\u00e8, Carlos Gotor, qui defineix el [&hellip;]","og_url":"https:\/\/gremicafe.cat\/es\/2023\/10\/05\/barcelona-referent-del-cafe-despecialitat-a-europa\/","og_site_name":"Gremi del Caf\u00e8, torradors de Catalunya","article_publisher":"https:\/\/www.facebook.com\/gremicafecat","article_published_time":"2023-10-05T08:21:40+00:00","article_modified_time":"2023-10-05T08:22:55+00:00","og_image":[{"width":1200,"height":801,"url":"https:\/\/gremicafe.cat\/wp-content\/uploads\/2023\/10\/CAFE\u0300PORTAw.jpg","type":"image\/jpeg"}],"author":"gremicafe","twitter_card":"summary_large_image","twitter_creator":"@gremicafecat","twitter_site":"@gremicafecat","twitter_misc":{"Escrito por":"gremicafe","Tiempo de lectura":"1 minuto"},"schema":{"@context":"https:\/\/schema.org","@graph":[{"@type":"Article","@id":"https:\/\/gremicafe.cat\/2023\/10\/05\/barcelona-referent-del-cafe-despecialitat-a-europa\/#article","isPartOf":{"@id":"https:\/\/gremicafe.cat\/2023\/10\/05\/barcelona-referent-del-cafe-despecialitat-a-europa\/"},"author":{"name":"gremicafe","@id":"https:\/\/gremicafe.cat\/#\/schema\/person\/dabfdbb3d0fa36260855a380f94e4733"},"headline":"Barcelona, referent del caf\u00e8 d&#8217;especialitat a Europa","datePublished":"2023-10-05T08:21:40+00:00","dateModified":"2023-10-05T08:22:55+00:00","mainEntityOfPage":{"@id":"https:\/\/gremicafe.cat\/2023\/10\/05\/barcelona-referent-del-cafe-despecialitat-a-europa\/"},"wordCount":163,"publisher":{"@id":"https:\/\/gremicafe.cat\/#organization"},"image":{"@id":"https:\/\/gremicafe.cat\/2023\/10\/05\/barcelona-referent-del-cafe-despecialitat-a-europa\/#primaryimage"},"thumbnailUrl":"https:\/\/gremicafe.cat\/wp-content\/uploads\/2023\/10\/CAFE\u0300PORTAw.jpg","articleSection":["Not\u00edcies"],"inLanguage":"es"},{"@type":"WebPage","@id":"https:\/\/gremicafe.cat\/2023\/10\/05\/barcelona-referent-del-cafe-despecialitat-a-europa\/","url":"https:\/\/gremicafe.cat\/2023\/10\/05\/barcelona-referent-del-cafe-despecialitat-a-europa\/","name":"Barcelona, referent del caf\u00e8 d'especialitat a Europa - Gremi del Caf\u00e8, torradors de Catalunya","isPartOf":{"@id":"https:\/\/gremicafe.cat\/#website"},"primaryImageOfPage":{"@id":"https:\/\/gremicafe.cat\/2023\/10\/05\/barcelona-referent-del-cafe-despecialitat-a-europa\/#primaryimage"},"image":{"@id":"https:\/\/gremicafe.cat\/2023\/10\/05\/barcelona-referent-del-cafe-despecialitat-a-europa\/#primaryimage"},"thumbnailUrl":"https:\/\/gremicafe.cat\/wp-content\/uploads\/2023\/10\/CAFE\u0300PORTAw.jpg","datePublished":"2023-10-05T08:21:40+00:00","dateModified":"2023-10-05T08:22:55+00:00","breadcrumb":{"@id":"https:\/\/gremicafe.cat\/2023\/10\/05\/barcelona-referent-del-cafe-despecialitat-a-europa\/#breadcrumb"},"inLanguage":"es","potentialAction":[{"@type":"ReadAction","target":["https:\/\/gremicafe.cat\/2023\/10\/05\/barcelona-referent-del-cafe-despecialitat-a-europa\/"]}]},{"@type":"ImageObject","inLanguage":"es","@id":"https:\/\/gremicafe.cat\/2023\/10\/05\/barcelona-referent-del-cafe-despecialitat-a-europa\/#primaryimage","url":"https:\/\/gremicafe.cat\/wp-content\/uploads\/2023\/10\/CAFE\u0300PORTAw.jpg","contentUrl":"https:\/\/gremicafe.cat\/wp-content\/uploads\/2023\/10\/CAFE\u0300PORTAw.jpg","width":1200,"height":801,"caption":"Caf\u00e8 m\u00f2lt \u00a9 Gremi del Caf\u00e8 de Catalunya"},{"@type":"BreadcrumbList","@id":"https:\/\/gremicafe.cat\/2023\/10\/05\/barcelona-referent-del-cafe-despecialitat-a-europa\/#breadcrumb","itemListElement":[{"@type":"ListItem","position":1,"name":"Inici","item":"https:\/\/gremicafe.cat\/"},{"@type":"ListItem","position":2,"name":"Barcelona, referent del caf\u00e8 d&#8217;especialitat a Europa"}]},{"@type":"WebSite","@id":"https:\/\/gremicafe.cat\/#website","url":"https:\/\/gremicafe.cat\/","name":"Gremio del Caf\u00e9, tostadores de Catalu\u00f1a","description":"Web oficial del gremio de tostadores de caf\u00e9 de Catalunya","publisher":{"@id":"https:\/\/gremicafe.cat\/#organization"},"potentialAction":[{"@type":"SearchAction","target":{"@type":"EntryPoint","urlTemplate":"https:\/\/gremicafe.cat\/?s={search_term_string}"},"query-input":{"@type":"PropertyValueSpecification","valueRequired":true,"valueName":"search_term_string"}}],"inLanguage":"es"},{"@type":"Organization","@id":"https:\/\/gremicafe.cat\/#organization","name":"Gremio del Caf\u00e9, Tostadores de Catalu\u00f1a","url":"https:\/\/gremicafe.cat\/","logo":{"@type":"ImageObject","inLanguage":"es","@id":"https:\/\/gremicafe.cat\/#\/schema\/logo\/image\/","url":"https:\/\/gremicafe.cat\/wp-content\/uploads\/2018\/03\/gremicafe-logo250.png","contentUrl":"https:\/\/gremicafe.cat\/wp-content\/uploads\/2018\/03\/gremicafe-logo250.png","width":250,"height":49,"caption":"Gremi del Caf\u00e8, Torradors de Catalunya"},"image":{"@id":"https:\/\/gremicafe.cat\/#\/schema\/logo\/image\/"},"sameAs":["https:\/\/www.facebook.com\/gremicafecat","https:\/\/x.com\/gremicafecat","https:\/\/www.instagram.com\/gremicafecat\/","https:\/\/www.pinterest.es\/gremicafecat\/","https:\/\/www.youtube.com\/channel\/UCGLo5Y35vLwLvP4FrPZrCrw\/"]},{"@type":"Person","@id":"https:\/\/gremicafe.cat\/#\/schema\/person\/dabfdbb3d0fa36260855a380f94e4733","name":"gremicafe","image":{"@type":"ImageObject","inLanguage":"es","@id":"https:\/\/gremicafe.cat\/#\/schema\/person\/image\/","url":"https:\/\/secure.gravatar.com\/avatar\/e59baa4ca8f6f97576d6375fb6d3c8f0?s=96&d=mm&r=g","contentUrl":"https:\/\/secure.gravatar.com\/avatar\/e59baa4ca8f6f97576d6375fb6d3c8f0?s=96&d=mm&r=g","caption":"gremicafe"}}]}},"_links":{"self":[{"href":"https:\/\/gremicafe.cat\/es\/wp-json\/wp\/v2\/posts\/7126"}],"collection":[{"href":"https:\/\/gremicafe.cat\/es\/wp-json\/wp\/v2\/posts"}],"about":[{"href":"https:\/\/gremicafe.cat\/es\/wp-json\/wp\/v2\/types\/post"}],"author":[{"embeddable":true,"href":"https:\/\/gremicafe.cat\/es\/wp-json\/wp\/v2\/users\/1"}],"replies":[{"embeddable":true,"href":"https:\/\/gremicafe.cat\/es\/wp-json\/wp\/v2\/comments?post=7126"}],"version-history":[{"count":0,"href":"https:\/\/gremicafe.cat\/es\/wp-json\/wp\/v2\/posts\/7126\/revisions"}],"wp:featuredmedia":[{"embeddable":true,"href":"https:\/\/gremicafe.cat\/es\/wp-json\/wp\/v2\/media\/7127"}],"wp:attachment":[{"href":"https:\/\/gremicafe.cat\/es\/wp-json\/wp\/v2\/media?parent=7126"}],"wp:term":[{"taxonomy":"category","embeddable":true,"href":"https:\/\/gremicafe.cat\/es\/wp-json\/wp\/v2\/categories?post=7126"},{"taxonomy":"post_tag","embeddable":true,"href":"https:\/\/gremicafe.cat\/es\/wp-json\/wp\/v2\/tags?post=7126"}],"curies":[{"name":"wp","href":"https:\/\/api.w.org\/{rel}","templated":true}]}}