{"id":7138,"date":"2023-10-16T15:06:41","date_gmt":"2023-10-16T13:06:41","guid":{"rendered":"https:\/\/gremicafe.cat\/?p=7138"},"modified":"2023-10-16T15:14:40","modified_gmt":"2023-10-16T13:14:40","slug":"cafes-cornella-innova-amb-un-envas-100-reciclable-que-conserva-tot-laroma-del-cafe","status":"publish","type":"post","link":"https:\/\/gremicafe.cat\/es\/2023\/10\/16\/cafes-cornella-innova-amb-un-envas-100-reciclable-que-conserva-tot-laroma-del-cafe\/","title":{"rendered":"Caf\u00e9s Cornell\u00e0 innova con un envase 100 % reciclable que conserva todo el aroma del caf\u00e9"},"content":{"rendered":"<div id=\"ut-row-69f38c9b5dd1e\" data-vc-full-width=\"true\" data-vc-full-width-init=\"false\" class=\"vc_row wpb_row vc_row-fluid vc_column-gap-0 ut-row-69f38c9b5dd33\" ><div class=\"wpb_column vc_column_container vc_col-sm-12\" ><div id=\"ut_inner_column_69f38c9b5e2f1\" class=\"vc_column-inner\"><div class=\"wpb_wrapper\"><div  class=\"wpb_content_element   clearfix\"><style type=\"text\/css\" scoped>#ut_am_69f38c9b5ea2c { opacity: 1; }<\/style><div id=\"ut_am_wrap_69f38c9b5ea2d\" class=\"ut-image-gallery-image\" style=\"text-align:left;\"><div class=\"ut-animated-image-item ut-image-gallery-item ut-animation-done\"><a class=\"ut-deactivated-link\" href=\"#\"><img loading=\"lazy\" decoding=\"async\" title=\"Cornella_JC_8728\" id=\"ut_am_69f38c9b5ea2c\" style=\"\" src=\"https:\/\/gremicafe.cat\/wp-content\/uploads\/2023\/10\/Cornella_JC_8728.jpg\" width=\"1200\" height=\"837\" alt=\"\"\/><\/a><\/div><\/div><\/div>\n\t<div class=\"wpb_text_column wpb_content_element\" >\n\t\t<div class=\"wpb_wrapper\">\n\t\t\t<div class=\"page\" title=\"Page 1\">\n<div class=\"layoutArea\">\n<div class=\"column\">\n<p><strong><em>Este nuevo pack se estrena con un nuevo formato de caf\u00e9 en grano de 500 g para el consumo en el hogar, adapt\u00e1ndose as\u00ed a las preferencias de los consumidores<\/em><\/strong><\/p>\n<p>Girona, 9 de octubre de 2023 \u2013 Caf\u00e8s Cornell\u00e0 ha lanzado un nuevo <strong>pack 100 % reciclable y barrera<\/strong> que conserva todo el aroma del caf\u00e9. Esta novedad se ha incorporado a su renovado surtido de productos para el hogar.<\/p>\n<p>El nuevo envase est\u00e1 elaborado con <strong>material responsable<\/strong> y se puede reciclar deposit\u00e1ndolo en el contenedor amarillo. El caf\u00e9 se envasa con v\u00e1lvula de control de aroma y atm\u00f3sfera modificada para evitar la oxidaci\u00f3n del grano y garantizar su \u00f3ptima conservaci\u00f3n. Con este nuevo envase, la empresa ha aprovechado para renovar su surtido de caf\u00e9 para el consumo en el hogar. Destaca el nuevo <strong>formato de 500 g de caf\u00e9 en grano<\/strong>, fruto del creciente consumo de este tipo de caf\u00e9 en los hogares (+15%), que se est\u00e1 distribuyendo desde este mes de septiembre.<\/p>\n<p>El consumidor de caf\u00e9 de hoy busca atributos como la calidad, el km0 y un caf\u00e9 reci\u00e9n molido, tambi\u00e9n en casa. Sabe identificar propuestas de valor, producidas de forma sostenible y justa. Quiere estar mejor informado y saber de d\u00f3nde vienen y c\u00f3mo se han elaborado. Por este motivo, los nuevos envases de Caf\u00e8s Cornell\u00e0 incorporan un <strong>c\u00f3digo QR<\/strong> que permitir\u00e1 al consumidor saber su trazabilidad <strong>del origen hasta la taza<\/strong>, y otra informaci\u00f3n de inter\u00e9s como recetas, sugerencias de preparaci\u00f3n o degustaci\u00f3n.<\/p>\n<\/div>\n<\/div>\n<\/div>\n\n\t\t<\/div>\n\t<\/div>\n<div  class=\"wpb_content_element   clearfix\"><style type=\"text\/css\" scoped>#ut_am_69f38c9b5f236 { opacity: 1; }<\/style><div id=\"ut_am_wrap_69f38c9b5f238\" class=\"ut-image-gallery-image\" style=\"text-align:left;\"><div class=\"ut-animated-image-item ut-image-gallery-item ut-animation-done\"><a class=\"ut-deactivated-link\" href=\"#\"><img loading=\"lazy\" decoding=\"async\" title=\"Cornella_JC_8707\" id=\"ut_am_69f38c9b5f236\" style=\"\" src=\"https:\/\/gremicafe.cat\/wp-content\/uploads\/2023\/10\/Cornella_JC_8707.jpg\" width=\"1200\" height=\"800\" alt=\"\"\/><\/a><\/div><\/div><\/div><div  class=\"wpb_content_element   clearfix\"><style type=\"text\/css\" scoped>#ut_am_69f38c9b5f762 { opacity: 1; }<\/style><div id=\"ut_am_wrap_69f38c9b5f763\" class=\"ut-image-gallery-image\" style=\"text-align:left;\"><div class=\"ut-animated-image-item ut-image-gallery-item ut-animation-done\"><a class=\"ut-deactivated-link\" href=\"#\"><img loading=\"lazy\" decoding=\"async\" title=\"Cornella_JC_8688\" id=\"ut_am_69f38c9b5f762\" style=\"\" src=\"https:\/\/gremicafe.cat\/wp-content\/uploads\/2023\/10\/Cornella_JC_8688.jpg\" width=\"926\" height=\"1200\" alt=\"\"\/><\/a><\/div><\/div><\/div>\n\t<div class=\"wpb_text_column wpb_content_element\" >\n\t\t<div class=\"wpb_wrapper\">\n\t\t\t<div class=\"page\" title=\"Page 1\">\n<div class=\"layoutArea\">\n<div class=\"column\">\n<p><strong>Compromiso con la innovaci\u00f3n y la excelencia<\/strong><\/p>\n<div class=\"page\" title=\"Page 1\">\n<div class=\"layoutArea\">\n<div class=\"column\">\n<p>A lo largo de su trayectoria, Caf\u00e8s Cornell\u00e0 siempre ha innovado para mejorar los procesos y ofrecer productos de calidad. Este esfuerzo se ha visto recompensado con distintos galardones a lo largo de sus 100 a\u00f1os. El m\u00e1s reciente es el sello de calidad agroalimentaria <strong>Girona Excelente<\/strong> que han obtenido el blend para cafeter\u00edas \u201c96 Barista Pro Premium Grade\u201d, reconocido como el mejor tostado para espresso, y el \u201cMahogany Brazil Fazenda Sert\u00e3o\u201d, mejor tostado para caf\u00e9 de filtro.<\/p>\n<p>Para garantizar que esta excelencia llegue a los consumidores, especialmente en el entorno de la hosteler\u00eda, Caf\u00e8s Cornell\u00e0 considera imprescindible la figura del barista. Desde el a\u00f1o 2000, la empresa ha proporcionado formaci\u00f3n espec\u00edfica para estos profesionales en sus \u201caulas barista\u201d, en las que se han formado m\u00e1s de 10.000 personas.<\/p>\n<p>Con este paso hacia el envase m\u00e1s sostenible y la mejora continua de su oferta, Caf\u00e8s Cornell\u00e0 reafirma su compromiso con el medio ambiente y la satisfacci\u00f3n de sus clientes, consolidando su posici\u00f3n como referente en el mundo del caf\u00e9.<\/p>\n<\/div>\n<\/div>\n<\/div>\n<\/div>\n<\/div>\n<\/div>\n\n\t\t<\/div>\n\t<\/div>\n<\/div><\/div><\/div><\/div><div class=\"vc_row-full-width vc_clearfix\"><\/div>","protected":false},"excerpt":{"rendered":"#ut_am_69f38c9b60449 { opacity: 1; } Aquest nou pack s\u2019estrena amb un nou format de cafe\u0300 en gra de 500 g per al consum a la llar, adaptant-se aixi\u0301 a les prefere\u0300ncies dels consumidors Girona, 9 d\u2019octubre de 2023 - Cafe\u0300s Cornella\u0300 ha llanc\u0327at un nou pack 100 % reciclable i barrera que conserva tot l\u2019aroma [...]","protected":false},"author":1,"featured_media":7144,"comment_status":"closed","ping_status":"open","sticky":false,"template":"","format":"standard","meta":{"_acf_changed":false,"inline_featured_image":false,"footnotes":""},"categories":[1,81],"tags":[],"class_list":["post-7138","post","type-post","status-publish","format-standard","has-post-thumbnail","hentry","category-noticies","category-novetats"],"acf":[],"yoast_head":"<!-- This site is optimized with the Yoast SEO plugin v25.5 - https:\/\/yoast.com\/wordpress\/plugins\/seo\/ -->\n<title>Cafe\u0300s Cornella\u0300 innova amb un enva\u0300s 100 % reciclable que conserva tot l\u2019aroma del cafe\u0300 - Gremi del Caf\u00e8, torradors de Catalunya<\/title>\n<meta name=\"robots\" content=\"index, follow, max-snippet:-1, max-image-preview:large, max-video-preview:-1\" \/>\n<link rel=\"canonical\" href=\"https:\/\/gremicafe.cat\/es\/2023\/10\/16\/cafes-cornella-innova-amb-un-envas-100-reciclable-que-conserva-tot-laroma-del-cafe\/\" \/>\n<meta property=\"og:locale\" content=\"es_ES\" \/>\n<meta property=\"og:type\" content=\"article\" \/>\n<meta property=\"og:title\" content=\"Cafe\u0300s Cornella\u0300 innova amb un enva\u0300s 100 % reciclable que conserva tot l\u2019aroma del cafe\u0300 - Gremi del Caf\u00e8, torradors de Catalunya\" \/>\n<meta property=\"og:url\" content=\"https:\/\/gremicafe.cat\/es\/2023\/10\/16\/cafes-cornella-innova-amb-un-envas-100-reciclable-que-conserva-tot-laroma-del-cafe\/\" \/>\n<meta property=\"og:site_name\" content=\"Gremi del Caf\u00e8, torradors de Catalunya\" \/>\n<meta property=\"article:publisher\" content=\"https:\/\/www.facebook.com\/gremicafecat\" \/>\n<meta property=\"article:published_time\" content=\"2023-10-16T13:06:41+00:00\" \/>\n<meta property=\"article:modified_time\" content=\"2023-10-16T13:14:40+00:00\" \/>\n<meta property=\"og:image\" content=\"https:\/\/gremicafe.cat\/wp-content\/uploads\/2023\/10\/Cornella_JC_8728.jpg\" \/>\n\t<meta property=\"og:image:width\" content=\"1200\" \/>\n\t<meta property=\"og:image:height\" content=\"837\" \/>\n\t<meta property=\"og:image:type\" content=\"image\/jpeg\" \/>\n<meta name=\"author\" content=\"gremicafe\" \/>\n<meta name=\"twitter:card\" content=\"summary_large_image\" \/>\n<meta name=\"twitter:creator\" content=\"@gremicafecat\" \/>\n<meta name=\"twitter:site\" content=\"@gremicafecat\" \/>\n<meta name=\"twitter:label1\" content=\"Escrito por\" \/>\n\t<meta name=\"twitter:data1\" content=\"gremicafe\" \/>\n\t<meta name=\"twitter:label2\" content=\"Tiempo de lectura\" \/>\n\t<meta name=\"twitter:data2\" content=\"3 minutos\" \/>\n<script type=\"application\/ld+json\" class=\"yoast-schema-graph\">{\"@context\":\"https:\/\/schema.org\",\"@graph\":[{\"@type\":\"Article\",\"@id\":\"https:\/\/gremicafe.cat\/2023\/10\/16\/cafes-cornella-innova-amb-un-envas-100-reciclable-que-conserva-tot-laroma-del-cafe\/#article\",\"isPartOf\":{\"@id\":\"https:\/\/gremicafe.cat\/2023\/10\/16\/cafes-cornella-innova-amb-un-envas-100-reciclable-que-conserva-tot-laroma-del-cafe\/\"},\"author\":{\"name\":\"gremicafe\",\"@id\":\"https:\/\/gremicafe.cat\/#\/schema\/person\/dabfdbb3d0fa36260855a380f94e4733\"},\"headline\":\"Cafe\u0300s Cornella\u0300 innova amb un enva\u0300s 100 % reciclable que conserva tot l\u2019aroma del cafe\u0300\",\"datePublished\":\"2023-10-16T13:06:41+00:00\",\"dateModified\":\"2023-10-16T13:14:40+00:00\",\"mainEntityOfPage\":{\"@id\":\"https:\/\/gremicafe.cat\/2023\/10\/16\/cafes-cornella-innova-amb-un-envas-100-reciclable-que-conserva-tot-laroma-del-cafe\/\"},\"wordCount\":515,\"publisher\":{\"@id\":\"https:\/\/gremicafe.cat\/#organization\"},\"image\":{\"@id\":\"https:\/\/gremicafe.cat\/2023\/10\/16\/cafes-cornella-innova-amb-un-envas-100-reciclable-que-conserva-tot-laroma-del-cafe\/#primaryimage\"},\"thumbnailUrl\":\"https:\/\/gremicafe.cat\/wp-content\/uploads\/2023\/10\/Cornella_JC_8728.jpg\",\"articleSection\":[\"Not\u00edcies\",\"Novetats\"],\"inLanguage\":\"es\"},{\"@type\":\"WebPage\",\"@id\":\"https:\/\/gremicafe.cat\/2023\/10\/16\/cafes-cornella-innova-amb-un-envas-100-reciclable-que-conserva-tot-laroma-del-cafe\/\",\"url\":\"https:\/\/gremicafe.cat\/2023\/10\/16\/cafes-cornella-innova-amb-un-envas-100-reciclable-que-conserva-tot-laroma-del-cafe\/\",\"name\":\"Cafe\u0300s Cornella\u0300 innova amb un enva\u0300s 100 % reciclable que conserva tot l\u2019aroma del cafe\u0300 - Gremi del Caf\u00e8, torradors de Catalunya\",\"isPartOf\":{\"@id\":\"https:\/\/gremicafe.cat\/#website\"},\"primaryImageOfPage\":{\"@id\":\"https:\/\/gremicafe.cat\/2023\/10\/16\/cafes-cornella-innova-amb-un-envas-100-reciclable-que-conserva-tot-laroma-del-cafe\/#primaryimage\"},\"image\":{\"@id\":\"https:\/\/gremicafe.cat\/2023\/10\/16\/cafes-cornella-innova-amb-un-envas-100-reciclable-que-conserva-tot-laroma-del-cafe\/#primaryimage\"},\"thumbnailUrl\":\"https:\/\/gremicafe.cat\/wp-content\/uploads\/2023\/10\/Cornella_JC_8728.jpg\",\"datePublished\":\"2023-10-16T13:06:41+00:00\",\"dateModified\":\"2023-10-16T13:14:40+00:00\",\"breadcrumb\":{\"@id\":\"https:\/\/gremicafe.cat\/2023\/10\/16\/cafes-cornella-innova-amb-un-envas-100-reciclable-que-conserva-tot-laroma-del-cafe\/#breadcrumb\"},\"inLanguage\":\"es\",\"potentialAction\":[{\"@type\":\"ReadAction\",\"target\":[\"https:\/\/gremicafe.cat\/2023\/10\/16\/cafes-cornella-innova-amb-un-envas-100-reciclable-que-conserva-tot-laroma-del-cafe\/\"]}]},{\"@type\":\"ImageObject\",\"inLanguage\":\"es\",\"@id\":\"https:\/\/gremicafe.cat\/2023\/10\/16\/cafes-cornella-innova-amb-un-envas-100-reciclable-que-conserva-tot-laroma-del-cafe\/#primaryimage\",\"url\":\"https:\/\/gremicafe.cat\/wp-content\/uploads\/2023\/10\/Cornella_JC_8728.jpg\",\"contentUrl\":\"https:\/\/gremicafe.cat\/wp-content\/uploads\/2023\/10\/Cornella_JC_8728.jpg\",\"width\":1200,\"height\":837},{\"@type\":\"BreadcrumbList\",\"@id\":\"https:\/\/gremicafe.cat\/2023\/10\/16\/cafes-cornella-innova-amb-un-envas-100-reciclable-que-conserva-tot-laroma-del-cafe\/#breadcrumb\",\"itemListElement\":[{\"@type\":\"ListItem\",\"position\":1,\"name\":\"Inici\",\"item\":\"https:\/\/gremicafe.cat\/\"},{\"@type\":\"ListItem\",\"position\":2,\"name\":\"Cafe\u0300s Cornella\u0300 innova amb un enva\u0300s 100 % reciclable que conserva tot l\u2019aroma del cafe\u0300\"}]},{\"@type\":\"WebSite\",\"@id\":\"https:\/\/gremicafe.cat\/#website\",\"url\":\"https:\/\/gremicafe.cat\/\",\"name\":\"Gremi del Caf\u00e8, torradors de Catalunya\",\"description\":\"Web oficial del gremi de torradors de caf\u00e8 de Catalunya\",\"publisher\":{\"@id\":\"https:\/\/gremicafe.cat\/#organization\"},\"potentialAction\":[{\"@type\":\"SearchAction\",\"target\":{\"@type\":\"EntryPoint\",\"urlTemplate\":\"https:\/\/gremicafe.cat\/?s={search_term_string}\"},\"query-input\":{\"@type\":\"PropertyValueSpecification\",\"valueRequired\":true,\"valueName\":\"search_term_string\"}}],\"inLanguage\":\"es\"},{\"@type\":\"Organization\",\"@id\":\"https:\/\/gremicafe.cat\/#organization\",\"name\":\"Gremi del Caf\u00e8, Torradors de Catalunya\",\"url\":\"https:\/\/gremicafe.cat\/\",\"logo\":{\"@type\":\"ImageObject\",\"inLanguage\":\"es\",\"@id\":\"https:\/\/gremicafe.cat\/#\/schema\/logo\/image\/\",\"url\":\"https:\/\/gremicafe.cat\/wp-content\/uploads\/2018\/03\/gremicafe-logo250.png\",\"contentUrl\":\"https:\/\/gremicafe.cat\/wp-content\/uploads\/2018\/03\/gremicafe-logo250.png\",\"width\":250,\"height\":49,\"caption\":\"Gremi del Caf\u00e8, Torradors de Catalunya\"},\"image\":{\"@id\":\"https:\/\/gremicafe.cat\/#\/schema\/logo\/image\/\"},\"sameAs\":[\"https:\/\/www.facebook.com\/gremicafecat\",\"https:\/\/x.com\/gremicafecat\",\"https:\/\/www.instagram.com\/gremicafecat\/\",\"https:\/\/www.pinterest.es\/gremicafecat\/\",\"https:\/\/www.youtube.com\/channel\/UCGLo5Y35vLwLvP4FrPZrCrw\/\"]},{\"@type\":\"Person\",\"@id\":\"https:\/\/gremicafe.cat\/#\/schema\/person\/dabfdbb3d0fa36260855a380f94e4733\",\"name\":\"gremicafe\",\"image\":{\"@type\":\"ImageObject\",\"inLanguage\":\"es\",\"@id\":\"https:\/\/gremicafe.cat\/#\/schema\/person\/image\/\",\"url\":\"https:\/\/secure.gravatar.com\/avatar\/e59baa4ca8f6f97576d6375fb6d3c8f0?s=96&d=mm&r=g\",\"contentUrl\":\"https:\/\/secure.gravatar.com\/avatar\/e59baa4ca8f6f97576d6375fb6d3c8f0?s=96&d=mm&r=g\",\"caption\":\"gremicafe\"}}]}<\/script>\n<!-- \/ Yoast SEO plugin. -->","yoast_head_json":{"title":"Cafe\u0300s Cornella\u0300 innova amb un enva\u0300s 100 % reciclable que conserva tot l\u2019aroma del cafe\u0300 - Gremi del Caf\u00e8, torradors de Catalunya","robots":{"index":"index","follow":"follow","max-snippet":"max-snippet:-1","max-image-preview":"max-image-preview:large","max-video-preview":"max-video-preview:-1"},"canonical":"https:\/\/gremicafe.cat\/es\/2023\/10\/16\/cafes-cornella-innova-amb-un-envas-100-reciclable-que-conserva-tot-laroma-del-cafe\/","og_locale":"es_ES","og_type":"article","og_title":"Cafe\u0300s Cornella\u0300 innova amb un enva\u0300s 100 % reciclable que conserva tot l\u2019aroma del cafe\u0300 - Gremi del Caf\u00e8, torradors de Catalunya","og_url":"https:\/\/gremicafe.cat\/es\/2023\/10\/16\/cafes-cornella-innova-amb-un-envas-100-reciclable-que-conserva-tot-laroma-del-cafe\/","og_site_name":"Gremi del Caf\u00e8, torradors de Catalunya","article_publisher":"https:\/\/www.facebook.com\/gremicafecat","article_published_time":"2023-10-16T13:06:41+00:00","article_modified_time":"2023-10-16T13:14:40+00:00","og_image":[{"width":1200,"height":837,"url":"https:\/\/gremicafe.cat\/wp-content\/uploads\/2023\/10\/Cornella_JC_8728.jpg","type":"image\/jpeg"}],"author":"gremicafe","twitter_card":"summary_large_image","twitter_creator":"@gremicafecat","twitter_site":"@gremicafecat","twitter_misc":{"Escrito por":"gremicafe","Tiempo de lectura":"3 minutos"},"schema":{"@context":"https:\/\/schema.org","@graph":[{"@type":"Article","@id":"https:\/\/gremicafe.cat\/2023\/10\/16\/cafes-cornella-innova-amb-un-envas-100-reciclable-que-conserva-tot-laroma-del-cafe\/#article","isPartOf":{"@id":"https:\/\/gremicafe.cat\/2023\/10\/16\/cafes-cornella-innova-amb-un-envas-100-reciclable-que-conserva-tot-laroma-del-cafe\/"},"author":{"name":"gremicafe","@id":"https:\/\/gremicafe.cat\/#\/schema\/person\/dabfdbb3d0fa36260855a380f94e4733"},"headline":"Cafe\u0300s Cornella\u0300 innova amb un enva\u0300s 100 % reciclable que conserva tot l\u2019aroma del cafe\u0300","datePublished":"2023-10-16T13:06:41+00:00","dateModified":"2023-10-16T13:14:40+00:00","mainEntityOfPage":{"@id":"https:\/\/gremicafe.cat\/2023\/10\/16\/cafes-cornella-innova-amb-un-envas-100-reciclable-que-conserva-tot-laroma-del-cafe\/"},"wordCount":515,"publisher":{"@id":"https:\/\/gremicafe.cat\/#organization"},"image":{"@id":"https:\/\/gremicafe.cat\/2023\/10\/16\/cafes-cornella-innova-amb-un-envas-100-reciclable-que-conserva-tot-laroma-del-cafe\/#primaryimage"},"thumbnailUrl":"https:\/\/gremicafe.cat\/wp-content\/uploads\/2023\/10\/Cornella_JC_8728.jpg","articleSection":["Not\u00edcies","Novetats"],"inLanguage":"es"},{"@type":"WebPage","@id":"https:\/\/gremicafe.cat\/2023\/10\/16\/cafes-cornella-innova-amb-un-envas-100-reciclable-que-conserva-tot-laroma-del-cafe\/","url":"https:\/\/gremicafe.cat\/2023\/10\/16\/cafes-cornella-innova-amb-un-envas-100-reciclable-que-conserva-tot-laroma-del-cafe\/","name":"Cafe\u0300s Cornella\u0300 innova amb un enva\u0300s 100 % reciclable que conserva tot l\u2019aroma del cafe\u0300 - Gremi del Caf\u00e8, torradors de Catalunya","isPartOf":{"@id":"https:\/\/gremicafe.cat\/#website"},"primaryImageOfPage":{"@id":"https:\/\/gremicafe.cat\/2023\/10\/16\/cafes-cornella-innova-amb-un-envas-100-reciclable-que-conserva-tot-laroma-del-cafe\/#primaryimage"},"image":{"@id":"https:\/\/gremicafe.cat\/2023\/10\/16\/cafes-cornella-innova-amb-un-envas-100-reciclable-que-conserva-tot-laroma-del-cafe\/#primaryimage"},"thumbnailUrl":"https:\/\/gremicafe.cat\/wp-content\/uploads\/2023\/10\/Cornella_JC_8728.jpg","datePublished":"2023-10-16T13:06:41+00:00","dateModified":"2023-10-16T13:14:40+00:00","breadcrumb":{"@id":"https:\/\/gremicafe.cat\/2023\/10\/16\/cafes-cornella-innova-amb-un-envas-100-reciclable-que-conserva-tot-laroma-del-cafe\/#breadcrumb"},"inLanguage":"es","potentialAction":[{"@type":"ReadAction","target":["https:\/\/gremicafe.cat\/2023\/10\/16\/cafes-cornella-innova-amb-un-envas-100-reciclable-que-conserva-tot-laroma-del-cafe\/"]}]},{"@type":"ImageObject","inLanguage":"es","@id":"https:\/\/gremicafe.cat\/2023\/10\/16\/cafes-cornella-innova-amb-un-envas-100-reciclable-que-conserva-tot-laroma-del-cafe\/#primaryimage","url":"https:\/\/gremicafe.cat\/wp-content\/uploads\/2023\/10\/Cornella_JC_8728.jpg","contentUrl":"https:\/\/gremicafe.cat\/wp-content\/uploads\/2023\/10\/Cornella_JC_8728.jpg","width":1200,"height":837},{"@type":"BreadcrumbList","@id":"https:\/\/gremicafe.cat\/2023\/10\/16\/cafes-cornella-innova-amb-un-envas-100-reciclable-que-conserva-tot-laroma-del-cafe\/#breadcrumb","itemListElement":[{"@type":"ListItem","position":1,"name":"Inici","item":"https:\/\/gremicafe.cat\/"},{"@type":"ListItem","position":2,"name":"Cafe\u0300s Cornella\u0300 innova amb un enva\u0300s 100 % reciclable que conserva tot l\u2019aroma del cafe\u0300"}]},{"@type":"WebSite","@id":"https:\/\/gremicafe.cat\/#website","url":"https:\/\/gremicafe.cat\/","name":"Gremio del Caf\u00e9, tostadores de Catalu\u00f1a","description":"Web oficial del gremio de tostadores de caf\u00e9 de Catalunya","publisher":{"@id":"https:\/\/gremicafe.cat\/#organization"},"potentialAction":[{"@type":"SearchAction","target":{"@type":"EntryPoint","urlTemplate":"https:\/\/gremicafe.cat\/?s={search_term_string}"},"query-input":{"@type":"PropertyValueSpecification","valueRequired":true,"valueName":"search_term_string"}}],"inLanguage":"es"},{"@type":"Organization","@id":"https:\/\/gremicafe.cat\/#organization","name":"Gremio del Caf\u00e9, Tostadores de Catalu\u00f1a","url":"https:\/\/gremicafe.cat\/","logo":{"@type":"ImageObject","inLanguage":"es","@id":"https:\/\/gremicafe.cat\/#\/schema\/logo\/image\/","url":"https:\/\/gremicafe.cat\/wp-content\/uploads\/2018\/03\/gremicafe-logo250.png","contentUrl":"https:\/\/gremicafe.cat\/wp-content\/uploads\/2018\/03\/gremicafe-logo250.png","width":250,"height":49,"caption":"Gremi del Caf\u00e8, Torradors de Catalunya"},"image":{"@id":"https:\/\/gremicafe.cat\/#\/schema\/logo\/image\/"},"sameAs":["https:\/\/www.facebook.com\/gremicafecat","https:\/\/x.com\/gremicafecat","https:\/\/www.instagram.com\/gremicafecat\/","https:\/\/www.pinterest.es\/gremicafecat\/","https:\/\/www.youtube.com\/channel\/UCGLo5Y35vLwLvP4FrPZrCrw\/"]},{"@type":"Person","@id":"https:\/\/gremicafe.cat\/#\/schema\/person\/dabfdbb3d0fa36260855a380f94e4733","name":"gremicafe","image":{"@type":"ImageObject","inLanguage":"es","@id":"https:\/\/gremicafe.cat\/#\/schema\/person\/image\/","url":"https:\/\/secure.gravatar.com\/avatar\/e59baa4ca8f6f97576d6375fb6d3c8f0?s=96&d=mm&r=g","contentUrl":"https:\/\/secure.gravatar.com\/avatar\/e59baa4ca8f6f97576d6375fb6d3c8f0?s=96&d=mm&r=g","caption":"gremicafe"}}]}},"_links":{"self":[{"href":"https:\/\/gremicafe.cat\/es\/wp-json\/wp\/v2\/posts\/7138"}],"collection":[{"href":"https:\/\/gremicafe.cat\/es\/wp-json\/wp\/v2\/posts"}],"about":[{"href":"https:\/\/gremicafe.cat\/es\/wp-json\/wp\/v2\/types\/post"}],"author":[{"embeddable":true,"href":"https:\/\/gremicafe.cat\/es\/wp-json\/wp\/v2\/users\/1"}],"replies":[{"embeddable":true,"href":"https:\/\/gremicafe.cat\/es\/wp-json\/wp\/v2\/comments?post=7138"}],"version-history":[{"count":0,"href":"https:\/\/gremicafe.cat\/es\/wp-json\/wp\/v2\/posts\/7138\/revisions"}],"wp:featuredmedia":[{"embeddable":true,"href":"https:\/\/gremicafe.cat\/es\/wp-json\/wp\/v2\/media\/7144"}],"wp:attachment":[{"href":"https:\/\/gremicafe.cat\/es\/wp-json\/wp\/v2\/media?parent=7138"}],"wp:term":[{"taxonomy":"category","embeddable":true,"href":"https:\/\/gremicafe.cat\/es\/wp-json\/wp\/v2\/categories?post=7138"},{"taxonomy":"post_tag","embeddable":true,"href":"https:\/\/gremicafe.cat\/es\/wp-json\/wp\/v2\/tags?post=7138"}],"curies":[{"name":"wp","href":"https:\/\/api.w.org\/{rel}","templated":true}]}}