{"id":7151,"date":"2023-11-06T11:10:53","date_gmt":"2023-11-06T10:10:53","guid":{"rendered":"https:\/\/gremicafe.cat\/?p=7151"},"modified":"2023-11-06T11:11:22","modified_gmt":"2023-11-06T10:11:22","slug":"els-futurs-del-cafe-repunten-amb-forca-tant-a-londres-com-a-nova-york","status":"publish","type":"post","link":"https:\/\/gremicafe.cat\/es\/2023\/11\/06\/els-futurs-del-cafe-repunten-amb-forca-tant-a-londres-com-a-nova-york\/","title":{"rendered":"Los futuros del caf\u00e9 repuntan con fuerza tanto en Londres como en Nueva York."},"content":{"rendered":"<div id=\"ut-row-69f3a664969dc\" data-vc-full-width=\"true\" data-vc-full-width-init=\"false\" class=\"vc_row wpb_row vc_row-fluid vc_column-gap-0 ut-row-69f3a664969fa\" ><div class=\"wpb_column vc_column_container vc_col-sm-12\" ><div id=\"ut_inner_column_69f3a66497983\" class=\"vc_column-inner\"><div class=\"wpb_wrapper\"><div  class=\"wpb_content_element   clearfix\"><style type=\"text\/css\" scoped>#ut_am_69f3a664982e2 { opacity: 1; }<\/style><div id=\"ut_am_wrap_69f3a664982e3\" class=\"ut-image-gallery-image\" style=\"text-align:left;\"><div class=\"ut-animated-image-item ut-image-gallery-item ut-animation-done\"><a class=\"ut-deactivated-link\" href=\"#\"><img loading=\"lazy\" decoding=\"async\" title=\"coffee-3408141_1280\" id=\"ut_am_69f3a664982e2\" style=\"\" src=\"https:\/\/gremicafe.cat\/wp-content\/uploads\/2023\/11\/coffee-3408141_1280.jpg\" width=\"1280\" height=\"853\" alt=\"\"\/><\/a><\/div><\/div><\/div>\n\t<div class=\"wpb_text_column wpb_content_element\" >\n\t\t<div class=\"wpb_wrapper\">\n\t\t\t<div class=\"page\" title=\"Page 1\">\n<div class=\"layoutArea\">\n<div class=\"column\">\n<blockquote>\n<p class=\"p1\"><i>La bajada de las exportaciones de ar\u00e1bica de Brasil y robusta de Vietnam y de otros pa\u00edses productores puede ser la causa.<\/i><\/p>\n<\/blockquote>\n<p class=\"p1\">Los inventarios de caf\u00e9 ar\u00e1bica, monitorizados por ICE, cayeron, el martes, hasta el m\u00ednimo de un a\u00f1o de 389.138 sacos, cerca del m\u00ednimo de los 23 a\u00f1os registrado en 382.695 sacos a 3 de noviembre de 2022. Los inventarios de caf\u00e9 robusta, monitorizados por ICE, se situaron en 3.953 lotes ligeramente por encima del r\u00e9cord a la baja.<\/p>\n<p class=\"p1\">MIL\u00c1N \u2013 Los precios de los futuros del caf\u00e9 ar\u00e1biga en Nueva York repuntaron con fuerza ayer con una oferta ajustada y con acciones certificadas casi r\u00e9cord. El contrato principal para la entrega de diciembre registr\u00f3 una ganancia de 820 puntos para alcanzar un m\u00e1ximo de una semana de 167,30 c\u00e9ntimos por libra. Los futuros del caf\u00e9 Ice Robusta para la entrega de enero se recuperaron de los m\u00ednimos del lunes y cerraron a 2.366 d\u00f3lares la tonelada m\u00e9trica.<\/p>\n<p class=\"p1\">El martes, los inventarios de caf\u00e9 ar\u00e1biga cayeron al menos un a\u00f1o de 389.138 sacos, cerca del m\u00ednimo de los \u00faltimos 23 a\u00f1os, registrado en 382.695 sacos el 3 de noviembre de 2022.<\/p>\n<p class=\"p1\">Los inventarios de caf\u00e9 robusta se situaron en 3.953 lotes el martes, ligeramente por encima del m\u00ednimo hist\u00f3rico del contrato de 3.374 lotes registrado a 31 de agosto.<\/p>\n<p class=\"p1\">Los distribuidores se\u00f1alaron que la prima del primer mes en el contrato de marzo en Nueva York se estaba ampliando debido a la estanqueidad de los suministros.<\/p>\n<p class=\"p1\">Cecafe inform\u00f3 el pasado 11 de octubre de que las exportaciones de caf\u00e9 ar\u00e1bica de septiembre de Brasil cayeron un 20% interanual hasta los 2,4 millones de bolsas, la m\u00e1s baja de este mes en 6 a\u00f1os.<\/p>\n<p class=\"p1\">Los distribuidores tambi\u00e9n dijeron que la pr\u00f3xima nueva cosecha en el principal productor de Robusta, Vietnam, ha ayudado a limitar las ganancias en el mercado de Londres.<\/p>\n<p>&nbsp;<\/p>\n<p class=\"p1\">Puede leer la noticia entera <a href=\"https:\/\/www.comunicaffe.com\/arabica-coffee-futures-rebound-strongly-on-near-record-low-exchange-stocks\/\" target=\"_blank\" rel=\"noopener\">aqu\u00ed<\/a>.<\/p>\n<\/div>\n<\/div>\n<\/div>\n\n\t\t<\/div>\n\t<\/div>\n<\/div><\/div><\/div><\/div><div class=\"vc_row-full-width vc_clearfix\"><\/div>","protected":false},"excerpt":{"rendered":"#ut_am_69f3a6649a542 { opacity: 1; } La baixada de les exportacions d\u2019ar\u00e0bica de Brasil i de robusta de Vietnam i d\u2019altres pa\u00efsos productors en pot ser la causa. Els inventaris de caf\u00e8 ar\u00e0bica, monitoritzats per ICE, van caure, dimarts, fins al m\u00ednim d'un any de 389.138 sacs, a prop del m\u00ednim dels 23 anys registrat en [...]","protected":false},"author":1,"featured_media":7152,"comment_status":"closed","ping_status":"open","sticky":false,"template":"","format":"standard","meta":{"_acf_changed":false,"inline_featured_image":false,"footnotes":""},"categories":[1,81],"tags":[],"class_list":["post-7151","post","type-post","status-publish","format-standard","has-post-thumbnail","hentry","category-noticies","category-novetats"],"acf":[],"yoast_head":"<!-- This site is optimized with the Yoast SEO plugin v25.5 - https:\/\/yoast.com\/wordpress\/plugins\/seo\/ -->\n<title>Els futurs del caf\u00e8 repunten amb for\u00e7a tant a Londres com a Nova York. - Gremi del Caf\u00e8, torradors de Catalunya<\/title>\n<meta name=\"robots\" content=\"index, follow, max-snippet:-1, max-image-preview:large, max-video-preview:-1\" \/>\n<link rel=\"canonical\" href=\"https:\/\/gremicafe.cat\/es\/2023\/11\/06\/els-futurs-del-cafe-repunten-amb-forca-tant-a-londres-com-a-nova-york\/\" \/>\n<meta property=\"og:locale\" content=\"es_ES\" \/>\n<meta property=\"og:type\" content=\"article\" \/>\n<meta property=\"og:title\" content=\"Els futurs del caf\u00e8 repunten amb for\u00e7a tant a Londres com a Nova York. - Gremi del Caf\u00e8, torradors de Catalunya\" \/>\n<meta property=\"og:url\" content=\"https:\/\/gremicafe.cat\/es\/2023\/11\/06\/els-futurs-del-cafe-repunten-amb-forca-tant-a-londres-com-a-nova-york\/\" \/>\n<meta property=\"og:site_name\" content=\"Gremi del Caf\u00e8, torradors de Catalunya\" \/>\n<meta property=\"article:publisher\" content=\"https:\/\/www.facebook.com\/gremicafecat\" \/>\n<meta property=\"article:published_time\" content=\"2023-11-06T10:10:53+00:00\" \/>\n<meta property=\"article:modified_time\" content=\"2023-11-06T10:11:22+00:00\" \/>\n<meta property=\"og:image\" content=\"https:\/\/gremicafe.cat\/wp-content\/uploads\/2023\/11\/coffee-3408141_1280.jpg\" \/>\n\t<meta property=\"og:image:width\" content=\"1280\" \/>\n\t<meta property=\"og:image:height\" content=\"853\" \/>\n\t<meta property=\"og:image:type\" content=\"image\/jpeg\" \/>\n<meta name=\"author\" content=\"gremicafe\" \/>\n<meta name=\"twitter:card\" content=\"summary_large_image\" \/>\n<meta name=\"twitter:creator\" content=\"@gremicafecat\" \/>\n<meta name=\"twitter:site\" content=\"@gremicafecat\" \/>\n<meta name=\"twitter:label1\" content=\"Escrito por\" \/>\n\t<meta name=\"twitter:data1\" content=\"gremicafe\" \/>\n\t<meta name=\"twitter:label2\" content=\"Tiempo de lectura\" \/>\n\t<meta name=\"twitter:data2\" content=\"2 minutos\" \/>\n<script type=\"application\/ld+json\" class=\"yoast-schema-graph\">{\"@context\":\"https:\/\/schema.org\",\"@graph\":[{\"@type\":\"Article\",\"@id\":\"https:\/\/gremicafe.cat\/2023\/11\/06\/els-futurs-del-cafe-repunten-amb-forca-tant-a-londres-com-a-nova-york\/#article\",\"isPartOf\":{\"@id\":\"https:\/\/gremicafe.cat\/2023\/11\/06\/els-futurs-del-cafe-repunten-amb-forca-tant-a-londres-com-a-nova-york\/\"},\"author\":{\"name\":\"gremicafe\",\"@id\":\"https:\/\/gremicafe.cat\/#\/schema\/person\/dabfdbb3d0fa36260855a380f94e4733\"},\"headline\":\"Els futurs del caf\u00e8 repunten amb for\u00e7a tant a Londres com a Nova York.\",\"datePublished\":\"2023-11-06T10:10:53+00:00\",\"dateModified\":\"2023-11-06T10:11:22+00:00\",\"mainEntityOfPage\":{\"@id\":\"https:\/\/gremicafe.cat\/2023\/11\/06\/els-futurs-del-cafe-repunten-amb-forca-tant-a-londres-com-a-nova-york\/\"},\"wordCount\":352,\"publisher\":{\"@id\":\"https:\/\/gremicafe.cat\/#organization\"},\"image\":{\"@id\":\"https:\/\/gremicafe.cat\/2023\/11\/06\/els-futurs-del-cafe-repunten-amb-forca-tant-a-londres-com-a-nova-york\/#primaryimage\"},\"thumbnailUrl\":\"https:\/\/gremicafe.cat\/wp-content\/uploads\/2023\/11\/coffee-3408141_1280.jpg\",\"articleSection\":[\"Not\u00edcies\",\"Novetats\"],\"inLanguage\":\"es\"},{\"@type\":\"WebPage\",\"@id\":\"https:\/\/gremicafe.cat\/2023\/11\/06\/els-futurs-del-cafe-repunten-amb-forca-tant-a-londres-com-a-nova-york\/\",\"url\":\"https:\/\/gremicafe.cat\/2023\/11\/06\/els-futurs-del-cafe-repunten-amb-forca-tant-a-londres-com-a-nova-york\/\",\"name\":\"Els futurs del caf\u00e8 repunten amb for\u00e7a tant a Londres com a Nova York. - Gremi del Caf\u00e8, torradors de Catalunya\",\"isPartOf\":{\"@id\":\"https:\/\/gremicafe.cat\/#website\"},\"primaryImageOfPage\":{\"@id\":\"https:\/\/gremicafe.cat\/2023\/11\/06\/els-futurs-del-cafe-repunten-amb-forca-tant-a-londres-com-a-nova-york\/#primaryimage\"},\"image\":{\"@id\":\"https:\/\/gremicafe.cat\/2023\/11\/06\/els-futurs-del-cafe-repunten-amb-forca-tant-a-londres-com-a-nova-york\/#primaryimage\"},\"thumbnailUrl\":\"https:\/\/gremicafe.cat\/wp-content\/uploads\/2023\/11\/coffee-3408141_1280.jpg\",\"datePublished\":\"2023-11-06T10:10:53+00:00\",\"dateModified\":\"2023-11-06T10:11:22+00:00\",\"breadcrumb\":{\"@id\":\"https:\/\/gremicafe.cat\/2023\/11\/06\/els-futurs-del-cafe-repunten-amb-forca-tant-a-londres-com-a-nova-york\/#breadcrumb\"},\"inLanguage\":\"es\",\"potentialAction\":[{\"@type\":\"ReadAction\",\"target\":[\"https:\/\/gremicafe.cat\/2023\/11\/06\/els-futurs-del-cafe-repunten-amb-forca-tant-a-londres-com-a-nova-york\/\"]}]},{\"@type\":\"ImageObject\",\"inLanguage\":\"es\",\"@id\":\"https:\/\/gremicafe.cat\/2023\/11\/06\/els-futurs-del-cafe-repunten-amb-forca-tant-a-londres-com-a-nova-york\/#primaryimage\",\"url\":\"https:\/\/gremicafe.cat\/wp-content\/uploads\/2023\/11\/coffee-3408141_1280.jpg\",\"contentUrl\":\"https:\/\/gremicafe.cat\/wp-content\/uploads\/2023\/11\/coffee-3408141_1280.jpg\",\"width\":1280,\"height\":853},{\"@type\":\"BreadcrumbList\",\"@id\":\"https:\/\/gremicafe.cat\/2023\/11\/06\/els-futurs-del-cafe-repunten-amb-forca-tant-a-londres-com-a-nova-york\/#breadcrumb\",\"itemListElement\":[{\"@type\":\"ListItem\",\"position\":1,\"name\":\"Inici\",\"item\":\"https:\/\/gremicafe.cat\/\"},{\"@type\":\"ListItem\",\"position\":2,\"name\":\"Els futurs del caf\u00e8 repunten amb for\u00e7a tant a Londres com a Nova York.\"}]},{\"@type\":\"WebSite\",\"@id\":\"https:\/\/gremicafe.cat\/#website\",\"url\":\"https:\/\/gremicafe.cat\/\",\"name\":\"Gremi del Caf\u00e8, torradors de Catalunya\",\"description\":\"Web oficial del gremi de torradors de caf\u00e8 de Catalunya\",\"publisher\":{\"@id\":\"https:\/\/gremicafe.cat\/#organization\"},\"potentialAction\":[{\"@type\":\"SearchAction\",\"target\":{\"@type\":\"EntryPoint\",\"urlTemplate\":\"https:\/\/gremicafe.cat\/?s={search_term_string}\"},\"query-input\":{\"@type\":\"PropertyValueSpecification\",\"valueRequired\":true,\"valueName\":\"search_term_string\"}}],\"inLanguage\":\"es\"},{\"@type\":\"Organization\",\"@id\":\"https:\/\/gremicafe.cat\/#organization\",\"name\":\"Gremi del Caf\u00e8, Torradors de Catalunya\",\"url\":\"https:\/\/gremicafe.cat\/\",\"logo\":{\"@type\":\"ImageObject\",\"inLanguage\":\"es\",\"@id\":\"https:\/\/gremicafe.cat\/#\/schema\/logo\/image\/\",\"url\":\"https:\/\/gremicafe.cat\/wp-content\/uploads\/2018\/03\/gremicafe-logo250.png\",\"contentUrl\":\"https:\/\/gremicafe.cat\/wp-content\/uploads\/2018\/03\/gremicafe-logo250.png\",\"width\":250,\"height\":49,\"caption\":\"Gremi del Caf\u00e8, Torradors de Catalunya\"},\"image\":{\"@id\":\"https:\/\/gremicafe.cat\/#\/schema\/logo\/image\/\"},\"sameAs\":[\"https:\/\/www.facebook.com\/gremicafecat\",\"https:\/\/x.com\/gremicafecat\",\"https:\/\/www.instagram.com\/gremicafecat\/\",\"https:\/\/www.pinterest.es\/gremicafecat\/\",\"https:\/\/www.youtube.com\/channel\/UCGLo5Y35vLwLvP4FrPZrCrw\/\"]},{\"@type\":\"Person\",\"@id\":\"https:\/\/gremicafe.cat\/#\/schema\/person\/dabfdbb3d0fa36260855a380f94e4733\",\"name\":\"gremicafe\",\"image\":{\"@type\":\"ImageObject\",\"inLanguage\":\"es\",\"@id\":\"https:\/\/gremicafe.cat\/#\/schema\/person\/image\/\",\"url\":\"https:\/\/secure.gravatar.com\/avatar\/e59baa4ca8f6f97576d6375fb6d3c8f0?s=96&d=mm&r=g\",\"contentUrl\":\"https:\/\/secure.gravatar.com\/avatar\/e59baa4ca8f6f97576d6375fb6d3c8f0?s=96&d=mm&r=g\",\"caption\":\"gremicafe\"}}]}<\/script>\n<!-- \/ Yoast SEO plugin. -->","yoast_head_json":{"title":"Els futurs del caf\u00e8 repunten amb for\u00e7a tant a Londres com a Nova York. - Gremi del Caf\u00e8, torradors de Catalunya","robots":{"index":"index","follow":"follow","max-snippet":"max-snippet:-1","max-image-preview":"max-image-preview:large","max-video-preview":"max-video-preview:-1"},"canonical":"https:\/\/gremicafe.cat\/es\/2023\/11\/06\/els-futurs-del-cafe-repunten-amb-forca-tant-a-londres-com-a-nova-york\/","og_locale":"es_ES","og_type":"article","og_title":"Els futurs del caf\u00e8 repunten amb for\u00e7a tant a Londres com a Nova York. - Gremi del Caf\u00e8, torradors de Catalunya","og_url":"https:\/\/gremicafe.cat\/es\/2023\/11\/06\/els-futurs-del-cafe-repunten-amb-forca-tant-a-londres-com-a-nova-york\/","og_site_name":"Gremi del Caf\u00e8, torradors de Catalunya","article_publisher":"https:\/\/www.facebook.com\/gremicafecat","article_published_time":"2023-11-06T10:10:53+00:00","article_modified_time":"2023-11-06T10:11:22+00:00","og_image":[{"width":1280,"height":853,"url":"https:\/\/gremicafe.cat\/wp-content\/uploads\/2023\/11\/coffee-3408141_1280.jpg","type":"image\/jpeg"}],"author":"gremicafe","twitter_card":"summary_large_image","twitter_creator":"@gremicafecat","twitter_site":"@gremicafecat","twitter_misc":{"Escrito por":"gremicafe","Tiempo de lectura":"2 minutos"},"schema":{"@context":"https:\/\/schema.org","@graph":[{"@type":"Article","@id":"https:\/\/gremicafe.cat\/2023\/11\/06\/els-futurs-del-cafe-repunten-amb-forca-tant-a-londres-com-a-nova-york\/#article","isPartOf":{"@id":"https:\/\/gremicafe.cat\/2023\/11\/06\/els-futurs-del-cafe-repunten-amb-forca-tant-a-londres-com-a-nova-york\/"},"author":{"name":"gremicafe","@id":"https:\/\/gremicafe.cat\/#\/schema\/person\/dabfdbb3d0fa36260855a380f94e4733"},"headline":"Els futurs del caf\u00e8 repunten amb for\u00e7a tant a Londres com a Nova York.","datePublished":"2023-11-06T10:10:53+00:00","dateModified":"2023-11-06T10:11:22+00:00","mainEntityOfPage":{"@id":"https:\/\/gremicafe.cat\/2023\/11\/06\/els-futurs-del-cafe-repunten-amb-forca-tant-a-londres-com-a-nova-york\/"},"wordCount":352,"publisher":{"@id":"https:\/\/gremicafe.cat\/#organization"},"image":{"@id":"https:\/\/gremicafe.cat\/2023\/11\/06\/els-futurs-del-cafe-repunten-amb-forca-tant-a-londres-com-a-nova-york\/#primaryimage"},"thumbnailUrl":"https:\/\/gremicafe.cat\/wp-content\/uploads\/2023\/11\/coffee-3408141_1280.jpg","articleSection":["Not\u00edcies","Novetats"],"inLanguage":"es"},{"@type":"WebPage","@id":"https:\/\/gremicafe.cat\/2023\/11\/06\/els-futurs-del-cafe-repunten-amb-forca-tant-a-londres-com-a-nova-york\/","url":"https:\/\/gremicafe.cat\/2023\/11\/06\/els-futurs-del-cafe-repunten-amb-forca-tant-a-londres-com-a-nova-york\/","name":"Els futurs del caf\u00e8 repunten amb for\u00e7a tant a Londres com a Nova York. - Gremi del Caf\u00e8, torradors de Catalunya","isPartOf":{"@id":"https:\/\/gremicafe.cat\/#website"},"primaryImageOfPage":{"@id":"https:\/\/gremicafe.cat\/2023\/11\/06\/els-futurs-del-cafe-repunten-amb-forca-tant-a-londres-com-a-nova-york\/#primaryimage"},"image":{"@id":"https:\/\/gremicafe.cat\/2023\/11\/06\/els-futurs-del-cafe-repunten-amb-forca-tant-a-londres-com-a-nova-york\/#primaryimage"},"thumbnailUrl":"https:\/\/gremicafe.cat\/wp-content\/uploads\/2023\/11\/coffee-3408141_1280.jpg","datePublished":"2023-11-06T10:10:53+00:00","dateModified":"2023-11-06T10:11:22+00:00","breadcrumb":{"@id":"https:\/\/gremicafe.cat\/2023\/11\/06\/els-futurs-del-cafe-repunten-amb-forca-tant-a-londres-com-a-nova-york\/#breadcrumb"},"inLanguage":"es","potentialAction":[{"@type":"ReadAction","target":["https:\/\/gremicafe.cat\/2023\/11\/06\/els-futurs-del-cafe-repunten-amb-forca-tant-a-londres-com-a-nova-york\/"]}]},{"@type":"ImageObject","inLanguage":"es","@id":"https:\/\/gremicafe.cat\/2023\/11\/06\/els-futurs-del-cafe-repunten-amb-forca-tant-a-londres-com-a-nova-york\/#primaryimage","url":"https:\/\/gremicafe.cat\/wp-content\/uploads\/2023\/11\/coffee-3408141_1280.jpg","contentUrl":"https:\/\/gremicafe.cat\/wp-content\/uploads\/2023\/11\/coffee-3408141_1280.jpg","width":1280,"height":853},{"@type":"BreadcrumbList","@id":"https:\/\/gremicafe.cat\/2023\/11\/06\/els-futurs-del-cafe-repunten-amb-forca-tant-a-londres-com-a-nova-york\/#breadcrumb","itemListElement":[{"@type":"ListItem","position":1,"name":"Inici","item":"https:\/\/gremicafe.cat\/"},{"@type":"ListItem","position":2,"name":"Els futurs del caf\u00e8 repunten amb for\u00e7a tant a Londres com a Nova York."}]},{"@type":"WebSite","@id":"https:\/\/gremicafe.cat\/#website","url":"https:\/\/gremicafe.cat\/","name":"Gremio del Caf\u00e9, tostadores de Catalu\u00f1a","description":"Web oficial del gremio de tostadores de caf\u00e9 de Catalunya","publisher":{"@id":"https:\/\/gremicafe.cat\/#organization"},"potentialAction":[{"@type":"SearchAction","target":{"@type":"EntryPoint","urlTemplate":"https:\/\/gremicafe.cat\/?s={search_term_string}"},"query-input":{"@type":"PropertyValueSpecification","valueRequired":true,"valueName":"search_term_string"}}],"inLanguage":"es"},{"@type":"Organization","@id":"https:\/\/gremicafe.cat\/#organization","name":"Gremio del Caf\u00e9, Tostadores de Catalu\u00f1a","url":"https:\/\/gremicafe.cat\/","logo":{"@type":"ImageObject","inLanguage":"es","@id":"https:\/\/gremicafe.cat\/#\/schema\/logo\/image\/","url":"https:\/\/gremicafe.cat\/wp-content\/uploads\/2018\/03\/gremicafe-logo250.png","contentUrl":"https:\/\/gremicafe.cat\/wp-content\/uploads\/2018\/03\/gremicafe-logo250.png","width":250,"height":49,"caption":"Gremi del Caf\u00e8, Torradors de Catalunya"},"image":{"@id":"https:\/\/gremicafe.cat\/#\/schema\/logo\/image\/"},"sameAs":["https:\/\/www.facebook.com\/gremicafecat","https:\/\/x.com\/gremicafecat","https:\/\/www.instagram.com\/gremicafecat\/","https:\/\/www.pinterest.es\/gremicafecat\/","https:\/\/www.youtube.com\/channel\/UCGLo5Y35vLwLvP4FrPZrCrw\/"]},{"@type":"Person","@id":"https:\/\/gremicafe.cat\/#\/schema\/person\/dabfdbb3d0fa36260855a380f94e4733","name":"gremicafe","image":{"@type":"ImageObject","inLanguage":"es","@id":"https:\/\/gremicafe.cat\/#\/schema\/person\/image\/","url":"https:\/\/secure.gravatar.com\/avatar\/e59baa4ca8f6f97576d6375fb6d3c8f0?s=96&d=mm&r=g","contentUrl":"https:\/\/secure.gravatar.com\/avatar\/e59baa4ca8f6f97576d6375fb6d3c8f0?s=96&d=mm&r=g","caption":"gremicafe"}}]}},"_links":{"self":[{"href":"https:\/\/gremicafe.cat\/es\/wp-json\/wp\/v2\/posts\/7151"}],"collection":[{"href":"https:\/\/gremicafe.cat\/es\/wp-json\/wp\/v2\/posts"}],"about":[{"href":"https:\/\/gremicafe.cat\/es\/wp-json\/wp\/v2\/types\/post"}],"author":[{"embeddable":true,"href":"https:\/\/gremicafe.cat\/es\/wp-json\/wp\/v2\/users\/1"}],"replies":[{"embeddable":true,"href":"https:\/\/gremicafe.cat\/es\/wp-json\/wp\/v2\/comments?post=7151"}],"version-history":[{"count":0,"href":"https:\/\/gremicafe.cat\/es\/wp-json\/wp\/v2\/posts\/7151\/revisions"}],"wp:featuredmedia":[{"embeddable":true,"href":"https:\/\/gremicafe.cat\/es\/wp-json\/wp\/v2\/media\/7152"}],"wp:attachment":[{"href":"https:\/\/gremicafe.cat\/es\/wp-json\/wp\/v2\/media?parent=7151"}],"wp:term":[{"taxonomy":"category","embeddable":true,"href":"https:\/\/gremicafe.cat\/es\/wp-json\/wp\/v2\/categories?post=7151"},{"taxonomy":"post_tag","embeddable":true,"href":"https:\/\/gremicafe.cat\/es\/wp-json\/wp\/v2\/tags?post=7151"}],"curies":[{"name":"wp","href":"https:\/\/api.w.org\/{rel}","templated":true}]}}