{"id":7156,"date":"2023-11-14T16:02:35","date_gmt":"2023-11-14T15:02:35","guid":{"rendered":"https:\/\/gremicafe.cat\/?p=7156"},"modified":"2023-11-14T16:02:35","modified_gmt":"2023-11-14T15:02:35","slug":"el-preu-del-cafe-no-para-de-pujar","status":"publish","type":"post","link":"https:\/\/gremicafe.cat\/es\/2023\/11\/14\/el-preu-del-cafe-no-para-de-pujar\/","title":{"rendered":"El precio del caf\u00e9 no para de subir"},"content":{"rendered":"<div id=\"ut-row-69f39b0295ab5\" data-vc-full-width=\"true\" data-vc-full-width-init=\"false\" class=\"vc_row wpb_row vc_row-fluid vc_column-gap-0 ut-row-69f39b0295ada\" ><div class=\"wpb_column vc_column_container vc_col-sm-12\" ><div id=\"ut_inner_column_69f39b0299b94\" class=\"vc_column-inner\"><div class=\"wpb_wrapper\"><div  class=\"wpb_content_element   clearfix\"><style type=\"text\/css\" scoped>#ut_am_69f39b029b080 { opacity: 1; }<\/style><div id=\"ut_am_wrap_69f39b029b082\" class=\"ut-image-gallery-image\" style=\"text-align:left;\"><div class=\"ut-animated-image-item ut-image-gallery-item ut-animation-done\"><a class=\"ut-deactivated-link\" href=\"#\"><img loading=\"lazy\" decoding=\"async\" title=\"CafePrecio\" id=\"ut_am_69f39b029b080\" style=\"\" src=\"https:\/\/gremicafe.cat\/wp-content\/uploads\/2023\/11\/CafePreu.jpg\" width=\"751\" height=\"511\" alt=\"\"\/><\/a><\/div><\/div><\/div>\n\t<div class=\"wpb_text_column wpb_content_element\" >\n\t\t<div class=\"wpb_wrapper\">\n\t\t\t<div class=\"page\" title=\"Page 1\">\n<div class=\"layoutArea\">\n<div class=\"column\">\n<p class=\"p1\" style=\"text-align: left;\"><strong><span class=\"s1\"><i>Los futuros del caf\u00e9 ar\u00e1bica alcanzan los precios m\u00e1ximos de los \u00faltimos dos meses, en la bolsa de Nueva York. <\/i><\/span><\/strong><\/p>\n<p class=\"p1\" style=\"text-align: left;\"><strong><span class=\"s1\"><i>El coste del caf\u00e9 verde es cada vez mayor por el tostador de caf\u00e9 que se ver\u00e1 obligado a repercutir el precio en la taza de caf\u00e9.<\/i><\/span><\/strong><\/p>\n<p class=\"p1\"><span class=\"s1\">MIL\u00c1NO \u2013 Los futuros del caf\u00e9 ar\u00e1bica en Nueva York aumentaron con bastante jueves y viernes. El contrato principal de ICE Arabica para la entrega de diciembre aument\u00f3 1.100 puntos en dos d\u00edas por cerrar la semana a 1,709 d\u00f3lares, tras alcanzar un m\u00e1ximo intrad\u00eda de seis semanas y media de 1,7135 d\u00f3lares. En Londres, el contrato principal para la entrega de enero de 2024 aument\u00f3 el viernes 44 d\u00f3lares (+1,9%) hasta 2.372 d\u00f3lares la tonelada m\u00e9trica.<\/span><\/p>\n<p class=\"p1\"><span class=\"s1\">Los precios de los futuros del caf\u00e9 continuar\u00e1n subiendo, dado que las existencias actuales siguen manteni\u00e9ndose en m\u00ednimos hist\u00f3ricos. Las existencias certificadas de Ar\u00e1bica controladas por ICE el viernes cayeron 360.009 sacos, el m\u00ednimo de los \u00faltimos veinticuatro a\u00f1os<\/span><\/p>\n<p class=\"p1\"><span class=\"s1\">Mientras, los inventarios de caf\u00e9 Robusta se situaron en 4.043 lotes, ligeramente por encima del m\u00ednimo del contrato de 3.374 lotes publicado a 31 de agosto.<\/span><\/p>\n<p class=\"p1\"><span class=\"s1\">Los agricultores de Vietnam, principal productor de Robusta, empezaron la cosecha esta semana, aunque los suministros se mantuvieron limitados.<\/span><\/p>\n<p class=\"p1\">Puede leer la noticia entera <a href=\"https:\/\/www.comunicaffe.com\/arabica-coffee-futures-reach-2-month-highs-in-new-york\/\" target=\"_blank\" rel=\"noopener\">aqu\u00ed<\/a>.<\/p>\n<\/div>\n<\/div>\n<\/div>\n\n\t\t<\/div>\n\t<\/div>\n<\/div><\/div><\/div><\/div><div class=\"vc_row-full-width vc_clearfix\"><\/div>","protected":false},"excerpt":{"rendered":"#ut_am_69f39b029d07f { opacity: 1; } Els futurs del caf\u00e8 ar\u00e0bica assoleixen els preus m\u00e0xims dels darrers dos mesos, a la borsa de Nova York. El cost del caf\u00e8 verd \u00e9s cada vegada m\u00e9s alt pel torrador de caf\u00e8 que es veur\u00e0 obligat a repercutir el preu en la tassa de caf\u00e8. MIL\u00c0 - Els futurs [...]","protected":false},"author":1,"featured_media":7157,"comment_status":"closed","ping_status":"open","sticky":false,"template":"","format":"standard","meta":{"_acf_changed":false,"inline_featured_image":false,"footnotes":""},"categories":[1,81],"tags":[55,56,74,86],"class_list":["post-7156","post","type-post","status-publish","format-standard","has-post-thumbnail","hentry","category-noticies","category-novetats","tag-cafe-arabica","tag-cafe-robusta","tag-cafe-verd","tag-preu-del-cafe"],"acf":[],"yoast_head":"<!-- This site is optimized with the Yoast SEO plugin v25.5 - https:\/\/yoast.com\/wordpress\/plugins\/seo\/ -->\n<title>El preu del caf\u00e8 no para de pujar - Gremi del Caf\u00e8, torradors de Catalunya<\/title>\n<meta name=\"robots\" content=\"index, follow, max-snippet:-1, max-image-preview:large, max-video-preview:-1\" \/>\n<link rel=\"canonical\" href=\"https:\/\/gremicafe.cat\/es\/2023\/11\/14\/el-preu-del-cafe-no-para-de-pujar\/\" \/>\n<meta property=\"og:locale\" content=\"es_ES\" \/>\n<meta property=\"og:type\" content=\"article\" \/>\n<meta property=\"og:title\" content=\"El preu del caf\u00e8 no para de pujar - Gremi del Caf\u00e8, torradors de Catalunya\" \/>\n<meta property=\"og:url\" content=\"https:\/\/gremicafe.cat\/es\/2023\/11\/14\/el-preu-del-cafe-no-para-de-pujar\/\" \/>\n<meta property=\"og:site_name\" content=\"Gremi del Caf\u00e8, torradors de Catalunya\" \/>\n<meta property=\"article:publisher\" content=\"https:\/\/www.facebook.com\/gremicafecat\" \/>\n<meta property=\"article:published_time\" content=\"2023-11-14T15:02:35+00:00\" \/>\n<meta property=\"og:image\" content=\"https:\/\/gremicafe.cat\/wp-content\/uploads\/2023\/11\/CafePreu.jpg\" \/>\n\t<meta property=\"og:image:width\" content=\"751\" \/>\n\t<meta property=\"og:image:height\" content=\"511\" \/>\n\t<meta property=\"og:image:type\" content=\"image\/jpeg\" \/>\n<meta name=\"author\" content=\"gremicafe\" \/>\n<meta name=\"twitter:card\" content=\"summary_large_image\" \/>\n<meta name=\"twitter:creator\" content=\"@gremicafecat\" \/>\n<meta name=\"twitter:site\" content=\"@gremicafecat\" \/>\n<meta name=\"twitter:label1\" content=\"Escrito por\" \/>\n\t<meta name=\"twitter:data1\" content=\"gremicafe\" \/>\n\t<meta name=\"twitter:label2\" content=\"Tiempo de lectura\" \/>\n\t<meta name=\"twitter:data2\" content=\"2 minutos\" \/>\n<script type=\"application\/ld+json\" class=\"yoast-schema-graph\">{\"@context\":\"https:\/\/schema.org\",\"@graph\":[{\"@type\":\"Article\",\"@id\":\"https:\/\/gremicafe.cat\/2023\/11\/14\/el-preu-del-cafe-no-para-de-pujar\/#article\",\"isPartOf\":{\"@id\":\"https:\/\/gremicafe.cat\/2023\/11\/14\/el-preu-del-cafe-no-para-de-pujar\/\"},\"author\":{\"name\":\"gremicafe\",\"@id\":\"https:\/\/gremicafe.cat\/#\/schema\/person\/dabfdbb3d0fa36260855a380f94e4733\"},\"headline\":\"El preu del caf\u00e8 no para de pujar\",\"datePublished\":\"2023-11-14T15:02:35+00:00\",\"mainEntityOfPage\":{\"@id\":\"https:\/\/gremicafe.cat\/2023\/11\/14\/el-preu-del-cafe-no-para-de-pujar\/\"},\"wordCount\":254,\"publisher\":{\"@id\":\"https:\/\/gremicafe.cat\/#organization\"},\"image\":{\"@id\":\"https:\/\/gremicafe.cat\/2023\/11\/14\/el-preu-del-cafe-no-para-de-pujar\/#primaryimage\"},\"thumbnailUrl\":\"https:\/\/gremicafe.cat\/wp-content\/uploads\/2023\/11\/CafePreu.jpg\",\"keywords\":[\"cafe arabica\",\"cafe robusta\",\"cafe verd\",\"preu del caf\u00e8\"],\"articleSection\":[\"Not\u00edcies\",\"Novetats\"],\"inLanguage\":\"es\"},{\"@type\":\"WebPage\",\"@id\":\"https:\/\/gremicafe.cat\/2023\/11\/14\/el-preu-del-cafe-no-para-de-pujar\/\",\"url\":\"https:\/\/gremicafe.cat\/2023\/11\/14\/el-preu-del-cafe-no-para-de-pujar\/\",\"name\":\"El preu del caf\u00e8 no para de pujar - Gremi del Caf\u00e8, torradors de Catalunya\",\"isPartOf\":{\"@id\":\"https:\/\/gremicafe.cat\/#website\"},\"primaryImageOfPage\":{\"@id\":\"https:\/\/gremicafe.cat\/2023\/11\/14\/el-preu-del-cafe-no-para-de-pujar\/#primaryimage\"},\"image\":{\"@id\":\"https:\/\/gremicafe.cat\/2023\/11\/14\/el-preu-del-cafe-no-para-de-pujar\/#primaryimage\"},\"thumbnailUrl\":\"https:\/\/gremicafe.cat\/wp-content\/uploads\/2023\/11\/CafePreu.jpg\",\"datePublished\":\"2023-11-14T15:02:35+00:00\",\"breadcrumb\":{\"@id\":\"https:\/\/gremicafe.cat\/2023\/11\/14\/el-preu-del-cafe-no-para-de-pujar\/#breadcrumb\"},\"inLanguage\":\"es\",\"potentialAction\":[{\"@type\":\"ReadAction\",\"target\":[\"https:\/\/gremicafe.cat\/2023\/11\/14\/el-preu-del-cafe-no-para-de-pujar\/\"]}]},{\"@type\":\"ImageObject\",\"inLanguage\":\"es\",\"@id\":\"https:\/\/gremicafe.cat\/2023\/11\/14\/el-preu-del-cafe-no-para-de-pujar\/#primaryimage\",\"url\":\"https:\/\/gremicafe.cat\/wp-content\/uploads\/2023\/11\/CafePreu.jpg\",\"contentUrl\":\"https:\/\/gremicafe.cat\/wp-content\/uploads\/2023\/11\/CafePreu.jpg\",\"width\":751,\"height\":511},{\"@type\":\"BreadcrumbList\",\"@id\":\"https:\/\/gremicafe.cat\/2023\/11\/14\/el-preu-del-cafe-no-para-de-pujar\/#breadcrumb\",\"itemListElement\":[{\"@type\":\"ListItem\",\"position\":1,\"name\":\"Inici\",\"item\":\"https:\/\/gremicafe.cat\/\"},{\"@type\":\"ListItem\",\"position\":2,\"name\":\"El preu del caf\u00e8 no para de pujar\"}]},{\"@type\":\"WebSite\",\"@id\":\"https:\/\/gremicafe.cat\/#website\",\"url\":\"https:\/\/gremicafe.cat\/\",\"name\":\"Gremi del Caf\u00e8, torradors de Catalunya\",\"description\":\"Web oficial del gremi de torradors de caf\u00e8 de Catalunya\",\"publisher\":{\"@id\":\"https:\/\/gremicafe.cat\/#organization\"},\"potentialAction\":[{\"@type\":\"SearchAction\",\"target\":{\"@type\":\"EntryPoint\",\"urlTemplate\":\"https:\/\/gremicafe.cat\/?s={search_term_string}\"},\"query-input\":{\"@type\":\"PropertyValueSpecification\",\"valueRequired\":true,\"valueName\":\"search_term_string\"}}],\"inLanguage\":\"es\"},{\"@type\":\"Organization\",\"@id\":\"https:\/\/gremicafe.cat\/#organization\",\"name\":\"Gremi del Caf\u00e8, Torradors de Catalunya\",\"url\":\"https:\/\/gremicafe.cat\/\",\"logo\":{\"@type\":\"ImageObject\",\"inLanguage\":\"es\",\"@id\":\"https:\/\/gremicafe.cat\/#\/schema\/logo\/image\/\",\"url\":\"https:\/\/gremicafe.cat\/wp-content\/uploads\/2018\/03\/gremicafe-logo250.png\",\"contentUrl\":\"https:\/\/gremicafe.cat\/wp-content\/uploads\/2018\/03\/gremicafe-logo250.png\",\"width\":250,\"height\":49,\"caption\":\"Gremi del Caf\u00e8, Torradors de Catalunya\"},\"image\":{\"@id\":\"https:\/\/gremicafe.cat\/#\/schema\/logo\/image\/\"},\"sameAs\":[\"https:\/\/www.facebook.com\/gremicafecat\",\"https:\/\/x.com\/gremicafecat\",\"https:\/\/www.instagram.com\/gremicafecat\/\",\"https:\/\/www.pinterest.es\/gremicafecat\/\",\"https:\/\/www.youtube.com\/channel\/UCGLo5Y35vLwLvP4FrPZrCrw\/\"]},{\"@type\":\"Person\",\"@id\":\"https:\/\/gremicafe.cat\/#\/schema\/person\/dabfdbb3d0fa36260855a380f94e4733\",\"name\":\"gremicafe\",\"image\":{\"@type\":\"ImageObject\",\"inLanguage\":\"es\",\"@id\":\"https:\/\/gremicafe.cat\/#\/schema\/person\/image\/\",\"url\":\"https:\/\/secure.gravatar.com\/avatar\/e59baa4ca8f6f97576d6375fb6d3c8f0?s=96&d=mm&r=g\",\"contentUrl\":\"https:\/\/secure.gravatar.com\/avatar\/e59baa4ca8f6f97576d6375fb6d3c8f0?s=96&d=mm&r=g\",\"caption\":\"gremicafe\"}}]}<\/script>\n<!-- \/ Yoast SEO plugin. -->","yoast_head_json":{"title":"El preu del caf\u00e8 no para de pujar - Gremi del Caf\u00e8, torradors de Catalunya","robots":{"index":"index","follow":"follow","max-snippet":"max-snippet:-1","max-image-preview":"max-image-preview:large","max-video-preview":"max-video-preview:-1"},"canonical":"https:\/\/gremicafe.cat\/es\/2023\/11\/14\/el-preu-del-cafe-no-para-de-pujar\/","og_locale":"es_ES","og_type":"article","og_title":"El preu del caf\u00e8 no para de pujar - Gremi del Caf\u00e8, torradors de Catalunya","og_url":"https:\/\/gremicafe.cat\/es\/2023\/11\/14\/el-preu-del-cafe-no-para-de-pujar\/","og_site_name":"Gremi del Caf\u00e8, torradors de Catalunya","article_publisher":"https:\/\/www.facebook.com\/gremicafecat","article_published_time":"2023-11-14T15:02:35+00:00","og_image":[{"width":751,"height":511,"url":"https:\/\/gremicafe.cat\/wp-content\/uploads\/2023\/11\/CafePreu.jpg","type":"image\/jpeg"}],"author":"gremicafe","twitter_card":"summary_large_image","twitter_creator":"@gremicafecat","twitter_site":"@gremicafecat","twitter_misc":{"Escrito por":"gremicafe","Tiempo de lectura":"2 minutos"},"schema":{"@context":"https:\/\/schema.org","@graph":[{"@type":"Article","@id":"https:\/\/gremicafe.cat\/2023\/11\/14\/el-preu-del-cafe-no-para-de-pujar\/#article","isPartOf":{"@id":"https:\/\/gremicafe.cat\/2023\/11\/14\/el-preu-del-cafe-no-para-de-pujar\/"},"author":{"name":"gremicafe","@id":"https:\/\/gremicafe.cat\/#\/schema\/person\/dabfdbb3d0fa36260855a380f94e4733"},"headline":"El preu del caf\u00e8 no para de pujar","datePublished":"2023-11-14T15:02:35+00:00","mainEntityOfPage":{"@id":"https:\/\/gremicafe.cat\/2023\/11\/14\/el-preu-del-cafe-no-para-de-pujar\/"},"wordCount":254,"publisher":{"@id":"https:\/\/gremicafe.cat\/#organization"},"image":{"@id":"https:\/\/gremicafe.cat\/2023\/11\/14\/el-preu-del-cafe-no-para-de-pujar\/#primaryimage"},"thumbnailUrl":"https:\/\/gremicafe.cat\/wp-content\/uploads\/2023\/11\/CafePreu.jpg","keywords":["cafe arabica","cafe robusta","cafe verd","preu del caf\u00e8"],"articleSection":["Not\u00edcies","Novetats"],"inLanguage":"es"},{"@type":"WebPage","@id":"https:\/\/gremicafe.cat\/2023\/11\/14\/el-preu-del-cafe-no-para-de-pujar\/","url":"https:\/\/gremicafe.cat\/2023\/11\/14\/el-preu-del-cafe-no-para-de-pujar\/","name":"El preu del caf\u00e8 no para de pujar - Gremi del Caf\u00e8, torradors de Catalunya","isPartOf":{"@id":"https:\/\/gremicafe.cat\/#website"},"primaryImageOfPage":{"@id":"https:\/\/gremicafe.cat\/2023\/11\/14\/el-preu-del-cafe-no-para-de-pujar\/#primaryimage"},"image":{"@id":"https:\/\/gremicafe.cat\/2023\/11\/14\/el-preu-del-cafe-no-para-de-pujar\/#primaryimage"},"thumbnailUrl":"https:\/\/gremicafe.cat\/wp-content\/uploads\/2023\/11\/CafePreu.jpg","datePublished":"2023-11-14T15:02:35+00:00","breadcrumb":{"@id":"https:\/\/gremicafe.cat\/2023\/11\/14\/el-preu-del-cafe-no-para-de-pujar\/#breadcrumb"},"inLanguage":"es","potentialAction":[{"@type":"ReadAction","target":["https:\/\/gremicafe.cat\/2023\/11\/14\/el-preu-del-cafe-no-para-de-pujar\/"]}]},{"@type":"ImageObject","inLanguage":"es","@id":"https:\/\/gremicafe.cat\/2023\/11\/14\/el-preu-del-cafe-no-para-de-pujar\/#primaryimage","url":"https:\/\/gremicafe.cat\/wp-content\/uploads\/2023\/11\/CafePreu.jpg","contentUrl":"https:\/\/gremicafe.cat\/wp-content\/uploads\/2023\/11\/CafePreu.jpg","width":751,"height":511},{"@type":"BreadcrumbList","@id":"https:\/\/gremicafe.cat\/2023\/11\/14\/el-preu-del-cafe-no-para-de-pujar\/#breadcrumb","itemListElement":[{"@type":"ListItem","position":1,"name":"Inici","item":"https:\/\/gremicafe.cat\/"},{"@type":"ListItem","position":2,"name":"El preu del caf\u00e8 no para de pujar"}]},{"@type":"WebSite","@id":"https:\/\/gremicafe.cat\/#website","url":"https:\/\/gremicafe.cat\/","name":"Gremio del Caf\u00e9, tostadores de Catalu\u00f1a","description":"Web oficial del gremio de tostadores de caf\u00e9 de Catalunya","publisher":{"@id":"https:\/\/gremicafe.cat\/#organization"},"potentialAction":[{"@type":"SearchAction","target":{"@type":"EntryPoint","urlTemplate":"https:\/\/gremicafe.cat\/?s={search_term_string}"},"query-input":{"@type":"PropertyValueSpecification","valueRequired":true,"valueName":"search_term_string"}}],"inLanguage":"es"},{"@type":"Organization","@id":"https:\/\/gremicafe.cat\/#organization","name":"Gremio del Caf\u00e9, Tostadores de Catalu\u00f1a","url":"https:\/\/gremicafe.cat\/","logo":{"@type":"ImageObject","inLanguage":"es","@id":"https:\/\/gremicafe.cat\/#\/schema\/logo\/image\/","url":"https:\/\/gremicafe.cat\/wp-content\/uploads\/2018\/03\/gremicafe-logo250.png","contentUrl":"https:\/\/gremicafe.cat\/wp-content\/uploads\/2018\/03\/gremicafe-logo250.png","width":250,"height":49,"caption":"Gremi del Caf\u00e8, Torradors de Catalunya"},"image":{"@id":"https:\/\/gremicafe.cat\/#\/schema\/logo\/image\/"},"sameAs":["https:\/\/www.facebook.com\/gremicafecat","https:\/\/x.com\/gremicafecat","https:\/\/www.instagram.com\/gremicafecat\/","https:\/\/www.pinterest.es\/gremicafecat\/","https:\/\/www.youtube.com\/channel\/UCGLo5Y35vLwLvP4FrPZrCrw\/"]},{"@type":"Person","@id":"https:\/\/gremicafe.cat\/#\/schema\/person\/dabfdbb3d0fa36260855a380f94e4733","name":"gremicafe","image":{"@type":"ImageObject","inLanguage":"es","@id":"https:\/\/gremicafe.cat\/#\/schema\/person\/image\/","url":"https:\/\/secure.gravatar.com\/avatar\/e59baa4ca8f6f97576d6375fb6d3c8f0?s=96&d=mm&r=g","contentUrl":"https:\/\/secure.gravatar.com\/avatar\/e59baa4ca8f6f97576d6375fb6d3c8f0?s=96&d=mm&r=g","caption":"gremicafe"}}]}},"_links":{"self":[{"href":"https:\/\/gremicafe.cat\/es\/wp-json\/wp\/v2\/posts\/7156"}],"collection":[{"href":"https:\/\/gremicafe.cat\/es\/wp-json\/wp\/v2\/posts"}],"about":[{"href":"https:\/\/gremicafe.cat\/es\/wp-json\/wp\/v2\/types\/post"}],"author":[{"embeddable":true,"href":"https:\/\/gremicafe.cat\/es\/wp-json\/wp\/v2\/users\/1"}],"replies":[{"embeddable":true,"href":"https:\/\/gremicafe.cat\/es\/wp-json\/wp\/v2\/comments?post=7156"}],"version-history":[{"count":0,"href":"https:\/\/gremicafe.cat\/es\/wp-json\/wp\/v2\/posts\/7156\/revisions"}],"wp:featuredmedia":[{"embeddable":true,"href":"https:\/\/gremicafe.cat\/es\/wp-json\/wp\/v2\/media\/7157"}],"wp:attachment":[{"href":"https:\/\/gremicafe.cat\/es\/wp-json\/wp\/v2\/media?parent=7156"}],"wp:term":[{"taxonomy":"category","embeddable":true,"href":"https:\/\/gremicafe.cat\/es\/wp-json\/wp\/v2\/categories?post=7156"},{"taxonomy":"post_tag","embeddable":true,"href":"https:\/\/gremicafe.cat\/es\/wp-json\/wp\/v2\/tags?post=7156"}],"curies":[{"name":"wp","href":"https:\/\/api.w.org\/{rel}","templated":true}]}}