{"id":7166,"date":"2023-12-14T16:03:01","date_gmt":"2023-12-14T15:03:01","guid":{"rendered":"https:\/\/gremicafe.cat\/?p=7166"},"modified":"2023-12-14T16:04:38","modified_gmt":"2023-12-14T15:04:38","slug":"el-gremi-de-restauracio-de-barcelona-presenta-el-tradicional-anunci-de-nadal-fem-familia","status":"publish","type":"post","link":"https:\/\/gremicafe.cat\/es\/2023\/12\/14\/el-gremi-de-restauracio-de-barcelona-presenta-el-tradicional-anunci-de-nadal-fem-familia\/","title":{"rendered":"El Gremio de Restauraci\u00f3n de Barcelona presenta el tradicional anuncio de Navidad: \u201cHACEMOS FAMILIA\u201d"},"content":{"rendered":"<div id=\"ut-row-69f5c12a372e1\" data-vc-full-width=\"true\" data-vc-full-width-init=\"false\" class=\"vc_row wpb_row vc_row-fluid vc_column-gap-0 vc_row-o-content-middle vc_row-flex ut-row-69f5c12a372f3\" ><div class=\"wpb_column vc_column_container vc_col-sm-12\" ><div id=\"ut_inner_column_69f5c12a37cac\" class=\"vc_column-inner\"><div class=\"wpb_wrapper\"><div class=\"wpb_content_element\"><style type=\"text\/css\" scoped>#ut_vs_69f5c12a3836a.ut-shortcode-video-wrap .ut-video-module-caption-text span { font-weight: bold; }<\/style><div id=\"ut_vs_69f5c12a3836a\" class=\"ut-shortcode-video-wrap  clearfix\"><div class=\"ut-video-module\"><div class=\"ut-video-module-caption\"><a class=\"ut-load-video\" data-video=\"https:\/\/www.youtube.com\/watch?v=q5B_Wn4c6p4\" href=\"#\"><img decoding=\"async\" src=\"https:\/\/gremicafe.cat\/wp-content\/uploads\/2023\/12\/Portada-Anunci-de-Nadal-2023-Gremi-Restauradors.jpg\"><div class=\"ut-video-module-caption-text\"><div class=\"ut-video-module-inner-caption-text ut-video-module-empty-caption ut-video-module-caption-position-default\"><div class=\"ut-video-module-play-icon\"><i class=\"Bklyn-Core-Right-6\" aria-hidden=\"true\"><\/i><\/div><\/div><\/div><\/a><\/div><div class=\"ut-video-module-loading\"><div class=\"sk-fading-circle\"><div class=\"sk-circle1 sk-circle\"><\/div><div class=\"sk-circle2 sk-circle\"><\/div><div class=\"sk-circle3 sk-circle\"><\/div><div class=\"sk-circle4 sk-circle\"><\/div><div class=\"sk-circle5 sk-circle\"><\/div><div class=\"sk-circle6 sk-circle\"><\/div><div class=\"sk-circle7 sk-circle\"><\/div><div class=\"sk-circle8 sk-circle\"><\/div><div class=\"sk-circle9 sk-circle\"><\/div><div class=\"sk-circle10 sk-circle\"><\/div><div class=\"sk-circle11 sk-circle\"><\/div><div class=\"sk-circle12 sk-circle\"><\/div><\/div><\/div><\/div><\/div><\/div>\n\t<div class=\"wpb_text_column wpb_content_element\" >\n\t\t<div class=\"wpb_wrapper\">\n\t\t\t<div class=\"\">\n<p class=\"p1\"><strong><span class=\"s1\">Un a\u00f1o m\u00e1s, apoyamos al Gremio de Restauraci\u00f3n de Barcelona, que este lunes, despu\u00e9s de muchos meses de trabajo y de guardar el secreto, presentaron el nuevo spot de la Navidad de este a\u00f1o: \u201cHACEMOS FAMILIA\u201d.<br \/>\n<\/span><\/strong><\/p>\n<p class=\"p1\">El anuncio de Navidad de este a\u00f1o es un homenaje a la familia. <strong>Un spot que dedican a la querid\u00edsima Itziar Castro<\/strong>, quien nos dej\u00f3 hace pocos d\u00edas con 46 a\u00f1os. La actriz es una de las protagonistas de la pieza audiovisual dirigida y escrita por\u00a0<strong>Joaquim Oristrell<\/strong>, que este a\u00f1o tambi\u00e9n cuenta con la participaci\u00f3n de otros int\u00e9rpretes reconocidos por el gran p\u00fablico como\u00a0<strong>Julieta Serrano <\/strong>o<strong> Jordi Bosch<\/strong>.<\/p>\n<p class=\"p1\"><span class=\"s1\">Esperamos que te guste!<\/span><\/p>\n<p class=\"p1\"><span class=\"s1\">\u00a1Ay\u00fadanos a difundirlo!<\/span><\/p>\n<p class=\"p1\"><span class=\"s1\">\u00a1Gracias!<\/span><\/p>\n<p>&nbsp;<\/p>\n<p class=\"p3\"><span class=\"s2\">\ud83c\udfac<\/span><a href=\"https:\/\/www.youtube.com\/watch?v=q5B_Wn4c6p4\" target=\"_blank\" rel=\"noopener\"><span class=\"s1\"> V\u00eddeo Gremio de Restauraci\u00f3n de Barcelona <\/span><\/a><\/p>\n<p>&nbsp;<\/p>\n<\/div>\n\n\t\t<\/div>\n\t<\/div>\n<\/div><\/div><\/div><\/div><div class=\"vc_row-full-width vc_clearfix\"><\/div>","protected":false},"excerpt":{"rendered":"#ut_vs_69f5c12a399a5.ut-shortcode-video-wrap .ut-video-module-caption-text span { font-weight: bold; } Un any m\u00e9s, fem costat al Gremi de Restauraci\u00f3 de Barcelona, que aquest dilluns, despr\u00e9s de molts mesos de feina i de guardar el secret, van presentar el nou spot del Nadal d\u2019enguany: \"FEM FAM\u00cdLIA\". L'anunci de Nadal d\u2019aquest any \u00e9s un homenatge a la fam\u00edlia. Un spot [...]","protected":false},"author":1,"featured_media":7167,"comment_status":"closed","ping_status":"open","sticky":false,"template":"","format":"standard","meta":{"_acf_changed":false,"inline_featured_image":false,"footnotes":""},"categories":[1],"tags":[],"class_list":["post-7166","post","type-post","status-publish","format-standard","has-post-thumbnail","hentry","category-noticies"],"acf":[],"yoast_head":"<!-- This site is optimized with the Yoast SEO plugin v25.5 - https:\/\/yoast.com\/wordpress\/plugins\/seo\/ -->\n<title>El Gremi de Restauraci\u00f3 de Barcelona presenta el tradicional anunci de Nadal: \u201cFEM FAM\u00cdLIA\u201d - Gremi del Caf\u00e8, torradors de Catalunya<\/title>\n<meta name=\"robots\" content=\"index, follow, max-snippet:-1, max-image-preview:large, max-video-preview:-1\" \/>\n<link rel=\"canonical\" href=\"https:\/\/gremicafe.cat\/es\/2023\/12\/14\/el-gremi-de-restauracio-de-barcelona-presenta-el-tradicional-anunci-de-nadal-fem-familia\/\" \/>\n<meta property=\"og:locale\" content=\"es_ES\" \/>\n<meta property=\"og:type\" content=\"article\" \/>\n<meta property=\"og:title\" content=\"El Gremi de Restauraci\u00f3 de Barcelona presenta el tradicional anunci de Nadal: \u201cFEM FAM\u00cdLIA\u201d - Gremi del Caf\u00e8, torradors de Catalunya\" \/>\n<meta property=\"og:url\" content=\"https:\/\/gremicafe.cat\/es\/2023\/12\/14\/el-gremi-de-restauracio-de-barcelona-presenta-el-tradicional-anunci-de-nadal-fem-familia\/\" \/>\n<meta property=\"og:site_name\" content=\"Gremi del Caf\u00e8, torradors de Catalunya\" \/>\n<meta property=\"article:publisher\" content=\"https:\/\/www.facebook.com\/gremicafecat\" \/>\n<meta property=\"article:published_time\" content=\"2023-12-14T15:03:01+00:00\" \/>\n<meta property=\"article:modified_time\" content=\"2023-12-14T15:04:38+00:00\" \/>\n<meta property=\"og:image\" content=\"https:\/\/gremicafe.cat\/wp-content\/uploads\/2023\/12\/Portada-Anunci-de-Nadal-2023-Gremi-Restauradors.jpg\" \/>\n\t<meta property=\"og:image:width\" content=\"1280\" \/>\n\t<meta property=\"og:image:height\" content=\"720\" \/>\n\t<meta property=\"og:image:type\" content=\"image\/jpeg\" \/>\n<meta name=\"author\" content=\"gremicafe\" \/>\n<meta name=\"twitter:card\" content=\"summary_large_image\" \/>\n<meta name=\"twitter:creator\" content=\"@gremicafecat\" \/>\n<meta name=\"twitter:site\" content=\"@gremicafecat\" \/>\n<meta name=\"twitter:label1\" content=\"Escrito por\" \/>\n\t<meta name=\"twitter:data1\" content=\"gremicafe\" \/>\n\t<meta name=\"twitter:label2\" content=\"Tiempo de lectura\" \/>\n\t<meta name=\"twitter:data2\" content=\"1 minuto\" \/>\n<script type=\"application\/ld+json\" class=\"yoast-schema-graph\">{\"@context\":\"https:\/\/schema.org\",\"@graph\":[{\"@type\":\"Article\",\"@id\":\"https:\/\/gremicafe.cat\/2023\/12\/14\/el-gremi-de-restauracio-de-barcelona-presenta-el-tradicional-anunci-de-nadal-fem-familia\/#article\",\"isPartOf\":{\"@id\":\"https:\/\/gremicafe.cat\/2023\/12\/14\/el-gremi-de-restauracio-de-barcelona-presenta-el-tradicional-anunci-de-nadal-fem-familia\/\"},\"author\":{\"name\":\"gremicafe\",\"@id\":\"https:\/\/gremicafe.cat\/#\/schema\/person\/dabfdbb3d0fa36260855a380f94e4733\"},\"headline\":\"El Gremi de Restauraci\u00f3 de Barcelona presenta el tradicional anunci de Nadal: \u201cFEM FAM\u00cdLIA\u201d\",\"datePublished\":\"2023-12-14T15:03:01+00:00\",\"dateModified\":\"2023-12-14T15:04:38+00:00\",\"mainEntityOfPage\":{\"@id\":\"https:\/\/gremicafe.cat\/2023\/12\/14\/el-gremi-de-restauracio-de-barcelona-presenta-el-tradicional-anunci-de-nadal-fem-familia\/\"},\"wordCount\":178,\"publisher\":{\"@id\":\"https:\/\/gremicafe.cat\/#organization\"},\"image\":{\"@id\":\"https:\/\/gremicafe.cat\/2023\/12\/14\/el-gremi-de-restauracio-de-barcelona-presenta-el-tradicional-anunci-de-nadal-fem-familia\/#primaryimage\"},\"thumbnailUrl\":\"https:\/\/gremicafe.cat\/wp-content\/uploads\/2023\/12\/Portada-Anunci-de-Nadal-2023-Gremi-Restauradors.jpg\",\"articleSection\":[\"Not\u00edcies\"],\"inLanguage\":\"es\"},{\"@type\":\"WebPage\",\"@id\":\"https:\/\/gremicafe.cat\/2023\/12\/14\/el-gremi-de-restauracio-de-barcelona-presenta-el-tradicional-anunci-de-nadal-fem-familia\/\",\"url\":\"https:\/\/gremicafe.cat\/2023\/12\/14\/el-gremi-de-restauracio-de-barcelona-presenta-el-tradicional-anunci-de-nadal-fem-familia\/\",\"name\":\"El Gremi de Restauraci\u00f3 de Barcelona presenta el tradicional anunci de Nadal: \u201cFEM FAM\u00cdLIA\u201d - Gremi del Caf\u00e8, torradors de Catalunya\",\"isPartOf\":{\"@id\":\"https:\/\/gremicafe.cat\/#website\"},\"primaryImageOfPage\":{\"@id\":\"https:\/\/gremicafe.cat\/2023\/12\/14\/el-gremi-de-restauracio-de-barcelona-presenta-el-tradicional-anunci-de-nadal-fem-familia\/#primaryimage\"},\"image\":{\"@id\":\"https:\/\/gremicafe.cat\/2023\/12\/14\/el-gremi-de-restauracio-de-barcelona-presenta-el-tradicional-anunci-de-nadal-fem-familia\/#primaryimage\"},\"thumbnailUrl\":\"https:\/\/gremicafe.cat\/wp-content\/uploads\/2023\/12\/Portada-Anunci-de-Nadal-2023-Gremi-Restauradors.jpg\",\"datePublished\":\"2023-12-14T15:03:01+00:00\",\"dateModified\":\"2023-12-14T15:04:38+00:00\",\"breadcrumb\":{\"@id\":\"https:\/\/gremicafe.cat\/2023\/12\/14\/el-gremi-de-restauracio-de-barcelona-presenta-el-tradicional-anunci-de-nadal-fem-familia\/#breadcrumb\"},\"inLanguage\":\"es\",\"potentialAction\":[{\"@type\":\"ReadAction\",\"target\":[\"https:\/\/gremicafe.cat\/2023\/12\/14\/el-gremi-de-restauracio-de-barcelona-presenta-el-tradicional-anunci-de-nadal-fem-familia\/\"]}]},{\"@type\":\"ImageObject\",\"inLanguage\":\"es\",\"@id\":\"https:\/\/gremicafe.cat\/2023\/12\/14\/el-gremi-de-restauracio-de-barcelona-presenta-el-tradicional-anunci-de-nadal-fem-familia\/#primaryimage\",\"url\":\"https:\/\/gremicafe.cat\/wp-content\/uploads\/2023\/12\/Portada-Anunci-de-Nadal-2023-Gremi-Restauradors.jpg\",\"contentUrl\":\"https:\/\/gremicafe.cat\/wp-content\/uploads\/2023\/12\/Portada-Anunci-de-Nadal-2023-Gremi-Restauradors.jpg\",\"width\":1280,\"height\":720},{\"@type\":\"BreadcrumbList\",\"@id\":\"https:\/\/gremicafe.cat\/2023\/12\/14\/el-gremi-de-restauracio-de-barcelona-presenta-el-tradicional-anunci-de-nadal-fem-familia\/#breadcrumb\",\"itemListElement\":[{\"@type\":\"ListItem\",\"position\":1,\"name\":\"Inici\",\"item\":\"https:\/\/gremicafe.cat\/\"},{\"@type\":\"ListItem\",\"position\":2,\"name\":\"El Gremi de Restauraci\u00f3 de Barcelona presenta el tradicional anunci de Nadal: \u201cFEM FAM\u00cdLIA\u201d\"}]},{\"@type\":\"WebSite\",\"@id\":\"https:\/\/gremicafe.cat\/#website\",\"url\":\"https:\/\/gremicafe.cat\/\",\"name\":\"Gremi del Caf\u00e8, torradors de Catalunya\",\"description\":\"Web oficial del gremi de torradors de caf\u00e8 de Catalunya\",\"publisher\":{\"@id\":\"https:\/\/gremicafe.cat\/#organization\"},\"potentialAction\":[{\"@type\":\"SearchAction\",\"target\":{\"@type\":\"EntryPoint\",\"urlTemplate\":\"https:\/\/gremicafe.cat\/?s={search_term_string}\"},\"query-input\":{\"@type\":\"PropertyValueSpecification\",\"valueRequired\":true,\"valueName\":\"search_term_string\"}}],\"inLanguage\":\"es\"},{\"@type\":\"Organization\",\"@id\":\"https:\/\/gremicafe.cat\/#organization\",\"name\":\"Gremi del Caf\u00e8, Torradors de Catalunya\",\"url\":\"https:\/\/gremicafe.cat\/\",\"logo\":{\"@type\":\"ImageObject\",\"inLanguage\":\"es\",\"@id\":\"https:\/\/gremicafe.cat\/#\/schema\/logo\/image\/\",\"url\":\"https:\/\/gremicafe.cat\/wp-content\/uploads\/2018\/03\/gremicafe-logo250.png\",\"contentUrl\":\"https:\/\/gremicafe.cat\/wp-content\/uploads\/2018\/03\/gremicafe-logo250.png\",\"width\":250,\"height\":49,\"caption\":\"Gremi del Caf\u00e8, Torradors de Catalunya\"},\"image\":{\"@id\":\"https:\/\/gremicafe.cat\/#\/schema\/logo\/image\/\"},\"sameAs\":[\"https:\/\/www.facebook.com\/gremicafecat\",\"https:\/\/x.com\/gremicafecat\",\"https:\/\/www.instagram.com\/gremicafecat\/\",\"https:\/\/www.pinterest.es\/gremicafecat\/\",\"https:\/\/www.youtube.com\/channel\/UCGLo5Y35vLwLvP4FrPZrCrw\/\"]},{\"@type\":\"Person\",\"@id\":\"https:\/\/gremicafe.cat\/#\/schema\/person\/dabfdbb3d0fa36260855a380f94e4733\",\"name\":\"gremicafe\",\"image\":{\"@type\":\"ImageObject\",\"inLanguage\":\"es\",\"@id\":\"https:\/\/gremicafe.cat\/#\/schema\/person\/image\/\",\"url\":\"https:\/\/secure.gravatar.com\/avatar\/e59baa4ca8f6f97576d6375fb6d3c8f0?s=96&d=mm&r=g\",\"contentUrl\":\"https:\/\/secure.gravatar.com\/avatar\/e59baa4ca8f6f97576d6375fb6d3c8f0?s=96&d=mm&r=g\",\"caption\":\"gremicafe\"}}]}<\/script>\n<!-- \/ Yoast SEO plugin. -->","yoast_head_json":{"title":"El Gremi de Restauraci\u00f3 de Barcelona presenta el tradicional anunci de Nadal: \u201cFEM FAM\u00cdLIA\u201d - Gremi del Caf\u00e8, torradors de Catalunya","robots":{"index":"index","follow":"follow","max-snippet":"max-snippet:-1","max-image-preview":"max-image-preview:large","max-video-preview":"max-video-preview:-1"},"canonical":"https:\/\/gremicafe.cat\/es\/2023\/12\/14\/el-gremi-de-restauracio-de-barcelona-presenta-el-tradicional-anunci-de-nadal-fem-familia\/","og_locale":"es_ES","og_type":"article","og_title":"El Gremi de Restauraci\u00f3 de Barcelona presenta el tradicional anunci de Nadal: \u201cFEM FAM\u00cdLIA\u201d - Gremi del Caf\u00e8, torradors de Catalunya","og_url":"https:\/\/gremicafe.cat\/es\/2023\/12\/14\/el-gremi-de-restauracio-de-barcelona-presenta-el-tradicional-anunci-de-nadal-fem-familia\/","og_site_name":"Gremi del Caf\u00e8, torradors de Catalunya","article_publisher":"https:\/\/www.facebook.com\/gremicafecat","article_published_time":"2023-12-14T15:03:01+00:00","article_modified_time":"2023-12-14T15:04:38+00:00","og_image":[{"width":1280,"height":720,"url":"https:\/\/gremicafe.cat\/wp-content\/uploads\/2023\/12\/Portada-Anunci-de-Nadal-2023-Gremi-Restauradors.jpg","type":"image\/jpeg"}],"author":"gremicafe","twitter_card":"summary_large_image","twitter_creator":"@gremicafecat","twitter_site":"@gremicafecat","twitter_misc":{"Escrito por":"gremicafe","Tiempo de lectura":"1 minuto"},"schema":{"@context":"https:\/\/schema.org","@graph":[{"@type":"Article","@id":"https:\/\/gremicafe.cat\/2023\/12\/14\/el-gremi-de-restauracio-de-barcelona-presenta-el-tradicional-anunci-de-nadal-fem-familia\/#article","isPartOf":{"@id":"https:\/\/gremicafe.cat\/2023\/12\/14\/el-gremi-de-restauracio-de-barcelona-presenta-el-tradicional-anunci-de-nadal-fem-familia\/"},"author":{"name":"gremicafe","@id":"https:\/\/gremicafe.cat\/#\/schema\/person\/dabfdbb3d0fa36260855a380f94e4733"},"headline":"El Gremi de Restauraci\u00f3 de Barcelona presenta el tradicional anunci de Nadal: \u201cFEM FAM\u00cdLIA\u201d","datePublished":"2023-12-14T15:03:01+00:00","dateModified":"2023-12-14T15:04:38+00:00","mainEntityOfPage":{"@id":"https:\/\/gremicafe.cat\/2023\/12\/14\/el-gremi-de-restauracio-de-barcelona-presenta-el-tradicional-anunci-de-nadal-fem-familia\/"},"wordCount":178,"publisher":{"@id":"https:\/\/gremicafe.cat\/#organization"},"image":{"@id":"https:\/\/gremicafe.cat\/2023\/12\/14\/el-gremi-de-restauracio-de-barcelona-presenta-el-tradicional-anunci-de-nadal-fem-familia\/#primaryimage"},"thumbnailUrl":"https:\/\/gremicafe.cat\/wp-content\/uploads\/2023\/12\/Portada-Anunci-de-Nadal-2023-Gremi-Restauradors.jpg","articleSection":["Not\u00edcies"],"inLanguage":"es"},{"@type":"WebPage","@id":"https:\/\/gremicafe.cat\/2023\/12\/14\/el-gremi-de-restauracio-de-barcelona-presenta-el-tradicional-anunci-de-nadal-fem-familia\/","url":"https:\/\/gremicafe.cat\/2023\/12\/14\/el-gremi-de-restauracio-de-barcelona-presenta-el-tradicional-anunci-de-nadal-fem-familia\/","name":"El Gremi de Restauraci\u00f3 de Barcelona presenta el tradicional anunci de Nadal: \u201cFEM FAM\u00cdLIA\u201d - Gremi del Caf\u00e8, torradors de Catalunya","isPartOf":{"@id":"https:\/\/gremicafe.cat\/#website"},"primaryImageOfPage":{"@id":"https:\/\/gremicafe.cat\/2023\/12\/14\/el-gremi-de-restauracio-de-barcelona-presenta-el-tradicional-anunci-de-nadal-fem-familia\/#primaryimage"},"image":{"@id":"https:\/\/gremicafe.cat\/2023\/12\/14\/el-gremi-de-restauracio-de-barcelona-presenta-el-tradicional-anunci-de-nadal-fem-familia\/#primaryimage"},"thumbnailUrl":"https:\/\/gremicafe.cat\/wp-content\/uploads\/2023\/12\/Portada-Anunci-de-Nadal-2023-Gremi-Restauradors.jpg","datePublished":"2023-12-14T15:03:01+00:00","dateModified":"2023-12-14T15:04:38+00:00","breadcrumb":{"@id":"https:\/\/gremicafe.cat\/2023\/12\/14\/el-gremi-de-restauracio-de-barcelona-presenta-el-tradicional-anunci-de-nadal-fem-familia\/#breadcrumb"},"inLanguage":"es","potentialAction":[{"@type":"ReadAction","target":["https:\/\/gremicafe.cat\/2023\/12\/14\/el-gremi-de-restauracio-de-barcelona-presenta-el-tradicional-anunci-de-nadal-fem-familia\/"]}]},{"@type":"ImageObject","inLanguage":"es","@id":"https:\/\/gremicafe.cat\/2023\/12\/14\/el-gremi-de-restauracio-de-barcelona-presenta-el-tradicional-anunci-de-nadal-fem-familia\/#primaryimage","url":"https:\/\/gremicafe.cat\/wp-content\/uploads\/2023\/12\/Portada-Anunci-de-Nadal-2023-Gremi-Restauradors.jpg","contentUrl":"https:\/\/gremicafe.cat\/wp-content\/uploads\/2023\/12\/Portada-Anunci-de-Nadal-2023-Gremi-Restauradors.jpg","width":1280,"height":720},{"@type":"BreadcrumbList","@id":"https:\/\/gremicafe.cat\/2023\/12\/14\/el-gremi-de-restauracio-de-barcelona-presenta-el-tradicional-anunci-de-nadal-fem-familia\/#breadcrumb","itemListElement":[{"@type":"ListItem","position":1,"name":"Inici","item":"https:\/\/gremicafe.cat\/"},{"@type":"ListItem","position":2,"name":"El Gremi de Restauraci\u00f3 de Barcelona presenta el tradicional anunci de Nadal: \u201cFEM FAM\u00cdLIA\u201d"}]},{"@type":"WebSite","@id":"https:\/\/gremicafe.cat\/#website","url":"https:\/\/gremicafe.cat\/","name":"Gremio del Caf\u00e9, tostadores de Catalu\u00f1a","description":"Web oficial del gremio de tostadores de caf\u00e9 de Catalunya","publisher":{"@id":"https:\/\/gremicafe.cat\/#organization"},"potentialAction":[{"@type":"SearchAction","target":{"@type":"EntryPoint","urlTemplate":"https:\/\/gremicafe.cat\/?s={search_term_string}"},"query-input":{"@type":"PropertyValueSpecification","valueRequired":true,"valueName":"search_term_string"}}],"inLanguage":"es"},{"@type":"Organization","@id":"https:\/\/gremicafe.cat\/#organization","name":"Gremio del Caf\u00e9, Tostadores de Catalu\u00f1a","url":"https:\/\/gremicafe.cat\/","logo":{"@type":"ImageObject","inLanguage":"es","@id":"https:\/\/gremicafe.cat\/#\/schema\/logo\/image\/","url":"https:\/\/gremicafe.cat\/wp-content\/uploads\/2018\/03\/gremicafe-logo250.png","contentUrl":"https:\/\/gremicafe.cat\/wp-content\/uploads\/2018\/03\/gremicafe-logo250.png","width":250,"height":49,"caption":"Gremi del Caf\u00e8, Torradors de Catalunya"},"image":{"@id":"https:\/\/gremicafe.cat\/#\/schema\/logo\/image\/"},"sameAs":["https:\/\/www.facebook.com\/gremicafecat","https:\/\/x.com\/gremicafecat","https:\/\/www.instagram.com\/gremicafecat\/","https:\/\/www.pinterest.es\/gremicafecat\/","https:\/\/www.youtube.com\/channel\/UCGLo5Y35vLwLvP4FrPZrCrw\/"]},{"@type":"Person","@id":"https:\/\/gremicafe.cat\/#\/schema\/person\/dabfdbb3d0fa36260855a380f94e4733","name":"gremicafe","image":{"@type":"ImageObject","inLanguage":"es","@id":"https:\/\/gremicafe.cat\/#\/schema\/person\/image\/","url":"https:\/\/secure.gravatar.com\/avatar\/e59baa4ca8f6f97576d6375fb6d3c8f0?s=96&d=mm&r=g","contentUrl":"https:\/\/secure.gravatar.com\/avatar\/e59baa4ca8f6f97576d6375fb6d3c8f0?s=96&d=mm&r=g","caption":"gremicafe"}}]}},"_links":{"self":[{"href":"https:\/\/gremicafe.cat\/es\/wp-json\/wp\/v2\/posts\/7166"}],"collection":[{"href":"https:\/\/gremicafe.cat\/es\/wp-json\/wp\/v2\/posts"}],"about":[{"href":"https:\/\/gremicafe.cat\/es\/wp-json\/wp\/v2\/types\/post"}],"author":[{"embeddable":true,"href":"https:\/\/gremicafe.cat\/es\/wp-json\/wp\/v2\/users\/1"}],"replies":[{"embeddable":true,"href":"https:\/\/gremicafe.cat\/es\/wp-json\/wp\/v2\/comments?post=7166"}],"version-history":[{"count":0,"href":"https:\/\/gremicafe.cat\/es\/wp-json\/wp\/v2\/posts\/7166\/revisions"}],"wp:featuredmedia":[{"embeddable":true,"href":"https:\/\/gremicafe.cat\/es\/wp-json\/wp\/v2\/media\/7167"}],"wp:attachment":[{"href":"https:\/\/gremicafe.cat\/es\/wp-json\/wp\/v2\/media?parent=7166"}],"wp:term":[{"taxonomy":"category","embeddable":true,"href":"https:\/\/gremicafe.cat\/es\/wp-json\/wp\/v2\/categories?post=7166"},{"taxonomy":"post_tag","embeddable":true,"href":"https:\/\/gremicafe.cat\/es\/wp-json\/wp\/v2\/tags?post=7166"}],"curies":[{"name":"wp","href":"https:\/\/api.w.org\/{rel}","templated":true}]}}