{"id":7171,"date":"2023-11-29T14:39:14","date_gmt":"2023-11-29T13:39:14","guid":{"rendered":"https:\/\/gremicafe.cat\/?p=7171"},"modified":"2023-12-19T15:51:09","modified_gmt":"2023-12-19T14:51:09","slug":"campanya-tots-els-cafes-del-mon-del-gremi-del-cafe","status":"publish","type":"post","link":"https:\/\/gremicafe.cat\/es\/2023\/11\/29\/campanya-tots-els-cafes-del-mon-del-gremi-del-cafe\/","title":{"rendered":"Campa\u00f1a TODOS LOS CAF\u00c9S DEL MUNDO del Gremio del Caf\u00e9"},"content":{"rendered":"<div id=\"ut-row-69f3a682e9339\" data-vc-full-width=\"true\" data-vc-full-width-init=\"false\" class=\"vc_row wpb_row vc_row-fluid vc_column-gap-0 ut-row-69f3a682e934e\" ><div class=\"wpb_column vc_column_container vc_col-sm-12\" ><div id=\"ut_inner_column_69f3a682e9ae3\" class=\"vc_column-inner\"><div class=\"wpb_wrapper\">\n\t<div class=\"wpb_text_column wpb_content_element\" >\n\t\t<div class=\"wpb_wrapper\">\n\t\t\t<p class=\"p1\"><span class=\"s1\"><img loading=\"lazy\" decoding=\"async\" class=\"aligncenter size-full wp-image-7172\" src=\"https:\/\/gremicafe.cat\/wp-content\/uploads\/2023\/12\/11641_1200x1200_cafes_mon_torradors.jpg\" alt=\"\" width=\"1200\" height=\"1200\" srcset=\"https:\/\/gremicafe.cat\/wp-content\/uploads\/2023\/12\/11641_1200x1200_cafes_mon_torradors.jpg 1200w, https:\/\/gremicafe.cat\/wp-content\/uploads\/2023\/12\/11641_1200x1200_cafes_mon_torradors-300x300.jpg 300w, https:\/\/gremicafe.cat\/wp-content\/uploads\/2023\/12\/11641_1200x1200_cafes_mon_torradors-1160x1160.jpg 1160w, https:\/\/gremicafe.cat\/wp-content\/uploads\/2023\/12\/11641_1200x1200_cafes_mon_torradors-150x150.jpg 150w, https:\/\/gremicafe.cat\/wp-content\/uploads\/2023\/12\/11641_1200x1200_cafes_mon_torradors-768x768.jpg 768w, https:\/\/gremicafe.cat\/wp-content\/uploads\/2023\/12\/11641_1200x1200_cafes_mon_torradors-720x720.jpg 720w\" sizes=\"(max-width: 1200px) 100vw, 1200px\" \/><\/span><\/p>\n<p>&nbsp;<\/p>\n<p class=\"p1\"><span class=\"s1\">Coincidiendo con la temporada de oto\u00f1o - invierno, hemos puesto en marcha una campa\u00f1a de publicidad en internet, encaminada a promocionar las <a href=\"https:\/\/gremicafe.cat\/es\/torradors\/\" target=\"_blank\" rel=\"noopener\">tiendas de caf\u00e9 de los tostadores<\/a> miembros del Gremio del Caf\u00e9 de Catalunya.<\/span><\/p>\n<p class=\"p1\"><span class=\"s1\">El eslogan de la campa\u00f1a es<\/span><\/p>\n<p class=\"p1\"><strong><span class=\"s1\">TODOS LOS CAF\u00c9S DEL MUNDO<br \/>\n<\/span><span class=\"s1\">los encontrar\u00e1s en gremicafe.cat<br \/>\n<\/span><span class=\"s1\">LA TIENDA DE CAF\u00c9 M\u00c1S GRANDE DE CATALU\u00d1A<\/span><\/strong><\/p>\n<p class=\"p1\"><span class=\"s1\">La idea es que el consumidor entre en la web del Gremio (<a href=\"https:\/\/gremicafe.cat\/es\/\" target=\"_blank\" rel=\"noopener\">gremicafe.cat<\/a>) y busque su caf\u00e9 entre las veintiuna tiendas de caf\u00e9 de los tostadores del Gremio. La oferta de caf\u00e9 entre todas las tiendas de los tostadores puede satisfacer al cafetero m\u00e1s exigente porque encontrar\u00e1 caf\u00e9s de muchos or\u00edgenes, variedades y especialidades. Se puede decir que la tienda del Gremi del Caf\u00e9 es LA TIENDA DE CAF\u00c9 M\u00c1S GRANDE DE CATALU\u00d1A donde se pueden encontrar TODOS LOS CAF\u00c9S DEL MUNDO.<\/span><\/p>\n<p class=\"p1\"><span class=\"s1\">Aprovechando Navidad, se ha editado un v\u00eddeo en el que el Gremio aprovecha para felicitar a Navidad, recordando la campa\u00f1a de invierno, pensada para despertar el inter\u00e9s por los caf\u00e9s y por las especialidades que pueden encontrar en las tiendas online de los Tostadores miembros del Gremio de Tostadores de Caf\u00e9 de Catalunya.<\/span><\/p>\n<p class=\"p1\"><span class=\"s1\">El texto de la campa\u00f1a es suficientemente expl\u00edcito de Navidad:<\/span><\/p>\n<p class=\"p1\"><strong><span class=\"s1\">En Navidad, aqu\u00ed encontrar\u00e1s el mejor caf\u00e9 de proximidad.<\/span><\/strong><\/p>\n<p class=\"p1\"><span class=\"s1\">\u00bfA\u00fan no conoces nuestra tienda online? Sea cual sea el tipo de caf\u00e9 que necesites: grano, c\u00e1psulas o mucho, encontrar\u00e1s el mejor producto, tostado aqu\u00ed y con la m\u00e1xima calidad, para que disfrutes de las mejores Navidades\u2026 con el mejor caf\u00e9.<\/span><\/p>\n<p><a href=\"https:\/\/gremicafe.cat\/es\/torradors\/\" target=\"_blank\" rel=\"noopener\">Descubre aqu\u00ed la mayor tienda de caf\u00e9 de Catalu\u00f1a.<\/a><\/p>\n\n\t\t<\/div>\n\t<\/div>\n<\/div><\/div><\/div><\/div><div class=\"vc_row-full-width vc_clearfix\"><\/div>","protected":false},"excerpt":{"rendered":"&nbsp; Coincidint amb la temporada de tardor - hivern, hem posat en marxa una campanya de publicitat a internet, encaminada a promocionar les botigues de caf\u00e8 dels torradors membres del Gremi del Caf\u00e8 de Catalunya. L'esl\u00f2gan de la campanya \u00e9s TOTS ELS CAF\u00c8S DEL M\u00d3N els trobar\u00e0s a gremicafe.cat LA BOTIGA DE CAF\u00c8 M\u00c9S GRAN [...]","protected":false},"author":1,"featured_media":7172,"comment_status":"closed","ping_status":"open","sticky":false,"template":"","format":"standard","meta":{"_acf_changed":false,"inline_featured_image":false,"footnotes":""},"categories":[1],"tags":[],"class_list":["post-7171","post","type-post","status-publish","format-standard","has-post-thumbnail","hentry","category-noticies"],"acf":[],"yoast_head":"<!-- This site is optimized with the Yoast SEO plugin v25.5 - https:\/\/yoast.com\/wordpress\/plugins\/seo\/ -->\n<title>Campanya TOTS ELS CAF\u00c8S DEL M\u00d3N del Gremi del Caf\u00e8 - Gremi del Caf\u00e8, torradors de Catalunya<\/title>\n<meta name=\"robots\" content=\"index, follow, max-snippet:-1, max-image-preview:large, max-video-preview:-1\" \/>\n<link rel=\"canonical\" href=\"https:\/\/gremicafe.cat\/es\/2023\/11\/29\/campanya-tots-els-cafes-del-mon-del-gremi-del-cafe\/\" \/>\n<meta property=\"og:locale\" content=\"es_ES\" \/>\n<meta property=\"og:type\" content=\"article\" \/>\n<meta property=\"og:title\" content=\"Campanya TOTS ELS CAF\u00c8S DEL M\u00d3N del Gremi del Caf\u00e8 - Gremi del Caf\u00e8, torradors de Catalunya\" \/>\n<meta property=\"og:url\" content=\"https:\/\/gremicafe.cat\/es\/2023\/11\/29\/campanya-tots-els-cafes-del-mon-del-gremi-del-cafe\/\" \/>\n<meta property=\"og:site_name\" content=\"Gremi del Caf\u00e8, torradors de Catalunya\" \/>\n<meta property=\"article:publisher\" content=\"https:\/\/www.facebook.com\/gremicafecat\" \/>\n<meta property=\"article:published_time\" content=\"2023-11-29T13:39:14+00:00\" \/>\n<meta property=\"article:modified_time\" content=\"2023-12-19T14:51:09+00:00\" \/>\n<meta property=\"og:image\" content=\"https:\/\/gremicafe.cat\/wp-content\/uploads\/2023\/12\/11641_1200x1200_cafes_mon_torradors.jpg\" \/>\n\t<meta property=\"og:image:width\" content=\"1200\" \/>\n\t<meta property=\"og:image:height\" content=\"1200\" \/>\n\t<meta property=\"og:image:type\" content=\"image\/jpeg\" \/>\n<meta name=\"author\" content=\"gremicafe\" \/>\n<meta name=\"twitter:card\" content=\"summary_large_image\" \/>\n<meta name=\"twitter:creator\" content=\"@gremicafecat\" \/>\n<meta name=\"twitter:site\" content=\"@gremicafecat\" \/>\n<meta name=\"twitter:label1\" content=\"Escrito por\" \/>\n\t<meta name=\"twitter:data1\" content=\"gremicafe\" \/>\n\t<meta name=\"twitter:label2\" content=\"Tiempo de lectura\" \/>\n\t<meta name=\"twitter:data2\" content=\"2 minutos\" \/>\n<script type=\"application\/ld+json\" class=\"yoast-schema-graph\">{\"@context\":\"https:\/\/schema.org\",\"@graph\":[{\"@type\":\"Article\",\"@id\":\"https:\/\/gremicafe.cat\/2023\/11\/29\/campanya-tots-els-cafes-del-mon-del-gremi-del-cafe\/#article\",\"isPartOf\":{\"@id\":\"https:\/\/gremicafe.cat\/2023\/11\/29\/campanya-tots-els-cafes-del-mon-del-gremi-del-cafe\/\"},\"author\":{\"name\":\"gremicafe\",\"@id\":\"https:\/\/gremicafe.cat\/#\/schema\/person\/dabfdbb3d0fa36260855a380f94e4733\"},\"headline\":\"Campanya TOTS ELS CAF\u00c8S DEL M\u00d3N del Gremi del Caf\u00e8\",\"datePublished\":\"2023-11-29T13:39:14+00:00\",\"dateModified\":\"2023-12-19T14:51:09+00:00\",\"mainEntityOfPage\":{\"@id\":\"https:\/\/gremicafe.cat\/2023\/11\/29\/campanya-tots-els-cafes-del-mon-del-gremi-del-cafe\/\"},\"wordCount\":311,\"publisher\":{\"@id\":\"https:\/\/gremicafe.cat\/#organization\"},\"image\":{\"@id\":\"https:\/\/gremicafe.cat\/2023\/11\/29\/campanya-tots-els-cafes-del-mon-del-gremi-del-cafe\/#primaryimage\"},\"thumbnailUrl\":\"https:\/\/gremicafe.cat\/wp-content\/uploads\/2023\/12\/11641_1200x1200_cafes_mon_torradors.jpg\",\"articleSection\":[\"Not\u00edcies\"],\"inLanguage\":\"es\"},{\"@type\":\"WebPage\",\"@id\":\"https:\/\/gremicafe.cat\/2023\/11\/29\/campanya-tots-els-cafes-del-mon-del-gremi-del-cafe\/\",\"url\":\"https:\/\/gremicafe.cat\/2023\/11\/29\/campanya-tots-els-cafes-del-mon-del-gremi-del-cafe\/\",\"name\":\"Campanya TOTS ELS CAF\u00c8S DEL M\u00d3N del Gremi del Caf\u00e8 - Gremi del Caf\u00e8, torradors de Catalunya\",\"isPartOf\":{\"@id\":\"https:\/\/gremicafe.cat\/#website\"},\"primaryImageOfPage\":{\"@id\":\"https:\/\/gremicafe.cat\/2023\/11\/29\/campanya-tots-els-cafes-del-mon-del-gremi-del-cafe\/#primaryimage\"},\"image\":{\"@id\":\"https:\/\/gremicafe.cat\/2023\/11\/29\/campanya-tots-els-cafes-del-mon-del-gremi-del-cafe\/#primaryimage\"},\"thumbnailUrl\":\"https:\/\/gremicafe.cat\/wp-content\/uploads\/2023\/12\/11641_1200x1200_cafes_mon_torradors.jpg\",\"datePublished\":\"2023-11-29T13:39:14+00:00\",\"dateModified\":\"2023-12-19T14:51:09+00:00\",\"breadcrumb\":{\"@id\":\"https:\/\/gremicafe.cat\/2023\/11\/29\/campanya-tots-els-cafes-del-mon-del-gremi-del-cafe\/#breadcrumb\"},\"inLanguage\":\"es\",\"potentialAction\":[{\"@type\":\"ReadAction\",\"target\":[\"https:\/\/gremicafe.cat\/2023\/11\/29\/campanya-tots-els-cafes-del-mon-del-gremi-del-cafe\/\"]}]},{\"@type\":\"ImageObject\",\"inLanguage\":\"es\",\"@id\":\"https:\/\/gremicafe.cat\/2023\/11\/29\/campanya-tots-els-cafes-del-mon-del-gremi-del-cafe\/#primaryimage\",\"url\":\"https:\/\/gremicafe.cat\/wp-content\/uploads\/2023\/12\/11641_1200x1200_cafes_mon_torradors.jpg\",\"contentUrl\":\"https:\/\/gremicafe.cat\/wp-content\/uploads\/2023\/12\/11641_1200x1200_cafes_mon_torradors.jpg\",\"width\":1200,\"height\":1200},{\"@type\":\"BreadcrumbList\",\"@id\":\"https:\/\/gremicafe.cat\/2023\/11\/29\/campanya-tots-els-cafes-del-mon-del-gremi-del-cafe\/#breadcrumb\",\"itemListElement\":[{\"@type\":\"ListItem\",\"position\":1,\"name\":\"Inici\",\"item\":\"https:\/\/gremicafe.cat\/\"},{\"@type\":\"ListItem\",\"position\":2,\"name\":\"Campanya TOTS ELS CAF\u00c8S DEL M\u00d3N del Gremi del Caf\u00e8\"}]},{\"@type\":\"WebSite\",\"@id\":\"https:\/\/gremicafe.cat\/#website\",\"url\":\"https:\/\/gremicafe.cat\/\",\"name\":\"Gremi del Caf\u00e8, torradors de Catalunya\",\"description\":\"Web oficial del gremi de torradors de caf\u00e8 de Catalunya\",\"publisher\":{\"@id\":\"https:\/\/gremicafe.cat\/#organization\"},\"potentialAction\":[{\"@type\":\"SearchAction\",\"target\":{\"@type\":\"EntryPoint\",\"urlTemplate\":\"https:\/\/gremicafe.cat\/?s={search_term_string}\"},\"query-input\":{\"@type\":\"PropertyValueSpecification\",\"valueRequired\":true,\"valueName\":\"search_term_string\"}}],\"inLanguage\":\"es\"},{\"@type\":\"Organization\",\"@id\":\"https:\/\/gremicafe.cat\/#organization\",\"name\":\"Gremi del Caf\u00e8, Torradors de Catalunya\",\"url\":\"https:\/\/gremicafe.cat\/\",\"logo\":{\"@type\":\"ImageObject\",\"inLanguage\":\"es\",\"@id\":\"https:\/\/gremicafe.cat\/#\/schema\/logo\/image\/\",\"url\":\"https:\/\/gremicafe.cat\/wp-content\/uploads\/2018\/03\/gremicafe-logo250.png\",\"contentUrl\":\"https:\/\/gremicafe.cat\/wp-content\/uploads\/2018\/03\/gremicafe-logo250.png\",\"width\":250,\"height\":49,\"caption\":\"Gremi del Caf\u00e8, Torradors de Catalunya\"},\"image\":{\"@id\":\"https:\/\/gremicafe.cat\/#\/schema\/logo\/image\/\"},\"sameAs\":[\"https:\/\/www.facebook.com\/gremicafecat\",\"https:\/\/x.com\/gremicafecat\",\"https:\/\/www.instagram.com\/gremicafecat\/\",\"https:\/\/www.pinterest.es\/gremicafecat\/\",\"https:\/\/www.youtube.com\/channel\/UCGLo5Y35vLwLvP4FrPZrCrw\/\"]},{\"@type\":\"Person\",\"@id\":\"https:\/\/gremicafe.cat\/#\/schema\/person\/dabfdbb3d0fa36260855a380f94e4733\",\"name\":\"gremicafe\",\"image\":{\"@type\":\"ImageObject\",\"inLanguage\":\"es\",\"@id\":\"https:\/\/gremicafe.cat\/#\/schema\/person\/image\/\",\"url\":\"https:\/\/secure.gravatar.com\/avatar\/e59baa4ca8f6f97576d6375fb6d3c8f0?s=96&d=mm&r=g\",\"contentUrl\":\"https:\/\/secure.gravatar.com\/avatar\/e59baa4ca8f6f97576d6375fb6d3c8f0?s=96&d=mm&r=g\",\"caption\":\"gremicafe\"}}]}<\/script>\n<!-- \/ Yoast SEO plugin. -->","yoast_head_json":{"title":"Campanya TOTS ELS CAF\u00c8S DEL M\u00d3N del Gremi del Caf\u00e8 - Gremi del Caf\u00e8, torradors de Catalunya","robots":{"index":"index","follow":"follow","max-snippet":"max-snippet:-1","max-image-preview":"max-image-preview:large","max-video-preview":"max-video-preview:-1"},"canonical":"https:\/\/gremicafe.cat\/es\/2023\/11\/29\/campanya-tots-els-cafes-del-mon-del-gremi-del-cafe\/","og_locale":"es_ES","og_type":"article","og_title":"Campanya TOTS ELS CAF\u00c8S DEL M\u00d3N del Gremi del Caf\u00e8 - Gremi del Caf\u00e8, torradors de Catalunya","og_url":"https:\/\/gremicafe.cat\/es\/2023\/11\/29\/campanya-tots-els-cafes-del-mon-del-gremi-del-cafe\/","og_site_name":"Gremi del Caf\u00e8, torradors de Catalunya","article_publisher":"https:\/\/www.facebook.com\/gremicafecat","article_published_time":"2023-11-29T13:39:14+00:00","article_modified_time":"2023-12-19T14:51:09+00:00","og_image":[{"width":1200,"height":1200,"url":"https:\/\/gremicafe.cat\/wp-content\/uploads\/2023\/12\/11641_1200x1200_cafes_mon_torradors.jpg","type":"image\/jpeg"}],"author":"gremicafe","twitter_card":"summary_large_image","twitter_creator":"@gremicafecat","twitter_site":"@gremicafecat","twitter_misc":{"Escrito por":"gremicafe","Tiempo de lectura":"2 minutos"},"schema":{"@context":"https:\/\/schema.org","@graph":[{"@type":"Article","@id":"https:\/\/gremicafe.cat\/2023\/11\/29\/campanya-tots-els-cafes-del-mon-del-gremi-del-cafe\/#article","isPartOf":{"@id":"https:\/\/gremicafe.cat\/2023\/11\/29\/campanya-tots-els-cafes-del-mon-del-gremi-del-cafe\/"},"author":{"name":"gremicafe","@id":"https:\/\/gremicafe.cat\/#\/schema\/person\/dabfdbb3d0fa36260855a380f94e4733"},"headline":"Campanya TOTS ELS CAF\u00c8S DEL M\u00d3N del Gremi del Caf\u00e8","datePublished":"2023-11-29T13:39:14+00:00","dateModified":"2023-12-19T14:51:09+00:00","mainEntityOfPage":{"@id":"https:\/\/gremicafe.cat\/2023\/11\/29\/campanya-tots-els-cafes-del-mon-del-gremi-del-cafe\/"},"wordCount":311,"publisher":{"@id":"https:\/\/gremicafe.cat\/#organization"},"image":{"@id":"https:\/\/gremicafe.cat\/2023\/11\/29\/campanya-tots-els-cafes-del-mon-del-gremi-del-cafe\/#primaryimage"},"thumbnailUrl":"https:\/\/gremicafe.cat\/wp-content\/uploads\/2023\/12\/11641_1200x1200_cafes_mon_torradors.jpg","articleSection":["Not\u00edcies"],"inLanguage":"es"},{"@type":"WebPage","@id":"https:\/\/gremicafe.cat\/2023\/11\/29\/campanya-tots-els-cafes-del-mon-del-gremi-del-cafe\/","url":"https:\/\/gremicafe.cat\/2023\/11\/29\/campanya-tots-els-cafes-del-mon-del-gremi-del-cafe\/","name":"Campanya TOTS ELS CAF\u00c8S DEL M\u00d3N del Gremi del Caf\u00e8 - Gremi del Caf\u00e8, torradors de Catalunya","isPartOf":{"@id":"https:\/\/gremicafe.cat\/#website"},"primaryImageOfPage":{"@id":"https:\/\/gremicafe.cat\/2023\/11\/29\/campanya-tots-els-cafes-del-mon-del-gremi-del-cafe\/#primaryimage"},"image":{"@id":"https:\/\/gremicafe.cat\/2023\/11\/29\/campanya-tots-els-cafes-del-mon-del-gremi-del-cafe\/#primaryimage"},"thumbnailUrl":"https:\/\/gremicafe.cat\/wp-content\/uploads\/2023\/12\/11641_1200x1200_cafes_mon_torradors.jpg","datePublished":"2023-11-29T13:39:14+00:00","dateModified":"2023-12-19T14:51:09+00:00","breadcrumb":{"@id":"https:\/\/gremicafe.cat\/2023\/11\/29\/campanya-tots-els-cafes-del-mon-del-gremi-del-cafe\/#breadcrumb"},"inLanguage":"es","potentialAction":[{"@type":"ReadAction","target":["https:\/\/gremicafe.cat\/2023\/11\/29\/campanya-tots-els-cafes-del-mon-del-gremi-del-cafe\/"]}]},{"@type":"ImageObject","inLanguage":"es","@id":"https:\/\/gremicafe.cat\/2023\/11\/29\/campanya-tots-els-cafes-del-mon-del-gremi-del-cafe\/#primaryimage","url":"https:\/\/gremicafe.cat\/wp-content\/uploads\/2023\/12\/11641_1200x1200_cafes_mon_torradors.jpg","contentUrl":"https:\/\/gremicafe.cat\/wp-content\/uploads\/2023\/12\/11641_1200x1200_cafes_mon_torradors.jpg","width":1200,"height":1200},{"@type":"BreadcrumbList","@id":"https:\/\/gremicafe.cat\/2023\/11\/29\/campanya-tots-els-cafes-del-mon-del-gremi-del-cafe\/#breadcrumb","itemListElement":[{"@type":"ListItem","position":1,"name":"Inici","item":"https:\/\/gremicafe.cat\/"},{"@type":"ListItem","position":2,"name":"Campanya TOTS ELS CAF\u00c8S DEL M\u00d3N del Gremi del Caf\u00e8"}]},{"@type":"WebSite","@id":"https:\/\/gremicafe.cat\/#website","url":"https:\/\/gremicafe.cat\/","name":"Gremio del Caf\u00e9, tostadores de Catalu\u00f1a","description":"Web oficial del gremio de tostadores de caf\u00e9 de Catalunya","publisher":{"@id":"https:\/\/gremicafe.cat\/#organization"},"potentialAction":[{"@type":"SearchAction","target":{"@type":"EntryPoint","urlTemplate":"https:\/\/gremicafe.cat\/?s={search_term_string}"},"query-input":{"@type":"PropertyValueSpecification","valueRequired":true,"valueName":"search_term_string"}}],"inLanguage":"es"},{"@type":"Organization","@id":"https:\/\/gremicafe.cat\/#organization","name":"Gremio del Caf\u00e9, Tostadores de Catalu\u00f1a","url":"https:\/\/gremicafe.cat\/","logo":{"@type":"ImageObject","inLanguage":"es","@id":"https:\/\/gremicafe.cat\/#\/schema\/logo\/image\/","url":"https:\/\/gremicafe.cat\/wp-content\/uploads\/2018\/03\/gremicafe-logo250.png","contentUrl":"https:\/\/gremicafe.cat\/wp-content\/uploads\/2018\/03\/gremicafe-logo250.png","width":250,"height":49,"caption":"Gremi del Caf\u00e8, Torradors de Catalunya"},"image":{"@id":"https:\/\/gremicafe.cat\/#\/schema\/logo\/image\/"},"sameAs":["https:\/\/www.facebook.com\/gremicafecat","https:\/\/x.com\/gremicafecat","https:\/\/www.instagram.com\/gremicafecat\/","https:\/\/www.pinterest.es\/gremicafecat\/","https:\/\/www.youtube.com\/channel\/UCGLo5Y35vLwLvP4FrPZrCrw\/"]},{"@type":"Person","@id":"https:\/\/gremicafe.cat\/#\/schema\/person\/dabfdbb3d0fa36260855a380f94e4733","name":"gremicafe","image":{"@type":"ImageObject","inLanguage":"es","@id":"https:\/\/gremicafe.cat\/#\/schema\/person\/image\/","url":"https:\/\/secure.gravatar.com\/avatar\/e59baa4ca8f6f97576d6375fb6d3c8f0?s=96&d=mm&r=g","contentUrl":"https:\/\/secure.gravatar.com\/avatar\/e59baa4ca8f6f97576d6375fb6d3c8f0?s=96&d=mm&r=g","caption":"gremicafe"}}]}},"_links":{"self":[{"href":"https:\/\/gremicafe.cat\/es\/wp-json\/wp\/v2\/posts\/7171"}],"collection":[{"href":"https:\/\/gremicafe.cat\/es\/wp-json\/wp\/v2\/posts"}],"about":[{"href":"https:\/\/gremicafe.cat\/es\/wp-json\/wp\/v2\/types\/post"}],"author":[{"embeddable":true,"href":"https:\/\/gremicafe.cat\/es\/wp-json\/wp\/v2\/users\/1"}],"replies":[{"embeddable":true,"href":"https:\/\/gremicafe.cat\/es\/wp-json\/wp\/v2\/comments?post=7171"}],"version-history":[{"count":0,"href":"https:\/\/gremicafe.cat\/es\/wp-json\/wp\/v2\/posts\/7171\/revisions"}],"wp:featuredmedia":[{"embeddable":true,"href":"https:\/\/gremicafe.cat\/es\/wp-json\/wp\/v2\/media\/7172"}],"wp:attachment":[{"href":"https:\/\/gremicafe.cat\/es\/wp-json\/wp\/v2\/media?parent=7171"}],"wp:term":[{"taxonomy":"category","embeddable":true,"href":"https:\/\/gremicafe.cat\/es\/wp-json\/wp\/v2\/categories?post=7171"},{"taxonomy":"post_tag","embeddable":true,"href":"https:\/\/gremicafe.cat\/es\/wp-json\/wp\/v2\/tags?post=7171"}],"curies":[{"name":"wp","href":"https:\/\/api.w.org\/{rel}","templated":true}]}}