{"id":7197,"date":"2024-02-13T11:36:16","date_gmt":"2024-02-13T10:36:16","guid":{"rendered":"https:\/\/gremicafe.cat\/?p=7197"},"modified":"2024-02-14T12:53:38","modified_gmt":"2024-02-14T11:53:38","slug":"els-preus-dels-robusta-assoleixen-els-seus-nivells-mes-alts-en-gairebe-30-anys","status":"publish","type":"post","link":"https:\/\/gremicafe.cat\/es\/2024\/02\/13\/els-preus-dels-robusta-assoleixen-els-seus-nivells-mes-alts-en-gairebe-30-anys\/","title":{"rendered":"Los precios de los Robusta alcanzan sus mayores niveles en casi 30 a\u00f1os"},"content":{"rendered":"<p><img loading=\"lazy\" decoding=\"async\" class=\"aligncenter wp-image-7200 size-full\" src=\"https:\/\/gremicafe.cat\/wp-content\/uploads\/2024\/02\/Ico-logo-600-x-400.jpg\" alt=\"\" width=\"600\" height=\"400\" \/><\/p>\n<blockquote>\n<p class=\"p1\">Seg\u00fan el informe ICO esto se debe a problemas de suministro debido a la escasez de existencias.<\/p>\n<\/blockquote>\n<p class=\"p1\">La media mensual del I-CIP para Robustas aument\u00f3 148,47 US cents\/lb, el nivel m\u00e1s alto desde el mes de noviembre de 1994. Esto se debe a la situaci\u00f3n de la oferta, especialmente en Indonesia y Vietnam . El mercado de Londres de ICE tambi\u00e9n aument\u00f3 un 9,6% hasta los 135,84 US cents\/lb.<\/p>\n<p class=\"p1\">Lea la noticia entera en <a href=\"https:\/\/www.comunicaffe.com\/ico-report-robusta-prices-reach-their-highest-levels-in-almost-30-years\/\" target=\"_blank\" rel=\"noopener\">Comunicaffe.com<\/a><\/p>\n<p>&nbsp;<\/p>\n<p>&nbsp;<\/p>","protected":false},"excerpt":{"rendered":"<p>Segons l\u2019informe ICO aix\u00f2 \u00e9s degut a problemes de subministrament a causa de l\u2019escassetat d\u2019exist\u00e8ncies. La mitjana mensual de l&#8217;I-CIP per a Robustas va augmentar 148,47 US cents\/lb, el nivell m\u00e9s alt des del mes de novembre de 1994. Aix\u00f2 \u00e9s degut a la situaci\u00f3 de l&#8217;oferta, especialment a Indon\u00e8sia i Vietnam. El mercat de [&hellip;]<\/p>\n","protected":false},"author":1,"featured_media":7198,"comment_status":"closed","ping_status":"open","sticky":false,"template":"","format":"standard","meta":{"_acf_changed":false,"inline_featured_image":false,"footnotes":""},"categories":[1],"tags":[],"class_list":["post-7197","post","type-post","status-publish","format-standard","has-post-thumbnail","hentry","category-noticies"],"acf":[],"yoast_head":"<!-- This site is optimized with the Yoast SEO plugin v25.5 - https:\/\/yoast.com\/wordpress\/plugins\/seo\/ -->\n<title>Els preus dels Robusta assoleixen els seus nivells m\u00e9s alts en gaireb\u00e9 30 anys - Gremi del Caf\u00e8, torradors de Catalunya<\/title>\n<meta name=\"robots\" content=\"index, follow, max-snippet:-1, max-image-preview:large, max-video-preview:-1\" \/>\n<link rel=\"canonical\" href=\"https:\/\/gremicafe.cat\/es\/2024\/02\/13\/els-preus-dels-robusta-assoleixen-els-seus-nivells-mes-alts-en-gairebe-30-anys\/\" \/>\n<meta property=\"og:locale\" content=\"es_ES\" \/>\n<meta property=\"og:type\" content=\"article\" \/>\n<meta property=\"og:title\" content=\"Els preus dels Robusta assoleixen els seus nivells m\u00e9s alts en gaireb\u00e9 30 anys - Gremi del Caf\u00e8, torradors de Catalunya\" \/>\n<meta property=\"og:description\" content=\"Segons l\u2019informe ICO aix\u00f2 \u00e9s degut a problemes de subministrament a causa de l\u2019escassetat d\u2019exist\u00e8ncies. La mitjana mensual de l&#8217;I-CIP per a Robustas va augmentar 148,47 US cents\/lb, el nivell m\u00e9s alt des del mes de novembre de 1994. Aix\u00f2 \u00e9s degut a la situaci\u00f3 de l&#8217;oferta, especialment a Indon\u00e8sia i Vietnam. El mercat de [&hellip;]\" \/>\n<meta property=\"og:url\" content=\"https:\/\/gremicafe.cat\/es\/2024\/02\/13\/els-preus-dels-robusta-assoleixen-els-seus-nivells-mes-alts-en-gairebe-30-anys\/\" \/>\n<meta property=\"og:site_name\" content=\"Gremi del Caf\u00e8, torradors de Catalunya\" \/>\n<meta property=\"article:publisher\" content=\"https:\/\/www.facebook.com\/gremicafecat\" \/>\n<meta property=\"article:published_time\" content=\"2024-02-13T10:36:16+00:00\" \/>\n<meta property=\"article:modified_time\" content=\"2024-02-14T11:53:38+00:00\" \/>\n<meta property=\"og:image\" content=\"https:\/\/gremicafe.cat\/wp-content\/uploads\/2024\/02\/Ico-logo-1080x1080-1.jpg\" \/>\n\t<meta property=\"og:image:width\" content=\"1080\" \/>\n\t<meta property=\"og:image:height\" content=\"1080\" \/>\n\t<meta property=\"og:image:type\" content=\"image\/jpeg\" \/>\n<meta name=\"author\" content=\"gremicafe\" \/>\n<meta name=\"twitter:card\" content=\"summary_large_image\" \/>\n<meta name=\"twitter:creator\" content=\"@gremicafecat\" \/>\n<meta name=\"twitter:site\" content=\"@gremicafecat\" \/>\n<meta name=\"twitter:label1\" content=\"Escrito por\" \/>\n\t<meta name=\"twitter:data1\" content=\"gremicafe\" \/>\n\t<meta name=\"twitter:label2\" content=\"Tiempo de lectura\" \/>\n\t<meta name=\"twitter:data2\" content=\"1 minuto\" \/>\n<script type=\"application\/ld+json\" class=\"yoast-schema-graph\">{\"@context\":\"https:\/\/schema.org\",\"@graph\":[{\"@type\":\"Article\",\"@id\":\"https:\/\/gremicafe.cat\/2024\/02\/13\/els-preus-dels-robusta-assoleixen-els-seus-nivells-mes-alts-en-gairebe-30-anys\/#article\",\"isPartOf\":{\"@id\":\"https:\/\/gremicafe.cat\/2024\/02\/13\/els-preus-dels-robusta-assoleixen-els-seus-nivells-mes-alts-en-gairebe-30-anys\/\"},\"author\":{\"name\":\"gremicafe\",\"@id\":\"https:\/\/gremicafe.cat\/#\/schema\/person\/dabfdbb3d0fa36260855a380f94e4733\"},\"headline\":\"Els preus dels Robusta assoleixen els seus nivells m\u00e9s alts en gaireb\u00e9 30 anys\",\"datePublished\":\"2024-02-13T10:36:16+00:00\",\"dateModified\":\"2024-02-14T11:53:38+00:00\",\"mainEntityOfPage\":{\"@id\":\"https:\/\/gremicafe.cat\/2024\/02\/13\/els-preus-dels-robusta-assoleixen-els-seus-nivells-mes-alts-en-gairebe-30-anys\/\"},\"wordCount\":94,\"publisher\":{\"@id\":\"https:\/\/gremicafe.cat\/#organization\"},\"image\":{\"@id\":\"https:\/\/gremicafe.cat\/2024\/02\/13\/els-preus-dels-robusta-assoleixen-els-seus-nivells-mes-alts-en-gairebe-30-anys\/#primaryimage\"},\"thumbnailUrl\":\"https:\/\/gremicafe.cat\/wp-content\/uploads\/2024\/02\/Ico-logo-1080x1080-1.jpg\",\"articleSection\":[\"Not\u00edcies\"],\"inLanguage\":\"es\"},{\"@type\":\"WebPage\",\"@id\":\"https:\/\/gremicafe.cat\/2024\/02\/13\/els-preus-dels-robusta-assoleixen-els-seus-nivells-mes-alts-en-gairebe-30-anys\/\",\"url\":\"https:\/\/gremicafe.cat\/2024\/02\/13\/els-preus-dels-robusta-assoleixen-els-seus-nivells-mes-alts-en-gairebe-30-anys\/\",\"name\":\"Els preus dels Robusta assoleixen els seus nivells m\u00e9s alts en gaireb\u00e9 30 anys - Gremi del Caf\u00e8, torradors de Catalunya\",\"isPartOf\":{\"@id\":\"https:\/\/gremicafe.cat\/#website\"},\"primaryImageOfPage\":{\"@id\":\"https:\/\/gremicafe.cat\/2024\/02\/13\/els-preus-dels-robusta-assoleixen-els-seus-nivells-mes-alts-en-gairebe-30-anys\/#primaryimage\"},\"image\":{\"@id\":\"https:\/\/gremicafe.cat\/2024\/02\/13\/els-preus-dels-robusta-assoleixen-els-seus-nivells-mes-alts-en-gairebe-30-anys\/#primaryimage\"},\"thumbnailUrl\":\"https:\/\/gremicafe.cat\/wp-content\/uploads\/2024\/02\/Ico-logo-1080x1080-1.jpg\",\"datePublished\":\"2024-02-13T10:36:16+00:00\",\"dateModified\":\"2024-02-14T11:53:38+00:00\",\"breadcrumb\":{\"@id\":\"https:\/\/gremicafe.cat\/2024\/02\/13\/els-preus-dels-robusta-assoleixen-els-seus-nivells-mes-alts-en-gairebe-30-anys\/#breadcrumb\"},\"inLanguage\":\"es\",\"potentialAction\":[{\"@type\":\"ReadAction\",\"target\":[\"https:\/\/gremicafe.cat\/2024\/02\/13\/els-preus-dels-robusta-assoleixen-els-seus-nivells-mes-alts-en-gairebe-30-anys\/\"]}]},{\"@type\":\"ImageObject\",\"inLanguage\":\"es\",\"@id\":\"https:\/\/gremicafe.cat\/2024\/02\/13\/els-preus-dels-robusta-assoleixen-els-seus-nivells-mes-alts-en-gairebe-30-anys\/#primaryimage\",\"url\":\"https:\/\/gremicafe.cat\/wp-content\/uploads\/2024\/02\/Ico-logo-1080x1080-1.jpg\",\"contentUrl\":\"https:\/\/gremicafe.cat\/wp-content\/uploads\/2024\/02\/Ico-logo-1080x1080-1.jpg\",\"width\":1080,\"height\":1080},{\"@type\":\"BreadcrumbList\",\"@id\":\"https:\/\/gremicafe.cat\/2024\/02\/13\/els-preus-dels-robusta-assoleixen-els-seus-nivells-mes-alts-en-gairebe-30-anys\/#breadcrumb\",\"itemListElement\":[{\"@type\":\"ListItem\",\"position\":1,\"name\":\"Inici\",\"item\":\"https:\/\/gremicafe.cat\/\"},{\"@type\":\"ListItem\",\"position\":2,\"name\":\"Els preus dels Robusta assoleixen els seus nivells m\u00e9s alts en gaireb\u00e9 30 anys\"}]},{\"@type\":\"WebSite\",\"@id\":\"https:\/\/gremicafe.cat\/#website\",\"url\":\"https:\/\/gremicafe.cat\/\",\"name\":\"Gremi del Caf\u00e8, torradors de Catalunya\",\"description\":\"Web oficial del gremi de torradors de caf\u00e8 de Catalunya\",\"publisher\":{\"@id\":\"https:\/\/gremicafe.cat\/#organization\"},\"potentialAction\":[{\"@type\":\"SearchAction\",\"target\":{\"@type\":\"EntryPoint\",\"urlTemplate\":\"https:\/\/gremicafe.cat\/?s={search_term_string}\"},\"query-input\":{\"@type\":\"PropertyValueSpecification\",\"valueRequired\":true,\"valueName\":\"search_term_string\"}}],\"inLanguage\":\"es\"},{\"@type\":\"Organization\",\"@id\":\"https:\/\/gremicafe.cat\/#organization\",\"name\":\"Gremi del Caf\u00e8, Torradors de Catalunya\",\"url\":\"https:\/\/gremicafe.cat\/\",\"logo\":{\"@type\":\"ImageObject\",\"inLanguage\":\"es\",\"@id\":\"https:\/\/gremicafe.cat\/#\/schema\/logo\/image\/\",\"url\":\"https:\/\/gremicafe.cat\/wp-content\/uploads\/2018\/03\/gremicafe-logo250.png\",\"contentUrl\":\"https:\/\/gremicafe.cat\/wp-content\/uploads\/2018\/03\/gremicafe-logo250.png\",\"width\":250,\"height\":49,\"caption\":\"Gremi del Caf\u00e8, Torradors de Catalunya\"},\"image\":{\"@id\":\"https:\/\/gremicafe.cat\/#\/schema\/logo\/image\/\"},\"sameAs\":[\"https:\/\/www.facebook.com\/gremicafecat\",\"https:\/\/x.com\/gremicafecat\",\"https:\/\/www.instagram.com\/gremicafecat\/\",\"https:\/\/www.pinterest.es\/gremicafecat\/\",\"https:\/\/www.youtube.com\/channel\/UCGLo5Y35vLwLvP4FrPZrCrw\/\"]},{\"@type\":\"Person\",\"@id\":\"https:\/\/gremicafe.cat\/#\/schema\/person\/dabfdbb3d0fa36260855a380f94e4733\",\"name\":\"gremicafe\",\"image\":{\"@type\":\"ImageObject\",\"inLanguage\":\"es\",\"@id\":\"https:\/\/gremicafe.cat\/#\/schema\/person\/image\/\",\"url\":\"https:\/\/secure.gravatar.com\/avatar\/e59baa4ca8f6f97576d6375fb6d3c8f0?s=96&d=mm&r=g\",\"contentUrl\":\"https:\/\/secure.gravatar.com\/avatar\/e59baa4ca8f6f97576d6375fb6d3c8f0?s=96&d=mm&r=g\",\"caption\":\"gremicafe\"}}]}<\/script>\n<!-- \/ Yoast SEO plugin. -->","yoast_head_json":{"title":"Els preus dels Robusta assoleixen els seus nivells m\u00e9s alts en gaireb\u00e9 30 anys - Gremi del Caf\u00e8, torradors de Catalunya","robots":{"index":"index","follow":"follow","max-snippet":"max-snippet:-1","max-image-preview":"max-image-preview:large","max-video-preview":"max-video-preview:-1"},"canonical":"https:\/\/gremicafe.cat\/es\/2024\/02\/13\/els-preus-dels-robusta-assoleixen-els-seus-nivells-mes-alts-en-gairebe-30-anys\/","og_locale":"es_ES","og_type":"article","og_title":"Els preus dels Robusta assoleixen els seus nivells m\u00e9s alts en gaireb\u00e9 30 anys - Gremi del Caf\u00e8, torradors de Catalunya","og_description":"Segons l\u2019informe ICO aix\u00f2 \u00e9s degut a problemes de subministrament a causa de l\u2019escassetat d\u2019exist\u00e8ncies. La mitjana mensual de l&#8217;I-CIP per a Robustas va augmentar 148,47 US cents\/lb, el nivell m\u00e9s alt des del mes de novembre de 1994. Aix\u00f2 \u00e9s degut a la situaci\u00f3 de l&#8217;oferta, especialment a Indon\u00e8sia i Vietnam. El mercat de [&hellip;]","og_url":"https:\/\/gremicafe.cat\/es\/2024\/02\/13\/els-preus-dels-robusta-assoleixen-els-seus-nivells-mes-alts-en-gairebe-30-anys\/","og_site_name":"Gremi del Caf\u00e8, torradors de Catalunya","article_publisher":"https:\/\/www.facebook.com\/gremicafecat","article_published_time":"2024-02-13T10:36:16+00:00","article_modified_time":"2024-02-14T11:53:38+00:00","og_image":[{"width":1080,"height":1080,"url":"https:\/\/gremicafe.cat\/wp-content\/uploads\/2024\/02\/Ico-logo-1080x1080-1.jpg","type":"image\/jpeg"}],"author":"gremicafe","twitter_card":"summary_large_image","twitter_creator":"@gremicafecat","twitter_site":"@gremicafecat","twitter_misc":{"Escrito por":"gremicafe","Tiempo de lectura":"1 minuto"},"schema":{"@context":"https:\/\/schema.org","@graph":[{"@type":"Article","@id":"https:\/\/gremicafe.cat\/2024\/02\/13\/els-preus-dels-robusta-assoleixen-els-seus-nivells-mes-alts-en-gairebe-30-anys\/#article","isPartOf":{"@id":"https:\/\/gremicafe.cat\/2024\/02\/13\/els-preus-dels-robusta-assoleixen-els-seus-nivells-mes-alts-en-gairebe-30-anys\/"},"author":{"name":"gremicafe","@id":"https:\/\/gremicafe.cat\/#\/schema\/person\/dabfdbb3d0fa36260855a380f94e4733"},"headline":"Els preus dels Robusta assoleixen els seus nivells m\u00e9s alts en gaireb\u00e9 30 anys","datePublished":"2024-02-13T10:36:16+00:00","dateModified":"2024-02-14T11:53:38+00:00","mainEntityOfPage":{"@id":"https:\/\/gremicafe.cat\/2024\/02\/13\/els-preus-dels-robusta-assoleixen-els-seus-nivells-mes-alts-en-gairebe-30-anys\/"},"wordCount":94,"publisher":{"@id":"https:\/\/gremicafe.cat\/#organization"},"image":{"@id":"https:\/\/gremicafe.cat\/2024\/02\/13\/els-preus-dels-robusta-assoleixen-els-seus-nivells-mes-alts-en-gairebe-30-anys\/#primaryimage"},"thumbnailUrl":"https:\/\/gremicafe.cat\/wp-content\/uploads\/2024\/02\/Ico-logo-1080x1080-1.jpg","articleSection":["Not\u00edcies"],"inLanguage":"es"},{"@type":"WebPage","@id":"https:\/\/gremicafe.cat\/2024\/02\/13\/els-preus-dels-robusta-assoleixen-els-seus-nivells-mes-alts-en-gairebe-30-anys\/","url":"https:\/\/gremicafe.cat\/2024\/02\/13\/els-preus-dels-robusta-assoleixen-els-seus-nivells-mes-alts-en-gairebe-30-anys\/","name":"Els preus dels Robusta assoleixen els seus nivells m\u00e9s alts en gaireb\u00e9 30 anys - Gremi del Caf\u00e8, torradors de Catalunya","isPartOf":{"@id":"https:\/\/gremicafe.cat\/#website"},"primaryImageOfPage":{"@id":"https:\/\/gremicafe.cat\/2024\/02\/13\/els-preus-dels-robusta-assoleixen-els-seus-nivells-mes-alts-en-gairebe-30-anys\/#primaryimage"},"image":{"@id":"https:\/\/gremicafe.cat\/2024\/02\/13\/els-preus-dels-robusta-assoleixen-els-seus-nivells-mes-alts-en-gairebe-30-anys\/#primaryimage"},"thumbnailUrl":"https:\/\/gremicafe.cat\/wp-content\/uploads\/2024\/02\/Ico-logo-1080x1080-1.jpg","datePublished":"2024-02-13T10:36:16+00:00","dateModified":"2024-02-14T11:53:38+00:00","breadcrumb":{"@id":"https:\/\/gremicafe.cat\/2024\/02\/13\/els-preus-dels-robusta-assoleixen-els-seus-nivells-mes-alts-en-gairebe-30-anys\/#breadcrumb"},"inLanguage":"es","potentialAction":[{"@type":"ReadAction","target":["https:\/\/gremicafe.cat\/2024\/02\/13\/els-preus-dels-robusta-assoleixen-els-seus-nivells-mes-alts-en-gairebe-30-anys\/"]}]},{"@type":"ImageObject","inLanguage":"es","@id":"https:\/\/gremicafe.cat\/2024\/02\/13\/els-preus-dels-robusta-assoleixen-els-seus-nivells-mes-alts-en-gairebe-30-anys\/#primaryimage","url":"https:\/\/gremicafe.cat\/wp-content\/uploads\/2024\/02\/Ico-logo-1080x1080-1.jpg","contentUrl":"https:\/\/gremicafe.cat\/wp-content\/uploads\/2024\/02\/Ico-logo-1080x1080-1.jpg","width":1080,"height":1080},{"@type":"BreadcrumbList","@id":"https:\/\/gremicafe.cat\/2024\/02\/13\/els-preus-dels-robusta-assoleixen-els-seus-nivells-mes-alts-en-gairebe-30-anys\/#breadcrumb","itemListElement":[{"@type":"ListItem","position":1,"name":"Inici","item":"https:\/\/gremicafe.cat\/"},{"@type":"ListItem","position":2,"name":"Els preus dels Robusta assoleixen els seus nivells m\u00e9s alts en gaireb\u00e9 30 anys"}]},{"@type":"WebSite","@id":"https:\/\/gremicafe.cat\/#website","url":"https:\/\/gremicafe.cat\/","name":"Gremio del Caf\u00e9, tostadores de Catalu\u00f1a","description":"Web oficial del gremio de tostadores de caf\u00e9 de Catalunya","publisher":{"@id":"https:\/\/gremicafe.cat\/#organization"},"potentialAction":[{"@type":"SearchAction","target":{"@type":"EntryPoint","urlTemplate":"https:\/\/gremicafe.cat\/?s={search_term_string}"},"query-input":{"@type":"PropertyValueSpecification","valueRequired":true,"valueName":"search_term_string"}}],"inLanguage":"es"},{"@type":"Organization","@id":"https:\/\/gremicafe.cat\/#organization","name":"Gremio del Caf\u00e9, Tostadores de Catalu\u00f1a","url":"https:\/\/gremicafe.cat\/","logo":{"@type":"ImageObject","inLanguage":"es","@id":"https:\/\/gremicafe.cat\/#\/schema\/logo\/image\/","url":"https:\/\/gremicafe.cat\/wp-content\/uploads\/2018\/03\/gremicafe-logo250.png","contentUrl":"https:\/\/gremicafe.cat\/wp-content\/uploads\/2018\/03\/gremicafe-logo250.png","width":250,"height":49,"caption":"Gremi del Caf\u00e8, Torradors de Catalunya"},"image":{"@id":"https:\/\/gremicafe.cat\/#\/schema\/logo\/image\/"},"sameAs":["https:\/\/www.facebook.com\/gremicafecat","https:\/\/x.com\/gremicafecat","https:\/\/www.instagram.com\/gremicafecat\/","https:\/\/www.pinterest.es\/gremicafecat\/","https:\/\/www.youtube.com\/channel\/UCGLo5Y35vLwLvP4FrPZrCrw\/"]},{"@type":"Person","@id":"https:\/\/gremicafe.cat\/#\/schema\/person\/dabfdbb3d0fa36260855a380f94e4733","name":"gremicafe","image":{"@type":"ImageObject","inLanguage":"es","@id":"https:\/\/gremicafe.cat\/#\/schema\/person\/image\/","url":"https:\/\/secure.gravatar.com\/avatar\/e59baa4ca8f6f97576d6375fb6d3c8f0?s=96&d=mm&r=g","contentUrl":"https:\/\/secure.gravatar.com\/avatar\/e59baa4ca8f6f97576d6375fb6d3c8f0?s=96&d=mm&r=g","caption":"gremicafe"}}]}},"_links":{"self":[{"href":"https:\/\/gremicafe.cat\/es\/wp-json\/wp\/v2\/posts\/7197"}],"collection":[{"href":"https:\/\/gremicafe.cat\/es\/wp-json\/wp\/v2\/posts"}],"about":[{"href":"https:\/\/gremicafe.cat\/es\/wp-json\/wp\/v2\/types\/post"}],"author":[{"embeddable":true,"href":"https:\/\/gremicafe.cat\/es\/wp-json\/wp\/v2\/users\/1"}],"replies":[{"embeddable":true,"href":"https:\/\/gremicafe.cat\/es\/wp-json\/wp\/v2\/comments?post=7197"}],"version-history":[{"count":0,"href":"https:\/\/gremicafe.cat\/es\/wp-json\/wp\/v2\/posts\/7197\/revisions"}],"wp:featuredmedia":[{"embeddable":true,"href":"https:\/\/gremicafe.cat\/es\/wp-json\/wp\/v2\/media\/7198"}],"wp:attachment":[{"href":"https:\/\/gremicafe.cat\/es\/wp-json\/wp\/v2\/media?parent=7197"}],"wp:term":[{"taxonomy":"category","embeddable":true,"href":"https:\/\/gremicafe.cat\/es\/wp-json\/wp\/v2\/categories?post=7197"},{"taxonomy":"post_tag","embeddable":true,"href":"https:\/\/gremicafe.cat\/es\/wp-json\/wp\/v2\/tags?post=7197"}],"curies":[{"name":"wp","href":"https:\/\/api.w.org\/{rel}","templated":true}]}}