{"id":7205,"date":"2024-02-20T11:57:48","date_gmt":"2024-02-20T10:57:48","guid":{"rendered":"https:\/\/gremicafe.cat\/?p=7205"},"modified":"2024-02-20T11:59:20","modified_gmt":"2024-02-20T10:59:20","slug":"la-industria-del-cafe-a-espanya-es-mou-cap-al-premium-amb-un-consumidor-mes-conscienciat","status":"publish","type":"post","link":"https:\/\/gremicafe.cat\/es\/2024\/02\/20\/la-industria-del-cafe-a-espanya-es-mou-cap-al-premium-amb-un-consumidor-mes-conscienciat\/","title":{"rendered":"La industria del caf\u00e9 en Espa\u00f1a se mueve hacia el premium, con un consumidor m\u00e1s concienciado"},"content":{"rendered":"<div id=\"ut-row-69f3ed4d5fac5\" data-vc-full-width=\"true\" data-vc-full-width-init=\"false\" class=\"vc_row wpb_row vc_row-fluid vc_column-gap-0 ut-row-69f3ed4d5fad4\" ><div class=\"wpb_column vc_column_container vc_col-sm-12\" ><div id=\"ut_inner_column_69f3ed4d603b6\" class=\"vc_column-inner\"><div class=\"wpb_wrapper\">\n\t<div class=\"wpb_text_column wpb_content_element\" >\n\t\t<div class=\"wpb_wrapper\">\n\t\t\t<div id=\"attachment_7206\" style=\"width: 1090px\" class=\"wp-caption aligncenter\"><img loading=\"lazy\" decoding=\"async\" aria-describedby=\"caption-attachment-7206\" class=\"wp-image-7206 size-full\" src=\"https:\/\/gremicafe.cat\/wp-content\/uploads\/2024\/02\/GremicafePremium.jpg\" alt=\"\u00a9 Gremi del Caf\u00e8 de Catalunya \/ Caf\u00e8s Ros\" width=\"1080\" height=\"1080\" srcset=\"https:\/\/gremicafe.cat\/wp-content\/uploads\/2024\/02\/GremicafePremium.jpg 1080w, https:\/\/gremicafe.cat\/wp-content\/uploads\/2024\/02\/GremicafePremium-300x300.jpg 300w, https:\/\/gremicafe.cat\/wp-content\/uploads\/2024\/02\/GremicafePremium-150x150.jpg 150w, https:\/\/gremicafe.cat\/wp-content\/uploads\/2024\/02\/GremicafePremium-768x768.jpg 768w, https:\/\/gremicafe.cat\/wp-content\/uploads\/2024\/02\/GremicafePremium-720x720.jpg 720w\" sizes=\"(max-width: 1080px) 100vw, 1080px\" \/><p id=\"caption-attachment-7206\" class=\"wp-caption-text\">\u00a9 Gremio del Caf\u00e9 de Catalu\u00f1a \/ Caf\u00e9s Ros<\/p><\/div>\n<p class=\"p1\">La industria del caf\u00e9 en Espa\u00f1a est\u00e1 apostando por el segmento premium, sin descuidar la trazabilidad del producto desde su origen hasta la innovaci\u00f3n en envases m\u00e1s sostenibles, frente a un consumidor cada vez m\u00e1s concienciado.<\/p>\n<p class=\"p1\">Seg\u00fan datos de la Asociaci\u00f3n Espa\u00f1ola del Caf\u00e9 (AECaf\u00e9), en Espa\u00f1a se producen 210.000 toneladas de caf\u00e9 tostado y soluble, y al a\u00f1o se consumen 3,81 kilos por persona, el equivalente de m\u00e1s de 500 tazas por habitante y a\u00f1o .<\/p>\n<p class=\"p1\">Espa\u00f1a es el segundo mayor fabricante de caf\u00e9 soluble de Europa, el tercer productor de caf\u00e9 tostado descafeinado y el cuarto productor de caf\u00e9 tostado con cafe\u00edna, informa Efe.<\/p>\n<p>&nbsp;<\/p>\n<p class=\"p1\">Lea la noticia entera en <a href=\"https:\/\/www.foodretail.es\/fabricantes\/industria-Espana-premium-consumidor-concienciado_0_1850214983.html\" target=\"_blank\" rel=\"noopener\">www.foodretail.es<\/a>.<\/p>\n<p>\u00a0<\/p>\n\n\t\t<\/div>\n\t<\/div>\n<\/div><\/div><\/div><\/div><div class=\"vc_row-full-width vc_clearfix\"><\/div>","protected":false},"excerpt":{"rendered":"\u00a9 Gremi del Caf\u00e8 de Catalunya \/ Caf\u00e8s Ros La ind\u00fastria del caf\u00e8 a Espanya est\u00e0 apostant pel segment premium, sense descuidar la tra\u00e7abilitat del producte des de l'origen fins a la innovaci\u00f3 en envasos m\u00e9s sostenibles, davant un consumidor cada vegada m\u00e9s conscienciat. Segons dades de l'Associaci\u00f3 Espanyola del Caf\u00e8 (AECaf\u00e9), a Espanya es [...]","protected":false},"author":1,"featured_media":7206,"comment_status":"closed","ping_status":"open","sticky":false,"template":"","format":"standard","meta":{"_acf_changed":false,"inline_featured_image":false,"footnotes":""},"categories":[1],"tags":[],"class_list":["post-7205","post","type-post","status-publish","format-standard","has-post-thumbnail","hentry","category-noticies"],"acf":[],"yoast_head":"<!-- This site is optimized with the Yoast SEO plugin v25.5 - https:\/\/yoast.com\/wordpress\/plugins\/seo\/ -->\n<title>La ind\u00fastria del caf\u00e8 a Espanya es mou cap al premium, amb un consumidor m\u00e9s conscienciat - Gremi del Caf\u00e8, torradors de Catalunya<\/title>\n<meta name=\"robots\" content=\"index, follow, max-snippet:-1, max-image-preview:large, max-video-preview:-1\" \/>\n<link rel=\"canonical\" href=\"https:\/\/gremicafe.cat\/es\/2024\/02\/20\/la-industria-del-cafe-a-espanya-es-mou-cap-al-premium-amb-un-consumidor-mes-conscienciat\/\" \/>\n<meta property=\"og:locale\" content=\"es_ES\" \/>\n<meta property=\"og:type\" content=\"article\" \/>\n<meta property=\"og:title\" content=\"La ind\u00fastria del caf\u00e8 a Espanya es mou cap al premium, amb un consumidor m\u00e9s conscienciat - Gremi del Caf\u00e8, torradors de Catalunya\" \/>\n<meta property=\"og:url\" content=\"https:\/\/gremicafe.cat\/es\/2024\/02\/20\/la-industria-del-cafe-a-espanya-es-mou-cap-al-premium-amb-un-consumidor-mes-conscienciat\/\" \/>\n<meta property=\"og:site_name\" content=\"Gremi del Caf\u00e8, torradors de Catalunya\" \/>\n<meta property=\"article:publisher\" content=\"https:\/\/www.facebook.com\/gremicafecat\" \/>\n<meta property=\"article:published_time\" content=\"2024-02-20T10:57:48+00:00\" \/>\n<meta property=\"article:modified_time\" content=\"2024-02-20T10:59:20+00:00\" \/>\n<meta property=\"og:image\" content=\"https:\/\/gremicafe.cat\/wp-content\/uploads\/2024\/02\/GremicafePremium.jpg\" \/>\n\t<meta property=\"og:image:width\" content=\"1080\" \/>\n\t<meta property=\"og:image:height\" content=\"1080\" \/>\n\t<meta property=\"og:image:type\" content=\"image\/jpeg\" \/>\n<meta name=\"author\" content=\"gremicafe\" \/>\n<meta name=\"twitter:card\" content=\"summary_large_image\" \/>\n<meta name=\"twitter:creator\" content=\"@gremicafecat\" \/>\n<meta name=\"twitter:site\" content=\"@gremicafecat\" \/>\n<meta name=\"twitter:label1\" content=\"Escrito por\" \/>\n\t<meta name=\"twitter:data1\" content=\"gremicafe\" \/>\n\t<meta name=\"twitter:label2\" content=\"Tiempo de lectura\" \/>\n\t<meta name=\"twitter:data2\" content=\"1 minuto\" \/>\n<script type=\"application\/ld+json\" class=\"yoast-schema-graph\">{\"@context\":\"https:\/\/schema.org\",\"@graph\":[{\"@type\":\"Article\",\"@id\":\"https:\/\/gremicafe.cat\/2024\/02\/20\/la-industria-del-cafe-a-espanya-es-mou-cap-al-premium-amb-un-consumidor-mes-conscienciat\/#article\",\"isPartOf\":{\"@id\":\"https:\/\/gremicafe.cat\/2024\/02\/20\/la-industria-del-cafe-a-espanya-es-mou-cap-al-premium-amb-un-consumidor-mes-conscienciat\/\"},\"author\":{\"name\":\"gremicafe\",\"@id\":\"https:\/\/gremicafe.cat\/#\/schema\/person\/dabfdbb3d0fa36260855a380f94e4733\"},\"headline\":\"La ind\u00fastria del caf\u00e8 a Espanya es mou cap al premium, amb un consumidor m\u00e9s conscienciat\",\"datePublished\":\"2024-02-20T10:57:48+00:00\",\"dateModified\":\"2024-02-20T10:59:20+00:00\",\"mainEntityOfPage\":{\"@id\":\"https:\/\/gremicafe.cat\/2024\/02\/20\/la-industria-del-cafe-a-espanya-es-mou-cap-al-premium-amb-un-consumidor-mes-conscienciat\/\"},\"wordCount\":165,\"publisher\":{\"@id\":\"https:\/\/gremicafe.cat\/#organization\"},\"image\":{\"@id\":\"https:\/\/gremicafe.cat\/2024\/02\/20\/la-industria-del-cafe-a-espanya-es-mou-cap-al-premium-amb-un-consumidor-mes-conscienciat\/#primaryimage\"},\"thumbnailUrl\":\"https:\/\/gremicafe.cat\/wp-content\/uploads\/2024\/02\/GremicafePremium.jpg\",\"articleSection\":[\"Not\u00edcies\"],\"inLanguage\":\"es\"},{\"@type\":\"WebPage\",\"@id\":\"https:\/\/gremicafe.cat\/2024\/02\/20\/la-industria-del-cafe-a-espanya-es-mou-cap-al-premium-amb-un-consumidor-mes-conscienciat\/\",\"url\":\"https:\/\/gremicafe.cat\/2024\/02\/20\/la-industria-del-cafe-a-espanya-es-mou-cap-al-premium-amb-un-consumidor-mes-conscienciat\/\",\"name\":\"La ind\u00fastria del caf\u00e8 a Espanya es mou cap al premium, amb un consumidor m\u00e9s conscienciat - Gremi del Caf\u00e8, torradors de Catalunya\",\"isPartOf\":{\"@id\":\"https:\/\/gremicafe.cat\/#website\"},\"primaryImageOfPage\":{\"@id\":\"https:\/\/gremicafe.cat\/2024\/02\/20\/la-industria-del-cafe-a-espanya-es-mou-cap-al-premium-amb-un-consumidor-mes-conscienciat\/#primaryimage\"},\"image\":{\"@id\":\"https:\/\/gremicafe.cat\/2024\/02\/20\/la-industria-del-cafe-a-espanya-es-mou-cap-al-premium-amb-un-consumidor-mes-conscienciat\/#primaryimage\"},\"thumbnailUrl\":\"https:\/\/gremicafe.cat\/wp-content\/uploads\/2024\/02\/GremicafePremium.jpg\",\"datePublished\":\"2024-02-20T10:57:48+00:00\",\"dateModified\":\"2024-02-20T10:59:20+00:00\",\"breadcrumb\":{\"@id\":\"https:\/\/gremicafe.cat\/2024\/02\/20\/la-industria-del-cafe-a-espanya-es-mou-cap-al-premium-amb-un-consumidor-mes-conscienciat\/#breadcrumb\"},\"inLanguage\":\"es\",\"potentialAction\":[{\"@type\":\"ReadAction\",\"target\":[\"https:\/\/gremicafe.cat\/2024\/02\/20\/la-industria-del-cafe-a-espanya-es-mou-cap-al-premium-amb-un-consumidor-mes-conscienciat\/\"]}]},{\"@type\":\"ImageObject\",\"inLanguage\":\"es\",\"@id\":\"https:\/\/gremicafe.cat\/2024\/02\/20\/la-industria-del-cafe-a-espanya-es-mou-cap-al-premium-amb-un-consumidor-mes-conscienciat\/#primaryimage\",\"url\":\"https:\/\/gremicafe.cat\/wp-content\/uploads\/2024\/02\/GremicafePremium.jpg\",\"contentUrl\":\"https:\/\/gremicafe.cat\/wp-content\/uploads\/2024\/02\/GremicafePremium.jpg\",\"width\":1080,\"height\":1080},{\"@type\":\"BreadcrumbList\",\"@id\":\"https:\/\/gremicafe.cat\/2024\/02\/20\/la-industria-del-cafe-a-espanya-es-mou-cap-al-premium-amb-un-consumidor-mes-conscienciat\/#breadcrumb\",\"itemListElement\":[{\"@type\":\"ListItem\",\"position\":1,\"name\":\"Inici\",\"item\":\"https:\/\/gremicafe.cat\/\"},{\"@type\":\"ListItem\",\"position\":2,\"name\":\"La ind\u00fastria del caf\u00e8 a Espanya es mou cap al premium, amb un consumidor m\u00e9s conscienciat\"}]},{\"@type\":\"WebSite\",\"@id\":\"https:\/\/gremicafe.cat\/#website\",\"url\":\"https:\/\/gremicafe.cat\/\",\"name\":\"Gremi del Caf\u00e8, torradors de Catalunya\",\"description\":\"Web oficial del gremi de torradors de caf\u00e8 de Catalunya\",\"publisher\":{\"@id\":\"https:\/\/gremicafe.cat\/#organization\"},\"potentialAction\":[{\"@type\":\"SearchAction\",\"target\":{\"@type\":\"EntryPoint\",\"urlTemplate\":\"https:\/\/gremicafe.cat\/?s={search_term_string}\"},\"query-input\":{\"@type\":\"PropertyValueSpecification\",\"valueRequired\":true,\"valueName\":\"search_term_string\"}}],\"inLanguage\":\"es\"},{\"@type\":\"Organization\",\"@id\":\"https:\/\/gremicafe.cat\/#organization\",\"name\":\"Gremi del Caf\u00e8, Torradors de Catalunya\",\"url\":\"https:\/\/gremicafe.cat\/\",\"logo\":{\"@type\":\"ImageObject\",\"inLanguage\":\"es\",\"@id\":\"https:\/\/gremicafe.cat\/#\/schema\/logo\/image\/\",\"url\":\"https:\/\/gremicafe.cat\/wp-content\/uploads\/2018\/03\/gremicafe-logo250.png\",\"contentUrl\":\"https:\/\/gremicafe.cat\/wp-content\/uploads\/2018\/03\/gremicafe-logo250.png\",\"width\":250,\"height\":49,\"caption\":\"Gremi del Caf\u00e8, Torradors de Catalunya\"},\"image\":{\"@id\":\"https:\/\/gremicafe.cat\/#\/schema\/logo\/image\/\"},\"sameAs\":[\"https:\/\/www.facebook.com\/gremicafecat\",\"https:\/\/x.com\/gremicafecat\",\"https:\/\/www.instagram.com\/gremicafecat\/\",\"https:\/\/www.pinterest.es\/gremicafecat\/\",\"https:\/\/www.youtube.com\/channel\/UCGLo5Y35vLwLvP4FrPZrCrw\/\"]},{\"@type\":\"Person\",\"@id\":\"https:\/\/gremicafe.cat\/#\/schema\/person\/dabfdbb3d0fa36260855a380f94e4733\",\"name\":\"gremicafe\",\"image\":{\"@type\":\"ImageObject\",\"inLanguage\":\"es\",\"@id\":\"https:\/\/gremicafe.cat\/#\/schema\/person\/image\/\",\"url\":\"https:\/\/secure.gravatar.com\/avatar\/e59baa4ca8f6f97576d6375fb6d3c8f0?s=96&d=mm&r=g\",\"contentUrl\":\"https:\/\/secure.gravatar.com\/avatar\/e59baa4ca8f6f97576d6375fb6d3c8f0?s=96&d=mm&r=g\",\"caption\":\"gremicafe\"}}]}<\/script>\n<!-- \/ Yoast SEO plugin. -->","yoast_head_json":{"title":"La ind\u00fastria del caf\u00e8 a Espanya es mou cap al premium, amb un consumidor m\u00e9s conscienciat - Gremi del Caf\u00e8, torradors de Catalunya","robots":{"index":"index","follow":"follow","max-snippet":"max-snippet:-1","max-image-preview":"max-image-preview:large","max-video-preview":"max-video-preview:-1"},"canonical":"https:\/\/gremicafe.cat\/es\/2024\/02\/20\/la-industria-del-cafe-a-espanya-es-mou-cap-al-premium-amb-un-consumidor-mes-conscienciat\/","og_locale":"es_ES","og_type":"article","og_title":"La ind\u00fastria del caf\u00e8 a Espanya es mou cap al premium, amb un consumidor m\u00e9s conscienciat - Gremi del Caf\u00e8, torradors de Catalunya","og_url":"https:\/\/gremicafe.cat\/es\/2024\/02\/20\/la-industria-del-cafe-a-espanya-es-mou-cap-al-premium-amb-un-consumidor-mes-conscienciat\/","og_site_name":"Gremi del Caf\u00e8, torradors de Catalunya","article_publisher":"https:\/\/www.facebook.com\/gremicafecat","article_published_time":"2024-02-20T10:57:48+00:00","article_modified_time":"2024-02-20T10:59:20+00:00","og_image":[{"width":1080,"height":1080,"url":"https:\/\/gremicafe.cat\/wp-content\/uploads\/2024\/02\/GremicafePremium.jpg","type":"image\/jpeg"}],"author":"gremicafe","twitter_card":"summary_large_image","twitter_creator":"@gremicafecat","twitter_site":"@gremicafecat","twitter_misc":{"Escrito por":"gremicafe","Tiempo de lectura":"1 minuto"},"schema":{"@context":"https:\/\/schema.org","@graph":[{"@type":"Article","@id":"https:\/\/gremicafe.cat\/2024\/02\/20\/la-industria-del-cafe-a-espanya-es-mou-cap-al-premium-amb-un-consumidor-mes-conscienciat\/#article","isPartOf":{"@id":"https:\/\/gremicafe.cat\/2024\/02\/20\/la-industria-del-cafe-a-espanya-es-mou-cap-al-premium-amb-un-consumidor-mes-conscienciat\/"},"author":{"name":"gremicafe","@id":"https:\/\/gremicafe.cat\/#\/schema\/person\/dabfdbb3d0fa36260855a380f94e4733"},"headline":"La ind\u00fastria del caf\u00e8 a Espanya es mou cap al premium, amb un consumidor m\u00e9s conscienciat","datePublished":"2024-02-20T10:57:48+00:00","dateModified":"2024-02-20T10:59:20+00:00","mainEntityOfPage":{"@id":"https:\/\/gremicafe.cat\/2024\/02\/20\/la-industria-del-cafe-a-espanya-es-mou-cap-al-premium-amb-un-consumidor-mes-conscienciat\/"},"wordCount":165,"publisher":{"@id":"https:\/\/gremicafe.cat\/#organization"},"image":{"@id":"https:\/\/gremicafe.cat\/2024\/02\/20\/la-industria-del-cafe-a-espanya-es-mou-cap-al-premium-amb-un-consumidor-mes-conscienciat\/#primaryimage"},"thumbnailUrl":"https:\/\/gremicafe.cat\/wp-content\/uploads\/2024\/02\/GremicafePremium.jpg","articleSection":["Not\u00edcies"],"inLanguage":"es"},{"@type":"WebPage","@id":"https:\/\/gremicafe.cat\/2024\/02\/20\/la-industria-del-cafe-a-espanya-es-mou-cap-al-premium-amb-un-consumidor-mes-conscienciat\/","url":"https:\/\/gremicafe.cat\/2024\/02\/20\/la-industria-del-cafe-a-espanya-es-mou-cap-al-premium-amb-un-consumidor-mes-conscienciat\/","name":"La ind\u00fastria del caf\u00e8 a Espanya es mou cap al premium, amb un consumidor m\u00e9s conscienciat - Gremi del Caf\u00e8, torradors de Catalunya","isPartOf":{"@id":"https:\/\/gremicafe.cat\/#website"},"primaryImageOfPage":{"@id":"https:\/\/gremicafe.cat\/2024\/02\/20\/la-industria-del-cafe-a-espanya-es-mou-cap-al-premium-amb-un-consumidor-mes-conscienciat\/#primaryimage"},"image":{"@id":"https:\/\/gremicafe.cat\/2024\/02\/20\/la-industria-del-cafe-a-espanya-es-mou-cap-al-premium-amb-un-consumidor-mes-conscienciat\/#primaryimage"},"thumbnailUrl":"https:\/\/gremicafe.cat\/wp-content\/uploads\/2024\/02\/GremicafePremium.jpg","datePublished":"2024-02-20T10:57:48+00:00","dateModified":"2024-02-20T10:59:20+00:00","breadcrumb":{"@id":"https:\/\/gremicafe.cat\/2024\/02\/20\/la-industria-del-cafe-a-espanya-es-mou-cap-al-premium-amb-un-consumidor-mes-conscienciat\/#breadcrumb"},"inLanguage":"es","potentialAction":[{"@type":"ReadAction","target":["https:\/\/gremicafe.cat\/2024\/02\/20\/la-industria-del-cafe-a-espanya-es-mou-cap-al-premium-amb-un-consumidor-mes-conscienciat\/"]}]},{"@type":"ImageObject","inLanguage":"es","@id":"https:\/\/gremicafe.cat\/2024\/02\/20\/la-industria-del-cafe-a-espanya-es-mou-cap-al-premium-amb-un-consumidor-mes-conscienciat\/#primaryimage","url":"https:\/\/gremicafe.cat\/wp-content\/uploads\/2024\/02\/GremicafePremium.jpg","contentUrl":"https:\/\/gremicafe.cat\/wp-content\/uploads\/2024\/02\/GremicafePremium.jpg","width":1080,"height":1080},{"@type":"BreadcrumbList","@id":"https:\/\/gremicafe.cat\/2024\/02\/20\/la-industria-del-cafe-a-espanya-es-mou-cap-al-premium-amb-un-consumidor-mes-conscienciat\/#breadcrumb","itemListElement":[{"@type":"ListItem","position":1,"name":"Inici","item":"https:\/\/gremicafe.cat\/"},{"@type":"ListItem","position":2,"name":"La ind\u00fastria del caf\u00e8 a Espanya es mou cap al premium, amb un consumidor m\u00e9s conscienciat"}]},{"@type":"WebSite","@id":"https:\/\/gremicafe.cat\/#website","url":"https:\/\/gremicafe.cat\/","name":"Gremio del Caf\u00e9, tostadores de Catalu\u00f1a","description":"Web oficial del gremio de tostadores de caf\u00e9 de Catalunya","publisher":{"@id":"https:\/\/gremicafe.cat\/#organization"},"potentialAction":[{"@type":"SearchAction","target":{"@type":"EntryPoint","urlTemplate":"https:\/\/gremicafe.cat\/?s={search_term_string}"},"query-input":{"@type":"PropertyValueSpecification","valueRequired":true,"valueName":"search_term_string"}}],"inLanguage":"es"},{"@type":"Organization","@id":"https:\/\/gremicafe.cat\/#organization","name":"Gremio del Caf\u00e9, Tostadores de Catalu\u00f1a","url":"https:\/\/gremicafe.cat\/","logo":{"@type":"ImageObject","inLanguage":"es","@id":"https:\/\/gremicafe.cat\/#\/schema\/logo\/image\/","url":"https:\/\/gremicafe.cat\/wp-content\/uploads\/2018\/03\/gremicafe-logo250.png","contentUrl":"https:\/\/gremicafe.cat\/wp-content\/uploads\/2018\/03\/gremicafe-logo250.png","width":250,"height":49,"caption":"Gremi del Caf\u00e8, Torradors de Catalunya"},"image":{"@id":"https:\/\/gremicafe.cat\/#\/schema\/logo\/image\/"},"sameAs":["https:\/\/www.facebook.com\/gremicafecat","https:\/\/x.com\/gremicafecat","https:\/\/www.instagram.com\/gremicafecat\/","https:\/\/www.pinterest.es\/gremicafecat\/","https:\/\/www.youtube.com\/channel\/UCGLo5Y35vLwLvP4FrPZrCrw\/"]},{"@type":"Person","@id":"https:\/\/gremicafe.cat\/#\/schema\/person\/dabfdbb3d0fa36260855a380f94e4733","name":"gremicafe","image":{"@type":"ImageObject","inLanguage":"es","@id":"https:\/\/gremicafe.cat\/#\/schema\/person\/image\/","url":"https:\/\/secure.gravatar.com\/avatar\/e59baa4ca8f6f97576d6375fb6d3c8f0?s=96&d=mm&r=g","contentUrl":"https:\/\/secure.gravatar.com\/avatar\/e59baa4ca8f6f97576d6375fb6d3c8f0?s=96&d=mm&r=g","caption":"gremicafe"}}]}},"_links":{"self":[{"href":"https:\/\/gremicafe.cat\/es\/wp-json\/wp\/v2\/posts\/7205"}],"collection":[{"href":"https:\/\/gremicafe.cat\/es\/wp-json\/wp\/v2\/posts"}],"about":[{"href":"https:\/\/gremicafe.cat\/es\/wp-json\/wp\/v2\/types\/post"}],"author":[{"embeddable":true,"href":"https:\/\/gremicafe.cat\/es\/wp-json\/wp\/v2\/users\/1"}],"replies":[{"embeddable":true,"href":"https:\/\/gremicafe.cat\/es\/wp-json\/wp\/v2\/comments?post=7205"}],"version-history":[{"count":0,"href":"https:\/\/gremicafe.cat\/es\/wp-json\/wp\/v2\/posts\/7205\/revisions"}],"wp:featuredmedia":[{"embeddable":true,"href":"https:\/\/gremicafe.cat\/es\/wp-json\/wp\/v2\/media\/7206"}],"wp:attachment":[{"href":"https:\/\/gremicafe.cat\/es\/wp-json\/wp\/v2\/media?parent=7205"}],"wp:term":[{"taxonomy":"category","embeddable":true,"href":"https:\/\/gremicafe.cat\/es\/wp-json\/wp\/v2\/categories?post=7205"},{"taxonomy":"post_tag","embeddable":true,"href":"https:\/\/gremicafe.cat\/es\/wp-json\/wp\/v2\/tags?post=7205"}],"curies":[{"name":"wp","href":"https:\/\/api.w.org\/{rel}","templated":true}]}}