{"id":7228,"date":"2024-03-20T10:57:08","date_gmt":"2024-03-20T09:57:08","guid":{"rendered":"https:\/\/gremicafe.cat\/?p=7228"},"modified":"2024-03-20T10:59:11","modified_gmt":"2024-03-20T09:59:11","slug":"torradors-del-gremi-del-cafe-a-alimentaria-2024","status":"publish","type":"post","link":"https:\/\/gremicafe.cat\/es\/2024\/03\/20\/torradors-del-gremi-del-cafe-a-alimentaria-2024\/","title":{"rendered":"Tostadores del Gremio del Caf\u00e9 en Alimentaria 2024"},"content":{"rendered":"<style type='text\/css'>\n                #gallery-1 {\n                    margin: auto;\n                }\n                #gallery-1 .gallery-item {\n                    float: left;\n                    margin-top: 10px;\n                    text-align: center;\n                    width: 100%;\n                }\n                #gallery-1 img {\n                    border: 2px solid #cfcfcf;\n                }\n                #gallery-1 .gallery-caption {\n                    margin-left: 0;\n                }\n                \n                \n                \n                \/* see gallery_shortcode() in wp-includes\/media.php *\/\n            <\/style>\n\t\t<div id='gallery-1' class='gallery galleryid-7228 gallery-columns-1 gallery-size-full'><dl class='gallery-item'>\n                <dt class='gallery-icon landscape'>\n                    <a href='https:\/\/gremicafe.cat\/es\/2024\/03\/20\/torradors-del-gremi-del-cafe-a-alimentaria-2024\/batallaimg_8456\/#main'><img loading=\"lazy\" decoding=\"async\" width=\"900\" height=\"675\" src=\"https:\/\/gremicafe.cat\/wp-content\/uploads\/2024\/03\/BatallaIMG_8456.jpg\" class=\"attachment-full size-full\" alt=\"\" srcset=\"https:\/\/gremicafe.cat\/wp-content\/uploads\/2024\/03\/BatallaIMG_8456.jpg 900w, https:\/\/gremicafe.cat\/wp-content\/uploads\/2024\/03\/BatallaIMG_8456-768x576.jpg 768w\" sizes=\"(max-width: 900px) 100vw, 900px\" \/><\/a>\n                <\/dt><\/dl><br style=\"clear: both\" \/><dl class='gallery-item'>\n                <dt class='gallery-icon landscape'>\n                    <a href='https:\/\/gremicafe.cat\/es\/2024\/03\/20\/torradors-del-gremi-del-cafe-a-alimentaria-2024\/coffeecenterimg_8444\/#main'><img loading=\"lazy\" decoding=\"async\" width=\"900\" height=\"675\" src=\"https:\/\/gremicafe.cat\/wp-content\/uploads\/2024\/03\/CoffeeCenterIMG_8444.jpg\" class=\"attachment-full size-full\" alt=\"\" srcset=\"https:\/\/gremicafe.cat\/wp-content\/uploads\/2024\/03\/CoffeeCenterIMG_8444.jpg 900w, https:\/\/gremicafe.cat\/wp-content\/uploads\/2024\/03\/CoffeeCenterIMG_8444-768x576.jpg 768w\" sizes=\"(max-width: 900px) 100vw, 900px\" \/><\/a>\n                <\/dt><\/dl><br style=\"clear: both\" \/><dl class='gallery-item'>\n                <dt class='gallery-icon landscape'>\n                    <a href='https:\/\/gremicafe.cat\/es\/2024\/03\/20\/torradors-del-gremi-del-cafe-a-alimentaria-2024\/novellimg_8451\/#main'><img loading=\"lazy\" decoding=\"async\" width=\"900\" height=\"675\" src=\"https:\/\/gremicafe.cat\/wp-content\/uploads\/2024\/03\/NovellIMG_8451.jpg\" class=\"attachment-full size-full\" alt=\"\" srcset=\"https:\/\/gremicafe.cat\/wp-content\/uploads\/2024\/03\/NovellIMG_8451.jpg 900w, https:\/\/gremicafe.cat\/wp-content\/uploads\/2024\/03\/NovellIMG_8451-768x576.jpg 768w\" sizes=\"(max-width: 900px) 100vw, 900px\" \/><\/a>\n                <\/dt><\/dl><br style=\"clear: both\" \/><\/div>\n\n<p class=\"p1\"><span class=\"s1\">El Gremio del Caf\u00e9 est\u00e1 presente en la feria <b>Alimentaria 2024<\/b> de la mano de <b>Caf\u00e9s Novell<\/b>, <b>Batalla Caf\u00e9s<\/b> y <b>Coffee Center<\/b>, todas ellas en el pabell\u00f3n n\u00fam. 7. Este a\u00f1o la feria se celebra del 18 al 21 de marzo en las instalaciones de Gran Via en Hospitalet.<\/span><\/p>\n<p class=\"p1\"><span class=\"s1\"><b>Caf\u00e9s Novell <\/b>en Aliment\u00e0ria 2024 apuesta por la autenticidad en sus nuevas propuestas de caf\u00e9s ecol\u00f3gicos y de especialidad de alta gama. Novell ha presentado el nuevo concepto de Caf\u00e9 de especialidad <b>THE ROASTERY<\/b> que va m\u00e1s all\u00e1 de su puntuaci\u00f3n as\u00ed como la nueva gama <b>ATELIER<\/b> de caf\u00e9s de especialidad.<\/span><\/p>\n<p class=\"p1\"><span class=\"s1\"><b>Batalla Caf\u00e9s<\/b>, el tostador m\u00e1s antiguo de su zona ha presentado la nueva gama de productos de gama alta, <b>Tarraz\u00fa<\/b> y <b>Puerto Moka,<\/b> con el nuevo <b>CAF\u00c9 COLOMBIA FINCA EL DANUBIO<\/b>, uno de los productos top de la marca, una selecci\u00f3n ar\u00e1bica suave, elegante, limpia y equilibrada.<\/span><\/p>\n<p class=\"p1\"><span class=\"s1\"><b>Coffee Center<\/b> en Aliment\u00e0ria 2024 ha estado presente con su gama de productos <b>Fincaf\u00e9<\/b>, <b>Italiano Caff\u00e9<\/b> y las infusiones <b>Alma<\/b>. Ha presentado su nuevo caf\u00e9 <b>KOPI<\/b>, todo el sabor de Indonesia en una taza de caf\u00e9, que sorprende por su exclusividad y autenticidad.<\/span><\/p>\n<p>&nbsp;<\/p>\n<p>&nbsp;<\/p>","protected":false},"excerpt":{"rendered":"<p>El Gremi del Caf\u00e8 \u00e9s present a la fira Aliment\u00e0ria 2024 de la m\u00e0 de Caf\u00e8s Novell, Batalla Caf\u00e8s i Coffee Center, totes elles al pavell\u00f3 n\u00fam. 7. Enguany la fira se celebra del 18 al 21 de mar\u00e7 a les instal\u00b7lacions de Gran Via a Hospitalet. Caf\u00e8s Novell a Aliment\u00e0ria 2024 aposta per l&#8217;autenticitat [&hellip;]<\/p>\n","protected":false},"author":1,"featured_media":7229,"comment_status":"closed","ping_status":"open","sticky":false,"template":"","format":"standard","meta":{"_acf_changed":false,"inline_featured_image":false,"footnotes":""},"categories":[1],"tags":[],"class_list":["post-7228","post","type-post","status-publish","format-standard","has-post-thumbnail","hentry","category-noticies"],"acf":[],"yoast_head":"<!-- This site is optimized with the Yoast SEO plugin v25.5 - https:\/\/yoast.com\/wordpress\/plugins\/seo\/ -->\n<title>Torradors del Gremi del Caf\u00e8 a Aliment\u00e0ria 2024 - Gremi del Caf\u00e8, torradors de Catalunya<\/title>\n<meta name=\"robots\" content=\"index, follow, max-snippet:-1, max-image-preview:large, max-video-preview:-1\" \/>\n<link rel=\"canonical\" href=\"https:\/\/gremicafe.cat\/es\/2024\/03\/20\/torradors-del-gremi-del-cafe-a-alimentaria-2024\/\" \/>\n<meta property=\"og:locale\" content=\"es_ES\" \/>\n<meta property=\"og:type\" content=\"article\" \/>\n<meta property=\"og:title\" content=\"Torradors del Gremi del Caf\u00e8 a Aliment\u00e0ria 2024 - Gremi del Caf\u00e8, torradors de Catalunya\" \/>\n<meta property=\"og:description\" content=\"El Gremi del Caf\u00e8 \u00e9s present a la fira Aliment\u00e0ria 2024 de la m\u00e0 de Caf\u00e8s Novell, Batalla Caf\u00e8s i Coffee Center, totes elles al pavell\u00f3 n\u00fam. 7. Enguany la fira se celebra del 18 al 21 de mar\u00e7 a les instal\u00b7lacions de Gran Via a Hospitalet. Caf\u00e8s Novell a Aliment\u00e0ria 2024 aposta per l&#8217;autenticitat [&hellip;]\" \/>\n<meta property=\"og:url\" content=\"https:\/\/gremicafe.cat\/es\/2024\/03\/20\/torradors-del-gremi-del-cafe-a-alimentaria-2024\/\" \/>\n<meta property=\"og:site_name\" content=\"Gremi del Caf\u00e8, torradors de Catalunya\" \/>\n<meta property=\"article:publisher\" content=\"https:\/\/www.facebook.com\/gremicafecat\" \/>\n<meta property=\"article:published_time\" content=\"2024-03-20T09:57:08+00:00\" \/>\n<meta property=\"article:modified_time\" content=\"2024-03-20T09:59:11+00:00\" \/>\n<meta property=\"og:image\" content=\"https:\/\/gremicafe.cat\/wp-content\/uploads\/2024\/03\/Alimentaria_2024_identidad_grafica_esp.jpg\" \/>\n\t<meta property=\"og:image:width\" content=\"595\" \/>\n\t<meta property=\"og:image:height\" content=\"841\" \/>\n\t<meta property=\"og:image:type\" content=\"image\/jpeg\" \/>\n<meta name=\"author\" content=\"gremicafe\" \/>\n<meta name=\"twitter:card\" content=\"summary_large_image\" \/>\n<meta name=\"twitter:creator\" content=\"@gremicafecat\" \/>\n<meta name=\"twitter:site\" content=\"@gremicafecat\" \/>\n<meta name=\"twitter:label1\" content=\"Escrito por\" \/>\n\t<meta name=\"twitter:data1\" content=\"gremicafe\" \/>\n\t<meta name=\"twitter:label2\" content=\"Tiempo de lectura\" \/>\n\t<meta name=\"twitter:data2\" content=\"2 minutos\" \/>\n<script type=\"application\/ld+json\" class=\"yoast-schema-graph\">{\"@context\":\"https:\/\/schema.org\",\"@graph\":[{\"@type\":\"Article\",\"@id\":\"https:\/\/gremicafe.cat\/2024\/03\/20\/torradors-del-gremi-del-cafe-a-alimentaria-2024\/#article\",\"isPartOf\":{\"@id\":\"https:\/\/gremicafe.cat\/2024\/03\/20\/torradors-del-gremi-del-cafe-a-alimentaria-2024\/\"},\"author\":{\"name\":\"gremicafe\",\"@id\":\"https:\/\/gremicafe.cat\/#\/schema\/person\/dabfdbb3d0fa36260855a380f94e4733\"},\"headline\":\"Torradors del Gremi del Caf\u00e8 a Aliment\u00e0ria 2024\",\"datePublished\":\"2024-03-20T09:57:08+00:00\",\"dateModified\":\"2024-03-20T09:59:11+00:00\",\"mainEntityOfPage\":{\"@id\":\"https:\/\/gremicafe.cat\/2024\/03\/20\/torradors-del-gremi-del-cafe-a-alimentaria-2024\/\"},\"wordCount\":214,\"publisher\":{\"@id\":\"https:\/\/gremicafe.cat\/#organization\"},\"image\":{\"@id\":\"https:\/\/gremicafe.cat\/2024\/03\/20\/torradors-del-gremi-del-cafe-a-alimentaria-2024\/#primaryimage\"},\"thumbnailUrl\":\"https:\/\/gremicafe.cat\/wp-content\/uploads\/2024\/03\/Alimentaria_2024_identidad_grafica_esp.jpg\",\"articleSection\":[\"Not\u00edcies\"],\"inLanguage\":\"es\"},{\"@type\":\"WebPage\",\"@id\":\"https:\/\/gremicafe.cat\/2024\/03\/20\/torradors-del-gremi-del-cafe-a-alimentaria-2024\/\",\"url\":\"https:\/\/gremicafe.cat\/2024\/03\/20\/torradors-del-gremi-del-cafe-a-alimentaria-2024\/\",\"name\":\"Torradors del Gremi del Caf\u00e8 a Aliment\u00e0ria 2024 - Gremi del Caf\u00e8, torradors de Catalunya\",\"isPartOf\":{\"@id\":\"https:\/\/gremicafe.cat\/#website\"},\"primaryImageOfPage\":{\"@id\":\"https:\/\/gremicafe.cat\/2024\/03\/20\/torradors-del-gremi-del-cafe-a-alimentaria-2024\/#primaryimage\"},\"image\":{\"@id\":\"https:\/\/gremicafe.cat\/2024\/03\/20\/torradors-del-gremi-del-cafe-a-alimentaria-2024\/#primaryimage\"},\"thumbnailUrl\":\"https:\/\/gremicafe.cat\/wp-content\/uploads\/2024\/03\/Alimentaria_2024_identidad_grafica_esp.jpg\",\"datePublished\":\"2024-03-20T09:57:08+00:00\",\"dateModified\":\"2024-03-20T09:59:11+00:00\",\"breadcrumb\":{\"@id\":\"https:\/\/gremicafe.cat\/2024\/03\/20\/torradors-del-gremi-del-cafe-a-alimentaria-2024\/#breadcrumb\"},\"inLanguage\":\"es\",\"potentialAction\":[{\"@type\":\"ReadAction\",\"target\":[\"https:\/\/gremicafe.cat\/2024\/03\/20\/torradors-del-gremi-del-cafe-a-alimentaria-2024\/\"]}]},{\"@type\":\"ImageObject\",\"inLanguage\":\"es\",\"@id\":\"https:\/\/gremicafe.cat\/2024\/03\/20\/torradors-del-gremi-del-cafe-a-alimentaria-2024\/#primaryimage\",\"url\":\"https:\/\/gremicafe.cat\/wp-content\/uploads\/2024\/03\/Alimentaria_2024_identidad_grafica_esp.jpg\",\"contentUrl\":\"https:\/\/gremicafe.cat\/wp-content\/uploads\/2024\/03\/Alimentaria_2024_identidad_grafica_esp.jpg\",\"width\":595,\"height\":841},{\"@type\":\"BreadcrumbList\",\"@id\":\"https:\/\/gremicafe.cat\/2024\/03\/20\/torradors-del-gremi-del-cafe-a-alimentaria-2024\/#breadcrumb\",\"itemListElement\":[{\"@type\":\"ListItem\",\"position\":1,\"name\":\"Inici\",\"item\":\"https:\/\/gremicafe.cat\/\"},{\"@type\":\"ListItem\",\"position\":2,\"name\":\"Torradors del Gremi del Caf\u00e8 a Aliment\u00e0ria 2024\"}]},{\"@type\":\"WebSite\",\"@id\":\"https:\/\/gremicafe.cat\/#website\",\"url\":\"https:\/\/gremicafe.cat\/\",\"name\":\"Gremi del Caf\u00e8, torradors de Catalunya\",\"description\":\"Web oficial del gremi de torradors de caf\u00e8 de Catalunya\",\"publisher\":{\"@id\":\"https:\/\/gremicafe.cat\/#organization\"},\"potentialAction\":[{\"@type\":\"SearchAction\",\"target\":{\"@type\":\"EntryPoint\",\"urlTemplate\":\"https:\/\/gremicafe.cat\/?s={search_term_string}\"},\"query-input\":{\"@type\":\"PropertyValueSpecification\",\"valueRequired\":true,\"valueName\":\"search_term_string\"}}],\"inLanguage\":\"es\"},{\"@type\":\"Organization\",\"@id\":\"https:\/\/gremicafe.cat\/#organization\",\"name\":\"Gremi del Caf\u00e8, Torradors de Catalunya\",\"url\":\"https:\/\/gremicafe.cat\/\",\"logo\":{\"@type\":\"ImageObject\",\"inLanguage\":\"es\",\"@id\":\"https:\/\/gremicafe.cat\/#\/schema\/logo\/image\/\",\"url\":\"https:\/\/gremicafe.cat\/wp-content\/uploads\/2018\/03\/gremicafe-logo250.png\",\"contentUrl\":\"https:\/\/gremicafe.cat\/wp-content\/uploads\/2018\/03\/gremicafe-logo250.png\",\"width\":250,\"height\":49,\"caption\":\"Gremi del Caf\u00e8, Torradors de Catalunya\"},\"image\":{\"@id\":\"https:\/\/gremicafe.cat\/#\/schema\/logo\/image\/\"},\"sameAs\":[\"https:\/\/www.facebook.com\/gremicafecat\",\"https:\/\/x.com\/gremicafecat\",\"https:\/\/www.instagram.com\/gremicafecat\/\",\"https:\/\/www.pinterest.es\/gremicafecat\/\",\"https:\/\/www.youtube.com\/channel\/UCGLo5Y35vLwLvP4FrPZrCrw\/\"]},{\"@type\":\"Person\",\"@id\":\"https:\/\/gremicafe.cat\/#\/schema\/person\/dabfdbb3d0fa36260855a380f94e4733\",\"name\":\"gremicafe\",\"image\":{\"@type\":\"ImageObject\",\"inLanguage\":\"es\",\"@id\":\"https:\/\/gremicafe.cat\/#\/schema\/person\/image\/\",\"url\":\"https:\/\/secure.gravatar.com\/avatar\/e59baa4ca8f6f97576d6375fb6d3c8f0?s=96&d=mm&r=g\",\"contentUrl\":\"https:\/\/secure.gravatar.com\/avatar\/e59baa4ca8f6f97576d6375fb6d3c8f0?s=96&d=mm&r=g\",\"caption\":\"gremicafe\"}}]}<\/script>\n<!-- \/ Yoast SEO plugin. -->","yoast_head_json":{"title":"Torradors del Gremi del Caf\u00e8 a Aliment\u00e0ria 2024 - Gremi del Caf\u00e8, torradors de Catalunya","robots":{"index":"index","follow":"follow","max-snippet":"max-snippet:-1","max-image-preview":"max-image-preview:large","max-video-preview":"max-video-preview:-1"},"canonical":"https:\/\/gremicafe.cat\/es\/2024\/03\/20\/torradors-del-gremi-del-cafe-a-alimentaria-2024\/","og_locale":"es_ES","og_type":"article","og_title":"Torradors del Gremi del Caf\u00e8 a Aliment\u00e0ria 2024 - Gremi del Caf\u00e8, torradors de Catalunya","og_description":"El Gremi del Caf\u00e8 \u00e9s present a la fira Aliment\u00e0ria 2024 de la m\u00e0 de Caf\u00e8s Novell, Batalla Caf\u00e8s i Coffee Center, totes elles al pavell\u00f3 n\u00fam. 7. Enguany la fira se celebra del 18 al 21 de mar\u00e7 a les instal\u00b7lacions de Gran Via a Hospitalet. Caf\u00e8s Novell a Aliment\u00e0ria 2024 aposta per l&#8217;autenticitat [&hellip;]","og_url":"https:\/\/gremicafe.cat\/es\/2024\/03\/20\/torradors-del-gremi-del-cafe-a-alimentaria-2024\/","og_site_name":"Gremi del Caf\u00e8, torradors de Catalunya","article_publisher":"https:\/\/www.facebook.com\/gremicafecat","article_published_time":"2024-03-20T09:57:08+00:00","article_modified_time":"2024-03-20T09:59:11+00:00","og_image":[{"width":595,"height":841,"url":"https:\/\/gremicafe.cat\/wp-content\/uploads\/2024\/03\/Alimentaria_2024_identidad_grafica_esp.jpg","type":"image\/jpeg"}],"author":"gremicafe","twitter_card":"summary_large_image","twitter_creator":"@gremicafecat","twitter_site":"@gremicafecat","twitter_misc":{"Escrito por":"gremicafe","Tiempo de lectura":"2 minutos"},"schema":{"@context":"https:\/\/schema.org","@graph":[{"@type":"Article","@id":"https:\/\/gremicafe.cat\/2024\/03\/20\/torradors-del-gremi-del-cafe-a-alimentaria-2024\/#article","isPartOf":{"@id":"https:\/\/gremicafe.cat\/2024\/03\/20\/torradors-del-gremi-del-cafe-a-alimentaria-2024\/"},"author":{"name":"gremicafe","@id":"https:\/\/gremicafe.cat\/#\/schema\/person\/dabfdbb3d0fa36260855a380f94e4733"},"headline":"Torradors del Gremi del Caf\u00e8 a Aliment\u00e0ria 2024","datePublished":"2024-03-20T09:57:08+00:00","dateModified":"2024-03-20T09:59:11+00:00","mainEntityOfPage":{"@id":"https:\/\/gremicafe.cat\/2024\/03\/20\/torradors-del-gremi-del-cafe-a-alimentaria-2024\/"},"wordCount":214,"publisher":{"@id":"https:\/\/gremicafe.cat\/#organization"},"image":{"@id":"https:\/\/gremicafe.cat\/2024\/03\/20\/torradors-del-gremi-del-cafe-a-alimentaria-2024\/#primaryimage"},"thumbnailUrl":"https:\/\/gremicafe.cat\/wp-content\/uploads\/2024\/03\/Alimentaria_2024_identidad_grafica_esp.jpg","articleSection":["Not\u00edcies"],"inLanguage":"es"},{"@type":"WebPage","@id":"https:\/\/gremicafe.cat\/2024\/03\/20\/torradors-del-gremi-del-cafe-a-alimentaria-2024\/","url":"https:\/\/gremicafe.cat\/2024\/03\/20\/torradors-del-gremi-del-cafe-a-alimentaria-2024\/","name":"Torradors del Gremi del Caf\u00e8 a Aliment\u00e0ria 2024 - Gremi del Caf\u00e8, torradors de Catalunya","isPartOf":{"@id":"https:\/\/gremicafe.cat\/#website"},"primaryImageOfPage":{"@id":"https:\/\/gremicafe.cat\/2024\/03\/20\/torradors-del-gremi-del-cafe-a-alimentaria-2024\/#primaryimage"},"image":{"@id":"https:\/\/gremicafe.cat\/2024\/03\/20\/torradors-del-gremi-del-cafe-a-alimentaria-2024\/#primaryimage"},"thumbnailUrl":"https:\/\/gremicafe.cat\/wp-content\/uploads\/2024\/03\/Alimentaria_2024_identidad_grafica_esp.jpg","datePublished":"2024-03-20T09:57:08+00:00","dateModified":"2024-03-20T09:59:11+00:00","breadcrumb":{"@id":"https:\/\/gremicafe.cat\/2024\/03\/20\/torradors-del-gremi-del-cafe-a-alimentaria-2024\/#breadcrumb"},"inLanguage":"es","potentialAction":[{"@type":"ReadAction","target":["https:\/\/gremicafe.cat\/2024\/03\/20\/torradors-del-gremi-del-cafe-a-alimentaria-2024\/"]}]},{"@type":"ImageObject","inLanguage":"es","@id":"https:\/\/gremicafe.cat\/2024\/03\/20\/torradors-del-gremi-del-cafe-a-alimentaria-2024\/#primaryimage","url":"https:\/\/gremicafe.cat\/wp-content\/uploads\/2024\/03\/Alimentaria_2024_identidad_grafica_esp.jpg","contentUrl":"https:\/\/gremicafe.cat\/wp-content\/uploads\/2024\/03\/Alimentaria_2024_identidad_grafica_esp.jpg","width":595,"height":841},{"@type":"BreadcrumbList","@id":"https:\/\/gremicafe.cat\/2024\/03\/20\/torradors-del-gremi-del-cafe-a-alimentaria-2024\/#breadcrumb","itemListElement":[{"@type":"ListItem","position":1,"name":"Inici","item":"https:\/\/gremicafe.cat\/"},{"@type":"ListItem","position":2,"name":"Torradors del Gremi del Caf\u00e8 a Aliment\u00e0ria 2024"}]},{"@type":"WebSite","@id":"https:\/\/gremicafe.cat\/#website","url":"https:\/\/gremicafe.cat\/","name":"Gremio del Caf\u00e9, tostadores de Catalu\u00f1a","description":"Web oficial del gremio de tostadores de caf\u00e9 de Catalunya","publisher":{"@id":"https:\/\/gremicafe.cat\/#organization"},"potentialAction":[{"@type":"SearchAction","target":{"@type":"EntryPoint","urlTemplate":"https:\/\/gremicafe.cat\/?s={search_term_string}"},"query-input":{"@type":"PropertyValueSpecification","valueRequired":true,"valueName":"search_term_string"}}],"inLanguage":"es"},{"@type":"Organization","@id":"https:\/\/gremicafe.cat\/#organization","name":"Gremio del Caf\u00e9, Tostadores de Catalu\u00f1a","url":"https:\/\/gremicafe.cat\/","logo":{"@type":"ImageObject","inLanguage":"es","@id":"https:\/\/gremicafe.cat\/#\/schema\/logo\/image\/","url":"https:\/\/gremicafe.cat\/wp-content\/uploads\/2018\/03\/gremicafe-logo250.png","contentUrl":"https:\/\/gremicafe.cat\/wp-content\/uploads\/2018\/03\/gremicafe-logo250.png","width":250,"height":49,"caption":"Gremi del Caf\u00e8, Torradors de Catalunya"},"image":{"@id":"https:\/\/gremicafe.cat\/#\/schema\/logo\/image\/"},"sameAs":["https:\/\/www.facebook.com\/gremicafecat","https:\/\/x.com\/gremicafecat","https:\/\/www.instagram.com\/gremicafecat\/","https:\/\/www.pinterest.es\/gremicafecat\/","https:\/\/www.youtube.com\/channel\/UCGLo5Y35vLwLvP4FrPZrCrw\/"]},{"@type":"Person","@id":"https:\/\/gremicafe.cat\/#\/schema\/person\/dabfdbb3d0fa36260855a380f94e4733","name":"gremicafe","image":{"@type":"ImageObject","inLanguage":"es","@id":"https:\/\/gremicafe.cat\/#\/schema\/person\/image\/","url":"https:\/\/secure.gravatar.com\/avatar\/e59baa4ca8f6f97576d6375fb6d3c8f0?s=96&d=mm&r=g","contentUrl":"https:\/\/secure.gravatar.com\/avatar\/e59baa4ca8f6f97576d6375fb6d3c8f0?s=96&d=mm&r=g","caption":"gremicafe"}}]}},"_links":{"self":[{"href":"https:\/\/gremicafe.cat\/es\/wp-json\/wp\/v2\/posts\/7228"}],"collection":[{"href":"https:\/\/gremicafe.cat\/es\/wp-json\/wp\/v2\/posts"}],"about":[{"href":"https:\/\/gremicafe.cat\/es\/wp-json\/wp\/v2\/types\/post"}],"author":[{"embeddable":true,"href":"https:\/\/gremicafe.cat\/es\/wp-json\/wp\/v2\/users\/1"}],"replies":[{"embeddable":true,"href":"https:\/\/gremicafe.cat\/es\/wp-json\/wp\/v2\/comments?post=7228"}],"version-history":[{"count":0,"href":"https:\/\/gremicafe.cat\/es\/wp-json\/wp\/v2\/posts\/7228\/revisions"}],"wp:featuredmedia":[{"embeddable":true,"href":"https:\/\/gremicafe.cat\/es\/wp-json\/wp\/v2\/media\/7229"}],"wp:attachment":[{"href":"https:\/\/gremicafe.cat\/es\/wp-json\/wp\/v2\/media?parent=7228"}],"wp:term":[{"taxonomy":"category","embeddable":true,"href":"https:\/\/gremicafe.cat\/es\/wp-json\/wp\/v2\/categories?post=7228"},{"taxonomy":"post_tag","embeddable":true,"href":"https:\/\/gremicafe.cat\/es\/wp-json\/wp\/v2\/tags?post=7228"}],"curies":[{"name":"wp","href":"https:\/\/api.w.org\/{rel}","templated":true}]}}