{"id":7236,"date":"2024-03-25T10:18:28","date_gmt":"2024-03-25T09:18:28","guid":{"rendered":"https:\/\/gremicafe.cat\/?p=7236"},"modified":"2024-03-25T10:46:46","modified_gmt":"2024-03-25T09:46:46","slug":"descobreix-la-revolucio-del-te-amb-quality-blends","status":"publish","type":"post","link":"https:\/\/gremicafe.cat\/es\/2024\/03\/25\/descobreix-la-revolucio-del-te-amb-quality-blends\/","title":{"rendered":"Descubre la Revoluci\u00f3n del T\u00e9 con Quality Blends: T\u00e9 de Pela y Flor de Caf\u00e9"},"content":{"rendered":"<div id=\"ut-row-69f3a983c08d8\" data-vc-full-width=\"true\" data-vc-full-width-init=\"false\" class=\"vc_row wpb_row vc_row-fluid vc_column-gap-0 ut-row-69f3a983c08e9\" ><div class=\"wpb_column vc_column_container vc_col-sm-12\" ><div id=\"ut_inner_column_69f3a983c12ec\" class=\"vc_column-inner\"><div class=\"wpb_wrapper\">\n\t<div class=\"wpb_text_column wpb_content_element\" >\n\t\t<div class=\"wpb_wrapper\">\n\t\t\t<p><img loading=\"lazy\" decoding=\"async\" class=\"aligncenter wp-image-7238 size-full\" src=\"https:\/\/gremicafe.cat\/wp-content\/uploads\/2024\/03\/te-cascara-de-cafe.jpg\" alt=\"\" width=\"801\" height=\"800\" srcset=\"https:\/\/gremicafe.cat\/wp-content\/uploads\/2024\/03\/te-cascara-de-cafe.jpg 801w, https:\/\/gremicafe.cat\/wp-content\/uploads\/2024\/03\/te-cascara-de-cafe-300x300.jpg 300w, https:\/\/gremicafe.cat\/wp-content\/uploads\/2024\/03\/te-cascara-de-cafe-150x150.jpg 150w, https:\/\/gremicafe.cat\/wp-content\/uploads\/2024\/03\/te-cascara-de-cafe-768x767.jpg 768w, https:\/\/gremicafe.cat\/wp-content\/uploads\/2024\/03\/te-cascara-de-cafe-721x720.jpg 721w\" sizes=\"(max-width: 801px) 100vw, 801px\" \/><\/p>\n<p>&nbsp;<\/p>\n<p class=\"p2\">En un emocionante giro para los aficionados al t\u00e9 y las innovaciones gastron\u00f3micas, <strong>Quality Blends presenta una novedad que promete revolucionar el panorama del t\u00e9 en Espa\u00f1a: el t\u00e9 de caf\u00e9<\/strong>. Esta introducci\u00f3n no es lo que cabr\u00eda esperar; olv\u00eddense de cualquier asociaci\u00f3n previa con el sabor tradicional del caf\u00e9. Quality Blends ha lanzado dos variedades \u00fanicas que est\u00e1n cautivando a los paladares m\u00e1s exigentes: el <a href=\"https:\/\/qualityblends.coffee\/ca\/products\/te-de-cafe-cascara-de-cafe\" target=\"_blank\" rel=\"noopener\">t\u00e9 de c\u00e1scara de caf\u00e9<\/a> y el <a href=\"https:\/\/qualityblends.coffee\/ca\/products\/te-de-cafe-flor-de-cafe\" target=\"_blank\" rel=\"noopener\">t\u00e9 de flor de caf\u00e9<\/a>.<\/p>\n<p class=\"p2\">T\u00e9 de Pela de Caf\u00e9: Una Infusi\u00f3n con Historia<\/p>\n<p class=\"p2\">La primera maravilla de nuestra gama es el t\u00e9 de c\u00e1scara de caf\u00e9, una bebida que encuentra su origen en el proceso de producci\u00f3n del caf\u00e9. Tradicionalmente, las c\u00e1scaras de las cerezas del caf\u00e9, desechadas o utilizadas como abono despu\u00e9s del trillado y extracci\u00f3n de las semillas (que se convierten en los granos de caf\u00e9), han encontrado un nuevo prop\u00f3sito. Gracias a un meticuloso proceso de secado al sol, estas c\u00e1scaras se transforman en una infusi\u00f3n de sorprendente sabor dulce y afrutado, con notas que recuerdan a las pasas y un retrogusto similar al del Nestea, pero sin az\u00facares a\u00f1adidos. Este t\u00e9 es una verdadera revelaci\u00f3n para quienes buscan una experiencia de sabor \u00fanico y natural.<\/p>\n<p class=\"p2\">T\u00e9 de Flor de Caf\u00e9: Una Infusi\u00f3n Ef\u00edmera y Delicada<\/p>\n<p class=\"p2\">La segunda joya en nuestra corona, el t\u00e9 de flor de caf\u00e9, proviene de la flor del cafeto, la cual florece durante tan s\u00f3lo tres d\u00edas al a\u00f1o. En el \u00faltimo d\u00eda, justo antes de que la flor se desprenda naturalmente, se recolecta y se seca bajo el sol para preservar su delicadeza. El resultado es una infusi\u00f3n con un bouquet exquisito de flor blanca y jazm\u00edn, ofreciendo una experiencia de sabor fresco y sublime. Esta bebida es un verdadero lujo para los paladares m\u00e1s refinados, aqu\u00e9llos que aprecian las infusiones de calidad superior.<\/p>\n<p class=\"p2\">Una Invitaci\u00f3n a la Innovaci\u00f3n<\/p>\n<p class=\"p2\">Quality Blends invita a todos los entusiastas del t\u00e9 y la innovaci\u00f3n gastron\u00f3mica a descubrir estas infusiones \u00fanicas. Visitando nuestra p\u00e1gina web <span class=\"s2\"><a href=\"https:\/\/qualityblends.coffee\/ca\/products\/te-de-cafe-cascara-de-cafe\" target=\"_blank\" rel=\"noopener\">www.qualityblends.coffee<\/a>, <\/span>los interesados pueden explorar m\u00e1s sobre estas novedades y aprovechar una<strong> promoci\u00f3n exclusiva: un 10% de descuento<\/strong> para los nuevos suscriptores de nuestra newsletter durante ese mes.<\/p>\n<p class=\"p2\">Con el lanzamiento de estas dos variedades de t\u00e9 de caf\u00e9, Quality Blends no s\u00f3lo est\u00e1 introduciendo nuevos productos en Espa\u00f1a, sino que tambi\u00e9n est\u00e1 redefiniendo la experiencia del t\u00e9, ofreciendo sabores que no se encuentran en ninguna otra parte del mercado. Es una invitaci\u00f3n a explorar lo desconocido y deleitarse con sabores que trascienden al convencional, marcando el inicio de una nueva era para los amantes del t\u00e9.<\/p>\n<p>&nbsp;<\/p>\n<p class=\"p1\">M\u00e1s informaci\u00f3n en <a href=\"https:\/\/qualityblends.coffee\/ca\/products\/te-de-cafe-cascara-de-cafe\" target=\"_blank\" rel=\"noopener\">qualityblends.coffee<\/a>.<\/p>\n<p>&nbsp;<\/p>\n\n            <style type='text\/css'>\n                #gallery-1 {\n                    margin: auto;\n                }\n                #gallery-1 .gallery-item {\n                    float: left;\n                    margin-top: 10px;\n                    text-align: center;\n                    width: 50%;\n                }\n                #gallery-1 img {\n                    border: 2px solid #cfcfcf;\n                }\n                #gallery-1 .gallery-caption {\n                    margin-left: 0;\n                }\n                \n                \n                \n                \/* see gallery_shortcode() in wp-includes\/media.php *\/\n            <\/style>\n\t\t<div id='gallery-1' class='gallery galleryid-7236 gallery-columns-2 gallery-size-full'><dl class='gallery-item'>\n                <dt class='gallery-icon landscape'>\n                    <a href='https:\/\/gremicafe.cat\/es\/2024\/03\/25\/descobreix-la-revolucio-del-te-amb-quality-blends\/te-cascara-de-cafe2\/#main'><img loading=\"lazy\" decoding=\"async\" width=\"801\" height=\"800\" src=\"https:\/\/gremicafe.cat\/wp-content\/uploads\/2024\/03\/te-cascara-de-cafe2.jpg\" class=\"attachment-full size-full\" alt=\"\" srcset=\"https:\/\/gremicafe.cat\/wp-content\/uploads\/2024\/03\/te-cascara-de-cafe2.jpg 801w, https:\/\/gremicafe.cat\/wp-content\/uploads\/2024\/03\/te-cascara-de-cafe2-300x300.jpg 300w, https:\/\/gremicafe.cat\/wp-content\/uploads\/2024\/03\/te-cascara-de-cafe2-150x150.jpg 150w, https:\/\/gremicafe.cat\/wp-content\/uploads\/2024\/03\/te-cascara-de-cafe2-768x767.jpg 768w, https:\/\/gremicafe.cat\/wp-content\/uploads\/2024\/03\/te-cascara-de-cafe2-721x720.jpg 721w\" sizes=\"(max-width: 801px) 100vw, 801px\" \/><\/a>\n                <\/dt><\/dl><dl class='gallery-item'>\n                <dt class='gallery-icon landscape'>\n                    <a href='https:\/\/gremicafe.cat\/es\/2024\/03\/25\/descobreix-la-revolucio-del-te-amb-quality-blends\/te-cascara-de-cafe\/#main'><img loading=\"lazy\" decoding=\"async\" width=\"801\" height=\"800\" src=\"https:\/\/gremicafe.cat\/wp-content\/uploads\/2024\/03\/te-cascara-de-cafe.jpg\" class=\"attachment-full size-full\" alt=\"\" srcset=\"https:\/\/gremicafe.cat\/wp-content\/uploads\/2024\/03\/te-cascara-de-cafe.jpg 801w, https:\/\/gremicafe.cat\/wp-content\/uploads\/2024\/03\/te-cascara-de-cafe-300x300.jpg 300w, https:\/\/gremicafe.cat\/wp-content\/uploads\/2024\/03\/te-cascara-de-cafe-150x150.jpg 150w, https:\/\/gremicafe.cat\/wp-content\/uploads\/2024\/03\/te-cascara-de-cafe-768x767.jpg 768w, https:\/\/gremicafe.cat\/wp-content\/uploads\/2024\/03\/te-cascara-de-cafe-721x720.jpg 721w\" sizes=\"(max-width: 801px) 100vw, 801px\" \/><\/a>\n                <\/dt><\/dl><br style=\"clear: both\" \/><dl class='gallery-item'>\n                <dt class='gallery-icon landscape'>\n                    <a href='https:\/\/gremicafe.cat\/es\/2024\/03\/25\/descobreix-la-revolucio-del-te-amb-quality-blends\/te-flor-de-cafe\/#main'><img loading=\"lazy\" decoding=\"async\" width=\"801\" height=\"800\" src=\"https:\/\/gremicafe.cat\/wp-content\/uploads\/2024\/03\/te-flor-de-cafe.jpg\" class=\"attachment-full size-full\" alt=\"\" srcset=\"https:\/\/gremicafe.cat\/wp-content\/uploads\/2024\/03\/te-flor-de-cafe.jpg 801w, https:\/\/gremicafe.cat\/wp-content\/uploads\/2024\/03\/te-flor-de-cafe-300x300.jpg 300w, https:\/\/gremicafe.cat\/wp-content\/uploads\/2024\/03\/te-flor-de-cafe-150x150.jpg 150w, https:\/\/gremicafe.cat\/wp-content\/uploads\/2024\/03\/te-flor-de-cafe-768x767.jpg 768w, https:\/\/gremicafe.cat\/wp-content\/uploads\/2024\/03\/te-flor-de-cafe-721x720.jpg 721w\" sizes=\"(max-width: 801px) 100vw, 801px\" \/><\/a>\n                <\/dt><\/dl><dl class='gallery-item'>\n                <dt class='gallery-icon landscape'>\n                    <a href='https:\/\/gremicafe.cat\/es\/2024\/03\/25\/descobreix-la-revolucio-del-te-amb-quality-blends\/te-flor-de-cafe2\/#main'><img loading=\"lazy\" decoding=\"async\" width=\"801\" height=\"800\" src=\"https:\/\/gremicafe.cat\/wp-content\/uploads\/2024\/03\/te-flor-de-cafe2.jpg\" class=\"attachment-full size-full\" alt=\"\" srcset=\"https:\/\/gremicafe.cat\/wp-content\/uploads\/2024\/03\/te-flor-de-cafe2.jpg 801w, https:\/\/gremicafe.cat\/wp-content\/uploads\/2024\/03\/te-flor-de-cafe2-300x300.jpg 300w, https:\/\/gremicafe.cat\/wp-content\/uploads\/2024\/03\/te-flor-de-cafe2-150x150.jpg 150w, https:\/\/gremicafe.cat\/wp-content\/uploads\/2024\/03\/te-flor-de-cafe2-768x767.jpg 768w, https:\/\/gremicafe.cat\/wp-content\/uploads\/2024\/03\/te-flor-de-cafe2-721x720.jpg 721w\" sizes=\"(max-width: 801px) 100vw, 801px\" \/><\/a>\n                <\/dt><\/dl><br style=\"clear: both\" \/><\/div>\n\n\n\t\t<\/div>\n\t<\/div>\n<\/div><\/div><\/div><\/div><div class=\"vc_row-full-width vc_clearfix\"><\/div>","protected":false},"excerpt":{"rendered":"&nbsp; En un emocionant gir per als aficionats al te i les innovacions gastron\u00f2miques, Quality Blends presenta una novetat que promet revolucionar el panorama del te a Espanya: el te de caf\u00e8. Aquesta introducci\u00f3 no \u00e9s el que caldria esperar; oblidin-se de qualsevol associaci\u00f3 pr\u00e8via amb el sabor tradicional del caf\u00e8. Quality Blends ha llan\u00e7at [...]","protected":false},"author":1,"featured_media":7238,"comment_status":"closed","ping_status":"open","sticky":false,"template":"","format":"standard","meta":{"_acf_changed":false,"inline_featured_image":false,"footnotes":""},"categories":[1],"tags":[],"class_list":["post-7236","post","type-post","status-publish","format-standard","has-post-thumbnail","hentry","category-noticies"],"acf":[],"yoast_head":"<!-- This site is optimized with the Yoast SEO plugin v25.5 - https:\/\/yoast.com\/wordpress\/plugins\/seo\/ -->\n<title>Descobreix la Revoluci\u00f3 del Te amb Quality Blends: Te de Pela i Flor de Caf\u00e8 - Gremi del Caf\u00e8, torradors de Catalunya<\/title>\n<meta name=\"robots\" content=\"index, follow, max-snippet:-1, max-image-preview:large, max-video-preview:-1\" \/>\n<link rel=\"canonical\" href=\"https:\/\/gremicafe.cat\/es\/2024\/03\/25\/descobreix-la-revolucio-del-te-amb-quality-blends\/\" \/>\n<meta property=\"og:locale\" content=\"es_ES\" \/>\n<meta property=\"og:type\" content=\"article\" \/>\n<meta property=\"og:title\" content=\"Descobreix la Revoluci\u00f3 del Te amb Quality Blends: Te de Pela i Flor de Caf\u00e8 - Gremi del Caf\u00e8, torradors de Catalunya\" \/>\n<meta property=\"og:url\" content=\"https:\/\/gremicafe.cat\/es\/2024\/03\/25\/descobreix-la-revolucio-del-te-amb-quality-blends\/\" \/>\n<meta property=\"og:site_name\" content=\"Gremi del Caf\u00e8, torradors de Catalunya\" \/>\n<meta property=\"article:publisher\" content=\"https:\/\/www.facebook.com\/gremicafecat\" \/>\n<meta property=\"article:published_time\" content=\"2024-03-25T09:18:28+00:00\" \/>\n<meta property=\"article:modified_time\" content=\"2024-03-25T09:46:46+00:00\" \/>\n<meta property=\"og:image\" content=\"https:\/\/gremicafe.cat\/wp-content\/uploads\/2024\/03\/te-cascara-de-cafe.jpg\" \/>\n\t<meta property=\"og:image:width\" content=\"801\" \/>\n\t<meta property=\"og:image:height\" content=\"800\" \/>\n\t<meta property=\"og:image:type\" content=\"image\/jpeg\" \/>\n<meta name=\"author\" content=\"gremicafe\" \/>\n<meta name=\"twitter:card\" content=\"summary_large_image\" \/>\n<meta name=\"twitter:creator\" content=\"@gremicafecat\" \/>\n<meta name=\"twitter:site\" content=\"@gremicafecat\" \/>\n<meta name=\"twitter:label1\" content=\"Escrito por\" \/>\n\t<meta name=\"twitter:data1\" content=\"gremicafe\" \/>\n\t<meta name=\"twitter:label2\" content=\"Tiempo de lectura\" \/>\n\t<meta name=\"twitter:data2\" content=\"3 minutos\" \/>\n<script type=\"application\/ld+json\" class=\"yoast-schema-graph\">{\"@context\":\"https:\/\/schema.org\",\"@graph\":[{\"@type\":\"Article\",\"@id\":\"https:\/\/gremicafe.cat\/2024\/03\/25\/descobreix-la-revolucio-del-te-amb-quality-blends\/#article\",\"isPartOf\":{\"@id\":\"https:\/\/gremicafe.cat\/2024\/03\/25\/descobreix-la-revolucio-del-te-amb-quality-blends\/\"},\"author\":{\"name\":\"gremicafe\",\"@id\":\"https:\/\/gremicafe.cat\/#\/schema\/person\/dabfdbb3d0fa36260855a380f94e4733\"},\"headline\":\"Descobreix la Revoluci\u00f3 del Te amb Quality Blends: Te de Pela i Flor de Caf\u00e8\",\"datePublished\":\"2024-03-25T09:18:28+00:00\",\"dateModified\":\"2024-03-25T09:46:46+00:00\",\"mainEntityOfPage\":{\"@id\":\"https:\/\/gremicafe.cat\/2024\/03\/25\/descobreix-la-revolucio-del-te-amb-quality-blends\/\"},\"wordCount\":497,\"publisher\":{\"@id\":\"https:\/\/gremicafe.cat\/#organization\"},\"image\":{\"@id\":\"https:\/\/gremicafe.cat\/2024\/03\/25\/descobreix-la-revolucio-del-te-amb-quality-blends\/#primaryimage\"},\"thumbnailUrl\":\"https:\/\/gremicafe.cat\/wp-content\/uploads\/2024\/03\/te-cascara-de-cafe.jpg\",\"articleSection\":[\"Not\u00edcies\"],\"inLanguage\":\"es\"},{\"@type\":\"WebPage\",\"@id\":\"https:\/\/gremicafe.cat\/2024\/03\/25\/descobreix-la-revolucio-del-te-amb-quality-blends\/\",\"url\":\"https:\/\/gremicafe.cat\/2024\/03\/25\/descobreix-la-revolucio-del-te-amb-quality-blends\/\",\"name\":\"Descobreix la Revoluci\u00f3 del Te amb Quality Blends: Te de Pela i Flor de Caf\u00e8 - Gremi del Caf\u00e8, torradors de Catalunya\",\"isPartOf\":{\"@id\":\"https:\/\/gremicafe.cat\/#website\"},\"primaryImageOfPage\":{\"@id\":\"https:\/\/gremicafe.cat\/2024\/03\/25\/descobreix-la-revolucio-del-te-amb-quality-blends\/#primaryimage\"},\"image\":{\"@id\":\"https:\/\/gremicafe.cat\/2024\/03\/25\/descobreix-la-revolucio-del-te-amb-quality-blends\/#primaryimage\"},\"thumbnailUrl\":\"https:\/\/gremicafe.cat\/wp-content\/uploads\/2024\/03\/te-cascara-de-cafe.jpg\",\"datePublished\":\"2024-03-25T09:18:28+00:00\",\"dateModified\":\"2024-03-25T09:46:46+00:00\",\"breadcrumb\":{\"@id\":\"https:\/\/gremicafe.cat\/2024\/03\/25\/descobreix-la-revolucio-del-te-amb-quality-blends\/#breadcrumb\"},\"inLanguage\":\"es\",\"potentialAction\":[{\"@type\":\"ReadAction\",\"target\":[\"https:\/\/gremicafe.cat\/2024\/03\/25\/descobreix-la-revolucio-del-te-amb-quality-blends\/\"]}]},{\"@type\":\"ImageObject\",\"inLanguage\":\"es\",\"@id\":\"https:\/\/gremicafe.cat\/2024\/03\/25\/descobreix-la-revolucio-del-te-amb-quality-blends\/#primaryimage\",\"url\":\"https:\/\/gremicafe.cat\/wp-content\/uploads\/2024\/03\/te-cascara-de-cafe.jpg\",\"contentUrl\":\"https:\/\/gremicafe.cat\/wp-content\/uploads\/2024\/03\/te-cascara-de-cafe.jpg\",\"width\":801,\"height\":800},{\"@type\":\"BreadcrumbList\",\"@id\":\"https:\/\/gremicafe.cat\/2024\/03\/25\/descobreix-la-revolucio-del-te-amb-quality-blends\/#breadcrumb\",\"itemListElement\":[{\"@type\":\"ListItem\",\"position\":1,\"name\":\"Inici\",\"item\":\"https:\/\/gremicafe.cat\/\"},{\"@type\":\"ListItem\",\"position\":2,\"name\":\"Descobreix la Revoluci\u00f3 del Te amb Quality Blends: Te de Pela i Flor de Caf\u00e8\"}]},{\"@type\":\"WebSite\",\"@id\":\"https:\/\/gremicafe.cat\/#website\",\"url\":\"https:\/\/gremicafe.cat\/\",\"name\":\"Gremi del Caf\u00e8, torradors de Catalunya\",\"description\":\"Web oficial del gremi de torradors de caf\u00e8 de Catalunya\",\"publisher\":{\"@id\":\"https:\/\/gremicafe.cat\/#organization\"},\"potentialAction\":[{\"@type\":\"SearchAction\",\"target\":{\"@type\":\"EntryPoint\",\"urlTemplate\":\"https:\/\/gremicafe.cat\/?s={search_term_string}\"},\"query-input\":{\"@type\":\"PropertyValueSpecification\",\"valueRequired\":true,\"valueName\":\"search_term_string\"}}],\"inLanguage\":\"es\"},{\"@type\":\"Organization\",\"@id\":\"https:\/\/gremicafe.cat\/#organization\",\"name\":\"Gremi del Caf\u00e8, Torradors de Catalunya\",\"url\":\"https:\/\/gremicafe.cat\/\",\"logo\":{\"@type\":\"ImageObject\",\"inLanguage\":\"es\",\"@id\":\"https:\/\/gremicafe.cat\/#\/schema\/logo\/image\/\",\"url\":\"https:\/\/gremicafe.cat\/wp-content\/uploads\/2018\/03\/gremicafe-logo250.png\",\"contentUrl\":\"https:\/\/gremicafe.cat\/wp-content\/uploads\/2018\/03\/gremicafe-logo250.png\",\"width\":250,\"height\":49,\"caption\":\"Gremi del Caf\u00e8, Torradors de Catalunya\"},\"image\":{\"@id\":\"https:\/\/gremicafe.cat\/#\/schema\/logo\/image\/\"},\"sameAs\":[\"https:\/\/www.facebook.com\/gremicafecat\",\"https:\/\/x.com\/gremicafecat\",\"https:\/\/www.instagram.com\/gremicafecat\/\",\"https:\/\/www.pinterest.es\/gremicafecat\/\",\"https:\/\/www.youtube.com\/channel\/UCGLo5Y35vLwLvP4FrPZrCrw\/\"]},{\"@type\":\"Person\",\"@id\":\"https:\/\/gremicafe.cat\/#\/schema\/person\/dabfdbb3d0fa36260855a380f94e4733\",\"name\":\"gremicafe\",\"image\":{\"@type\":\"ImageObject\",\"inLanguage\":\"es\",\"@id\":\"https:\/\/gremicafe.cat\/#\/schema\/person\/image\/\",\"url\":\"https:\/\/secure.gravatar.com\/avatar\/e59baa4ca8f6f97576d6375fb6d3c8f0?s=96&d=mm&r=g\",\"contentUrl\":\"https:\/\/secure.gravatar.com\/avatar\/e59baa4ca8f6f97576d6375fb6d3c8f0?s=96&d=mm&r=g\",\"caption\":\"gremicafe\"}}]}<\/script>\n<!-- \/ Yoast SEO plugin. -->","yoast_head_json":{"title":"Descobreix la Revoluci\u00f3 del Te amb Quality Blends: Te de Pela i Flor de Caf\u00e8 - Gremi del Caf\u00e8, torradors de Catalunya","robots":{"index":"index","follow":"follow","max-snippet":"max-snippet:-1","max-image-preview":"max-image-preview:large","max-video-preview":"max-video-preview:-1"},"canonical":"https:\/\/gremicafe.cat\/es\/2024\/03\/25\/descobreix-la-revolucio-del-te-amb-quality-blends\/","og_locale":"es_ES","og_type":"article","og_title":"Descobreix la Revoluci\u00f3 del Te amb Quality Blends: Te de Pela i Flor de Caf\u00e8 - Gremi del Caf\u00e8, torradors de Catalunya","og_url":"https:\/\/gremicafe.cat\/es\/2024\/03\/25\/descobreix-la-revolucio-del-te-amb-quality-blends\/","og_site_name":"Gremi del Caf\u00e8, torradors de Catalunya","article_publisher":"https:\/\/www.facebook.com\/gremicafecat","article_published_time":"2024-03-25T09:18:28+00:00","article_modified_time":"2024-03-25T09:46:46+00:00","og_image":[{"width":801,"height":800,"url":"https:\/\/gremicafe.cat\/wp-content\/uploads\/2024\/03\/te-cascara-de-cafe.jpg","type":"image\/jpeg"}],"author":"gremicafe","twitter_card":"summary_large_image","twitter_creator":"@gremicafecat","twitter_site":"@gremicafecat","twitter_misc":{"Escrito por":"gremicafe","Tiempo de lectura":"3 minutos"},"schema":{"@context":"https:\/\/schema.org","@graph":[{"@type":"Article","@id":"https:\/\/gremicafe.cat\/2024\/03\/25\/descobreix-la-revolucio-del-te-amb-quality-blends\/#article","isPartOf":{"@id":"https:\/\/gremicafe.cat\/2024\/03\/25\/descobreix-la-revolucio-del-te-amb-quality-blends\/"},"author":{"name":"gremicafe","@id":"https:\/\/gremicafe.cat\/#\/schema\/person\/dabfdbb3d0fa36260855a380f94e4733"},"headline":"Descobreix la Revoluci\u00f3 del Te amb Quality Blends: Te de Pela i Flor de Caf\u00e8","datePublished":"2024-03-25T09:18:28+00:00","dateModified":"2024-03-25T09:46:46+00:00","mainEntityOfPage":{"@id":"https:\/\/gremicafe.cat\/2024\/03\/25\/descobreix-la-revolucio-del-te-amb-quality-blends\/"},"wordCount":497,"publisher":{"@id":"https:\/\/gremicafe.cat\/#organization"},"image":{"@id":"https:\/\/gremicafe.cat\/2024\/03\/25\/descobreix-la-revolucio-del-te-amb-quality-blends\/#primaryimage"},"thumbnailUrl":"https:\/\/gremicafe.cat\/wp-content\/uploads\/2024\/03\/te-cascara-de-cafe.jpg","articleSection":["Not\u00edcies"],"inLanguage":"es"},{"@type":"WebPage","@id":"https:\/\/gremicafe.cat\/2024\/03\/25\/descobreix-la-revolucio-del-te-amb-quality-blends\/","url":"https:\/\/gremicafe.cat\/2024\/03\/25\/descobreix-la-revolucio-del-te-amb-quality-blends\/","name":"Descobreix la Revoluci\u00f3 del Te amb Quality Blends: Te de Pela i Flor de Caf\u00e8 - Gremi del Caf\u00e8, torradors de Catalunya","isPartOf":{"@id":"https:\/\/gremicafe.cat\/#website"},"primaryImageOfPage":{"@id":"https:\/\/gremicafe.cat\/2024\/03\/25\/descobreix-la-revolucio-del-te-amb-quality-blends\/#primaryimage"},"image":{"@id":"https:\/\/gremicafe.cat\/2024\/03\/25\/descobreix-la-revolucio-del-te-amb-quality-blends\/#primaryimage"},"thumbnailUrl":"https:\/\/gremicafe.cat\/wp-content\/uploads\/2024\/03\/te-cascara-de-cafe.jpg","datePublished":"2024-03-25T09:18:28+00:00","dateModified":"2024-03-25T09:46:46+00:00","breadcrumb":{"@id":"https:\/\/gremicafe.cat\/2024\/03\/25\/descobreix-la-revolucio-del-te-amb-quality-blends\/#breadcrumb"},"inLanguage":"es","potentialAction":[{"@type":"ReadAction","target":["https:\/\/gremicafe.cat\/2024\/03\/25\/descobreix-la-revolucio-del-te-amb-quality-blends\/"]}]},{"@type":"ImageObject","inLanguage":"es","@id":"https:\/\/gremicafe.cat\/2024\/03\/25\/descobreix-la-revolucio-del-te-amb-quality-blends\/#primaryimage","url":"https:\/\/gremicafe.cat\/wp-content\/uploads\/2024\/03\/te-cascara-de-cafe.jpg","contentUrl":"https:\/\/gremicafe.cat\/wp-content\/uploads\/2024\/03\/te-cascara-de-cafe.jpg","width":801,"height":800},{"@type":"BreadcrumbList","@id":"https:\/\/gremicafe.cat\/2024\/03\/25\/descobreix-la-revolucio-del-te-amb-quality-blends\/#breadcrumb","itemListElement":[{"@type":"ListItem","position":1,"name":"Inici","item":"https:\/\/gremicafe.cat\/"},{"@type":"ListItem","position":2,"name":"Descobreix la Revoluci\u00f3 del Te amb Quality Blends: Te de Pela i Flor de Caf\u00e8"}]},{"@type":"WebSite","@id":"https:\/\/gremicafe.cat\/#website","url":"https:\/\/gremicafe.cat\/","name":"Gremio del Caf\u00e9, tostadores de Catalu\u00f1a","description":"Web oficial del gremio de tostadores de caf\u00e9 de Catalunya","publisher":{"@id":"https:\/\/gremicafe.cat\/#organization"},"potentialAction":[{"@type":"SearchAction","target":{"@type":"EntryPoint","urlTemplate":"https:\/\/gremicafe.cat\/?s={search_term_string}"},"query-input":{"@type":"PropertyValueSpecification","valueRequired":true,"valueName":"search_term_string"}}],"inLanguage":"es"},{"@type":"Organization","@id":"https:\/\/gremicafe.cat\/#organization","name":"Gremio del Caf\u00e9, Tostadores de Catalu\u00f1a","url":"https:\/\/gremicafe.cat\/","logo":{"@type":"ImageObject","inLanguage":"es","@id":"https:\/\/gremicafe.cat\/#\/schema\/logo\/image\/","url":"https:\/\/gremicafe.cat\/wp-content\/uploads\/2018\/03\/gremicafe-logo250.png","contentUrl":"https:\/\/gremicafe.cat\/wp-content\/uploads\/2018\/03\/gremicafe-logo250.png","width":250,"height":49,"caption":"Gremi del Caf\u00e8, Torradors de Catalunya"},"image":{"@id":"https:\/\/gremicafe.cat\/#\/schema\/logo\/image\/"},"sameAs":["https:\/\/www.facebook.com\/gremicafecat","https:\/\/x.com\/gremicafecat","https:\/\/www.instagram.com\/gremicafecat\/","https:\/\/www.pinterest.es\/gremicafecat\/","https:\/\/www.youtube.com\/channel\/UCGLo5Y35vLwLvP4FrPZrCrw\/"]},{"@type":"Person","@id":"https:\/\/gremicafe.cat\/#\/schema\/person\/dabfdbb3d0fa36260855a380f94e4733","name":"gremicafe","image":{"@type":"ImageObject","inLanguage":"es","@id":"https:\/\/gremicafe.cat\/#\/schema\/person\/image\/","url":"https:\/\/secure.gravatar.com\/avatar\/e59baa4ca8f6f97576d6375fb6d3c8f0?s=96&d=mm&r=g","contentUrl":"https:\/\/secure.gravatar.com\/avatar\/e59baa4ca8f6f97576d6375fb6d3c8f0?s=96&d=mm&r=g","caption":"gremicafe"}}]}},"_links":{"self":[{"href":"https:\/\/gremicafe.cat\/es\/wp-json\/wp\/v2\/posts\/7236"}],"collection":[{"href":"https:\/\/gremicafe.cat\/es\/wp-json\/wp\/v2\/posts"}],"about":[{"href":"https:\/\/gremicafe.cat\/es\/wp-json\/wp\/v2\/types\/post"}],"author":[{"embeddable":true,"href":"https:\/\/gremicafe.cat\/es\/wp-json\/wp\/v2\/users\/1"}],"replies":[{"embeddable":true,"href":"https:\/\/gremicafe.cat\/es\/wp-json\/wp\/v2\/comments?post=7236"}],"version-history":[{"count":0,"href":"https:\/\/gremicafe.cat\/es\/wp-json\/wp\/v2\/posts\/7236\/revisions"}],"wp:featuredmedia":[{"embeddable":true,"href":"https:\/\/gremicafe.cat\/es\/wp-json\/wp\/v2\/media\/7238"}],"wp:attachment":[{"href":"https:\/\/gremicafe.cat\/es\/wp-json\/wp\/v2\/media?parent=7236"}],"wp:term":[{"taxonomy":"category","embeddable":true,"href":"https:\/\/gremicafe.cat\/es\/wp-json\/wp\/v2\/categories?post=7236"},{"taxonomy":"post_tag","embeddable":true,"href":"https:\/\/gremicafe.cat\/es\/wp-json\/wp\/v2\/tags?post=7236"}],"curies":[{"name":"wp","href":"https:\/\/api.w.org\/{rel}","templated":true}]}}