{"id":7252,"date":"2024-04-10T12:48:36","date_gmt":"2024-04-10T10:48:36","guid":{"rendered":"https:\/\/gremicafe.cat\/?p=7252"},"modified":"2024-04-10T12:48:36","modified_gmt":"2024-04-10T10:48:36","slug":"nou-llibre-el-cafe-a-catalunya","status":"publish","type":"post","link":"https:\/\/gremicafe.cat\/es\/2024\/04\/10\/nou-llibre-el-cafe-a-catalunya\/","title":{"rendered":"Presentaci\u00f3n del Libro &quot;El caf\u00e9 en Catalu\u00f1a&quot;"},"content":{"rendered":"<div id=\"attachment_7253\" style=\"width: 1090px\" class=\"wp-caption aligncenter\"><img loading=\"lazy\" decoding=\"async\" aria-describedby=\"caption-attachment-7253\" class=\"size-full wp-image-7253\" src=\"https:\/\/gremicafe.cat\/wp-content\/uploads\/2024\/04\/LlibreGremi2024.jpg\" alt=\"El Caf\u00e8 a Catalunya\" width=\"1080\" height=\"1350\" srcset=\"https:\/\/gremicafe.cat\/wp-content\/uploads\/2024\/04\/LlibreGremi2024.jpg 1080w, https:\/\/gremicafe.cat\/wp-content\/uploads\/2024\/04\/LlibreGremi2024-768x960.jpg 768w, https:\/\/gremicafe.cat\/wp-content\/uploads\/2024\/04\/LlibreGremi2024-576x720.jpg 576w\" sizes=\"(max-width: 1080px) 100vw, 1080px\" \/><p id=\"caption-attachment-7253\" class=\"wp-caption-text\">Nuevo libro, El Caf\u00e9 en Catalu\u00f1a editado por el Gremio del Caf\u00e9<\/p><\/div>\n<p class=\"p1\"><span class=\"s1\">La presentaci\u00f3n del libro, editado por el propio Gremi, <\/span><span class=\"s1\"><b>&quot;El caf\u00e9 en Catalu\u00f1a&quot; <\/b><\/span><span class=\"s2\">tendr\u00e1 lugar el <\/span><span class=\"s1\"><b>mi\u00e9rcoles 17 de abril, a las 11:30 h\u00a0\u00a0<\/b><\/span><span class=\"s1\">en el sal\u00f3n de actos, 7\u00aa planta, del edificio de PIMEC, en la calle de Viladomat, n\u00fam. 174, de Barcelona.<\/span><\/p>\n<p class=\"p1\"><span class=\"s1\">La presentaci\u00f3n ir\u00e1 a cargo del <\/span><span class=\"s3\"><b>SR. Josep Ginesta<\/b><\/span><span class=\"s1\">,<\/span><b> <\/b><span class=\"s1\">secretario general de <a href=\"https:\/\/www.pimec.org\">PIMEC<\/a> y de la <\/span><span class=\"s3\"><b>D\u00aa. Ada Parellada<\/b><\/span><span class=\"s1\">,<\/span><b> <\/b><span class=\"s1\">reconocida cocinera catalana,<\/span><b> <\/b><span class=\"s1\">chef del restaurante <a href=\"https:\/\/www.semproniana.net\/ca\/inici-nou\/\">Semproniana<\/a>; y<b> <\/b>con la participaci\u00f3n de la autora<\/span> <span class=\"s4\"><b>D\u00aa. Silvia Civit<span class=\"Apple-converted-space\">\u00a0 <\/span><\/b><\/span><span class=\"s1\">y del presidente del Gremio de Tostadores de Caf\u00e9 de Catalunya, <\/span><span class=\"s5\"><b>SR. Carlos Gotor Aspuro.<\/b><\/span><\/p>\n<p class=\"p1\"><span class=\"s1\">EL CAF\u00c9 EN CATALU\u00d1A, se trata de una edici\u00f3n con tapa dura y sobrecubiertas que incluye 240 p\u00e1ginas de fotograf\u00edas y textos que describen la historia del caf\u00e9 en Catalu\u00f1a de la mano de los tostadores de caf\u00e9 que lo han hecho posible. <\/span><\/p>\n<p class=\"p1\"><span class=\"s1\">Cuenta con m\u00e1s de veinte testigos personales que han vivido por el caf\u00e9 toda su vida, y que a partir de sus valiosos recuerdos, an\u00e9cdotas y emociones reencontradas han ayudado a reconstruir y recuperar un pedazo de la memoria.<\/span><\/p>\n<p class=\"p1\"><span class=\"s1\">El libro, distribuido cronol\u00f3gicamente, comienza con la llegada del caf\u00e9 a Catalu\u00f1a, los primeros tostadores, los primeros caf\u00e9s, cafeteras y molinos hasta llegar a la actualidad. La historia del caf\u00e9 se ve complementada por la historia de dieciocho tostadores de caf\u00e9 catalanes.<\/span><\/p>\n<p class=\"p1\"><span class=\"s1\"><b>El libro se puede comprar directamente en la pagina web del Gremio:<\/b> <a href=\"https:\/\/gremicafe.cat\/es\/\">https:\/\/gremicafe.cat<\/a><\/span><\/p>","protected":false},"excerpt":{"rendered":"<p>La presentaci\u00f3 del llibre, editat pel mateix Gremi, \u201cEl caf\u00e8 a Catalunya\u201d tindr\u00e0 lloc el dimecres 17 d\u2019abril, a les 11:30 \u202fh\u00a0\u00a0a la sala d\u2019actes, 7a planta, de l&#8217;edifici de PIMEC, al\u00a0carrer de Viladomat, n\u00fam. 174, de Barcelona. La presentaci\u00f3 anir\u00e0 a c\u00e0rrec del Sr. Josep Ginesta, secretari general de PIMEC i de la Sra. [&hellip;]<\/p>\n","protected":false},"author":1,"featured_media":7253,"comment_status":"closed","ping_status":"open","sticky":false,"template":"","format":"standard","meta":{"_acf_changed":false,"inline_featured_image":false,"footnotes":""},"categories":[1],"tags":[47,59,84,72],"class_list":["post-7252","post","type-post","status-publish","format-standard","has-post-thumbnail","hentry","category-noticies","tag-cafe","tag-cafe-torrat","tag-el-cafe-a-catalunya","tag-gremi-cafe-catalunya"],"acf":[],"yoast_head":"<!-- This site is optimized with the Yoast SEO plugin v25.5 - https:\/\/yoast.com\/wordpress\/plugins\/seo\/ -->\n<title>Presentaci\u00f3 del Llibre &quot;El caf\u00e8 a Catalunya&quot; - Gremi del Caf\u00e8, torradors de Catalunya<\/title>\n<meta name=\"description\" content=\"El nou llibre &quot;El caf\u00e8 a Catalunya&quot; editat pel Gremi del Caf\u00e8, pots ser un bon regal de Sant Jordi pela amants del caf\u00e8 i de la gastronomia.\" \/>\n<meta name=\"robots\" content=\"index, follow, max-snippet:-1, max-image-preview:large, max-video-preview:-1\" \/>\n<link rel=\"canonical\" href=\"https:\/\/gremicafe.cat\/es\/2024\/04\/10\/nou-llibre-el-cafe-a-catalunya\/\" \/>\n<meta property=\"og:locale\" content=\"es_ES\" \/>\n<meta property=\"og:type\" content=\"article\" \/>\n<meta property=\"og:title\" content=\"Presentaci\u00f3 del Llibre &quot;El caf\u00e8 a Catalunya&quot; - Gremi del Caf\u00e8, torradors de Catalunya\" \/>\n<meta property=\"og:description\" content=\"El nou llibre &quot;El caf\u00e8 a Catalunya&quot; editat pel Gremi del Caf\u00e8, pots ser un bon regal de Sant Jordi pela amants del caf\u00e8 i de la gastronomia.\" \/>\n<meta property=\"og:url\" content=\"https:\/\/gremicafe.cat\/es\/2024\/04\/10\/nou-llibre-el-cafe-a-catalunya\/\" \/>\n<meta property=\"og:site_name\" content=\"Gremi del Caf\u00e8, torradors de Catalunya\" \/>\n<meta property=\"article:publisher\" content=\"https:\/\/www.facebook.com\/gremicafecat\" \/>\n<meta property=\"article:published_time\" content=\"2024-04-10T10:48:36+00:00\" \/>\n<meta property=\"og:image\" content=\"https:\/\/gremicafe.cat\/wp-content\/uploads\/2024\/04\/LlibreGremi2024.jpg\" \/>\n\t<meta property=\"og:image:width\" content=\"1080\" \/>\n\t<meta property=\"og:image:height\" content=\"1350\" \/>\n\t<meta property=\"og:image:type\" content=\"image\/jpeg\" \/>\n<meta name=\"author\" content=\"gremicafe\" \/>\n<meta name=\"twitter:card\" content=\"summary_large_image\" \/>\n<meta name=\"twitter:creator\" content=\"@gremicafecat\" \/>\n<meta name=\"twitter:site\" content=\"@gremicafecat\" \/>\n<meta name=\"twitter:label1\" content=\"Escrito por\" \/>\n\t<meta name=\"twitter:data1\" content=\"gremicafe\" \/>\n\t<meta name=\"twitter:label2\" content=\"Tiempo de lectura\" \/>\n\t<meta name=\"twitter:data2\" content=\"2 minutos\" \/>\n<script type=\"application\/ld+json\" class=\"yoast-schema-graph\">{\"@context\":\"https:\/\/schema.org\",\"@graph\":[{\"@type\":\"Article\",\"@id\":\"https:\/\/gremicafe.cat\/2024\/04\/10\/nou-llibre-el-cafe-a-catalunya\/#article\",\"isPartOf\":{\"@id\":\"https:\/\/gremicafe.cat\/2024\/04\/10\/nou-llibre-el-cafe-a-catalunya\/\"},\"author\":{\"name\":\"gremicafe\",\"@id\":\"https:\/\/gremicafe.cat\/#\/schema\/person\/dabfdbb3d0fa36260855a380f94e4733\"},\"headline\":\"Presentaci\u00f3 del Llibre &#8220;El caf\u00e8 a Catalunya&#8221;\",\"datePublished\":\"2024-04-10T10:48:36+00:00\",\"mainEntityOfPage\":{\"@id\":\"https:\/\/gremicafe.cat\/2024\/04\/10\/nou-llibre-el-cafe-a-catalunya\/\"},\"wordCount\":267,\"publisher\":{\"@id\":\"https:\/\/gremicafe.cat\/#organization\"},\"image\":{\"@id\":\"https:\/\/gremicafe.cat\/2024\/04\/10\/nou-llibre-el-cafe-a-catalunya\/#primaryimage\"},\"thumbnailUrl\":\"https:\/\/gremicafe.cat\/wp-content\/uploads\/2024\/04\/LlibreGremi2024.jpg\",\"keywords\":[\"cafe\",\"cafe torrat\",\"El Caf\u00e8 a Catalunya\",\"gremi cafe catalunya\"],\"articleSection\":[\"Not\u00edcies\"],\"inLanguage\":\"es\"},{\"@type\":\"WebPage\",\"@id\":\"https:\/\/gremicafe.cat\/2024\/04\/10\/nou-llibre-el-cafe-a-catalunya\/\",\"url\":\"https:\/\/gremicafe.cat\/2024\/04\/10\/nou-llibre-el-cafe-a-catalunya\/\",\"name\":\"Presentaci\u00f3 del Llibre \\\"El caf\u00e8 a Catalunya\\\" - Gremi del Caf\u00e8, torradors de Catalunya\",\"isPartOf\":{\"@id\":\"https:\/\/gremicafe.cat\/#website\"},\"primaryImageOfPage\":{\"@id\":\"https:\/\/gremicafe.cat\/2024\/04\/10\/nou-llibre-el-cafe-a-catalunya\/#primaryimage\"},\"image\":{\"@id\":\"https:\/\/gremicafe.cat\/2024\/04\/10\/nou-llibre-el-cafe-a-catalunya\/#primaryimage\"},\"thumbnailUrl\":\"https:\/\/gremicafe.cat\/wp-content\/uploads\/2024\/04\/LlibreGremi2024.jpg\",\"datePublished\":\"2024-04-10T10:48:36+00:00\",\"description\":\"El nou llibre \\\"El caf\u00e8 a Catalunya\\\" editat pel Gremi del Caf\u00e8, pots ser un bon regal de Sant Jordi pela amants del caf\u00e8 i de la gastronomia.\",\"breadcrumb\":{\"@id\":\"https:\/\/gremicafe.cat\/2024\/04\/10\/nou-llibre-el-cafe-a-catalunya\/#breadcrumb\"},\"inLanguage\":\"es\",\"potentialAction\":[{\"@type\":\"ReadAction\",\"target\":[\"https:\/\/gremicafe.cat\/2024\/04\/10\/nou-llibre-el-cafe-a-catalunya\/\"]}]},{\"@type\":\"ImageObject\",\"inLanguage\":\"es\",\"@id\":\"https:\/\/gremicafe.cat\/2024\/04\/10\/nou-llibre-el-cafe-a-catalunya\/#primaryimage\",\"url\":\"https:\/\/gremicafe.cat\/wp-content\/uploads\/2024\/04\/LlibreGremi2024.jpg\",\"contentUrl\":\"https:\/\/gremicafe.cat\/wp-content\/uploads\/2024\/04\/LlibreGremi2024.jpg\",\"width\":1080,\"height\":1350,\"caption\":\"Nou llibre, El Caf\u00e8 a Catalunya editat pel Gremi del Caf\u00e8\"},{\"@type\":\"BreadcrumbList\",\"@id\":\"https:\/\/gremicafe.cat\/2024\/04\/10\/nou-llibre-el-cafe-a-catalunya\/#breadcrumb\",\"itemListElement\":[{\"@type\":\"ListItem\",\"position\":1,\"name\":\"Inici\",\"item\":\"https:\/\/gremicafe.cat\/\"},{\"@type\":\"ListItem\",\"position\":2,\"name\":\"Presentaci\u00f3 del Llibre &#8220;El caf\u00e8 a Catalunya&#8221;\"}]},{\"@type\":\"WebSite\",\"@id\":\"https:\/\/gremicafe.cat\/#website\",\"url\":\"https:\/\/gremicafe.cat\/\",\"name\":\"Gremi del Caf\u00e8, torradors de Catalunya\",\"description\":\"Web oficial del gremi de torradors de caf\u00e8 de Catalunya\",\"publisher\":{\"@id\":\"https:\/\/gremicafe.cat\/#organization\"},\"potentialAction\":[{\"@type\":\"SearchAction\",\"target\":{\"@type\":\"EntryPoint\",\"urlTemplate\":\"https:\/\/gremicafe.cat\/?s={search_term_string}\"},\"query-input\":{\"@type\":\"PropertyValueSpecification\",\"valueRequired\":true,\"valueName\":\"search_term_string\"}}],\"inLanguage\":\"es\"},{\"@type\":\"Organization\",\"@id\":\"https:\/\/gremicafe.cat\/#organization\",\"name\":\"Gremi del Caf\u00e8, Torradors de Catalunya\",\"url\":\"https:\/\/gremicafe.cat\/\",\"logo\":{\"@type\":\"ImageObject\",\"inLanguage\":\"es\",\"@id\":\"https:\/\/gremicafe.cat\/#\/schema\/logo\/image\/\",\"url\":\"https:\/\/gremicafe.cat\/wp-content\/uploads\/2018\/03\/gremicafe-logo250.png\",\"contentUrl\":\"https:\/\/gremicafe.cat\/wp-content\/uploads\/2018\/03\/gremicafe-logo250.png\",\"width\":250,\"height\":49,\"caption\":\"Gremi del Caf\u00e8, Torradors de Catalunya\"},\"image\":{\"@id\":\"https:\/\/gremicafe.cat\/#\/schema\/logo\/image\/\"},\"sameAs\":[\"https:\/\/www.facebook.com\/gremicafecat\",\"https:\/\/x.com\/gremicafecat\",\"https:\/\/www.instagram.com\/gremicafecat\/\",\"https:\/\/www.pinterest.es\/gremicafecat\/\",\"https:\/\/www.youtube.com\/channel\/UCGLo5Y35vLwLvP4FrPZrCrw\/\"]},{\"@type\":\"Person\",\"@id\":\"https:\/\/gremicafe.cat\/#\/schema\/person\/dabfdbb3d0fa36260855a380f94e4733\",\"name\":\"gremicafe\",\"image\":{\"@type\":\"ImageObject\",\"inLanguage\":\"es\",\"@id\":\"https:\/\/gremicafe.cat\/#\/schema\/person\/image\/\",\"url\":\"https:\/\/secure.gravatar.com\/avatar\/e59baa4ca8f6f97576d6375fb6d3c8f0?s=96&d=mm&r=g\",\"contentUrl\":\"https:\/\/secure.gravatar.com\/avatar\/e59baa4ca8f6f97576d6375fb6d3c8f0?s=96&d=mm&r=g\",\"caption\":\"gremicafe\"}}]}<\/script>\n<!-- \/ Yoast SEO plugin. -->","yoast_head_json":{"title":"Presentaci\u00f3 del Llibre \"El caf\u00e8 a Catalunya\" - Gremi del Caf\u00e8, torradors de Catalunya","description":"El nou llibre \"El caf\u00e8 a Catalunya\" editat pel Gremi del Caf\u00e8, pots ser un bon regal de Sant Jordi pela amants del caf\u00e8 i de la gastronomia.","robots":{"index":"index","follow":"follow","max-snippet":"max-snippet:-1","max-image-preview":"max-image-preview:large","max-video-preview":"max-video-preview:-1"},"canonical":"https:\/\/gremicafe.cat\/es\/2024\/04\/10\/nou-llibre-el-cafe-a-catalunya\/","og_locale":"es_ES","og_type":"article","og_title":"Presentaci\u00f3 del Llibre \"El caf\u00e8 a Catalunya\" - Gremi del Caf\u00e8, torradors de Catalunya","og_description":"El nou llibre \"El caf\u00e8 a Catalunya\" editat pel Gremi del Caf\u00e8, pots ser un bon regal de Sant Jordi pela amants del caf\u00e8 i de la gastronomia.","og_url":"https:\/\/gremicafe.cat\/es\/2024\/04\/10\/nou-llibre-el-cafe-a-catalunya\/","og_site_name":"Gremi del Caf\u00e8, torradors de Catalunya","article_publisher":"https:\/\/www.facebook.com\/gremicafecat","article_published_time":"2024-04-10T10:48:36+00:00","og_image":[{"width":1080,"height":1350,"url":"https:\/\/gremicafe.cat\/wp-content\/uploads\/2024\/04\/LlibreGremi2024.jpg","type":"image\/jpeg"}],"author":"gremicafe","twitter_card":"summary_large_image","twitter_creator":"@gremicafecat","twitter_site":"@gremicafecat","twitter_misc":{"Escrito por":"gremicafe","Tiempo de lectura":"2 minutos"},"schema":{"@context":"https:\/\/schema.org","@graph":[{"@type":"Article","@id":"https:\/\/gremicafe.cat\/2024\/04\/10\/nou-llibre-el-cafe-a-catalunya\/#article","isPartOf":{"@id":"https:\/\/gremicafe.cat\/2024\/04\/10\/nou-llibre-el-cafe-a-catalunya\/"},"author":{"name":"gremicafe","@id":"https:\/\/gremicafe.cat\/#\/schema\/person\/dabfdbb3d0fa36260855a380f94e4733"},"headline":"Presentaci\u00f3 del Llibre &#8220;El caf\u00e8 a Catalunya&#8221;","datePublished":"2024-04-10T10:48:36+00:00","mainEntityOfPage":{"@id":"https:\/\/gremicafe.cat\/2024\/04\/10\/nou-llibre-el-cafe-a-catalunya\/"},"wordCount":267,"publisher":{"@id":"https:\/\/gremicafe.cat\/#organization"},"image":{"@id":"https:\/\/gremicafe.cat\/2024\/04\/10\/nou-llibre-el-cafe-a-catalunya\/#primaryimage"},"thumbnailUrl":"https:\/\/gremicafe.cat\/wp-content\/uploads\/2024\/04\/LlibreGremi2024.jpg","keywords":["cafe","cafe torrat","El Caf\u00e8 a Catalunya","gremi cafe catalunya"],"articleSection":["Not\u00edcies"],"inLanguage":"es"},{"@type":"WebPage","@id":"https:\/\/gremicafe.cat\/2024\/04\/10\/nou-llibre-el-cafe-a-catalunya\/","url":"https:\/\/gremicafe.cat\/2024\/04\/10\/nou-llibre-el-cafe-a-catalunya\/","name":"Presentaci\u00f3 del Llibre \"El caf\u00e8 a Catalunya\" - Gremi del Caf\u00e8, torradors de Catalunya","isPartOf":{"@id":"https:\/\/gremicafe.cat\/#website"},"primaryImageOfPage":{"@id":"https:\/\/gremicafe.cat\/2024\/04\/10\/nou-llibre-el-cafe-a-catalunya\/#primaryimage"},"image":{"@id":"https:\/\/gremicafe.cat\/2024\/04\/10\/nou-llibre-el-cafe-a-catalunya\/#primaryimage"},"thumbnailUrl":"https:\/\/gremicafe.cat\/wp-content\/uploads\/2024\/04\/LlibreGremi2024.jpg","datePublished":"2024-04-10T10:48:36+00:00","description":"El nou llibre \"El caf\u00e8 a Catalunya\" editat pel Gremi del Caf\u00e8, pots ser un bon regal de Sant Jordi pela amants del caf\u00e8 i de la gastronomia.","breadcrumb":{"@id":"https:\/\/gremicafe.cat\/2024\/04\/10\/nou-llibre-el-cafe-a-catalunya\/#breadcrumb"},"inLanguage":"es","potentialAction":[{"@type":"ReadAction","target":["https:\/\/gremicafe.cat\/2024\/04\/10\/nou-llibre-el-cafe-a-catalunya\/"]}]},{"@type":"ImageObject","inLanguage":"es","@id":"https:\/\/gremicafe.cat\/2024\/04\/10\/nou-llibre-el-cafe-a-catalunya\/#primaryimage","url":"https:\/\/gremicafe.cat\/wp-content\/uploads\/2024\/04\/LlibreGremi2024.jpg","contentUrl":"https:\/\/gremicafe.cat\/wp-content\/uploads\/2024\/04\/LlibreGremi2024.jpg","width":1080,"height":1350,"caption":"Nou llibre, El Caf\u00e8 a Catalunya editat pel Gremi del Caf\u00e8"},{"@type":"BreadcrumbList","@id":"https:\/\/gremicafe.cat\/2024\/04\/10\/nou-llibre-el-cafe-a-catalunya\/#breadcrumb","itemListElement":[{"@type":"ListItem","position":1,"name":"Inici","item":"https:\/\/gremicafe.cat\/"},{"@type":"ListItem","position":2,"name":"Presentaci\u00f3 del Llibre &#8220;El caf\u00e8 a Catalunya&#8221;"}]},{"@type":"WebSite","@id":"https:\/\/gremicafe.cat\/#website","url":"https:\/\/gremicafe.cat\/","name":"Gremio del Caf\u00e9, tostadores de Catalu\u00f1a","description":"Web oficial del gremio de tostadores de caf\u00e9 de Catalunya","publisher":{"@id":"https:\/\/gremicafe.cat\/#organization"},"potentialAction":[{"@type":"SearchAction","target":{"@type":"EntryPoint","urlTemplate":"https:\/\/gremicafe.cat\/?s={search_term_string}"},"query-input":{"@type":"PropertyValueSpecification","valueRequired":true,"valueName":"search_term_string"}}],"inLanguage":"es"},{"@type":"Organization","@id":"https:\/\/gremicafe.cat\/#organization","name":"Gremio del Caf\u00e9, Tostadores de Catalu\u00f1a","url":"https:\/\/gremicafe.cat\/","logo":{"@type":"ImageObject","inLanguage":"es","@id":"https:\/\/gremicafe.cat\/#\/schema\/logo\/image\/","url":"https:\/\/gremicafe.cat\/wp-content\/uploads\/2018\/03\/gremicafe-logo250.png","contentUrl":"https:\/\/gremicafe.cat\/wp-content\/uploads\/2018\/03\/gremicafe-logo250.png","width":250,"height":49,"caption":"Gremi del Caf\u00e8, Torradors de Catalunya"},"image":{"@id":"https:\/\/gremicafe.cat\/#\/schema\/logo\/image\/"},"sameAs":["https:\/\/www.facebook.com\/gremicafecat","https:\/\/x.com\/gremicafecat","https:\/\/www.instagram.com\/gremicafecat\/","https:\/\/www.pinterest.es\/gremicafecat\/","https:\/\/www.youtube.com\/channel\/UCGLo5Y35vLwLvP4FrPZrCrw\/"]},{"@type":"Person","@id":"https:\/\/gremicafe.cat\/#\/schema\/person\/dabfdbb3d0fa36260855a380f94e4733","name":"gremicafe","image":{"@type":"ImageObject","inLanguage":"es","@id":"https:\/\/gremicafe.cat\/#\/schema\/person\/image\/","url":"https:\/\/secure.gravatar.com\/avatar\/e59baa4ca8f6f97576d6375fb6d3c8f0?s=96&d=mm&r=g","contentUrl":"https:\/\/secure.gravatar.com\/avatar\/e59baa4ca8f6f97576d6375fb6d3c8f0?s=96&d=mm&r=g","caption":"gremicafe"}}]}},"_links":{"self":[{"href":"https:\/\/gremicafe.cat\/es\/wp-json\/wp\/v2\/posts\/7252"}],"collection":[{"href":"https:\/\/gremicafe.cat\/es\/wp-json\/wp\/v2\/posts"}],"about":[{"href":"https:\/\/gremicafe.cat\/es\/wp-json\/wp\/v2\/types\/post"}],"author":[{"embeddable":true,"href":"https:\/\/gremicafe.cat\/es\/wp-json\/wp\/v2\/users\/1"}],"replies":[{"embeddable":true,"href":"https:\/\/gremicafe.cat\/es\/wp-json\/wp\/v2\/comments?post=7252"}],"version-history":[{"count":0,"href":"https:\/\/gremicafe.cat\/es\/wp-json\/wp\/v2\/posts\/7252\/revisions"}],"wp:featuredmedia":[{"embeddable":true,"href":"https:\/\/gremicafe.cat\/es\/wp-json\/wp\/v2\/media\/7253"}],"wp:attachment":[{"href":"https:\/\/gremicafe.cat\/es\/wp-json\/wp\/v2\/media?parent=7252"}],"wp:term":[{"taxonomy":"category","embeddable":true,"href":"https:\/\/gremicafe.cat\/es\/wp-json\/wp\/v2\/categories?post=7252"},{"taxonomy":"post_tag","embeddable":true,"href":"https:\/\/gremicafe.cat\/es\/wp-json\/wp\/v2\/tags?post=7252"}],"curies":[{"name":"wp","href":"https:\/\/api.w.org\/{rel}","templated":true}]}}