{"id":7267,"date":"2024-04-17T18:51:31","date_gmt":"2024-04-17T16:51:31","guid":{"rendered":"https:\/\/gremicafe.cat\/?p=7267"},"modified":"2024-04-17T20:09:48","modified_gmt":"2024-04-17T18:09:48","slug":"els-preus-del-cafe-robusta-aconsegueixen-maxims-historics","status":"publish","type":"post","link":"https:\/\/gremicafe.cat\/es\/2024\/04\/17\/els-preus-del-cafe-robusta-aconsegueixen-maxims-historics\/","title":{"rendered":"Los precios del caf\u00e9 Robusta alcanzan m\u00e1ximos hist\u00f3ricos frente a las nuevas estimaciones de un d\u00e9ficit de oferta para 2024\/25"},"content":{"rendered":"<p class=\"p1\"><span class=\"s1\"><strong><em><img loading=\"lazy\" decoding=\"async\" class=\"aligncenter size-full wp-image-7269\" src=\"https:\/\/gremicafe.cat\/wp-content\/uploads\/2024\/04\/CAFEPREUS2024.jpg\" alt=\"\" width=\"754\" height=\"559\" \/><\/em><\/strong><\/span><\/p>\n<p>&nbsp;<\/p>\n<p class=\"p1\"><span class=\"s1\"><strong><em>Los comerciantes dicen que los suministros en Vietnam son muy escasos mientras que el clima seco amenaza con reducir el tama\u00f1o de la pr\u00f3xima cosecha en el principal productor de Robusta del mundo.<\/em><\/strong><br \/>\n<\/span><\/p>\n<p class=\"p1\"><span class=\"s1\">MIL\u00c1NO \u2013 17 de abril de 2024 \u2013\u00a0 <strong>Los precios de los futuros del caf\u00e9 registraron el martes otro d\u00eda de aumentos<\/strong> a medida que las preocupaciones sobre la escasez de oferta ganaron terreno en ambos mercados: en Londres, <strong>el caf\u00e9 ICE Robusta<\/strong> de mayo cerr\u00f3 con un alza de 31 d\u00f3lares hasta un <strong>nuevo m\u00e1ximo hist\u00f3rico de 4.005 d\u00f3lares.<\/strong><\/span><\/p>\n<p><strong>El caf\u00e9 Ar\u00e1biga<\/strong> de mayo cerr\u00f3 con un <strong>aumento de 520 puntos a 236,75 centavos por libra<\/strong>. El contrato m\u00e1s activo para entrega en julio subi\u00f3 155 puntos y acab\u00f3 el d\u00eda en 228,40 centavos.<br \/>\nMarex Group Plc pronostica un <strong>d\u00e9ficit mundial de caf\u00e9 Robusta en 2024\/25 de -2,7 millones de sacos<\/strong> debido a la reducci\u00f3n de la producci\u00f3n en Vietnam.<\/p>\n<p>Con este aumento continuo, se espera que los precios del caf\u00e9 vietnamita logren un hito sin precedentes de 120.000 VND\/kg para finales de la semana.<\/p>\n<p>Grandes empresas de Vietnam han anunciado recientemente una escasez inminente, incluso considerando la necesidad de importar caf\u00e9 en los pr\u00f3ximos meses.<\/p>\n<p>Esta revelaci\u00f3n ha impulsado a\u00fan m\u00e1s los aumentos de precios en pa\u00edses como Brasil e Indonesia, donde las cosechas son inminentes.<\/p>\n<p class=\"p1\"><span class=\"s1\">Lea la noticia entera aqu\u00ed: <a href=\"https:\/\/www.comunicaffe.com\/robusta-futures-prices-touch-new-highs-on-new-estimates-of-a-supply-deficit-for-2024-25\/\"><span class=\"s2\">https:\/\/www.comunicaffe.com\/robusta-futures-prices-touch-new-highs-on-new-estimates-of-a-supply-deficit-for-2024-25\/<\/span><\/a><\/span><\/p>\n<p>Noticia relacionada: <a href=\"https:\/\/www.comunicaffe.com\/coffee-futures-markets-london-breaks-the-4000-mark-new-york-posts-5-session-gaining-streak\/\">https:\/\/www.comunicaffe.com\/coffee-futures-markets-london-breaks-the-4000-mark-new-york-posts-5-session-gaining-streak\/<\/a><\/p>\n<p>&nbsp;<\/p>","protected":false},"excerpt":{"rendered":"<p>&nbsp; Els comerciants diuen que els subministraments a Vietnam s\u00f3n molt escassos mentre que el clima sec amena\u00e7a amb reduir la grand\u00e0ria de la pr\u00f2xima collita en el principal productor de Robusta del m\u00f3n. MIL\u00c0 \u2013 17 d&#8217;abril de 2024 &#8211;\u00a0 Els preus dels futurs del caf\u00e8 van registrar el dimarts altre dia d&#8217;augments a [&hellip;]<\/p>\n","protected":false},"author":1,"featured_media":7269,"comment_status":"closed","ping_status":"open","sticky":false,"template":"","format":"standard","meta":{"_acf_changed":false,"inline_featured_image":false,"footnotes":""},"categories":[1],"tags":[47,74,87,88,89],"class_list":["post-7267","post","type-post","status-publish","format-standard","has-post-thumbnail","hentry","category-noticies","tag-cafe","tag-cafe-verd","tag-increment-preu-cafe","tag-preu-cafe","tag-vietnam"],"acf":[],"yoast_head":"<!-- This site is optimized with the Yoast SEO plugin v25.5 - https:\/\/yoast.com\/wordpress\/plugins\/seo\/ -->\n<title>Els preus del caf\u00e8 Robusta aconsegueixen m\u00e0xims hist\u00f2rics davant les noves estimacions d&#039;un d\u00e8ficit d&#039;oferta per a 2024\/25 - Gremi del Caf\u00e8, torradors de Catalunya<\/title>\n<meta name=\"description\" content=\"Els comerciants diuen que els subministraments a Vietnam s\u00f3n molt escassos mentre que el clima sec amena\u00e7a amb reduir la grand\u00e0ria de la pr\u00f2xima collita en el principal productor de Robusta del m\u00f3n.\" \/>\n<meta name=\"robots\" content=\"index, follow, max-snippet:-1, max-image-preview:large, max-video-preview:-1\" \/>\n<link rel=\"canonical\" href=\"https:\/\/gremicafe.cat\/es\/2024\/04\/17\/els-preus-del-cafe-robusta-aconsegueixen-maxims-historics\/\" \/>\n<meta property=\"og:locale\" content=\"es_ES\" \/>\n<meta property=\"og:type\" content=\"article\" \/>\n<meta property=\"og:title\" content=\"Els preus del caf\u00e8 Robusta aconsegueixen m\u00e0xims hist\u00f2rics davant les noves estimacions d&#039;un d\u00e8ficit d&#039;oferta per a 2024\/25 - Gremi del Caf\u00e8, torradors de Catalunya\" \/>\n<meta property=\"og:description\" content=\"Els comerciants diuen que els subministraments a Vietnam s\u00f3n molt escassos mentre que el clima sec amena\u00e7a amb reduir la grand\u00e0ria de la pr\u00f2xima collita en el principal productor de Robusta del m\u00f3n.\" \/>\n<meta property=\"og:url\" content=\"https:\/\/gremicafe.cat\/es\/2024\/04\/17\/els-preus-del-cafe-robusta-aconsegueixen-maxims-historics\/\" \/>\n<meta property=\"og:site_name\" content=\"Gremi del Caf\u00e8, torradors de Catalunya\" \/>\n<meta property=\"article:publisher\" content=\"https:\/\/www.facebook.com\/gremicafecat\" \/>\n<meta property=\"article:published_time\" content=\"2024-04-17T16:51:31+00:00\" \/>\n<meta property=\"article:modified_time\" content=\"2024-04-17T18:09:48+00:00\" \/>\n<meta property=\"og:image\" content=\"https:\/\/gremicafe.cat\/wp-content\/uploads\/2024\/04\/CAFEPREUS2024.jpg\" \/>\n\t<meta property=\"og:image:width\" content=\"754\" \/>\n\t<meta property=\"og:image:height\" content=\"559\" \/>\n\t<meta property=\"og:image:type\" content=\"image\/jpeg\" \/>\n<meta name=\"author\" content=\"gremicafe\" \/>\n<meta name=\"twitter:card\" content=\"summary_large_image\" \/>\n<meta name=\"twitter:creator\" content=\"@gremicafecat\" \/>\n<meta name=\"twitter:site\" content=\"@gremicafecat\" \/>\n<meta name=\"twitter:label1\" content=\"Escrito por\" \/>\n\t<meta name=\"twitter:data1\" content=\"gremicafe\" \/>\n\t<meta name=\"twitter:label2\" content=\"Tiempo de lectura\" \/>\n\t<meta name=\"twitter:data2\" content=\"2 minutos\" \/>\n<script type=\"application\/ld+json\" class=\"yoast-schema-graph\">{\"@context\":\"https:\/\/schema.org\",\"@graph\":[{\"@type\":\"Article\",\"@id\":\"https:\/\/gremicafe.cat\/2024\/04\/17\/els-preus-del-cafe-robusta-aconsegueixen-maxims-historics\/#article\",\"isPartOf\":{\"@id\":\"https:\/\/gremicafe.cat\/2024\/04\/17\/els-preus-del-cafe-robusta-aconsegueixen-maxims-historics\/\"},\"author\":{\"name\":\"gremicafe\",\"@id\":\"https:\/\/gremicafe.cat\/#\/schema\/person\/dabfdbb3d0fa36260855a380f94e4733\"},\"headline\":\"Els preus del caf\u00e8 Robusta aconsegueixen m\u00e0xims hist\u00f2rics davant les noves estimacions d&#8217;un d\u00e8ficit d&#8217;oferta per a 2024\/25\",\"datePublished\":\"2024-04-17T16:51:31+00:00\",\"dateModified\":\"2024-04-17T18:09:48+00:00\",\"mainEntityOfPage\":{\"@id\":\"https:\/\/gremicafe.cat\/2024\/04\/17\/els-preus-del-cafe-robusta-aconsegueixen-maxims-historics\/\"},\"wordCount\":280,\"publisher\":{\"@id\":\"https:\/\/gremicafe.cat\/#organization\"},\"image\":{\"@id\":\"https:\/\/gremicafe.cat\/2024\/04\/17\/els-preus-del-cafe-robusta-aconsegueixen-maxims-historics\/#primaryimage\"},\"thumbnailUrl\":\"https:\/\/gremicafe.cat\/wp-content\/uploads\/2024\/04\/CAFEPREUS2024.jpg\",\"keywords\":[\"cafe\",\"cafe verd\",\"Increment preu caf\u00e8\",\"preu caf\u00e8\",\"Vietnam\"],\"articleSection\":[\"Not\u00edcies\"],\"inLanguage\":\"es\"},{\"@type\":\"WebPage\",\"@id\":\"https:\/\/gremicafe.cat\/2024\/04\/17\/els-preus-del-cafe-robusta-aconsegueixen-maxims-historics\/\",\"url\":\"https:\/\/gremicafe.cat\/2024\/04\/17\/els-preus-del-cafe-robusta-aconsegueixen-maxims-historics\/\",\"name\":\"Els preus del caf\u00e8 Robusta aconsegueixen m\u00e0xims hist\u00f2rics davant les noves estimacions d'un d\u00e8ficit d'oferta per a 2024\/25 - Gremi del Caf\u00e8, torradors de Catalunya\",\"isPartOf\":{\"@id\":\"https:\/\/gremicafe.cat\/#website\"},\"primaryImageOfPage\":{\"@id\":\"https:\/\/gremicafe.cat\/2024\/04\/17\/els-preus-del-cafe-robusta-aconsegueixen-maxims-historics\/#primaryimage\"},\"image\":{\"@id\":\"https:\/\/gremicafe.cat\/2024\/04\/17\/els-preus-del-cafe-robusta-aconsegueixen-maxims-historics\/#primaryimage\"},\"thumbnailUrl\":\"https:\/\/gremicafe.cat\/wp-content\/uploads\/2024\/04\/CAFEPREUS2024.jpg\",\"datePublished\":\"2024-04-17T16:51:31+00:00\",\"dateModified\":\"2024-04-17T18:09:48+00:00\",\"description\":\"Els comerciants diuen que els subministraments a Vietnam s\u00f3n molt escassos mentre que el clima sec amena\u00e7a amb reduir la grand\u00e0ria de la pr\u00f2xima collita en el principal productor de Robusta del m\u00f3n.\",\"breadcrumb\":{\"@id\":\"https:\/\/gremicafe.cat\/2024\/04\/17\/els-preus-del-cafe-robusta-aconsegueixen-maxims-historics\/#breadcrumb\"},\"inLanguage\":\"es\",\"potentialAction\":[{\"@type\":\"ReadAction\",\"target\":[\"https:\/\/gremicafe.cat\/2024\/04\/17\/els-preus-del-cafe-robusta-aconsegueixen-maxims-historics\/\"]}]},{\"@type\":\"ImageObject\",\"inLanguage\":\"es\",\"@id\":\"https:\/\/gremicafe.cat\/2024\/04\/17\/els-preus-del-cafe-robusta-aconsegueixen-maxims-historics\/#primaryimage\",\"url\":\"https:\/\/gremicafe.cat\/wp-content\/uploads\/2024\/04\/CAFEPREUS2024.jpg\",\"contentUrl\":\"https:\/\/gremicafe.cat\/wp-content\/uploads\/2024\/04\/CAFEPREUS2024.jpg\",\"width\":754,\"height\":559},{\"@type\":\"BreadcrumbList\",\"@id\":\"https:\/\/gremicafe.cat\/2024\/04\/17\/els-preus-del-cafe-robusta-aconsegueixen-maxims-historics\/#breadcrumb\",\"itemListElement\":[{\"@type\":\"ListItem\",\"position\":1,\"name\":\"Inici\",\"item\":\"https:\/\/gremicafe.cat\/\"},{\"@type\":\"ListItem\",\"position\":2,\"name\":\"Els preus del caf\u00e8 Robusta aconsegueixen m\u00e0xims hist\u00f2rics davant les noves estimacions d&#8217;un d\u00e8ficit d&#8217;oferta per a 2024\/25\"}]},{\"@type\":\"WebSite\",\"@id\":\"https:\/\/gremicafe.cat\/#website\",\"url\":\"https:\/\/gremicafe.cat\/\",\"name\":\"Gremi del Caf\u00e8, torradors de Catalunya\",\"description\":\"Web oficial del gremi de torradors de caf\u00e8 de Catalunya\",\"publisher\":{\"@id\":\"https:\/\/gremicafe.cat\/#organization\"},\"potentialAction\":[{\"@type\":\"SearchAction\",\"target\":{\"@type\":\"EntryPoint\",\"urlTemplate\":\"https:\/\/gremicafe.cat\/?s={search_term_string}\"},\"query-input\":{\"@type\":\"PropertyValueSpecification\",\"valueRequired\":true,\"valueName\":\"search_term_string\"}}],\"inLanguage\":\"es\"},{\"@type\":\"Organization\",\"@id\":\"https:\/\/gremicafe.cat\/#organization\",\"name\":\"Gremi del Caf\u00e8, Torradors de Catalunya\",\"url\":\"https:\/\/gremicafe.cat\/\",\"logo\":{\"@type\":\"ImageObject\",\"inLanguage\":\"es\",\"@id\":\"https:\/\/gremicafe.cat\/#\/schema\/logo\/image\/\",\"url\":\"https:\/\/gremicafe.cat\/wp-content\/uploads\/2018\/03\/gremicafe-logo250.png\",\"contentUrl\":\"https:\/\/gremicafe.cat\/wp-content\/uploads\/2018\/03\/gremicafe-logo250.png\",\"width\":250,\"height\":49,\"caption\":\"Gremi del Caf\u00e8, Torradors de Catalunya\"},\"image\":{\"@id\":\"https:\/\/gremicafe.cat\/#\/schema\/logo\/image\/\"},\"sameAs\":[\"https:\/\/www.facebook.com\/gremicafecat\",\"https:\/\/x.com\/gremicafecat\",\"https:\/\/www.instagram.com\/gremicafecat\/\",\"https:\/\/www.pinterest.es\/gremicafecat\/\",\"https:\/\/www.youtube.com\/channel\/UCGLo5Y35vLwLvP4FrPZrCrw\/\"]},{\"@type\":\"Person\",\"@id\":\"https:\/\/gremicafe.cat\/#\/schema\/person\/dabfdbb3d0fa36260855a380f94e4733\",\"name\":\"gremicafe\",\"image\":{\"@type\":\"ImageObject\",\"inLanguage\":\"es\",\"@id\":\"https:\/\/gremicafe.cat\/#\/schema\/person\/image\/\",\"url\":\"https:\/\/secure.gravatar.com\/avatar\/e59baa4ca8f6f97576d6375fb6d3c8f0?s=96&d=mm&r=g\",\"contentUrl\":\"https:\/\/secure.gravatar.com\/avatar\/e59baa4ca8f6f97576d6375fb6d3c8f0?s=96&d=mm&r=g\",\"caption\":\"gremicafe\"}}]}<\/script>\n<!-- \/ Yoast SEO plugin. -->","yoast_head_json":{"title":"Els preus del caf\u00e8 Robusta aconsegueixen m\u00e0xims hist\u00f2rics davant les noves estimacions d'un d\u00e8ficit d'oferta per a 2024\/25 - Gremi del Caf\u00e8, torradors de Catalunya","description":"Los comerciantes dicen que los suministros en Vietnam son muy escasos mientras que el clima seco amenaza con reducir el tama\u00f1o de la pr\u00f3xima cosecha en el principal productor de Robusta del mundo.","robots":{"index":"index","follow":"follow","max-snippet":"max-snippet:-1","max-image-preview":"max-image-preview:large","max-video-preview":"max-video-preview:-1"},"canonical":"https:\/\/gremicafe.cat\/es\/2024\/04\/17\/els-preus-del-cafe-robusta-aconsegueixen-maxims-historics\/","og_locale":"es_ES","og_type":"article","og_title":"Els preus del caf\u00e8 Robusta aconsegueixen m\u00e0xims hist\u00f2rics davant les noves estimacions d'un d\u00e8ficit d'oferta per a 2024\/25 - Gremi del Caf\u00e8, torradors de Catalunya","og_description":"Els comerciants diuen que els subministraments a Vietnam s\u00f3n molt escassos mentre que el clima sec amena\u00e7a amb reduir la grand\u00e0ria de la pr\u00f2xima collita en el principal productor de Robusta del m\u00f3n.","og_url":"https:\/\/gremicafe.cat\/es\/2024\/04\/17\/els-preus-del-cafe-robusta-aconsegueixen-maxims-historics\/","og_site_name":"Gremi del Caf\u00e8, torradors de Catalunya","article_publisher":"https:\/\/www.facebook.com\/gremicafecat","article_published_time":"2024-04-17T16:51:31+00:00","article_modified_time":"2024-04-17T18:09:48+00:00","og_image":[{"width":754,"height":559,"url":"https:\/\/gremicafe.cat\/wp-content\/uploads\/2024\/04\/CAFEPREUS2024.jpg","type":"image\/jpeg"}],"author":"gremicafe","twitter_card":"summary_large_image","twitter_creator":"@gremicafecat","twitter_site":"@gremicafecat","twitter_misc":{"Escrito por":"gremicafe","Tiempo de lectura":"2 minutos"},"schema":{"@context":"https:\/\/schema.org","@graph":[{"@type":"Article","@id":"https:\/\/gremicafe.cat\/2024\/04\/17\/els-preus-del-cafe-robusta-aconsegueixen-maxims-historics\/#article","isPartOf":{"@id":"https:\/\/gremicafe.cat\/2024\/04\/17\/els-preus-del-cafe-robusta-aconsegueixen-maxims-historics\/"},"author":{"name":"gremicafe","@id":"https:\/\/gremicafe.cat\/#\/schema\/person\/dabfdbb3d0fa36260855a380f94e4733"},"headline":"Els preus del caf\u00e8 Robusta aconsegueixen m\u00e0xims hist\u00f2rics davant les noves estimacions d&#8217;un d\u00e8ficit d&#8217;oferta per a 2024\/25","datePublished":"2024-04-17T16:51:31+00:00","dateModified":"2024-04-17T18:09:48+00:00","mainEntityOfPage":{"@id":"https:\/\/gremicafe.cat\/2024\/04\/17\/els-preus-del-cafe-robusta-aconsegueixen-maxims-historics\/"},"wordCount":280,"publisher":{"@id":"https:\/\/gremicafe.cat\/#organization"},"image":{"@id":"https:\/\/gremicafe.cat\/2024\/04\/17\/els-preus-del-cafe-robusta-aconsegueixen-maxims-historics\/#primaryimage"},"thumbnailUrl":"https:\/\/gremicafe.cat\/wp-content\/uploads\/2024\/04\/CAFEPREUS2024.jpg","keywords":["cafe","cafe verd","Increment preu caf\u00e8","preu caf\u00e8","Vietnam"],"articleSection":["Not\u00edcies"],"inLanguage":"es"},{"@type":"WebPage","@id":"https:\/\/gremicafe.cat\/2024\/04\/17\/els-preus-del-cafe-robusta-aconsegueixen-maxims-historics\/","url":"https:\/\/gremicafe.cat\/2024\/04\/17\/els-preus-del-cafe-robusta-aconsegueixen-maxims-historics\/","name":"Els preus del caf\u00e8 Robusta aconsegueixen m\u00e0xims hist\u00f2rics davant les noves estimacions d'un d\u00e8ficit d'oferta per a 2024\/25 - Gremi del Caf\u00e8, torradors de Catalunya","isPartOf":{"@id":"https:\/\/gremicafe.cat\/#website"},"primaryImageOfPage":{"@id":"https:\/\/gremicafe.cat\/2024\/04\/17\/els-preus-del-cafe-robusta-aconsegueixen-maxims-historics\/#primaryimage"},"image":{"@id":"https:\/\/gremicafe.cat\/2024\/04\/17\/els-preus-del-cafe-robusta-aconsegueixen-maxims-historics\/#primaryimage"},"thumbnailUrl":"https:\/\/gremicafe.cat\/wp-content\/uploads\/2024\/04\/CAFEPREUS2024.jpg","datePublished":"2024-04-17T16:51:31+00:00","dateModified":"2024-04-17T18:09:48+00:00","description":"Los comerciantes dicen que los suministros en Vietnam son muy escasos mientras que el clima seco amenaza con reducir el tama\u00f1o de la pr\u00f3xima cosecha en el principal productor de Robusta del mundo.","breadcrumb":{"@id":"https:\/\/gremicafe.cat\/2024\/04\/17\/els-preus-del-cafe-robusta-aconsegueixen-maxims-historics\/#breadcrumb"},"inLanguage":"es","potentialAction":[{"@type":"ReadAction","target":["https:\/\/gremicafe.cat\/2024\/04\/17\/els-preus-del-cafe-robusta-aconsegueixen-maxims-historics\/"]}]},{"@type":"ImageObject","inLanguage":"es","@id":"https:\/\/gremicafe.cat\/2024\/04\/17\/els-preus-del-cafe-robusta-aconsegueixen-maxims-historics\/#primaryimage","url":"https:\/\/gremicafe.cat\/wp-content\/uploads\/2024\/04\/CAFEPREUS2024.jpg","contentUrl":"https:\/\/gremicafe.cat\/wp-content\/uploads\/2024\/04\/CAFEPREUS2024.jpg","width":754,"height":559},{"@type":"BreadcrumbList","@id":"https:\/\/gremicafe.cat\/2024\/04\/17\/els-preus-del-cafe-robusta-aconsegueixen-maxims-historics\/#breadcrumb","itemListElement":[{"@type":"ListItem","position":1,"name":"Inici","item":"https:\/\/gremicafe.cat\/"},{"@type":"ListItem","position":2,"name":"Els preus del caf\u00e8 Robusta aconsegueixen m\u00e0xims hist\u00f2rics davant les noves estimacions d&#8217;un d\u00e8ficit d&#8217;oferta per a 2024\/25"}]},{"@type":"WebSite","@id":"https:\/\/gremicafe.cat\/#website","url":"https:\/\/gremicafe.cat\/","name":"Gremio del Caf\u00e9, tostadores de Catalu\u00f1a","description":"Web oficial del gremio de tostadores de caf\u00e9 de Catalunya","publisher":{"@id":"https:\/\/gremicafe.cat\/#organization"},"potentialAction":[{"@type":"SearchAction","target":{"@type":"EntryPoint","urlTemplate":"https:\/\/gremicafe.cat\/?s={search_term_string}"},"query-input":{"@type":"PropertyValueSpecification","valueRequired":true,"valueName":"search_term_string"}}],"inLanguage":"es"},{"@type":"Organization","@id":"https:\/\/gremicafe.cat\/#organization","name":"Gremio del Caf\u00e9, Tostadores de Catalu\u00f1a","url":"https:\/\/gremicafe.cat\/","logo":{"@type":"ImageObject","inLanguage":"es","@id":"https:\/\/gremicafe.cat\/#\/schema\/logo\/image\/","url":"https:\/\/gremicafe.cat\/wp-content\/uploads\/2018\/03\/gremicafe-logo250.png","contentUrl":"https:\/\/gremicafe.cat\/wp-content\/uploads\/2018\/03\/gremicafe-logo250.png","width":250,"height":49,"caption":"Gremi del Caf\u00e8, Torradors de Catalunya"},"image":{"@id":"https:\/\/gremicafe.cat\/#\/schema\/logo\/image\/"},"sameAs":["https:\/\/www.facebook.com\/gremicafecat","https:\/\/x.com\/gremicafecat","https:\/\/www.instagram.com\/gremicafecat\/","https:\/\/www.pinterest.es\/gremicafecat\/","https:\/\/www.youtube.com\/channel\/UCGLo5Y35vLwLvP4FrPZrCrw\/"]},{"@type":"Person","@id":"https:\/\/gremicafe.cat\/#\/schema\/person\/dabfdbb3d0fa36260855a380f94e4733","name":"gremicafe","image":{"@type":"ImageObject","inLanguage":"es","@id":"https:\/\/gremicafe.cat\/#\/schema\/person\/image\/","url":"https:\/\/secure.gravatar.com\/avatar\/e59baa4ca8f6f97576d6375fb6d3c8f0?s=96&d=mm&r=g","contentUrl":"https:\/\/secure.gravatar.com\/avatar\/e59baa4ca8f6f97576d6375fb6d3c8f0?s=96&d=mm&r=g","caption":"gremicafe"}}]}},"_links":{"self":[{"href":"https:\/\/gremicafe.cat\/es\/wp-json\/wp\/v2\/posts\/7267"}],"collection":[{"href":"https:\/\/gremicafe.cat\/es\/wp-json\/wp\/v2\/posts"}],"about":[{"href":"https:\/\/gremicafe.cat\/es\/wp-json\/wp\/v2\/types\/post"}],"author":[{"embeddable":true,"href":"https:\/\/gremicafe.cat\/es\/wp-json\/wp\/v2\/users\/1"}],"replies":[{"embeddable":true,"href":"https:\/\/gremicafe.cat\/es\/wp-json\/wp\/v2\/comments?post=7267"}],"version-history":[{"count":0,"href":"https:\/\/gremicafe.cat\/es\/wp-json\/wp\/v2\/posts\/7267\/revisions"}],"wp:featuredmedia":[{"embeddable":true,"href":"https:\/\/gremicafe.cat\/es\/wp-json\/wp\/v2\/media\/7269"}],"wp:attachment":[{"href":"https:\/\/gremicafe.cat\/es\/wp-json\/wp\/v2\/media?parent=7267"}],"wp:term":[{"taxonomy":"category","embeddable":true,"href":"https:\/\/gremicafe.cat\/es\/wp-json\/wp\/v2\/categories?post=7267"},{"taxonomy":"post_tag","embeddable":true,"href":"https:\/\/gremicafe.cat\/es\/wp-json\/wp\/v2\/tags?post=7267"}],"curies":[{"name":"wp","href":"https:\/\/api.w.org\/{rel}","templated":true}]}}