{"id":7521,"date":"2024-04-12T20:21:40","date_gmt":"2024-04-12T18:21:40","guid":{"rendered":"https:\/\/gremicafe.cat\/?p=7521"},"modified":"2024-05-02T18:04:05","modified_gmt":"2024-05-02T16:04:05","slug":"prendre-un-cafe-al-bar-es-cada-dia-mes-car","status":"publish","type":"post","link":"https:\/\/gremicafe.cat\/es\/2024\/04\/12\/prendre-un-cafe-al-bar-es-cada-dia-mes-car\/","title":{"rendered":"Tomar un caf\u00e9 en el bar es cada d\u00eda m\u00e1s caro (TV3)"},"content":{"rendered":"<div class=\"info\"><span class=\"\">TELENOTICIAS de TV3<\/span><\/div>\n<h3 class=\"titol\"><a href=\"https:\/\/www.ccma.cat\/3cat\/prendre-un-cafe-al-bar-es-cada-dia-mes-car\/video\/6276263\/\">Tomar un caf\u00e9 en el bar es cada d\u00eda m\u00e1s caro<\/a><\/h3>\n<p><time class=\"data\" datetime=\"2024-04-12\">12\/04\/2024<\/time><\/p>\n<p class=\"entradeta\">Los precios de los alimentos se moderan, seg\u00fan el Instituto de Estad\u00edstica, pero el aceite de oliva, la fruta, la carne, el pescado y el caf\u00e9 siguen disparados. La variedad robusta de caf\u00e9 se encuentra en m\u00e1ximos hist\u00f3ricos. Lo explica, Ra\u00fcl Pont de Caf\u00e8s Pont.<\/p>\n<p>Vea el v\u00eddeo en: <a href=\"https:\/\/www.ccma.cat\/3cat\/prendre-un-cafe-al-bar-es-cada-dia-mes-car\/video\/6276263\/\" target=\"_blank\" rel=\"noopener\">https:\/\/www.ccma.cat\/3cat\/prendre-un-cafe-al-bar-es-cada-dia-mes-car\/video\/6276263\/<\/a><\/p>\n<div id=\"attachment_7522\" style=\"width: 1034px\" class=\"wp-caption alignnone\"><img loading=\"lazy\" decoding=\"async\" aria-describedby=\"caption-attachment-7522\" class=\"wp-image-7522 size-full\" src=\"https:\/\/gremicafe.cat\/wp-content\/uploads\/2024\/05\/Cafe\u0300albar2024.jpg\" alt=\"Caf\u00e8s Pont - Gremi del Caf\u00e8\" width=\"1024\" height=\"576\" srcset=\"https:\/\/gremicafe.cat\/wp-content\/uploads\/2024\/05\/Cafe\u0300albar2024.jpg 1024w, https:\/\/gremicafe.cat\/wp-content\/uploads\/2024\/05\/Cafe\u0300albar2024-768x432.jpg 768w\" sizes=\"(max-width: 1024px) 100vw, 1024px\" \/><p id=\"caption-attachment-7522\" class=\"wp-caption-text\">Ra\u00fcl Pont, de caf\u00e9s Pont, en el Telenot\u00edcies de TV3.<\/p><\/div>","protected":false},"excerpt":{"rendered":"<p>TELENOT\u00cdCIES de TV3 Prendre un caf\u00e8 al bar \u00e9s cada dia m\u00e9s car 12\/04\/2024 Els preus dels aliments es moderen, segons l&#8217;Institut d&#8217;Estad\u00edstica, per\u00f2 l&#8217;oli d&#8217;oliva, la fruita, la carn, el peix i el caf\u00e8 continuen disparats. La varietat robusta de caf\u00e8 est\u00e0 en m\u00e0xims hist\u00f2rics. Ho explica, Ra\u00fcl Pont de Caf\u00e8s Pont. Mireu el [&hellip;]<\/p>\n","protected":false},"author":1,"featured_media":7522,"comment_status":"closed","ping_status":"open","sticky":false,"template":"","format":"standard","meta":{"_acf_changed":false,"inline_featured_image":false,"footnotes":""},"categories":[1],"tags":[47,96,97,86],"class_list":["post-7521","post","type-post","status-publish","format-standard","has-post-thumbnail","hentry","category-noticies","tag-cafe","tag-cafes-pont","tag-gremi-del-cafe","tag-preu-del-cafe"],"acf":[],"yoast_head":"<!-- This site is optimized with the Yoast SEO plugin v25.5 - https:\/\/yoast.com\/wordpress\/plugins\/seo\/ -->\n<title>Prendre un caf\u00e8 al bar \u00e9s cada dia m\u00e9s car (TV3) - Gremi del Caf\u00e8, torradors de Catalunya<\/title>\n<meta name=\"description\" content=\"Els preus dels aliments es moderen, segons l&#039;Institut d&#039;Estad\u00edstica, per\u00f2 l&#039;oli d&#039;oliva, la fruita, la carn, el peix i el caf\u00e8 continuen disparats. La varietat robusta de caf\u00e8 est\u00e0 en m\u00e0xims hist\u00f2rics. Ho explica, Ra\u00fcl Pont de Caf\u00e8s Pont.\" \/>\n<meta name=\"robots\" content=\"index, follow, max-snippet:-1, max-image-preview:large, max-video-preview:-1\" \/>\n<link rel=\"canonical\" href=\"https:\/\/gremicafe.cat\/es\/2024\/04\/12\/prendre-un-cafe-al-bar-es-cada-dia-mes-car\/\" \/>\n<meta property=\"og:locale\" content=\"es_ES\" \/>\n<meta property=\"og:type\" content=\"article\" \/>\n<meta property=\"og:title\" content=\"Prendre un caf\u00e8 al bar \u00e9s cada dia m\u00e9s car (TV3) - Gremi del Caf\u00e8, torradors de Catalunya\" \/>\n<meta property=\"og:description\" content=\"Els preus dels aliments es moderen, segons l&#039;Institut d&#039;Estad\u00edstica, per\u00f2 l&#039;oli d&#039;oliva, la fruita, la carn, el peix i el caf\u00e8 continuen disparats. La varietat robusta de caf\u00e8 est\u00e0 en m\u00e0xims hist\u00f2rics. Ho explica, Ra\u00fcl Pont de Caf\u00e8s Pont.\" \/>\n<meta property=\"og:url\" content=\"https:\/\/gremicafe.cat\/es\/2024\/04\/12\/prendre-un-cafe-al-bar-es-cada-dia-mes-car\/\" \/>\n<meta property=\"og:site_name\" content=\"Gremi del Caf\u00e8, torradors de Catalunya\" \/>\n<meta property=\"article:publisher\" content=\"https:\/\/www.facebook.com\/gremicafecat\" \/>\n<meta property=\"article:published_time\" content=\"2024-04-12T18:21:40+00:00\" \/>\n<meta property=\"article:modified_time\" content=\"2024-05-02T16:04:05+00:00\" \/>\n<meta property=\"og:image\" content=\"https:\/\/gremicafe.cat\/wp-content\/uploads\/2024\/05\/Cafe\u0300albar2024.jpg\" \/>\n\t<meta property=\"og:image:width\" content=\"1024\" \/>\n\t<meta property=\"og:image:height\" content=\"576\" \/>\n\t<meta property=\"og:image:type\" content=\"image\/jpeg\" \/>\n<meta name=\"author\" content=\"gremicafe\" \/>\n<meta name=\"twitter:card\" content=\"summary_large_image\" \/>\n<meta name=\"twitter:creator\" content=\"@gremicafecat\" \/>\n<meta name=\"twitter:site\" content=\"@gremicafecat\" \/>\n<meta name=\"twitter:label1\" content=\"Escrito por\" \/>\n\t<meta name=\"twitter:data1\" content=\"gremicafe\" \/>\n\t<meta name=\"twitter:label2\" content=\"Tiempo de lectura\" \/>\n\t<meta name=\"twitter:data2\" content=\"1 minuto\" \/>\n<script type=\"application\/ld+json\" class=\"yoast-schema-graph\">{\"@context\":\"https:\/\/schema.org\",\"@graph\":[{\"@type\":\"Article\",\"@id\":\"https:\/\/gremicafe.cat\/2024\/04\/12\/prendre-un-cafe-al-bar-es-cada-dia-mes-car\/#article\",\"isPartOf\":{\"@id\":\"https:\/\/gremicafe.cat\/2024\/04\/12\/prendre-un-cafe-al-bar-es-cada-dia-mes-car\/\"},\"author\":{\"name\":\"gremicafe\",\"@id\":\"https:\/\/gremicafe.cat\/#\/schema\/person\/dabfdbb3d0fa36260855a380f94e4733\"},\"headline\":\"Prendre un caf\u00e8 al bar \u00e9s cada dia m\u00e9s car (TV3)\",\"datePublished\":\"2024-04-12T18:21:40+00:00\",\"dateModified\":\"2024-05-02T16:04:05+00:00\",\"mainEntityOfPage\":{\"@id\":\"https:\/\/gremicafe.cat\/2024\/04\/12\/prendre-un-cafe-al-bar-es-cada-dia-mes-car\/\"},\"wordCount\":102,\"publisher\":{\"@id\":\"https:\/\/gremicafe.cat\/#organization\"},\"image\":{\"@id\":\"https:\/\/gremicafe.cat\/2024\/04\/12\/prendre-un-cafe-al-bar-es-cada-dia-mes-car\/#primaryimage\"},\"thumbnailUrl\":\"https:\/\/gremicafe.cat\/wp-content\/uploads\/2024\/05\/Cafe\u0300albar2024.jpg\",\"keywords\":[\"cafe\",\"Caf\u00e8s Pont\",\"Gremi del Caf\u00e8\",\"preu del caf\u00e8\"],\"articleSection\":[\"Not\u00edcies\"],\"inLanguage\":\"es\"},{\"@type\":\"WebPage\",\"@id\":\"https:\/\/gremicafe.cat\/2024\/04\/12\/prendre-un-cafe-al-bar-es-cada-dia-mes-car\/\",\"url\":\"https:\/\/gremicafe.cat\/2024\/04\/12\/prendre-un-cafe-al-bar-es-cada-dia-mes-car\/\",\"name\":\"Prendre un caf\u00e8 al bar \u00e9s cada dia m\u00e9s car (TV3) - Gremi del Caf\u00e8, torradors de Catalunya\",\"isPartOf\":{\"@id\":\"https:\/\/gremicafe.cat\/#website\"},\"primaryImageOfPage\":{\"@id\":\"https:\/\/gremicafe.cat\/2024\/04\/12\/prendre-un-cafe-al-bar-es-cada-dia-mes-car\/#primaryimage\"},\"image\":{\"@id\":\"https:\/\/gremicafe.cat\/2024\/04\/12\/prendre-un-cafe-al-bar-es-cada-dia-mes-car\/#primaryimage\"},\"thumbnailUrl\":\"https:\/\/gremicafe.cat\/wp-content\/uploads\/2024\/05\/Cafe\u0300albar2024.jpg\",\"datePublished\":\"2024-04-12T18:21:40+00:00\",\"dateModified\":\"2024-05-02T16:04:05+00:00\",\"description\":\"Els preus dels aliments es moderen, segons l'Institut d'Estad\u00edstica, per\u00f2 l'oli d'oliva, la fruita, la carn, el peix i el caf\u00e8 continuen disparats. La varietat robusta de caf\u00e8 est\u00e0 en m\u00e0xims hist\u00f2rics. Ho explica, Ra\u00fcl Pont de Caf\u00e8s Pont.\",\"breadcrumb\":{\"@id\":\"https:\/\/gremicafe.cat\/2024\/04\/12\/prendre-un-cafe-al-bar-es-cada-dia-mes-car\/#breadcrumb\"},\"inLanguage\":\"es\",\"potentialAction\":[{\"@type\":\"ReadAction\",\"target\":[\"https:\/\/gremicafe.cat\/2024\/04\/12\/prendre-un-cafe-al-bar-es-cada-dia-mes-car\/\"]}]},{\"@type\":\"ImageObject\",\"inLanguage\":\"es\",\"@id\":\"https:\/\/gremicafe.cat\/2024\/04\/12\/prendre-un-cafe-al-bar-es-cada-dia-mes-car\/#primaryimage\",\"url\":\"https:\/\/gremicafe.cat\/wp-content\/uploads\/2024\/05\/Cafe\u0300albar2024.jpg\",\"contentUrl\":\"https:\/\/gremicafe.cat\/wp-content\/uploads\/2024\/05\/Cafe\u0300albar2024.jpg\",\"width\":1024,\"height\":576,\"caption\":\"Ra\u00fal Pont de caf\u00e8s Pont\"},{\"@type\":\"BreadcrumbList\",\"@id\":\"https:\/\/gremicafe.cat\/2024\/04\/12\/prendre-un-cafe-al-bar-es-cada-dia-mes-car\/#breadcrumb\",\"itemListElement\":[{\"@type\":\"ListItem\",\"position\":1,\"name\":\"Inici\",\"item\":\"https:\/\/gremicafe.cat\/\"},{\"@type\":\"ListItem\",\"position\":2,\"name\":\"Prendre un caf\u00e8 al bar \u00e9s cada dia m\u00e9s car (TV3)\"}]},{\"@type\":\"WebSite\",\"@id\":\"https:\/\/gremicafe.cat\/#website\",\"url\":\"https:\/\/gremicafe.cat\/\",\"name\":\"Gremi del Caf\u00e8, torradors de Catalunya\",\"description\":\"Web oficial del gremi de torradors de caf\u00e8 de Catalunya\",\"publisher\":{\"@id\":\"https:\/\/gremicafe.cat\/#organization\"},\"potentialAction\":[{\"@type\":\"SearchAction\",\"target\":{\"@type\":\"EntryPoint\",\"urlTemplate\":\"https:\/\/gremicafe.cat\/?s={search_term_string}\"},\"query-input\":{\"@type\":\"PropertyValueSpecification\",\"valueRequired\":true,\"valueName\":\"search_term_string\"}}],\"inLanguage\":\"es\"},{\"@type\":\"Organization\",\"@id\":\"https:\/\/gremicafe.cat\/#organization\",\"name\":\"Gremi del Caf\u00e8, Torradors de Catalunya\",\"url\":\"https:\/\/gremicafe.cat\/\",\"logo\":{\"@type\":\"ImageObject\",\"inLanguage\":\"es\",\"@id\":\"https:\/\/gremicafe.cat\/#\/schema\/logo\/image\/\",\"url\":\"https:\/\/gremicafe.cat\/wp-content\/uploads\/2018\/03\/gremicafe-logo250.png\",\"contentUrl\":\"https:\/\/gremicafe.cat\/wp-content\/uploads\/2018\/03\/gremicafe-logo250.png\",\"width\":250,\"height\":49,\"caption\":\"Gremi del Caf\u00e8, Torradors de Catalunya\"},\"image\":{\"@id\":\"https:\/\/gremicafe.cat\/#\/schema\/logo\/image\/\"},\"sameAs\":[\"https:\/\/www.facebook.com\/gremicafecat\",\"https:\/\/x.com\/gremicafecat\",\"https:\/\/www.instagram.com\/gremicafecat\/\",\"https:\/\/www.pinterest.es\/gremicafecat\/\",\"https:\/\/www.youtube.com\/channel\/UCGLo5Y35vLwLvP4FrPZrCrw\/\"]},{\"@type\":\"Person\",\"@id\":\"https:\/\/gremicafe.cat\/#\/schema\/person\/dabfdbb3d0fa36260855a380f94e4733\",\"name\":\"gremicafe\",\"image\":{\"@type\":\"ImageObject\",\"inLanguage\":\"es\",\"@id\":\"https:\/\/gremicafe.cat\/#\/schema\/person\/image\/\",\"url\":\"https:\/\/secure.gravatar.com\/avatar\/e59baa4ca8f6f97576d6375fb6d3c8f0?s=96&d=mm&r=g\",\"contentUrl\":\"https:\/\/secure.gravatar.com\/avatar\/e59baa4ca8f6f97576d6375fb6d3c8f0?s=96&d=mm&r=g\",\"caption\":\"gremicafe\"}}]}<\/script>\n<!-- \/ Yoast SEO plugin. -->","yoast_head_json":{"title":"Prendre un caf\u00e8 al bar \u00e9s cada dia m\u00e9s car (TV3) - Gremi del Caf\u00e8, torradors de Catalunya","description":"Els preus dels aliments es moderen, segons l'Institut d'Estad\u00edstica, per\u00f2 l'oli d'oliva, la fruita, la carn, el peix i el caf\u00e8 continuen disparats. La varietat robusta de caf\u00e8 est\u00e0 en m\u00e0xims hist\u00f2rics. Ho explica, Ra\u00fcl Pont de Caf\u00e8s Pont.","robots":{"index":"index","follow":"follow","max-snippet":"max-snippet:-1","max-image-preview":"max-image-preview:large","max-video-preview":"max-video-preview:-1"},"canonical":"https:\/\/gremicafe.cat\/es\/2024\/04\/12\/prendre-un-cafe-al-bar-es-cada-dia-mes-car\/","og_locale":"es_ES","og_type":"article","og_title":"Prendre un caf\u00e8 al bar \u00e9s cada dia m\u00e9s car (TV3) - Gremi del Caf\u00e8, torradors de Catalunya","og_description":"Els preus dels aliments es moderen, segons l'Institut d'Estad\u00edstica, per\u00f2 l'oli d'oliva, la fruita, la carn, el peix i el caf\u00e8 continuen disparats. La varietat robusta de caf\u00e8 est\u00e0 en m\u00e0xims hist\u00f2rics. Ho explica, Ra\u00fcl Pont de Caf\u00e8s Pont.","og_url":"https:\/\/gremicafe.cat\/es\/2024\/04\/12\/prendre-un-cafe-al-bar-es-cada-dia-mes-car\/","og_site_name":"Gremi del Caf\u00e8, torradors de Catalunya","article_publisher":"https:\/\/www.facebook.com\/gremicafecat","article_published_time":"2024-04-12T18:21:40+00:00","article_modified_time":"2024-05-02T16:04:05+00:00","og_image":[{"width":1024,"height":576,"url":"https:\/\/gremicafe.cat\/wp-content\/uploads\/2024\/05\/Cafe\u0300albar2024.jpg","type":"image\/jpeg"}],"author":"gremicafe","twitter_card":"summary_large_image","twitter_creator":"@gremicafecat","twitter_site":"@gremicafecat","twitter_misc":{"Escrito por":"gremicafe","Tiempo de lectura":"1 minuto"},"schema":{"@context":"https:\/\/schema.org","@graph":[{"@type":"Article","@id":"https:\/\/gremicafe.cat\/2024\/04\/12\/prendre-un-cafe-al-bar-es-cada-dia-mes-car\/#article","isPartOf":{"@id":"https:\/\/gremicafe.cat\/2024\/04\/12\/prendre-un-cafe-al-bar-es-cada-dia-mes-car\/"},"author":{"name":"gremicafe","@id":"https:\/\/gremicafe.cat\/#\/schema\/person\/dabfdbb3d0fa36260855a380f94e4733"},"headline":"Prendre un caf\u00e8 al bar \u00e9s cada dia m\u00e9s car (TV3)","datePublished":"2024-04-12T18:21:40+00:00","dateModified":"2024-05-02T16:04:05+00:00","mainEntityOfPage":{"@id":"https:\/\/gremicafe.cat\/2024\/04\/12\/prendre-un-cafe-al-bar-es-cada-dia-mes-car\/"},"wordCount":102,"publisher":{"@id":"https:\/\/gremicafe.cat\/#organization"},"image":{"@id":"https:\/\/gremicafe.cat\/2024\/04\/12\/prendre-un-cafe-al-bar-es-cada-dia-mes-car\/#primaryimage"},"thumbnailUrl":"https:\/\/gremicafe.cat\/wp-content\/uploads\/2024\/05\/Cafe\u0300albar2024.jpg","keywords":["cafe","Caf\u00e8s Pont","Gremi del Caf\u00e8","preu del caf\u00e8"],"articleSection":["Not\u00edcies"],"inLanguage":"es"},{"@type":"WebPage","@id":"https:\/\/gremicafe.cat\/2024\/04\/12\/prendre-un-cafe-al-bar-es-cada-dia-mes-car\/","url":"https:\/\/gremicafe.cat\/2024\/04\/12\/prendre-un-cafe-al-bar-es-cada-dia-mes-car\/","name":"Prendre un caf\u00e8 al bar \u00e9s cada dia m\u00e9s car (TV3) - Gremi del Caf\u00e8, torradors de Catalunya","isPartOf":{"@id":"https:\/\/gremicafe.cat\/#website"},"primaryImageOfPage":{"@id":"https:\/\/gremicafe.cat\/2024\/04\/12\/prendre-un-cafe-al-bar-es-cada-dia-mes-car\/#primaryimage"},"image":{"@id":"https:\/\/gremicafe.cat\/2024\/04\/12\/prendre-un-cafe-al-bar-es-cada-dia-mes-car\/#primaryimage"},"thumbnailUrl":"https:\/\/gremicafe.cat\/wp-content\/uploads\/2024\/05\/Cafe\u0300albar2024.jpg","datePublished":"2024-04-12T18:21:40+00:00","dateModified":"2024-05-02T16:04:05+00:00","description":"Els preus dels aliments es moderen, segons l'Institut d'Estad\u00edstica, per\u00f2 l'oli d'oliva, la fruita, la carn, el peix i el caf\u00e8 continuen disparats. La varietat robusta de caf\u00e8 est\u00e0 en m\u00e0xims hist\u00f2rics. Ho explica, Ra\u00fcl Pont de Caf\u00e8s Pont.","breadcrumb":{"@id":"https:\/\/gremicafe.cat\/2024\/04\/12\/prendre-un-cafe-al-bar-es-cada-dia-mes-car\/#breadcrumb"},"inLanguage":"es","potentialAction":[{"@type":"ReadAction","target":["https:\/\/gremicafe.cat\/2024\/04\/12\/prendre-un-cafe-al-bar-es-cada-dia-mes-car\/"]}]},{"@type":"ImageObject","inLanguage":"es","@id":"https:\/\/gremicafe.cat\/2024\/04\/12\/prendre-un-cafe-al-bar-es-cada-dia-mes-car\/#primaryimage","url":"https:\/\/gremicafe.cat\/wp-content\/uploads\/2024\/05\/Cafe\u0300albar2024.jpg","contentUrl":"https:\/\/gremicafe.cat\/wp-content\/uploads\/2024\/05\/Cafe\u0300albar2024.jpg","width":1024,"height":576,"caption":"Ra\u00fal Pont de caf\u00e8s Pont"},{"@type":"BreadcrumbList","@id":"https:\/\/gremicafe.cat\/2024\/04\/12\/prendre-un-cafe-al-bar-es-cada-dia-mes-car\/#breadcrumb","itemListElement":[{"@type":"ListItem","position":1,"name":"Inici","item":"https:\/\/gremicafe.cat\/"},{"@type":"ListItem","position":2,"name":"Prendre un caf\u00e8 al bar \u00e9s cada dia m\u00e9s car (TV3)"}]},{"@type":"WebSite","@id":"https:\/\/gremicafe.cat\/#website","url":"https:\/\/gremicafe.cat\/","name":"Gremio del Caf\u00e9, tostadores de Catalu\u00f1a","description":"Web oficial del gremio de tostadores de caf\u00e9 de Catalunya","publisher":{"@id":"https:\/\/gremicafe.cat\/#organization"},"potentialAction":[{"@type":"SearchAction","target":{"@type":"EntryPoint","urlTemplate":"https:\/\/gremicafe.cat\/?s={search_term_string}"},"query-input":{"@type":"PropertyValueSpecification","valueRequired":true,"valueName":"search_term_string"}}],"inLanguage":"es"},{"@type":"Organization","@id":"https:\/\/gremicafe.cat\/#organization","name":"Gremio del Caf\u00e9, Tostadores de Catalu\u00f1a","url":"https:\/\/gremicafe.cat\/","logo":{"@type":"ImageObject","inLanguage":"es","@id":"https:\/\/gremicafe.cat\/#\/schema\/logo\/image\/","url":"https:\/\/gremicafe.cat\/wp-content\/uploads\/2018\/03\/gremicafe-logo250.png","contentUrl":"https:\/\/gremicafe.cat\/wp-content\/uploads\/2018\/03\/gremicafe-logo250.png","width":250,"height":49,"caption":"Gremi del Caf\u00e8, Torradors de Catalunya"},"image":{"@id":"https:\/\/gremicafe.cat\/#\/schema\/logo\/image\/"},"sameAs":["https:\/\/www.facebook.com\/gremicafecat","https:\/\/x.com\/gremicafecat","https:\/\/www.instagram.com\/gremicafecat\/","https:\/\/www.pinterest.es\/gremicafecat\/","https:\/\/www.youtube.com\/channel\/UCGLo5Y35vLwLvP4FrPZrCrw\/"]},{"@type":"Person","@id":"https:\/\/gremicafe.cat\/#\/schema\/person\/dabfdbb3d0fa36260855a380f94e4733","name":"gremicafe","image":{"@type":"ImageObject","inLanguage":"es","@id":"https:\/\/gremicafe.cat\/#\/schema\/person\/image\/","url":"https:\/\/secure.gravatar.com\/avatar\/e59baa4ca8f6f97576d6375fb6d3c8f0?s=96&d=mm&r=g","contentUrl":"https:\/\/secure.gravatar.com\/avatar\/e59baa4ca8f6f97576d6375fb6d3c8f0?s=96&d=mm&r=g","caption":"gremicafe"}}]}},"_links":{"self":[{"href":"https:\/\/gremicafe.cat\/es\/wp-json\/wp\/v2\/posts\/7521"}],"collection":[{"href":"https:\/\/gremicafe.cat\/es\/wp-json\/wp\/v2\/posts"}],"about":[{"href":"https:\/\/gremicafe.cat\/es\/wp-json\/wp\/v2\/types\/post"}],"author":[{"embeddable":true,"href":"https:\/\/gremicafe.cat\/es\/wp-json\/wp\/v2\/users\/1"}],"replies":[{"embeddable":true,"href":"https:\/\/gremicafe.cat\/es\/wp-json\/wp\/v2\/comments?post=7521"}],"version-history":[{"count":0,"href":"https:\/\/gremicafe.cat\/es\/wp-json\/wp\/v2\/posts\/7521\/revisions"}],"wp:featuredmedia":[{"embeddable":true,"href":"https:\/\/gremicafe.cat\/es\/wp-json\/wp\/v2\/media\/7522"}],"wp:attachment":[{"href":"https:\/\/gremicafe.cat\/es\/wp-json\/wp\/v2\/media?parent=7521"}],"wp:term":[{"taxonomy":"category","embeddable":true,"href":"https:\/\/gremicafe.cat\/es\/wp-json\/wp\/v2\/categories?post=7521"},{"taxonomy":"post_tag","embeddable":true,"href":"https:\/\/gremicafe.cat\/es\/wp-json\/wp\/v2\/tags?post=7521"}],"curies":[{"name":"wp","href":"https:\/\/api.w.org\/{rel}","templated":true}]}}