{"id":7526,"date":"2024-04-03T17:49:07","date_gmt":"2024-04-03T15:49:07","guid":{"rendered":"https:\/\/gremicafe.cat\/?p=7526"},"modified":"2024-05-02T18:05:57","modified_gmt":"2024-05-02T16:05:57","slug":"el-cafe-en-maxims-historics","status":"publish","type":"post","link":"https:\/\/gremicafe.cat\/es\/2024\/04\/03\/el-cafe-en-maxims-historics\/","title":{"rendered":"El caf\u00e9, en m\u00e1ximos hist\u00f3ricos (CAT R\u00e0dio)"},"content":{"rendered":"<p class=\"p1\"><span class=\"s1\">LA MA\u00d1ANA DE CATALU\u00d1A RADIO<\/span><\/p>\n<p class=\"p2\"><span class=\"s1\"><a href=\"https:\/\/www.ccma.cat\/3cat\/el-cafe-en-maxims-historics\/audio\/1203369\/\"><b>El precio del caf\u00e9, en m\u00e1ximos hist\u00f3ricos<\/b><b><\/b><\/a><\/span><\/p>\n<p class=\"p4\">03\/04\/2024 \u2013 El grano del caf\u00e9 de la variedad robusta que viene de \u00c1frica central y de Asia se ha disparado un 50% en lo que va de a\u00f1o. <strong>El presidente del Gremio del Caf\u00e9, Carlos Gotor<\/strong>, lo achaca a una tormenta perfecta similar a lo que est\u00e1 pasando con el cacao: los efectos del cambio clim\u00e1tico, m\u00e1s demanda que oferta y retrasos en las entregas. Por t\u00e9rmino medio se calcula que cada catal\u00e1n consume casi 4 kilos de caf\u00e9 al a\u00f1o y la gran mayor\u00eda lo tomamos en casa.<\/p>\n<p><a href=\"https:\/\/www.ccma.cat\/3cat\/el-cafe-en-maxims-historics\/audio\/1203369\/\">Escuche la entrevista aqu\u00ed: https:\/\/www.ccma.cat\/3cat\/el-cafe-en-maxims-historics\/audio\/1203369\/<\/a><\/p>\n<p>&nbsp;<\/p>\n<p><img loading=\"lazy\" decoding=\"async\" class=\"alignleft wp-image-7528 size-full\" src=\"https:\/\/gremicafe.cat\/wp-content\/uploads\/2024\/05\/Cafe\u0300aMa\u0300xims2024.jpg\" alt=\"\" width=\"640\" height=\"361\" \/><a href=\"https:\/\/www.ccma.cat\/3cat\/el-cafe-en-maxims-historics\/audio\/1203369\/\"><img loading=\"lazy\" decoding=\"async\" class=\"alignleft wp-image-7527\" src=\"https:\/\/gremicafe.cat\/wp-content\/uploads\/2024\/05\/CarlosGotor.jpg\" alt=\"\" width=\"640\" height=\"426\" srcset=\"https:\/\/gremicafe.cat\/wp-content\/uploads\/2024\/05\/CarlosGotor.jpg 1024w, https:\/\/gremicafe.cat\/wp-content\/uploads\/2024\/05\/CarlosGotor-768x512.jpg 768w\" sizes=\"(max-width: 640px) 100vw, 640px\" \/><\/a><\/p>","protected":false},"excerpt":{"rendered":"<p>EL MAT\u00cd DE CATALUNYA R\u00c0DIO El preu del caf\u00e8, en m\u00e0xims hist\u00f2rics 03\/04\/2024 &#8211; El gra del caf\u00e8 de la varietat robusta que ve de l&#8217;\u00c0frica central i d&#8217;\u00c0sia s&#8217;ha disparat un 50% en el que portem d&#8217;any. El president del Gremi del Caf\u00e8, Carlos Gotor, ho atribueix a una tempesta perfecta similar al que [&hellip;]<\/p>\n","protected":false},"author":1,"featured_media":7527,"comment_status":"closed","ping_status":"open","sticky":false,"template":"","format":"standard","meta":{"_acf_changed":false,"inline_featured_image":false,"footnotes":""},"categories":[1],"tags":[98,97,93],"class_list":["post-7526","post","type-post","status-publish","format-standard","has-post-thumbnail","hentry","category-noticies","tag-carlos-gotor","tag-gremi-del-cafe","tag-preus-cafe-verd"],"acf":[],"yoast_head":"<!-- This site is optimized with the Yoast SEO plugin v25.5 - https:\/\/yoast.com\/wordpress\/plugins\/seo\/ -->\n<title>El caf\u00e8, en m\u00e0xims hist\u00f2rics (CAT R\u00e0dio) - Gremi del Caf\u00e8, torradors de Catalunya<\/title>\n<meta name=\"description\" content=\"El president del Gremi del Caf\u00e8, Carlos Gotor, ho atribueix a una tempesta perfecta similar al que est\u00e0 passant amb el cacau: els efectes del canvi clim\u00e0tic, m\u00e9s demanda que oferta i retards en les entregues.\" \/>\n<meta name=\"robots\" content=\"index, follow, max-snippet:-1, max-image-preview:large, max-video-preview:-1\" \/>\n<link rel=\"canonical\" href=\"https:\/\/gremicafe.cat\/es\/2024\/04\/03\/el-cafe-en-maxims-historics\/\" \/>\n<meta property=\"og:locale\" content=\"es_ES\" \/>\n<meta property=\"og:type\" content=\"article\" \/>\n<meta property=\"og:title\" content=\"El caf\u00e8, en m\u00e0xims hist\u00f2rics (CAT R\u00e0dio) - Gremi del Caf\u00e8, torradors de Catalunya\" \/>\n<meta property=\"og:description\" content=\"El president del Gremi del Caf\u00e8, Carlos Gotor, ho atribueix a una tempesta perfecta similar al que est\u00e0 passant amb el cacau: els efectes del canvi clim\u00e0tic, m\u00e9s demanda que oferta i retards en les entregues.\" \/>\n<meta property=\"og:url\" content=\"https:\/\/gremicafe.cat\/es\/2024\/04\/03\/el-cafe-en-maxims-historics\/\" \/>\n<meta property=\"og:site_name\" content=\"Gremi del Caf\u00e8, torradors de Catalunya\" \/>\n<meta property=\"article:publisher\" content=\"https:\/\/www.facebook.com\/gremicafecat\" \/>\n<meta property=\"article:published_time\" content=\"2024-04-03T15:49:07+00:00\" \/>\n<meta property=\"article:modified_time\" content=\"2024-05-02T16:05:57+00:00\" \/>\n<meta property=\"og:image\" content=\"https:\/\/gremicafe.cat\/wp-content\/uploads\/2024\/05\/CarlosGotor.jpg\" \/>\n\t<meta property=\"og:image:width\" content=\"1024\" \/>\n\t<meta property=\"og:image:height\" content=\"682\" \/>\n\t<meta property=\"og:image:type\" content=\"image\/jpeg\" \/>\n<meta name=\"author\" content=\"gremicafe\" \/>\n<meta name=\"twitter:card\" content=\"summary_large_image\" \/>\n<meta name=\"twitter:creator\" content=\"@gremicafecat\" \/>\n<meta name=\"twitter:site\" content=\"@gremicafecat\" \/>\n<meta name=\"twitter:label1\" content=\"Escrito por\" \/>\n\t<meta name=\"twitter:data1\" content=\"gremicafe\" \/>\n\t<meta name=\"twitter:label2\" content=\"Tiempo de lectura\" \/>\n\t<meta name=\"twitter:data2\" content=\"1 minuto\" \/>\n<script type=\"application\/ld+json\" class=\"yoast-schema-graph\">{\"@context\":\"https:\/\/schema.org\",\"@graph\":[{\"@type\":\"Article\",\"@id\":\"https:\/\/gremicafe.cat\/2024\/04\/03\/el-cafe-en-maxims-historics\/#article\",\"isPartOf\":{\"@id\":\"https:\/\/gremicafe.cat\/2024\/04\/03\/el-cafe-en-maxims-historics\/\"},\"author\":{\"name\":\"gremicafe\",\"@id\":\"https:\/\/gremicafe.cat\/#\/schema\/person\/dabfdbb3d0fa36260855a380f94e4733\"},\"headline\":\"El caf\u00e8, en m\u00e0xims hist\u00f2rics (CAT R\u00e0dio)\",\"datePublished\":\"2024-04-03T15:49:07+00:00\",\"dateModified\":\"2024-05-02T16:05:57+00:00\",\"mainEntityOfPage\":{\"@id\":\"https:\/\/gremicafe.cat\/2024\/04\/03\/el-cafe-en-maxims-historics\/\"},\"wordCount\":121,\"publisher\":{\"@id\":\"https:\/\/gremicafe.cat\/#organization\"},\"image\":{\"@id\":\"https:\/\/gremicafe.cat\/2024\/04\/03\/el-cafe-en-maxims-historics\/#primaryimage\"},\"thumbnailUrl\":\"https:\/\/gremicafe.cat\/wp-content\/uploads\/2024\/05\/CarlosGotor.jpg\",\"keywords\":[\"Carlos Gotor\",\"Gremi del Caf\u00e8\",\"Preus caf\u00e8 verd\"],\"articleSection\":[\"Not\u00edcies\"],\"inLanguage\":\"es\"},{\"@type\":\"WebPage\",\"@id\":\"https:\/\/gremicafe.cat\/2024\/04\/03\/el-cafe-en-maxims-historics\/\",\"url\":\"https:\/\/gremicafe.cat\/2024\/04\/03\/el-cafe-en-maxims-historics\/\",\"name\":\"El caf\u00e8, en m\u00e0xims hist\u00f2rics (CAT R\u00e0dio) - Gremi del Caf\u00e8, torradors de Catalunya\",\"isPartOf\":{\"@id\":\"https:\/\/gremicafe.cat\/#website\"},\"primaryImageOfPage\":{\"@id\":\"https:\/\/gremicafe.cat\/2024\/04\/03\/el-cafe-en-maxims-historics\/#primaryimage\"},\"image\":{\"@id\":\"https:\/\/gremicafe.cat\/2024\/04\/03\/el-cafe-en-maxims-historics\/#primaryimage\"},\"thumbnailUrl\":\"https:\/\/gremicafe.cat\/wp-content\/uploads\/2024\/05\/CarlosGotor.jpg\",\"datePublished\":\"2024-04-03T15:49:07+00:00\",\"dateModified\":\"2024-05-02T16:05:57+00:00\",\"description\":\"El president del Gremi del Caf\u00e8, Carlos Gotor, ho atribueix a una tempesta perfecta similar al que est\u00e0 passant amb el cacau: els efectes del canvi clim\u00e0tic, m\u00e9s demanda que oferta i retards en les entregues.\",\"breadcrumb\":{\"@id\":\"https:\/\/gremicafe.cat\/2024\/04\/03\/el-cafe-en-maxims-historics\/#breadcrumb\"},\"inLanguage\":\"es\",\"potentialAction\":[{\"@type\":\"ReadAction\",\"target\":[\"https:\/\/gremicafe.cat\/2024\/04\/03\/el-cafe-en-maxims-historics\/\"]}]},{\"@type\":\"ImageObject\",\"inLanguage\":\"es\",\"@id\":\"https:\/\/gremicafe.cat\/2024\/04\/03\/el-cafe-en-maxims-historics\/#primaryimage\",\"url\":\"https:\/\/gremicafe.cat\/wp-content\/uploads\/2024\/05\/CarlosGotor.jpg\",\"contentUrl\":\"https:\/\/gremicafe.cat\/wp-content\/uploads\/2024\/05\/CarlosGotor.jpg\",\"width\":1024,\"height\":682},{\"@type\":\"BreadcrumbList\",\"@id\":\"https:\/\/gremicafe.cat\/2024\/04\/03\/el-cafe-en-maxims-historics\/#breadcrumb\",\"itemListElement\":[{\"@type\":\"ListItem\",\"position\":1,\"name\":\"Inici\",\"item\":\"https:\/\/gremicafe.cat\/\"},{\"@type\":\"ListItem\",\"position\":2,\"name\":\"El caf\u00e8, en m\u00e0xims hist\u00f2rics (CAT R\u00e0dio)\"}]},{\"@type\":\"WebSite\",\"@id\":\"https:\/\/gremicafe.cat\/#website\",\"url\":\"https:\/\/gremicafe.cat\/\",\"name\":\"Gremi del Caf\u00e8, torradors de Catalunya\",\"description\":\"Web oficial del gremi de torradors de caf\u00e8 de Catalunya\",\"publisher\":{\"@id\":\"https:\/\/gremicafe.cat\/#organization\"},\"potentialAction\":[{\"@type\":\"SearchAction\",\"target\":{\"@type\":\"EntryPoint\",\"urlTemplate\":\"https:\/\/gremicafe.cat\/?s={search_term_string}\"},\"query-input\":{\"@type\":\"PropertyValueSpecification\",\"valueRequired\":true,\"valueName\":\"search_term_string\"}}],\"inLanguage\":\"es\"},{\"@type\":\"Organization\",\"@id\":\"https:\/\/gremicafe.cat\/#organization\",\"name\":\"Gremi del Caf\u00e8, Torradors de Catalunya\",\"url\":\"https:\/\/gremicafe.cat\/\",\"logo\":{\"@type\":\"ImageObject\",\"inLanguage\":\"es\",\"@id\":\"https:\/\/gremicafe.cat\/#\/schema\/logo\/image\/\",\"url\":\"https:\/\/gremicafe.cat\/wp-content\/uploads\/2018\/03\/gremicafe-logo250.png\",\"contentUrl\":\"https:\/\/gremicafe.cat\/wp-content\/uploads\/2018\/03\/gremicafe-logo250.png\",\"width\":250,\"height\":49,\"caption\":\"Gremi del Caf\u00e8, Torradors de Catalunya\"},\"image\":{\"@id\":\"https:\/\/gremicafe.cat\/#\/schema\/logo\/image\/\"},\"sameAs\":[\"https:\/\/www.facebook.com\/gremicafecat\",\"https:\/\/x.com\/gremicafecat\",\"https:\/\/www.instagram.com\/gremicafecat\/\",\"https:\/\/www.pinterest.es\/gremicafecat\/\",\"https:\/\/www.youtube.com\/channel\/UCGLo5Y35vLwLvP4FrPZrCrw\/\"]},{\"@type\":\"Person\",\"@id\":\"https:\/\/gremicafe.cat\/#\/schema\/person\/dabfdbb3d0fa36260855a380f94e4733\",\"name\":\"gremicafe\",\"image\":{\"@type\":\"ImageObject\",\"inLanguage\":\"es\",\"@id\":\"https:\/\/gremicafe.cat\/#\/schema\/person\/image\/\",\"url\":\"https:\/\/secure.gravatar.com\/avatar\/e59baa4ca8f6f97576d6375fb6d3c8f0?s=96&d=mm&r=g\",\"contentUrl\":\"https:\/\/secure.gravatar.com\/avatar\/e59baa4ca8f6f97576d6375fb6d3c8f0?s=96&d=mm&r=g\",\"caption\":\"gremicafe\"}}]}<\/script>\n<!-- \/ Yoast SEO plugin. -->","yoast_head_json":{"title":"El caf\u00e8, en m\u00e0xims hist\u00f2rics (CAT R\u00e0dio) - Gremi del Caf\u00e8, torradors de Catalunya","description":"El president del Gremi del Caf\u00e8, Carlos Gotor, ho atribueix a una tempesta perfecta similar al que est\u00e0 passant amb el cacau: els efectes del canvi clim\u00e0tic, m\u00e9s demanda que oferta i retards en les entregues.","robots":{"index":"index","follow":"follow","max-snippet":"max-snippet:-1","max-image-preview":"max-image-preview:large","max-video-preview":"max-video-preview:-1"},"canonical":"https:\/\/gremicafe.cat\/es\/2024\/04\/03\/el-cafe-en-maxims-historics\/","og_locale":"es_ES","og_type":"article","og_title":"El caf\u00e8, en m\u00e0xims hist\u00f2rics (CAT R\u00e0dio) - Gremi del Caf\u00e8, torradors de Catalunya","og_description":"El president del Gremi del Caf\u00e8, Carlos Gotor, ho atribueix a una tempesta perfecta similar al que est\u00e0 passant amb el cacau: els efectes del canvi clim\u00e0tic, m\u00e9s demanda que oferta i retards en les entregues.","og_url":"https:\/\/gremicafe.cat\/es\/2024\/04\/03\/el-cafe-en-maxims-historics\/","og_site_name":"Gremi del Caf\u00e8, torradors de Catalunya","article_publisher":"https:\/\/www.facebook.com\/gremicafecat","article_published_time":"2024-04-03T15:49:07+00:00","article_modified_time":"2024-05-02T16:05:57+00:00","og_image":[{"width":1024,"height":682,"url":"https:\/\/gremicafe.cat\/wp-content\/uploads\/2024\/05\/CarlosGotor.jpg","type":"image\/jpeg"}],"author":"gremicafe","twitter_card":"summary_large_image","twitter_creator":"@gremicafecat","twitter_site":"@gremicafecat","twitter_misc":{"Escrito por":"gremicafe","Tiempo de lectura":"1 minuto"},"schema":{"@context":"https:\/\/schema.org","@graph":[{"@type":"Article","@id":"https:\/\/gremicafe.cat\/2024\/04\/03\/el-cafe-en-maxims-historics\/#article","isPartOf":{"@id":"https:\/\/gremicafe.cat\/2024\/04\/03\/el-cafe-en-maxims-historics\/"},"author":{"name":"gremicafe","@id":"https:\/\/gremicafe.cat\/#\/schema\/person\/dabfdbb3d0fa36260855a380f94e4733"},"headline":"El caf\u00e8, en m\u00e0xims hist\u00f2rics (CAT R\u00e0dio)","datePublished":"2024-04-03T15:49:07+00:00","dateModified":"2024-05-02T16:05:57+00:00","mainEntityOfPage":{"@id":"https:\/\/gremicafe.cat\/2024\/04\/03\/el-cafe-en-maxims-historics\/"},"wordCount":121,"publisher":{"@id":"https:\/\/gremicafe.cat\/#organization"},"image":{"@id":"https:\/\/gremicafe.cat\/2024\/04\/03\/el-cafe-en-maxims-historics\/#primaryimage"},"thumbnailUrl":"https:\/\/gremicafe.cat\/wp-content\/uploads\/2024\/05\/CarlosGotor.jpg","keywords":["Carlos Gotor","Gremi del Caf\u00e8","Preus caf\u00e8 verd"],"articleSection":["Not\u00edcies"],"inLanguage":"es"},{"@type":"WebPage","@id":"https:\/\/gremicafe.cat\/2024\/04\/03\/el-cafe-en-maxims-historics\/","url":"https:\/\/gremicafe.cat\/2024\/04\/03\/el-cafe-en-maxims-historics\/","name":"El caf\u00e8, en m\u00e0xims hist\u00f2rics (CAT R\u00e0dio) - Gremi del Caf\u00e8, torradors de Catalunya","isPartOf":{"@id":"https:\/\/gremicafe.cat\/#website"},"primaryImageOfPage":{"@id":"https:\/\/gremicafe.cat\/2024\/04\/03\/el-cafe-en-maxims-historics\/#primaryimage"},"image":{"@id":"https:\/\/gremicafe.cat\/2024\/04\/03\/el-cafe-en-maxims-historics\/#primaryimage"},"thumbnailUrl":"https:\/\/gremicafe.cat\/wp-content\/uploads\/2024\/05\/CarlosGotor.jpg","datePublished":"2024-04-03T15:49:07+00:00","dateModified":"2024-05-02T16:05:57+00:00","description":"El president del Gremi del Caf\u00e8, Carlos Gotor, ho atribueix a una tempesta perfecta similar al que est\u00e0 passant amb el cacau: els efectes del canvi clim\u00e0tic, m\u00e9s demanda que oferta i retards en les entregues.","breadcrumb":{"@id":"https:\/\/gremicafe.cat\/2024\/04\/03\/el-cafe-en-maxims-historics\/#breadcrumb"},"inLanguage":"es","potentialAction":[{"@type":"ReadAction","target":["https:\/\/gremicafe.cat\/2024\/04\/03\/el-cafe-en-maxims-historics\/"]}]},{"@type":"ImageObject","inLanguage":"es","@id":"https:\/\/gremicafe.cat\/2024\/04\/03\/el-cafe-en-maxims-historics\/#primaryimage","url":"https:\/\/gremicafe.cat\/wp-content\/uploads\/2024\/05\/CarlosGotor.jpg","contentUrl":"https:\/\/gremicafe.cat\/wp-content\/uploads\/2024\/05\/CarlosGotor.jpg","width":1024,"height":682},{"@type":"BreadcrumbList","@id":"https:\/\/gremicafe.cat\/2024\/04\/03\/el-cafe-en-maxims-historics\/#breadcrumb","itemListElement":[{"@type":"ListItem","position":1,"name":"Inici","item":"https:\/\/gremicafe.cat\/"},{"@type":"ListItem","position":2,"name":"El caf\u00e8, en m\u00e0xims hist\u00f2rics (CAT R\u00e0dio)"}]},{"@type":"WebSite","@id":"https:\/\/gremicafe.cat\/#website","url":"https:\/\/gremicafe.cat\/","name":"Gremio del Caf\u00e9, tostadores de Catalu\u00f1a","description":"Web oficial del gremio de tostadores de caf\u00e9 de Catalunya","publisher":{"@id":"https:\/\/gremicafe.cat\/#organization"},"potentialAction":[{"@type":"SearchAction","target":{"@type":"EntryPoint","urlTemplate":"https:\/\/gremicafe.cat\/?s={search_term_string}"},"query-input":{"@type":"PropertyValueSpecification","valueRequired":true,"valueName":"search_term_string"}}],"inLanguage":"es"},{"@type":"Organization","@id":"https:\/\/gremicafe.cat\/#organization","name":"Gremio del Caf\u00e9, Tostadores de Catalu\u00f1a","url":"https:\/\/gremicafe.cat\/","logo":{"@type":"ImageObject","inLanguage":"es","@id":"https:\/\/gremicafe.cat\/#\/schema\/logo\/image\/","url":"https:\/\/gremicafe.cat\/wp-content\/uploads\/2018\/03\/gremicafe-logo250.png","contentUrl":"https:\/\/gremicafe.cat\/wp-content\/uploads\/2018\/03\/gremicafe-logo250.png","width":250,"height":49,"caption":"Gremi del Caf\u00e8, Torradors de Catalunya"},"image":{"@id":"https:\/\/gremicafe.cat\/#\/schema\/logo\/image\/"},"sameAs":["https:\/\/www.facebook.com\/gremicafecat","https:\/\/x.com\/gremicafecat","https:\/\/www.instagram.com\/gremicafecat\/","https:\/\/www.pinterest.es\/gremicafecat\/","https:\/\/www.youtube.com\/channel\/UCGLo5Y35vLwLvP4FrPZrCrw\/"]},{"@type":"Person","@id":"https:\/\/gremicafe.cat\/#\/schema\/person\/dabfdbb3d0fa36260855a380f94e4733","name":"gremicafe","image":{"@type":"ImageObject","inLanguage":"es","@id":"https:\/\/gremicafe.cat\/#\/schema\/person\/image\/","url":"https:\/\/secure.gravatar.com\/avatar\/e59baa4ca8f6f97576d6375fb6d3c8f0?s=96&d=mm&r=g","contentUrl":"https:\/\/secure.gravatar.com\/avatar\/e59baa4ca8f6f97576d6375fb6d3c8f0?s=96&d=mm&r=g","caption":"gremicafe"}}]}},"_links":{"self":[{"href":"https:\/\/gremicafe.cat\/es\/wp-json\/wp\/v2\/posts\/7526"}],"collection":[{"href":"https:\/\/gremicafe.cat\/es\/wp-json\/wp\/v2\/posts"}],"about":[{"href":"https:\/\/gremicafe.cat\/es\/wp-json\/wp\/v2\/types\/post"}],"author":[{"embeddable":true,"href":"https:\/\/gremicafe.cat\/es\/wp-json\/wp\/v2\/users\/1"}],"replies":[{"embeddable":true,"href":"https:\/\/gremicafe.cat\/es\/wp-json\/wp\/v2\/comments?post=7526"}],"version-history":[{"count":0,"href":"https:\/\/gremicafe.cat\/es\/wp-json\/wp\/v2\/posts\/7526\/revisions"}],"wp:featuredmedia":[{"embeddable":true,"href":"https:\/\/gremicafe.cat\/es\/wp-json\/wp\/v2\/media\/7527"}],"wp:attachment":[{"href":"https:\/\/gremicafe.cat\/es\/wp-json\/wp\/v2\/media?parent=7526"}],"wp:term":[{"taxonomy":"category","embeddable":true,"href":"https:\/\/gremicafe.cat\/es\/wp-json\/wp\/v2\/categories?post=7526"},{"taxonomy":"post_tag","embeddable":true,"href":"https:\/\/gremicafe.cat\/es\/wp-json\/wp\/v2\/tags?post=7526"}],"curies":[{"name":"wp","href":"https:\/\/api.w.org\/{rel}","templated":true}]}}