{"id":7539,"date":"2024-05-16T11:59:02","date_gmt":"2024-05-16T09:59:02","guid":{"rendered":"https:\/\/gremicafe.cat\/?p=7539"},"modified":"2024-05-16T12:05:52","modified_gmt":"2024-05-16T10:05:52","slug":"assemblea-del-gremi-a-valls","status":"publish","type":"post","link":"https:\/\/gremicafe.cat\/es\/2024\/05\/16\/assemblea-del-gremi-a-valls\/","title":{"rendered":"Asamblea del Gremio, en Valls"},"content":{"rendered":"<div id=\"attachment_7542\" style=\"width: 1450px\" class=\"wp-caption aligncenter\"><img loading=\"lazy\" decoding=\"async\" aria-describedby=\"caption-attachment-7542\" class=\"wp-image-7542 size-full\" src=\"https:\/\/gremicafe.cat\/wp-content\/uploads\/2024\/05\/7fdcb29b-b013-4f84-8894-9e0d55a505d6.jpg\" alt=\"Gremi del Caf\u00e8 a Valls\" width=\"1440\" height=\"1080\" srcset=\"https:\/\/gremicafe.cat\/wp-content\/uploads\/2024\/05\/7fdcb29b-b013-4f84-8894-9e0d55a505d6.jpg 1440w, https:\/\/gremicafe.cat\/wp-content\/uploads\/2024\/05\/7fdcb29b-b013-4f84-8894-9e0d55a505d6-768x576.jpg 768w, https:\/\/gremicafe.cat\/wp-content\/uploads\/2024\/05\/7fdcb29b-b013-4f84-8894-9e0d55a505d6-960x720.jpg 960w\" sizes=\"(max-width: 1440px) 100vw, 1440px\" \/><p id=\"caption-attachment-7542\" class=\"wp-caption-text\">Asamblea del Gremio del Caf\u00e9 en la C\u00e1mara de Comercio de Valls. 15 de mayo de 2024<\/p><\/div>\n<p>&nbsp;<\/p>\n<p>El <strong>Gremio del Caf\u00e9, Tostadores de Catalu\u00f1a<\/strong> celebr\u00f3 ayer, 15 de mayo de 2024, su Asamblea anual en la ciudad de Valls. Continuando con el esp\u00edritu de deslocalizaci\u00f3n de las reuniones del Gremio en ciudades cafeteras, iniciada el a\u00f1o pasado en Reus, este a\u00f1o hemos ido a Valls donde nos ha acompa\u00f1ado el tostador local <strong>Albert F\u00e0bregas de Caf\u00e9s L\u00edder<\/strong>.<\/p>\n<p>La Asamblea se ha celebrado en las instalaciones que la <strong>C\u00e1mara de Comercio de Valls<\/strong> nos ha cedido. El presidente del Gremio, <strong><span class=\"hiddenSpellError\">Carlos<\/span> Gotor<\/strong>, ha obsequiado el presidente de la C\u00e1mara de Comercio de Valls, <strong>Josep M Rovira Valls<\/strong>, con un libro del Caf\u00e9 en Catalu\u00f1a, firmado y dedicado.<\/p>\n<p>En el transcurso de la asamblea se han tratado los diferentes puntos del d\u00eda y se ha informado de la evoluci\u00f3n de la campa\u00f1a \u201cCaf\u00e9 en un clic\u201d que se desarrollar\u00e1 durante el a\u00f1o 2024. La asamblea la ha presidido <span class=\"hiddenSpellError\">Carlos<\/span> Gotor de Caf\u00e9s Bou de Barcelona, y han asistido: Ramon Novell de <strong>Caf\u00e9s Novell<\/strong> de Vilafranca del Pened\u00e8s; Toni Riera de <strong>Caf\u00e9s <span class=\"hiddenSpellError\">Tupinamba<\/span><\/strong> de Canet de Mar; Ramon Batalla de <strong>Batalla Caf\u00e9s<\/strong> de L\u00e9rida; Javier de <span class=\"hiddenSpellError\">Eurausquin<\/span> de <strong><span class=\"hiddenSpellError\">Bracaf\u00e9<\/span><\/strong> de Barcelona; Ra\u00fcl Pont de <strong>Caf\u00e9s Puente<\/strong> de Sabadell; <span class=\"hiddenSpellError\">Juli\u00e1n<\/span> <span class=\"hiddenSpellError\">Marcilla<\/span> de <strong><span class=\"hiddenSpellError\">Dibar<\/span> Caf\u00e9<\/strong> de Montmel\u00f3; Albert F\u00e0bregas de <strong>Caf\u00e9s L\u00edder <\/strong>de Valls<strong>; <\/strong>Antoni Gros ex director de la f\u00e1brica de Nestl\u00e9 de Reus; Lidia <span class=\"hiddenSpellError\">Sebastian<\/span> y Josep M Rovira, secretaria y coordinador de comunicaci\u00f3n del Gremi del Caf\u00e9, respectivamente.<\/p>\n<p>Posteriormente, nos hemos desplazado al <strong>Museo Casteller de Catalunya<\/strong>, situado en la plaza del Blat de Valls. El museo, dedicado a todo el Mundo Casteller, \u00e9ste es el nombre del museo, es uno de los equipamientos culturales m\u00e1s emblem\u00e1ticos de Catalu\u00f1a. Los representantes del Gremio han podido ver y disfrutar de los diferentes atractivos del museo. Al final de la visita han podido realizar la actividad Enxaneta 360 que consiste en ver un castillo con unas gafas de realidad virtual.<\/p>\n<p>La Asamblea ha terminado con una comida en el <strong>restaurante Casa F\u00e9lix<\/strong>, uno de los mejores ejemplos de restauraci\u00f3n de la capital del Alt Camp.<\/p>\n<p>&nbsp;<\/p>\n<div id=\"attachment_7546\" style=\"width: 1410px\" class=\"wp-caption aligncenter\"><img loading=\"lazy\" decoding=\"async\" aria-describedby=\"caption-attachment-7546\" class=\"wp-image-7546 size-full\" src=\"https:\/\/gremicafe.cat\/wp-content\/uploads\/2024\/05\/GremiVallsIMG_9565.jpg\" alt=\"Gremi del Caf\u00e8 a Valls\" width=\"1400\" height=\"1050\" srcset=\"https:\/\/gremicafe.cat\/wp-content\/uploads\/2024\/05\/GremiVallsIMG_9565.jpg 1400w, https:\/\/gremicafe.cat\/wp-content\/uploads\/2024\/05\/GremiVallsIMG_9565-768x576.jpg 768w, https:\/\/gremicafe.cat\/wp-content\/uploads\/2024\/05\/GremiVallsIMG_9565-960x720.jpg 960w\" sizes=\"(max-width: 1400px) 100vw, 1400px\" \/><p id=\"caption-attachment-7546\" class=\"wp-caption-text\">Asamblea del Gremio del Caf\u00e9 en el Museu Casteller de Catalunya<\/p><\/div>\n<p>&nbsp;<\/p>\n<div id=\"attachment_7545\" style=\"width: 1210px\" class=\"wp-caption aligncenter\"><img loading=\"lazy\" decoding=\"async\" aria-describedby=\"caption-attachment-7545\" class=\"size-full wp-image-7545\" src=\"https:\/\/gremicafe.cat\/wp-content\/uploads\/2024\/05\/GremiVallsIMG_9552.jpg\" alt=\"Gremi del Caf\u00e8 a Valls\" width=\"1200\" height=\"900\" srcset=\"https:\/\/gremicafe.cat\/wp-content\/uploads\/2024\/05\/GremiVallsIMG_9552.jpg 1200w, https:\/\/gremicafe.cat\/wp-content\/uploads\/2024\/05\/GremiVallsIMG_9552-768x576.jpg 768w, https:\/\/gremicafe.cat\/wp-content\/uploads\/2024\/05\/GremiVallsIMG_9552-960x720.jpg 960w\" sizes=\"(max-width: 1200px) 100vw, 1200px\" \/><p id=\"caption-attachment-7545\" class=\"wp-caption-text\">Asamblea del Gremio del Caf\u00e9 en el Museu Casteller de Catalunya<\/p><\/div>\n<p>&nbsp;<\/p>\n<div id=\"attachment_7544\" style=\"width: 1210px\" class=\"wp-caption aligncenter\"><img loading=\"lazy\" decoding=\"async\" aria-describedby=\"caption-attachment-7544\" class=\"size-full wp-image-7544\" src=\"https:\/\/gremicafe.cat\/wp-content\/uploads\/2024\/05\/GremiVallsIMG_9549.jpg\" alt=\"Gremi del Caf\u00e8 a Valls\" width=\"1200\" height=\"900\" srcset=\"https:\/\/gremicafe.cat\/wp-content\/uploads\/2024\/05\/GremiVallsIMG_9549.jpg 1200w, https:\/\/gremicafe.cat\/wp-content\/uploads\/2024\/05\/GremiVallsIMG_9549-768x576.jpg 768w, https:\/\/gremicafe.cat\/wp-content\/uploads\/2024\/05\/GremiVallsIMG_9549-960x720.jpg 960w\" sizes=\"(max-width: 1200px) 100vw, 1200px\" \/><p id=\"caption-attachment-7544\" class=\"wp-caption-text\">Asamblea del Gremio del Caf\u00e9 en el Museu Casteller de Catalunya.<\/p><\/div>\n<p>&nbsp;<\/p>\n<div id=\"attachment_7543\" style=\"width: 1410px\" class=\"wp-caption aligncenter\"><img loading=\"lazy\" decoding=\"async\" aria-describedby=\"caption-attachment-7543\" class=\"size-full wp-image-7543\" src=\"https:\/\/gremicafe.cat\/wp-content\/uploads\/2024\/05\/GremiVallsIMG_9541.jpg\" alt=\"Gremi del Caf\u00e8 a Valls\" width=\"1400\" height=\"674\" srcset=\"https:\/\/gremicafe.cat\/wp-content\/uploads\/2024\/05\/GremiVallsIMG_9541.jpg 1400w, https:\/\/gremicafe.cat\/wp-content\/uploads\/2024\/05\/GremiVallsIMG_9541-768x370.jpg 768w, https:\/\/gremicafe.cat\/wp-content\/uploads\/2024\/05\/GremiVallsIMG_9541-1280x616.jpg 1280w\" sizes=\"(max-width: 1400px) 100vw, 1400px\" \/><p id=\"caption-attachment-7543\" class=\"wp-caption-text\">Asamblea del Gremio del Caf\u00e9 en la C\u00e1mara de Comercio de Valls.<\/p><\/div>\n<p>&nbsp;<\/p>\n<div id=\"attachment_7541\" style=\"width: 1090px\" class=\"wp-caption aligncenter\"><img loading=\"lazy\" decoding=\"async\" aria-describedby=\"caption-attachment-7541\" class=\"size-full wp-image-7541\" src=\"https:\/\/gremicafe.cat\/wp-content\/uploads\/2024\/05\/5d9f44a8-5e5c-4318-a4d7-f933966e6b34.jpg\" alt=\"Gremi del Caf\u00e8 a Valls\" width=\"1080\" height=\"1440\" srcset=\"https:\/\/gremicafe.cat\/wp-content\/uploads\/2024\/05\/5d9f44a8-5e5c-4318-a4d7-f933966e6b34.jpg 1080w, https:\/\/gremicafe.cat\/wp-content\/uploads\/2024\/05\/5d9f44a8-5e5c-4318-a4d7-f933966e6b34-768x1024.jpg 768w, https:\/\/gremicafe.cat\/wp-content\/uploads\/2024\/05\/5d9f44a8-5e5c-4318-a4d7-f933966e6b34-540x720.jpg 540w\" sizes=\"(max-width: 1080px) 100vw, 1080px\" \/><p id=\"caption-attachment-7541\" class=\"wp-caption-text\">Josep M Rovira y Carlos Gotor en la asamblea del Gremio del Caf\u00e9 en la C\u00e1mara de Comercio de Valls.<\/p><\/div>","protected":false},"excerpt":{"rendered":"<p>&nbsp; El Gremi del Caf\u00e8, Torradors de Catalunya va celebrar ahir, 15 de maig de 2024, la seva Assemblea anual a la ciutat de Valls. Continuant amb l&#8217;esperit de deslocalitzaci\u00f3 de les reunions del Gremi en ciutats cafeteres, iniciada l&#8217;any passat a Reus, enguany hem anat a Valls on ens ha acompanyat el torrador local [&hellip;]<\/p>\n","protected":false},"author":1,"featured_media":7542,"comment_status":"closed","ping_status":"open","sticky":false,"template":"","format":"standard","meta":{"_acf_changed":false,"inline_featured_image":false,"footnotes":""},"categories":[1],"tags":[47,84,72,100,101,99],"class_list":["post-7539","post","type-post","status-publish","format-standard","has-post-thumbnail","hentry","category-noticies","tag-cafe","tag-el-cafe-a-catalunya","tag-gremi-cafe-catalunya","tag-museu-casteller-de-catalunya","tag-restaurant-casa-felix","tag-valls"],"acf":[],"yoast_head":"<!-- This site is optimized with the Yoast SEO plugin v25.5 - https:\/\/yoast.com\/wordpress\/plugins\/seo\/ -->\n<title>Assemblea del Gremi, a Valls - Gremi del Caf\u00e8, torradors de Catalunya<\/title>\n<meta name=\"description\" content=\"El Gremi del Caf\u00e8, Torradors de Catalunya va celebrar ahir, 15 de maig de 2024, la seva Assemblea anual a la ciutat de Valls.\" \/>\n<meta name=\"robots\" content=\"index, follow, max-snippet:-1, max-image-preview:large, max-video-preview:-1\" \/>\n<link rel=\"canonical\" href=\"https:\/\/gremicafe.cat\/es\/2024\/05\/16\/assemblea-del-gremi-a-valls\/\" \/>\n<meta property=\"og:locale\" content=\"es_ES\" \/>\n<meta property=\"og:type\" content=\"article\" \/>\n<meta property=\"og:title\" content=\"Assemblea del Gremi, a Valls - Gremi del Caf\u00e8, torradors de Catalunya\" \/>\n<meta property=\"og:description\" content=\"El Gremi del Caf\u00e8, Torradors de Catalunya va celebrar ahir, 15 de maig de 2024, la seva Assemblea anual a la ciutat de Valls.\" \/>\n<meta property=\"og:url\" content=\"https:\/\/gremicafe.cat\/es\/2024\/05\/16\/assemblea-del-gremi-a-valls\/\" \/>\n<meta property=\"og:site_name\" content=\"Gremi del Caf\u00e8, torradors de Catalunya\" \/>\n<meta property=\"article:publisher\" content=\"https:\/\/www.facebook.com\/gremicafecat\" \/>\n<meta property=\"article:published_time\" content=\"2024-05-16T09:59:02+00:00\" \/>\n<meta property=\"article:modified_time\" content=\"2024-05-16T10:05:52+00:00\" \/>\n<meta property=\"og:image\" content=\"https:\/\/gremicafe.cat\/wp-content\/uploads\/2024\/05\/7fdcb29b-b013-4f84-8894-9e0d55a505d6.jpg\" \/>\n\t<meta property=\"og:image:width\" content=\"1440\" \/>\n\t<meta property=\"og:image:height\" content=\"1080\" \/>\n\t<meta property=\"og:image:type\" content=\"image\/jpeg\" \/>\n<meta name=\"author\" content=\"gremicafe\" \/>\n<meta name=\"twitter:card\" content=\"summary_large_image\" \/>\n<meta name=\"twitter:creator\" content=\"@gremicafecat\" \/>\n<meta name=\"twitter:site\" content=\"@gremicafecat\" \/>\n<meta name=\"twitter:label1\" content=\"Escrito por\" \/>\n\t<meta name=\"twitter:data1\" content=\"gremicafe\" \/>\n\t<meta name=\"twitter:label2\" content=\"Tiempo de lectura\" \/>\n\t<meta name=\"twitter:data2\" content=\"4 minutos\" \/>\n<script type=\"application\/ld+json\" class=\"yoast-schema-graph\">{\"@context\":\"https:\/\/schema.org\",\"@graph\":[{\"@type\":\"Article\",\"@id\":\"https:\/\/gremicafe.cat\/2024\/05\/16\/assemblea-del-gremi-a-valls\/#article\",\"isPartOf\":{\"@id\":\"https:\/\/gremicafe.cat\/2024\/05\/16\/assemblea-del-gremi-a-valls\/\"},\"author\":{\"name\":\"gremicafe\",\"@id\":\"https:\/\/gremicafe.cat\/#\/schema\/person\/dabfdbb3d0fa36260855a380f94e4733\"},\"headline\":\"Assemblea del Gremi, a Valls\",\"datePublished\":\"2024-05-16T09:59:02+00:00\",\"dateModified\":\"2024-05-16T10:05:52+00:00\",\"mainEntityOfPage\":{\"@id\":\"https:\/\/gremicafe.cat\/2024\/05\/16\/assemblea-del-gremi-a-valls\/\"},\"wordCount\":478,\"publisher\":{\"@id\":\"https:\/\/gremicafe.cat\/#organization\"},\"image\":{\"@id\":\"https:\/\/gremicafe.cat\/2024\/05\/16\/assemblea-del-gremi-a-valls\/#primaryimage\"},\"thumbnailUrl\":\"https:\/\/gremicafe.cat\/wp-content\/uploads\/2024\/05\/7fdcb29b-b013-4f84-8894-9e0d55a505d6.jpg\",\"keywords\":[\"cafe\",\"El Caf\u00e8 a Catalunya\",\"gremi cafe catalunya\",\"Museu Casteller de Catalunya\",\"Restaurant Casa F\u00e8lix\",\"Valls\"],\"articleSection\":[\"Not\u00edcies\"],\"inLanguage\":\"es\"},{\"@type\":\"WebPage\",\"@id\":\"https:\/\/gremicafe.cat\/2024\/05\/16\/assemblea-del-gremi-a-valls\/\",\"url\":\"https:\/\/gremicafe.cat\/2024\/05\/16\/assemblea-del-gremi-a-valls\/\",\"name\":\"Assemblea del Gremi, a Valls - Gremi del Caf\u00e8, torradors de Catalunya\",\"isPartOf\":{\"@id\":\"https:\/\/gremicafe.cat\/#website\"},\"primaryImageOfPage\":{\"@id\":\"https:\/\/gremicafe.cat\/2024\/05\/16\/assemblea-del-gremi-a-valls\/#primaryimage\"},\"image\":{\"@id\":\"https:\/\/gremicafe.cat\/2024\/05\/16\/assemblea-del-gremi-a-valls\/#primaryimage\"},\"thumbnailUrl\":\"https:\/\/gremicafe.cat\/wp-content\/uploads\/2024\/05\/7fdcb29b-b013-4f84-8894-9e0d55a505d6.jpg\",\"datePublished\":\"2024-05-16T09:59:02+00:00\",\"dateModified\":\"2024-05-16T10:05:52+00:00\",\"description\":\"El Gremi del Caf\u00e8, Torradors de Catalunya va celebrar ahir, 15 de maig de 2024, la seva Assemblea anual a la ciutat de Valls.\",\"breadcrumb\":{\"@id\":\"https:\/\/gremicafe.cat\/2024\/05\/16\/assemblea-del-gremi-a-valls\/#breadcrumb\"},\"inLanguage\":\"es\",\"potentialAction\":[{\"@type\":\"ReadAction\",\"target\":[\"https:\/\/gremicafe.cat\/2024\/05\/16\/assemblea-del-gremi-a-valls\/\"]}]},{\"@type\":\"ImageObject\",\"inLanguage\":\"es\",\"@id\":\"https:\/\/gremicafe.cat\/2024\/05\/16\/assemblea-del-gremi-a-valls\/#primaryimage\",\"url\":\"https:\/\/gremicafe.cat\/wp-content\/uploads\/2024\/05\/7fdcb29b-b013-4f84-8894-9e0d55a505d6.jpg\",\"contentUrl\":\"https:\/\/gremicafe.cat\/wp-content\/uploads\/2024\/05\/7fdcb29b-b013-4f84-8894-9e0d55a505d6.jpg\",\"width\":1440,\"height\":1080,\"caption\":\"Assemblea del Gremi del Caf\u00e8 a la Cambra de Comer\u00e7 de Valls.\"},{\"@type\":\"BreadcrumbList\",\"@id\":\"https:\/\/gremicafe.cat\/2024\/05\/16\/assemblea-del-gremi-a-valls\/#breadcrumb\",\"itemListElement\":[{\"@type\":\"ListItem\",\"position\":1,\"name\":\"Inici\",\"item\":\"https:\/\/gremicafe.cat\/\"},{\"@type\":\"ListItem\",\"position\":2,\"name\":\"Assemblea del Gremi, a Valls\"}]},{\"@type\":\"WebSite\",\"@id\":\"https:\/\/gremicafe.cat\/#website\",\"url\":\"https:\/\/gremicafe.cat\/\",\"name\":\"Gremi del Caf\u00e8, torradors de Catalunya\",\"description\":\"Web oficial del gremi de torradors de caf\u00e8 de Catalunya\",\"publisher\":{\"@id\":\"https:\/\/gremicafe.cat\/#organization\"},\"potentialAction\":[{\"@type\":\"SearchAction\",\"target\":{\"@type\":\"EntryPoint\",\"urlTemplate\":\"https:\/\/gremicafe.cat\/?s={search_term_string}\"},\"query-input\":{\"@type\":\"PropertyValueSpecification\",\"valueRequired\":true,\"valueName\":\"search_term_string\"}}],\"inLanguage\":\"es\"},{\"@type\":\"Organization\",\"@id\":\"https:\/\/gremicafe.cat\/#organization\",\"name\":\"Gremi del Caf\u00e8, Torradors de Catalunya\",\"url\":\"https:\/\/gremicafe.cat\/\",\"logo\":{\"@type\":\"ImageObject\",\"inLanguage\":\"es\",\"@id\":\"https:\/\/gremicafe.cat\/#\/schema\/logo\/image\/\",\"url\":\"https:\/\/gremicafe.cat\/wp-content\/uploads\/2018\/03\/gremicafe-logo250.png\",\"contentUrl\":\"https:\/\/gremicafe.cat\/wp-content\/uploads\/2018\/03\/gremicafe-logo250.png\",\"width\":250,\"height\":49,\"caption\":\"Gremi del Caf\u00e8, Torradors de Catalunya\"},\"image\":{\"@id\":\"https:\/\/gremicafe.cat\/#\/schema\/logo\/image\/\"},\"sameAs\":[\"https:\/\/www.facebook.com\/gremicafecat\",\"https:\/\/x.com\/gremicafecat\",\"https:\/\/www.instagram.com\/gremicafecat\/\",\"https:\/\/www.pinterest.es\/gremicafecat\/\",\"https:\/\/www.youtube.com\/channel\/UCGLo5Y35vLwLvP4FrPZrCrw\/\"]},{\"@type\":\"Person\",\"@id\":\"https:\/\/gremicafe.cat\/#\/schema\/person\/dabfdbb3d0fa36260855a380f94e4733\",\"name\":\"gremicafe\",\"image\":{\"@type\":\"ImageObject\",\"inLanguage\":\"es\",\"@id\":\"https:\/\/gremicafe.cat\/#\/schema\/person\/image\/\",\"url\":\"https:\/\/secure.gravatar.com\/avatar\/e59baa4ca8f6f97576d6375fb6d3c8f0?s=96&d=mm&r=g\",\"contentUrl\":\"https:\/\/secure.gravatar.com\/avatar\/e59baa4ca8f6f97576d6375fb6d3c8f0?s=96&d=mm&r=g\",\"caption\":\"gremicafe\"}}]}<\/script>\n<!-- \/ Yoast SEO plugin. -->","yoast_head_json":{"title":"Assemblea del Gremi, a Valls - Gremi del Caf\u00e8, torradors de Catalunya","description":"El Gremi del Caf\u00e8, Torradors de Catalunya va celebrar ahir, 15 de maig de 2024, la seva Assemblea anual a la ciutat de Valls.","robots":{"index":"index","follow":"follow","max-snippet":"max-snippet:-1","max-image-preview":"max-image-preview:large","max-video-preview":"max-video-preview:-1"},"canonical":"https:\/\/gremicafe.cat\/es\/2024\/05\/16\/assemblea-del-gremi-a-valls\/","og_locale":"es_ES","og_type":"article","og_title":"Assemblea del Gremi, a Valls - Gremi del Caf\u00e8, torradors de Catalunya","og_description":"El Gremi del Caf\u00e8, Torradors de Catalunya va celebrar ahir, 15 de maig de 2024, la seva Assemblea anual a la ciutat de Valls.","og_url":"https:\/\/gremicafe.cat\/es\/2024\/05\/16\/assemblea-del-gremi-a-valls\/","og_site_name":"Gremi del Caf\u00e8, torradors de Catalunya","article_publisher":"https:\/\/www.facebook.com\/gremicafecat","article_published_time":"2024-05-16T09:59:02+00:00","article_modified_time":"2024-05-16T10:05:52+00:00","og_image":[{"width":1440,"height":1080,"url":"https:\/\/gremicafe.cat\/wp-content\/uploads\/2024\/05\/7fdcb29b-b013-4f84-8894-9e0d55a505d6.jpg","type":"image\/jpeg"}],"author":"gremicafe","twitter_card":"summary_large_image","twitter_creator":"@gremicafecat","twitter_site":"@gremicafecat","twitter_misc":{"Escrito por":"gremicafe","Tiempo de lectura":"4 minutos"},"schema":{"@context":"https:\/\/schema.org","@graph":[{"@type":"Article","@id":"https:\/\/gremicafe.cat\/2024\/05\/16\/assemblea-del-gremi-a-valls\/#article","isPartOf":{"@id":"https:\/\/gremicafe.cat\/2024\/05\/16\/assemblea-del-gremi-a-valls\/"},"author":{"name":"gremicafe","@id":"https:\/\/gremicafe.cat\/#\/schema\/person\/dabfdbb3d0fa36260855a380f94e4733"},"headline":"Assemblea del Gremi, a Valls","datePublished":"2024-05-16T09:59:02+00:00","dateModified":"2024-05-16T10:05:52+00:00","mainEntityOfPage":{"@id":"https:\/\/gremicafe.cat\/2024\/05\/16\/assemblea-del-gremi-a-valls\/"},"wordCount":478,"publisher":{"@id":"https:\/\/gremicafe.cat\/#organization"},"image":{"@id":"https:\/\/gremicafe.cat\/2024\/05\/16\/assemblea-del-gremi-a-valls\/#primaryimage"},"thumbnailUrl":"https:\/\/gremicafe.cat\/wp-content\/uploads\/2024\/05\/7fdcb29b-b013-4f84-8894-9e0d55a505d6.jpg","keywords":["cafe","El Caf\u00e8 a Catalunya","gremi cafe catalunya","Museu Casteller de Catalunya","Restaurant Casa F\u00e8lix","Valls"],"articleSection":["Not\u00edcies"],"inLanguage":"es"},{"@type":"WebPage","@id":"https:\/\/gremicafe.cat\/2024\/05\/16\/assemblea-del-gremi-a-valls\/","url":"https:\/\/gremicafe.cat\/2024\/05\/16\/assemblea-del-gremi-a-valls\/","name":"Assemblea del Gremi, a Valls - Gremi del Caf\u00e8, torradors de Catalunya","isPartOf":{"@id":"https:\/\/gremicafe.cat\/#website"},"primaryImageOfPage":{"@id":"https:\/\/gremicafe.cat\/2024\/05\/16\/assemblea-del-gremi-a-valls\/#primaryimage"},"image":{"@id":"https:\/\/gremicafe.cat\/2024\/05\/16\/assemblea-del-gremi-a-valls\/#primaryimage"},"thumbnailUrl":"https:\/\/gremicafe.cat\/wp-content\/uploads\/2024\/05\/7fdcb29b-b013-4f84-8894-9e0d55a505d6.jpg","datePublished":"2024-05-16T09:59:02+00:00","dateModified":"2024-05-16T10:05:52+00:00","description":"El Gremi del Caf\u00e8, Torradors de Catalunya va celebrar ahir, 15 de maig de 2024, la seva Assemblea anual a la ciutat de Valls.","breadcrumb":{"@id":"https:\/\/gremicafe.cat\/2024\/05\/16\/assemblea-del-gremi-a-valls\/#breadcrumb"},"inLanguage":"es","potentialAction":[{"@type":"ReadAction","target":["https:\/\/gremicafe.cat\/2024\/05\/16\/assemblea-del-gremi-a-valls\/"]}]},{"@type":"ImageObject","inLanguage":"es","@id":"https:\/\/gremicafe.cat\/2024\/05\/16\/assemblea-del-gremi-a-valls\/#primaryimage","url":"https:\/\/gremicafe.cat\/wp-content\/uploads\/2024\/05\/7fdcb29b-b013-4f84-8894-9e0d55a505d6.jpg","contentUrl":"https:\/\/gremicafe.cat\/wp-content\/uploads\/2024\/05\/7fdcb29b-b013-4f84-8894-9e0d55a505d6.jpg","width":1440,"height":1080,"caption":"Assemblea del Gremi del Caf\u00e8 a la Cambra de Comer\u00e7 de Valls."},{"@type":"BreadcrumbList","@id":"https:\/\/gremicafe.cat\/2024\/05\/16\/assemblea-del-gremi-a-valls\/#breadcrumb","itemListElement":[{"@type":"ListItem","position":1,"name":"Inici","item":"https:\/\/gremicafe.cat\/"},{"@type":"ListItem","position":2,"name":"Assemblea del Gremi, a Valls"}]},{"@type":"WebSite","@id":"https:\/\/gremicafe.cat\/#website","url":"https:\/\/gremicafe.cat\/","name":"Gremio del Caf\u00e9, tostadores de Catalu\u00f1a","description":"Web oficial del gremio de tostadores de caf\u00e9 de Catalunya","publisher":{"@id":"https:\/\/gremicafe.cat\/#organization"},"potentialAction":[{"@type":"SearchAction","target":{"@type":"EntryPoint","urlTemplate":"https:\/\/gremicafe.cat\/?s={search_term_string}"},"query-input":{"@type":"PropertyValueSpecification","valueRequired":true,"valueName":"search_term_string"}}],"inLanguage":"es"},{"@type":"Organization","@id":"https:\/\/gremicafe.cat\/#organization","name":"Gremio del Caf\u00e9, Tostadores de Catalu\u00f1a","url":"https:\/\/gremicafe.cat\/","logo":{"@type":"ImageObject","inLanguage":"es","@id":"https:\/\/gremicafe.cat\/#\/schema\/logo\/image\/","url":"https:\/\/gremicafe.cat\/wp-content\/uploads\/2018\/03\/gremicafe-logo250.png","contentUrl":"https:\/\/gremicafe.cat\/wp-content\/uploads\/2018\/03\/gremicafe-logo250.png","width":250,"height":49,"caption":"Gremi del Caf\u00e8, Torradors de Catalunya"},"image":{"@id":"https:\/\/gremicafe.cat\/#\/schema\/logo\/image\/"},"sameAs":["https:\/\/www.facebook.com\/gremicafecat","https:\/\/x.com\/gremicafecat","https:\/\/www.instagram.com\/gremicafecat\/","https:\/\/www.pinterest.es\/gremicafecat\/","https:\/\/www.youtube.com\/channel\/UCGLo5Y35vLwLvP4FrPZrCrw\/"]},{"@type":"Person","@id":"https:\/\/gremicafe.cat\/#\/schema\/person\/dabfdbb3d0fa36260855a380f94e4733","name":"gremicafe","image":{"@type":"ImageObject","inLanguage":"es","@id":"https:\/\/gremicafe.cat\/#\/schema\/person\/image\/","url":"https:\/\/secure.gravatar.com\/avatar\/e59baa4ca8f6f97576d6375fb6d3c8f0?s=96&d=mm&r=g","contentUrl":"https:\/\/secure.gravatar.com\/avatar\/e59baa4ca8f6f97576d6375fb6d3c8f0?s=96&d=mm&r=g","caption":"gremicafe"}}]}},"_links":{"self":[{"href":"https:\/\/gremicafe.cat\/es\/wp-json\/wp\/v2\/posts\/7539"}],"collection":[{"href":"https:\/\/gremicafe.cat\/es\/wp-json\/wp\/v2\/posts"}],"about":[{"href":"https:\/\/gremicafe.cat\/es\/wp-json\/wp\/v2\/types\/post"}],"author":[{"embeddable":true,"href":"https:\/\/gremicafe.cat\/es\/wp-json\/wp\/v2\/users\/1"}],"replies":[{"embeddable":true,"href":"https:\/\/gremicafe.cat\/es\/wp-json\/wp\/v2\/comments?post=7539"}],"version-history":[{"count":0,"href":"https:\/\/gremicafe.cat\/es\/wp-json\/wp\/v2\/posts\/7539\/revisions"}],"wp:featuredmedia":[{"embeddable":true,"href":"https:\/\/gremicafe.cat\/es\/wp-json\/wp\/v2\/media\/7542"}],"wp:attachment":[{"href":"https:\/\/gremicafe.cat\/es\/wp-json\/wp\/v2\/media?parent=7539"}],"wp:term":[{"taxonomy":"category","embeddable":true,"href":"https:\/\/gremicafe.cat\/es\/wp-json\/wp\/v2\/categories?post=7539"},{"taxonomy":"post_tag","embeddable":true,"href":"https:\/\/gremicafe.cat\/es\/wp-json\/wp\/v2\/tags?post=7539"}],"curies":[{"name":"wp","href":"https:\/\/api.w.org\/{rel}","templated":true}]}}