{"id":7552,"date":"2024-05-13T16:07:04","date_gmt":"2024-05-13T14:07:04","guid":{"rendered":"https:\/\/gremicafe.cat\/?p=7552"},"modified":"2024-05-17T16:29:59","modified_gmt":"2024-05-17T14:29:59","slug":"cacao-cafe-y-metales-materias-primas-volatiles","status":"publish","type":"post","link":"https:\/\/gremicafe.cat\/es\/2024\/05\/13\/cacao-cafe-y-metales-materias-primas-volatiles\/","title":{"rendered":"Materias primas vol\u00e1tiles"},"content":{"rendered":"<div class=\"subheadline\">\n<div id=\"attachment_7553\" style=\"width: 778px\" class=\"wp-caption aligncenter\"><img loading=\"lazy\" decoding=\"async\" aria-describedby=\"caption-attachment-7553\" class=\"size-full wp-image-7553\" src=\"https:\/\/gremicafe.cat\/wp-content\/uploads\/2024\/05\/web-materias-volatiles_241-1748526_20240513132016.png\" alt=\"Materias primas vol\u00e1tiles Gremi del Caf\u00e9\" width=\"768\" height=\"432\" \/><p id=\"caption-attachment-7553\" class=\"wp-caption-text\">Materias primas vol\u00e1tiles- Rafael Servent. Diario de Tarragona \u00a9 Diario de Tarragona<\/p><\/div>\n<h2>Cacao, caf\u00e9, metales\u2026 las materias primas viven en una monta\u00f1a rusa. \u00bfC\u00f3mo impacta en nuestra econom\u00eda?<\/h2>\n<p>&nbsp;<\/p>\n<\/div>\n<div class=\"inf2\">\n<hr \/>\n<p><span class=\"date\">Peri\u00f3dico de Tarragona. Suplemento Econom\u00eda &amp; Negocios \u2013 12 mayo 2024\u00a0<\/span><\/p>\n<\/div>\n<div class=\"inf2\">Un art\u00edculo de <a href=\"https:\/\/www.diaridetarragona.com\/autor\/-\/meta\/rafael-servent\">Rafael Siervo<\/a><\/div>\n<div><a href=\"https:\/\/www.diaridetarragona.com\/economia\/economia-empresas\/materias-primas-volatiles-HO19538539\">Enlace al art\u00edculo entero, en el Diari de Tarragona.<\/a><\/div>\n<hr \/>\n<div>\n<div class=\"paragraph\">\n<p>&nbsp;<\/p>\n<p class=\"p_1\">La volatilidad de las materias primas se acent\u00faa. En su \u00faltimo informe, la Organizaci\u00f3n Internacional del Caf\u00e9 (OIC) destacaba que el precio del grano de caf\u00e9 de la variedad robusta hab\u00eda alcanzado su m\u00e1ximo hist\u00f3rico en 45 a\u00f1os, con un incremento, el pasado mes de abril, del 16,81 TP3T.<\/p>\n<p class=\"p_2\">Junto a esta variedad originaria de Asia, con Vietnam como principal productor, el grano de la variedad ar\u00e1bica (la m\u00e1s popular, que concentra su producci\u00f3n en Am\u00e9rica Central y del Sur) se ha encarecido tambi\u00e9n a tasas de dos d\u00edgitos, aumentando en abril un 15% el precio en el origen Colombia y un 14,8% en otros or\u00edgenes.<\/p>\n<p class=\"p_3\">Tras el caf\u00e9, el cacao vive tambi\u00e9n una espiral alcista que ha llevado a que, en el \u00faltimo informe de mercado elaborado por la Organizaci\u00f3n Internacional del Cacao (ICCO, por sus siglas en ingl\u00e9s), relativo al pasado mes de marzo, se constatase un incremento de precios en los contratos negociados en los mercados de Londres y Nueva York de 47% y 44%, respectivamente.<\/p>\n<blockquote><p><em><strong>Los fondos de inversi\u00f3n han entrado con mayor intensidad que nunca en las materias primas<\/strong><\/em><\/p><\/blockquote>\n<p class=\"p_4\">Comparado con lo negociado un a\u00f1o antes, con incrementos del 4% y el 3%, el encarecimiento del cacao como materia prima est\u00e1 pulverizando los registros hist\u00f3ricos. Parte de la explicaci\u00f3n, en este caso y tambi\u00e9n en el del caf\u00e9, est\u00e1 en las oscilaciones de las producciones.<\/p>\n<p class=\"p_5\">La ca\u00edda de la producci\u00f3n de cacao en Costa de Marfil y Ghana, con un retroceso de 467.000 toneladas y 448.0000 toneladas, respectivamente, durante las \u00faltimas tres temporadas, ha contribuido a estas din\u00e1micas de precios, dado el importante rol que tienen estos dos pa\u00edses en este mercado, donde juntos suman el 54% de la producci\u00f3n mundial de cacao.<\/p>\n<p class=\"p_6\">Algo similar ha ocurrido en el caso del caf\u00e9, donde una helada en 2021 en la producci\u00f3n de la variedad ar\u00e1bica en Brasil (uno de los principales productores de caf\u00e9 del mundo) traslad\u00f3 la demanda de grano de caf\u00e9 a la variedad robusta, disparando sus precios hasta esos m\u00e1ximos hist\u00f3ricos.<\/p>\n<p class=\"p_7\">Pero no todo se explica por razones naturales. El caf\u00e9 y el cacao son los dos \u00faltimos invitados (con permiso del sucre) que se han unido al elenco de materias primas que viven en la volatilidad. Pero con el petr\u00f3leo en cabeza y un s\u00e9quito de metales, cereales y tierras raras, esa volatilidad va mucho m\u00e1s all\u00e1 de una helada en Brasil o una plaga en Costa de Marfil.<\/p>\n<blockquote>\n<h3><strong>\u00abLos fondos tienen la capacidad de forzar el mercado sin l\u00edmites, lo que lo complica todo para empresas obligadas a comprar estas materias primas\u00bb<\/strong><br \/>\n<strong>Carlos Gotor (Gremio del Caf\u00e9)<\/strong><\/h3>\n<\/blockquote>\n<p class=\"p_8\">Lo explica Carlos Gotor, presidente del Gremio del Caf\u00e9, organizaci\u00f3n empresarial que agrupa a los principales torradores de caf\u00e9 de Catalu\u00f1a: \u00abMaterias delgadas como el caf\u00e9 siempre han sido vol\u00e1tiles, porque dependen de las cosechas, del consumo\u2026 pero hist\u00f3ricamente los movimientos eran m\u00e1s lento: hoy es mucho m\u00e1s vol\u00e1til\u00bb.<\/p>\n<p class=\"p_9\">\u00abCada vez -prosigue Carlos Gotor- hay factores m\u00e1s t\u00e9cnicos, y en el caf\u00e9 est\u00e1n entrando fondos de inversi\u00f3n que, como muy poco, pueden mover el mercado, y hacen que esa volatilidad sea mucho mayor. Lo que hace que se maximice son los fondos de inversi\u00f3n\u00bb.<\/p>\n<p class=\"p_10\">\u00abAl final \u2013razona Carlos Gotor\u2013, si un fondo puede invertir en varias cosas y viene que una inversi\u00f3n peque\u00f1a en materias primas puede generar gran rentabilidad, invierte en ello. Los fondos tienen la capacidad de forzar el mercado sin l\u00edmites, lo cual lo complica todo para empresas como las nuestras, que estamos obligadas a comprar estas materias primas\u00bb.<\/p>\n<blockquote><p><strong>La industria europea es totalmente dependiente de la importaci\u00f3n de recursos<\/strong><\/p><\/blockquote>\n<p class=\"p_11\">Esos incrementos de costas, reconoce Carlos Gotor, &quot;se est\u00e1n trasladando al producto final, y habr\u00e1 momentos de tensi\u00f3n a lo largo del a\u00f1o, pero es m\u00e1s f\u00e1cil que impacto en la gran distribuci\u00f3n que en la restauraci\u00f3n&quot;. \u00bfAsistiremos a escenarios como los que hemos visto como el aceite de oliva? &quot;En el caso del caf\u00e9 -rechaza Carlos Gotor-, no tendr\u00e1 esa repercusi\u00f3n&quot;.<\/p>\n<p class=\"p_12\"><b>Europa, a la intemperie<\/b><\/p>\n<p class=\"p_13\">\u00c1ngel Hermosilla, secretario general del Colegio de Economistas de Catalu\u00f1a (CEC), coincide en que \u00abtodas las materias primas, siempre, son mercados muy vol\u00e1tiles, influenciados por la geopol\u00edtica y la econom\u00eda financiera. Lo primero que sufrimos fue el petr\u00f3leo, pero ha ido a m\u00e1s, y ahora afecta a muchas m\u00e1s materias primas, porque son activos financieros sobre los que se puede especular\u00bb.<b><\/b><\/p>\n<p class=\"p_14\">\u00abCuando cambian los contextos geopol\u00edticos -prosigue \u00c0ngel Hermosilla-, esto influye, y claramente lo hace cada vez m\u00e1s, porque cuando los mercados financieros ofrecen una rentabilidad baja, se buscan esas mayores rentabilidades en las materias primas\u00bb.<\/p>\n<p class=\"p_15\">\u00abHay factores en funci\u00f3n de si son metales, productos agroalimentarios\u2026 En el caso de los metales, est\u00e1n muy influidos por los tipos de inter\u00e9s: como una expectativa de bajada de tipos, el refugio se encuentra en el mercado de metales de Londres. A esto se le suman las sanciones de EEUU y Gran Breta\u00f1a sobre Rusia del pasado mes de abril\u00bb, asegura \u00c0ngel Hermosilla.<\/p>\n<p class=\"p_16\">\u00abEn los metales \u2013a\u00f1ade este economista\u2013, es evidente que no influye la climatolog\u00eda. Pero cuando hablamos de materias primas para productos agroalimentarios, es cierto que el fen\u00f3meno de &#039;El Ni\u00f1o&#039; lo ha intensificado todo, y que si se mantiene esta situaci\u00f3n de sequ\u00eda y de colapso de lluvia en el mundo, seguir\u00e1 haci\u00e9ndolo, pero tenemos casos como el del cacao, donde la volatilidad de precios ha sido influenciada por la actitud de los gobiernos, que act\u00faan para que se paguen precios m\u00e1s elevados\u00bb.<\/p>\n<blockquote>\n<h3><strong>\u00abAhora afecta a muchas m\u00e1s materias primas, porque son activos financieros sobre los que se puede especular\u00bb<\/strong><br \/>\n<strong>\u00c0ngel Hermosilla (Colegio de Economistas de Catalu\u00f1a)<\/strong><\/h3>\n<\/blockquote>\n<p class=\"p_17\">Y, en medio de todo este escenario de mercados financieros internacionales y geopol\u00edtica global, Europa asiste como figurante. \u00abEl problema de Europa -analiza \u00c1ngel Hermosilla- es que no tiene autonom\u00eda estrat\u00e9gica. Ha basado todo su modelo econ\u00f3mico en la importaci\u00f3n de recursos, y tenemos una industria que necesita una serie de recursos que no tenemos\u00bb.<\/p>\n<p class=\"p_18\">\u00abSi a esto le a\u00f1ades que las minas han ido a la baja en Europa, tenemos una oferta del todo insuficiente, ya sea para alimentar a la poblaci\u00f3n, ya sea para producir tecnolog\u00edas limpias. Esto nos coloca en una situaci\u00f3n muy complicada\u00bb, alerta este economista.<\/p>\n<p class=\"p_19\">\u00abTodo esto -a\u00f1ade-, la Comisi\u00f3n Europea lo tiene estudiado y analizado, con una serie de materias primas cr\u00edticas, y llegas a la conclusi\u00f3n de que el gran ofertante mundial es China, como entre el 60% y el 70% de la oferta mundial de materias primas, ya sea porque tiene las minas o acceso privilegiado a ellas, ya sea porque procesan las materias\u00bb.<\/p>\n<p>\u00abEs algo -concluye \u00c1ngel Hermosilla- que se puso en evidencia con la pandemia, cuando vimos que no \u00e9ramos capaces ni de fabricar mascarillas, y que Europa no hab\u00eda tenido en cuenta, pero que ahora forma parte de la estrategia de la Comisi\u00f3n Europea\u00bb . La pregunta, con respuesta incierta, es cu\u00e1nto puede seguir resistiendo a la intemperie esa industria europea.<\/p>\n<p><a href=\"https:\/\/www.diaridetarragona.com\/economia\/economia-empresas\/materias-primas-volatiles-HO19538539\">Enlace al art\u00edculo entero, en el Diari de Tarragona.<\/a><\/p>\n<p>\u00a9 Rafael Servent \u2013 Diari de Tarragona, 2024<\/p>\n<\/div>\n<\/div>","protected":false},"excerpt":{"rendered":"<p>Cacao, caf\u00e9, metales&#8230; las materias primas viven en una monta\u00f1a rusa. \u00bfC\u00f3mo impacta en nuestra econom\u00eda? &nbsp; Diari de Tarragona. Suplement Economia &amp; Negocios &#8211; 12 maig 2024\u00a0 Un article de Rafael Servent Enlla\u00e7 a l&#8217;article sencer, al Diari de Tarragona. &nbsp; La volatilidad de las materias primas se acent\u00faa. En su \u00faltimo informe, la [&hellip;]<\/p>\n","protected":false},"author":1,"featured_media":7553,"comment_status":"closed","ping_status":"open","sticky":false,"template":"","format":"standard","meta":{"_acf_changed":false,"inline_featured_image":false,"footnotes":""},"categories":[1],"tags":[47,105,102,103,104],"class_list":["post-7552","post","type-post","status-publish","format-standard","has-post-thumbnail","hentry","category-noticies","tag-cafe","tag-diari-de-tarragona","tag-materias-primas","tag-materies-primeres","tag-rafael-servent"],"acf":[],"yoast_head":"<!-- This site is optimized with the Yoast SEO plugin v25.5 - https:\/\/yoast.com\/wordpress\/plugins\/seo\/ -->\n<title>Materias primas vol\u00e1tiles - Gremi del Caf\u00e8, torradors de Catalunya<\/title>\n<meta name=\"description\" content=\"Cacao, caf\u00e9, metales... las materias primas viven en una monta\u00f1a rusa. \u00bfC\u00f3mo impacta en nuestra econom\u00eda?\" \/>\n<meta name=\"robots\" content=\"index, follow, max-snippet:-1, max-image-preview:large, max-video-preview:-1\" \/>\n<link rel=\"canonical\" href=\"https:\/\/gremicafe.cat\/es\/2024\/05\/13\/cacao-cafe-y-metales-materias-primas-volatiles\/\" \/>\n<meta property=\"og:locale\" content=\"es_ES\" \/>\n<meta property=\"og:type\" content=\"article\" \/>\n<meta property=\"og:title\" content=\"Materias primas vol\u00e1tiles - Gremi del Caf\u00e8, torradors de Catalunya\" \/>\n<meta property=\"og:description\" content=\"Cacao, caf\u00e9, metales... las materias primas viven en una monta\u00f1a rusa. \u00bfC\u00f3mo impacta en nuestra econom\u00eda?\" \/>\n<meta property=\"og:url\" content=\"https:\/\/gremicafe.cat\/es\/2024\/05\/13\/cacao-cafe-y-metales-materias-primas-volatiles\/\" \/>\n<meta property=\"og:site_name\" content=\"Gremi del Caf\u00e8, torradors de Catalunya\" \/>\n<meta property=\"article:publisher\" content=\"https:\/\/www.facebook.com\/gremicafecat\" \/>\n<meta property=\"article:published_time\" content=\"2024-05-13T14:07:04+00:00\" \/>\n<meta property=\"article:modified_time\" content=\"2024-05-17T14:29:59+00:00\" \/>\n<meta property=\"og:image\" content=\"https:\/\/gremicafe.cat\/wp-content\/uploads\/2024\/05\/web-materias-volatiles_241-1748526_20240513132016.png\" \/>\n\t<meta property=\"og:image:width\" content=\"768\" \/>\n\t<meta property=\"og:image:height\" content=\"432\" \/>\n\t<meta property=\"og:image:type\" content=\"image\/png\" \/>\n<meta name=\"author\" content=\"gremicafe\" \/>\n<meta name=\"twitter:card\" content=\"summary_large_image\" \/>\n<meta name=\"twitter:creator\" content=\"@gremicafecat\" \/>\n<meta name=\"twitter:site\" content=\"@gremicafecat\" \/>\n<meta name=\"twitter:label1\" content=\"Escrito por\" \/>\n\t<meta name=\"twitter:data1\" content=\"gremicafe\" \/>\n\t<meta name=\"twitter:label2\" content=\"Tiempo de lectura\" \/>\n\t<meta name=\"twitter:data2\" content=\"7 minutos\" \/>\n<script type=\"application\/ld+json\" class=\"yoast-schema-graph\">{\"@context\":\"https:\/\/schema.org\",\"@graph\":[{\"@type\":\"Article\",\"@id\":\"https:\/\/gremicafe.cat\/2024\/05\/13\/cacao-cafe-y-metales-materias-primas-volatiles\/#article\",\"isPartOf\":{\"@id\":\"https:\/\/gremicafe.cat\/2024\/05\/13\/cacao-cafe-y-metales-materias-primas-volatiles\/\"},\"author\":{\"name\":\"gremicafe\",\"@id\":\"https:\/\/gremicafe.cat\/#\/schema\/person\/dabfdbb3d0fa36260855a380f94e4733\"},\"headline\":\"Materias primas vol\u00e1tiles\",\"datePublished\":\"2024-05-13T14:07:04+00:00\",\"dateModified\":\"2024-05-17T14:29:59+00:00\",\"mainEntityOfPage\":{\"@id\":\"https:\/\/gremicafe.cat\/2024\/05\/13\/cacao-cafe-y-metales-materias-primas-volatiles\/\"},\"wordCount\":1318,\"publisher\":{\"@id\":\"https:\/\/gremicafe.cat\/#organization\"},\"image\":{\"@id\":\"https:\/\/gremicafe.cat\/2024\/05\/13\/cacao-cafe-y-metales-materias-primas-volatiles\/#primaryimage\"},\"thumbnailUrl\":\"https:\/\/gremicafe.cat\/wp-content\/uploads\/2024\/05\/web-materias-volatiles_241-1748526_20240513132016.png\",\"keywords\":[\"cafe\",\"Diari de Tarragona\",\"materias primas\",\"mat\u00e8ries primeres\",\"Rafael Servent\"],\"articleSection\":[\"Not\u00edcies\"],\"inLanguage\":\"es\"},{\"@type\":\"WebPage\",\"@id\":\"https:\/\/gremicafe.cat\/2024\/05\/13\/cacao-cafe-y-metales-materias-primas-volatiles\/\",\"url\":\"https:\/\/gremicafe.cat\/2024\/05\/13\/cacao-cafe-y-metales-materias-primas-volatiles\/\",\"name\":\"Materias primas vol\u00e1tiles - Gremi del Caf\u00e8, torradors de Catalunya\",\"isPartOf\":{\"@id\":\"https:\/\/gremicafe.cat\/#website\"},\"primaryImageOfPage\":{\"@id\":\"https:\/\/gremicafe.cat\/2024\/05\/13\/cacao-cafe-y-metales-materias-primas-volatiles\/#primaryimage\"},\"image\":{\"@id\":\"https:\/\/gremicafe.cat\/2024\/05\/13\/cacao-cafe-y-metales-materias-primas-volatiles\/#primaryimage\"},\"thumbnailUrl\":\"https:\/\/gremicafe.cat\/wp-content\/uploads\/2024\/05\/web-materias-volatiles_241-1748526_20240513132016.png\",\"datePublished\":\"2024-05-13T14:07:04+00:00\",\"dateModified\":\"2024-05-17T14:29:59+00:00\",\"description\":\"Cacao, caf\u00e9, metales... las materias primas viven en una monta\u00f1a rusa. \u00bfC\u00f3mo impacta en nuestra econom\u00eda?\",\"breadcrumb\":{\"@id\":\"https:\/\/gremicafe.cat\/2024\/05\/13\/cacao-cafe-y-metales-materias-primas-volatiles\/#breadcrumb\"},\"inLanguage\":\"es\",\"potentialAction\":[{\"@type\":\"ReadAction\",\"target\":[\"https:\/\/gremicafe.cat\/2024\/05\/13\/cacao-cafe-y-metales-materias-primas-volatiles\/\"]}]},{\"@type\":\"ImageObject\",\"inLanguage\":\"es\",\"@id\":\"https:\/\/gremicafe.cat\/2024\/05\/13\/cacao-cafe-y-metales-materias-primas-volatiles\/#primaryimage\",\"url\":\"https:\/\/gremicafe.cat\/wp-content\/uploads\/2024\/05\/web-materias-volatiles_241-1748526_20240513132016.png\",\"contentUrl\":\"https:\/\/gremicafe.cat\/wp-content\/uploads\/2024\/05\/web-materias-volatiles_241-1748526_20240513132016.png\",\"width\":768,\"height\":432,\"caption\":\"Materias primas vol\u00e1tiles- Rafael Servent. Diari de Tarragona \u00a9 Diari de Tarragona\"},{\"@type\":\"BreadcrumbList\",\"@id\":\"https:\/\/gremicafe.cat\/2024\/05\/13\/cacao-cafe-y-metales-materias-primas-volatiles\/#breadcrumb\",\"itemListElement\":[{\"@type\":\"ListItem\",\"position\":1,\"name\":\"Inici\",\"item\":\"https:\/\/gremicafe.cat\/\"},{\"@type\":\"ListItem\",\"position\":2,\"name\":\"Materias primas vol\u00e1tiles\"}]},{\"@type\":\"WebSite\",\"@id\":\"https:\/\/gremicafe.cat\/#website\",\"url\":\"https:\/\/gremicafe.cat\/\",\"name\":\"Gremi del Caf\u00e8, torradors de Catalunya\",\"description\":\"Web oficial del gremi de torradors de caf\u00e8 de Catalunya\",\"publisher\":{\"@id\":\"https:\/\/gremicafe.cat\/#organization\"},\"potentialAction\":[{\"@type\":\"SearchAction\",\"target\":{\"@type\":\"EntryPoint\",\"urlTemplate\":\"https:\/\/gremicafe.cat\/?s={search_term_string}\"},\"query-input\":{\"@type\":\"PropertyValueSpecification\",\"valueRequired\":true,\"valueName\":\"search_term_string\"}}],\"inLanguage\":\"es\"},{\"@type\":\"Organization\",\"@id\":\"https:\/\/gremicafe.cat\/#organization\",\"name\":\"Gremi del Caf\u00e8, Torradors de Catalunya\",\"url\":\"https:\/\/gremicafe.cat\/\",\"logo\":{\"@type\":\"ImageObject\",\"inLanguage\":\"es\",\"@id\":\"https:\/\/gremicafe.cat\/#\/schema\/logo\/image\/\",\"url\":\"https:\/\/gremicafe.cat\/wp-content\/uploads\/2018\/03\/gremicafe-logo250.png\",\"contentUrl\":\"https:\/\/gremicafe.cat\/wp-content\/uploads\/2018\/03\/gremicafe-logo250.png\",\"width\":250,\"height\":49,\"caption\":\"Gremi del Caf\u00e8, Torradors de Catalunya\"},\"image\":{\"@id\":\"https:\/\/gremicafe.cat\/#\/schema\/logo\/image\/\"},\"sameAs\":[\"https:\/\/www.facebook.com\/gremicafecat\",\"https:\/\/x.com\/gremicafecat\",\"https:\/\/www.instagram.com\/gremicafecat\/\",\"https:\/\/www.pinterest.es\/gremicafecat\/\",\"https:\/\/www.youtube.com\/channel\/UCGLo5Y35vLwLvP4FrPZrCrw\/\"]},{\"@type\":\"Person\",\"@id\":\"https:\/\/gremicafe.cat\/#\/schema\/person\/dabfdbb3d0fa36260855a380f94e4733\",\"name\":\"gremicafe\",\"image\":{\"@type\":\"ImageObject\",\"inLanguage\":\"es\",\"@id\":\"https:\/\/gremicafe.cat\/#\/schema\/person\/image\/\",\"url\":\"https:\/\/secure.gravatar.com\/avatar\/e59baa4ca8f6f97576d6375fb6d3c8f0?s=96&d=mm&r=g\",\"contentUrl\":\"https:\/\/secure.gravatar.com\/avatar\/e59baa4ca8f6f97576d6375fb6d3c8f0?s=96&d=mm&r=g\",\"caption\":\"gremicafe\"}}]}<\/script>\n<!-- \/ Yoast SEO plugin. -->","yoast_head_json":{"title":"Materias primas vol\u00e1tiles - Gremi del Caf\u00e8, torradors de Catalunya","description":"Cacao, caf\u00e9, metales... las materias primas viven en una monta\u00f1a rusa. \u00bfC\u00f3mo impacta en nuestra econom\u00eda?","robots":{"index":"index","follow":"follow","max-snippet":"max-snippet:-1","max-image-preview":"max-image-preview:large","max-video-preview":"max-video-preview:-1"},"canonical":"https:\/\/gremicafe.cat\/es\/2024\/05\/13\/cacao-cafe-y-metales-materias-primas-volatiles\/","og_locale":"es_ES","og_type":"article","og_title":"Materias primas vol\u00e1tiles - Gremi del Caf\u00e8, torradors de Catalunya","og_description":"Cacao, caf\u00e9, metales... las materias primas viven en una monta\u00f1a rusa. \u00bfC\u00f3mo impacta en nuestra econom\u00eda?","og_url":"https:\/\/gremicafe.cat\/es\/2024\/05\/13\/cacao-cafe-y-metales-materias-primas-volatiles\/","og_site_name":"Gremi del Caf\u00e8, torradors de Catalunya","article_publisher":"https:\/\/www.facebook.com\/gremicafecat","article_published_time":"2024-05-13T14:07:04+00:00","article_modified_time":"2024-05-17T14:29:59+00:00","og_image":[{"width":768,"height":432,"url":"https:\/\/gremicafe.cat\/wp-content\/uploads\/2024\/05\/web-materias-volatiles_241-1748526_20240513132016.png","type":"image\/png"}],"author":"gremicafe","twitter_card":"summary_large_image","twitter_creator":"@gremicafecat","twitter_site":"@gremicafecat","twitter_misc":{"Escrito por":"gremicafe","Tiempo de lectura":"7 minutos"},"schema":{"@context":"https:\/\/schema.org","@graph":[{"@type":"Article","@id":"https:\/\/gremicafe.cat\/2024\/05\/13\/cacao-cafe-y-metales-materias-primas-volatiles\/#article","isPartOf":{"@id":"https:\/\/gremicafe.cat\/2024\/05\/13\/cacao-cafe-y-metales-materias-primas-volatiles\/"},"author":{"name":"gremicafe","@id":"https:\/\/gremicafe.cat\/#\/schema\/person\/dabfdbb3d0fa36260855a380f94e4733"},"headline":"Materias primas vol\u00e1tiles","datePublished":"2024-05-13T14:07:04+00:00","dateModified":"2024-05-17T14:29:59+00:00","mainEntityOfPage":{"@id":"https:\/\/gremicafe.cat\/2024\/05\/13\/cacao-cafe-y-metales-materias-primas-volatiles\/"},"wordCount":1318,"publisher":{"@id":"https:\/\/gremicafe.cat\/#organization"},"image":{"@id":"https:\/\/gremicafe.cat\/2024\/05\/13\/cacao-cafe-y-metales-materias-primas-volatiles\/#primaryimage"},"thumbnailUrl":"https:\/\/gremicafe.cat\/wp-content\/uploads\/2024\/05\/web-materias-volatiles_241-1748526_20240513132016.png","keywords":["cafe","Diari de Tarragona","materias primas","mat\u00e8ries primeres","Rafael Servent"],"articleSection":["Not\u00edcies"],"inLanguage":"es"},{"@type":"WebPage","@id":"https:\/\/gremicafe.cat\/2024\/05\/13\/cacao-cafe-y-metales-materias-primas-volatiles\/","url":"https:\/\/gremicafe.cat\/2024\/05\/13\/cacao-cafe-y-metales-materias-primas-volatiles\/","name":"Materias primas vol\u00e1tiles - Gremi del Caf\u00e8, torradors de Catalunya","isPartOf":{"@id":"https:\/\/gremicafe.cat\/#website"},"primaryImageOfPage":{"@id":"https:\/\/gremicafe.cat\/2024\/05\/13\/cacao-cafe-y-metales-materias-primas-volatiles\/#primaryimage"},"image":{"@id":"https:\/\/gremicafe.cat\/2024\/05\/13\/cacao-cafe-y-metales-materias-primas-volatiles\/#primaryimage"},"thumbnailUrl":"https:\/\/gremicafe.cat\/wp-content\/uploads\/2024\/05\/web-materias-volatiles_241-1748526_20240513132016.png","datePublished":"2024-05-13T14:07:04+00:00","dateModified":"2024-05-17T14:29:59+00:00","description":"Cacao, caf\u00e9, metales... las materias primas viven en una monta\u00f1a rusa. \u00bfC\u00f3mo impacta en nuestra econom\u00eda?","breadcrumb":{"@id":"https:\/\/gremicafe.cat\/2024\/05\/13\/cacao-cafe-y-metales-materias-primas-volatiles\/#breadcrumb"},"inLanguage":"es","potentialAction":[{"@type":"ReadAction","target":["https:\/\/gremicafe.cat\/2024\/05\/13\/cacao-cafe-y-metales-materias-primas-volatiles\/"]}]},{"@type":"ImageObject","inLanguage":"es","@id":"https:\/\/gremicafe.cat\/2024\/05\/13\/cacao-cafe-y-metales-materias-primas-volatiles\/#primaryimage","url":"https:\/\/gremicafe.cat\/wp-content\/uploads\/2024\/05\/web-materias-volatiles_241-1748526_20240513132016.png","contentUrl":"https:\/\/gremicafe.cat\/wp-content\/uploads\/2024\/05\/web-materias-volatiles_241-1748526_20240513132016.png","width":768,"height":432,"caption":"Materias primas vol\u00e1tiles- Rafael Servent. Diari de Tarragona \u00a9 Diari de Tarragona"},{"@type":"BreadcrumbList","@id":"https:\/\/gremicafe.cat\/2024\/05\/13\/cacao-cafe-y-metales-materias-primas-volatiles\/#breadcrumb","itemListElement":[{"@type":"ListItem","position":1,"name":"Inici","item":"https:\/\/gremicafe.cat\/"},{"@type":"ListItem","position":2,"name":"Materias primas vol\u00e1tiles"}]},{"@type":"WebSite","@id":"https:\/\/gremicafe.cat\/#website","url":"https:\/\/gremicafe.cat\/","name":"Gremio del Caf\u00e9, tostadores de Catalu\u00f1a","description":"Web oficial del gremio de tostadores de caf\u00e9 de Catalunya","publisher":{"@id":"https:\/\/gremicafe.cat\/#organization"},"potentialAction":[{"@type":"SearchAction","target":{"@type":"EntryPoint","urlTemplate":"https:\/\/gremicafe.cat\/?s={search_term_string}"},"query-input":{"@type":"PropertyValueSpecification","valueRequired":true,"valueName":"search_term_string"}}],"inLanguage":"es"},{"@type":"Organization","@id":"https:\/\/gremicafe.cat\/#organization","name":"Gremio del Caf\u00e9, Tostadores de Catalu\u00f1a","url":"https:\/\/gremicafe.cat\/","logo":{"@type":"ImageObject","inLanguage":"es","@id":"https:\/\/gremicafe.cat\/#\/schema\/logo\/image\/","url":"https:\/\/gremicafe.cat\/wp-content\/uploads\/2018\/03\/gremicafe-logo250.png","contentUrl":"https:\/\/gremicafe.cat\/wp-content\/uploads\/2018\/03\/gremicafe-logo250.png","width":250,"height":49,"caption":"Gremi del Caf\u00e8, Torradors de Catalunya"},"image":{"@id":"https:\/\/gremicafe.cat\/#\/schema\/logo\/image\/"},"sameAs":["https:\/\/www.facebook.com\/gremicafecat","https:\/\/x.com\/gremicafecat","https:\/\/www.instagram.com\/gremicafecat\/","https:\/\/www.pinterest.es\/gremicafecat\/","https:\/\/www.youtube.com\/channel\/UCGLo5Y35vLwLvP4FrPZrCrw\/"]},{"@type":"Person","@id":"https:\/\/gremicafe.cat\/#\/schema\/person\/dabfdbb3d0fa36260855a380f94e4733","name":"gremicafe","image":{"@type":"ImageObject","inLanguage":"es","@id":"https:\/\/gremicafe.cat\/#\/schema\/person\/image\/","url":"https:\/\/secure.gravatar.com\/avatar\/e59baa4ca8f6f97576d6375fb6d3c8f0?s=96&d=mm&r=g","contentUrl":"https:\/\/secure.gravatar.com\/avatar\/e59baa4ca8f6f97576d6375fb6d3c8f0?s=96&d=mm&r=g","caption":"gremicafe"}}]}},"_links":{"self":[{"href":"https:\/\/gremicafe.cat\/es\/wp-json\/wp\/v2\/posts\/7552"}],"collection":[{"href":"https:\/\/gremicafe.cat\/es\/wp-json\/wp\/v2\/posts"}],"about":[{"href":"https:\/\/gremicafe.cat\/es\/wp-json\/wp\/v2\/types\/post"}],"author":[{"embeddable":true,"href":"https:\/\/gremicafe.cat\/es\/wp-json\/wp\/v2\/users\/1"}],"replies":[{"embeddable":true,"href":"https:\/\/gremicafe.cat\/es\/wp-json\/wp\/v2\/comments?post=7552"}],"version-history":[{"count":0,"href":"https:\/\/gremicafe.cat\/es\/wp-json\/wp\/v2\/posts\/7552\/revisions"}],"wp:featuredmedia":[{"embeddable":true,"href":"https:\/\/gremicafe.cat\/es\/wp-json\/wp\/v2\/media\/7553"}],"wp:attachment":[{"href":"https:\/\/gremicafe.cat\/es\/wp-json\/wp\/v2\/media?parent=7552"}],"wp:term":[{"taxonomy":"category","embeddable":true,"href":"https:\/\/gremicafe.cat\/es\/wp-json\/wp\/v2\/categories?post=7552"},{"taxonomy":"post_tag","embeddable":true,"href":"https:\/\/gremicafe.cat\/es\/wp-json\/wp\/v2\/tags?post=7552"}],"curies":[{"name":"wp","href":"https:\/\/api.w.org\/{rel}","templated":true}]}}