{"id":7562,"date":"2024-05-17T17:10:32","date_gmt":"2024-05-17T15:10:32","guid":{"rendered":"https:\/\/gremicafe.cat\/?p=7562"},"modified":"2024-05-17T17:24:58","modified_gmt":"2024-05-17T15:24:58","slug":"agricola-marcilla-sl-dibarcafe-premi-uei-2024-a-la-sostenibilitat-empresarial","status":"publish","type":"post","link":"https:\/\/gremicafe.cat\/es\/2024\/05\/17\/agricola-marcilla-sl-dibarcafe-premi-uei-2024-a-la-sostenibilitat-empresarial\/","title":{"rendered":"Agr\u00edcola Marcilla SL (Dibarcaf\u00e9) Premio UEI 2024 a la sostenibilidad empresarial"},"content":{"rendered":"<div id=\"attachment_7563\" style=\"width: 1180px\" class=\"wp-caption aligncenter\"><img loading=\"lazy\" decoding=\"async\" aria-describedby=\"caption-attachment-7563\" class=\"wp-image-7563 size-full\" src=\"https:\/\/gremicafe.cat\/wp-content\/uploads\/2024\/05\/2a54c804-2dbc-475a-b87e-22eeb3864afe.jpg\" alt=\"Dibarcaf\u00e9 Premi UEI 2024 a la sostenibilitat empresarial\" width=\"1170\" height=\"646\" srcset=\"https:\/\/gremicafe.cat\/wp-content\/uploads\/2024\/05\/2a54c804-2dbc-475a-b87e-22eeb3864afe.jpg 1170w, https:\/\/gremicafe.cat\/wp-content\/uploads\/2024\/05\/2a54c804-2dbc-475a-b87e-22eeb3864afe-768x424.jpg 768w\" sizes=\"(max-width: 1170px) 100vw, 1170px\" \/><p id=\"caption-attachment-7563\" class=\"wp-caption-text\">Julian Marcilla en la gala X Noche Empresarial \u2013 Premios UEI 2024<\/p><\/div>\n<p>&nbsp;<\/p>\n<p class=\"p1\"><span class=\"s1\"><b>Agr\u00edcola Marcilla SL (Dibarcaf\u00e9) Premio UEI 2024 a la sostenibilidad empresarial<\/b><\/span><\/p>\n<p class=\"p1\"><span class=\"s1\">El pasado jueves 16 de mayo se celebr\u00f3 la <a href=\"https:\/\/uei.cat\/mes-de-300-empresaris-assisteixen-a-la-x-nit-empresarial\/\" target=\"_blank\" rel=\"noopener\"><b>X Noche Empresarial \u2013 Premios UEI 2024<\/b><\/a> para dar un reconocimiento p\u00fablico al esfuerzo, constancia, evoluci\u00f3n y trabajo de las empresas del territorio vallesano. <strong>Agr\u00edcola Marcilla SL \u2013 Dibarcaf\u00e9.<\/strong> representada por <b>Juli\u00e1n Marcilla<\/b>, recibi\u00f3 el <b>premio a la Sostenibilidad Empresarial<\/b>, de manos de la consejera de Econom\u00eda de la Generalidad de Catalu\u00f1a D\u00aa. <b>Natalia Mas<\/b>.<\/span><\/p>\n<p class=\"p1\"><span class=\"s1\">El evento tuvo lugar en el Mas de Sant Lle\u00ed (Vilanova del Vall\u00e8s) donde se reunieron m\u00e1s de 300 empresarios y personalidades del mundo econ\u00f3mico y social para presenciar la entrega de 8 premios a empresas del Vall\u00e8s Oriental. La cita estuvo presidida por figuras relevantes como <b>Pep Garcia<\/b>, presidente de la UEI; <b>Natalia Mas<\/b>, consejera de Econom\u00eda y Hacienda de la Generalidad de Catalu\u00f1a en funciones; y <b>Josep S\u00e1nchez Llibre<\/b>, presidente de Foment del Treball, entre otros.<\/span><\/p>\n<p class=\"p1\"><span class=\"s1\">Durante el acto, la UEI ha premiado a ocho empresas de la comarca. En concreto, la empresa <b>Lola Casademunt<\/b> ha sido reconocida con el premio a la internacionalizaci\u00f3n, <b>ARS Pirotecnia<\/b> en la Innovaci\u00f3n, <b>Agr\u00edcola Marcilla SL- Dibarcaf\u00e9<\/b> a la sostenibilidad empresarial, <b>Lotify<\/b> a la emprendedur\u00eda, <b>Nadico<\/b> a la implicaci\u00f3n en el territorio, <b>Leal SAU<\/b> a la trayectoria empresarial, <b>M\u00e1s que ciencia<\/b> al proyecto de responsabilidad social y <b>Francesc Sagal\u00e9s<\/b> ha recibido el reconocimiento a la trayectoria del empresario.<\/span><\/p>\n<p><a href=\"https:\/\/www.viaempresa.cat\/territori\/uei-nit-empresarial-reivindicacions-patronal_2197991_102.html\">Lea la noticia en Via Empresa<\/a><\/p>\n<p><a href=\"https:\/\/uei.cat\/mes-de-300-empresaris-assisteixen-a-la-x-nit-empresarial\/\">Web UEI<\/a><\/p>\n<p>&nbsp;<\/p>\n<div id=\"attachment_7566\" style=\"width: 1180px\" class=\"wp-caption aligncenter\"><img loading=\"lazy\" decoding=\"async\" aria-describedby=\"caption-attachment-7566\" class=\"wp-image-7566 size-full\" src=\"https:\/\/gremicafe.cat\/wp-content\/uploads\/2024\/05\/da4c7955-27ee-4316-9301-ba3ec43d1aa8.jpg\" alt=\"Dibarcaf\u00e9 Premi UEI 2024 a la sostenibilitat empresarial\" width=\"1170\" height=\"637\" srcset=\"https:\/\/gremicafe.cat\/wp-content\/uploads\/2024\/05\/da4c7955-27ee-4316-9301-ba3ec43d1aa8.jpg 1170w, https:\/\/gremicafe.cat\/wp-content\/uploads\/2024\/05\/da4c7955-27ee-4316-9301-ba3ec43d1aa8-768x418.jpg 768w\" sizes=\"(max-width: 1170px) 100vw, 1170px\" \/><p id=\"caption-attachment-7566\" class=\"wp-caption-text\">Julian Marcilla recibe el premio de manos del Hble Nat\u00e0lia Mas en la gala X Noche Empresarial \u2013 Premios UEI 2024<\/p><\/div>\n<div id=\"attachment_7564\" style=\"width: 1216px\" class=\"wp-caption aligncenter\"><img loading=\"lazy\" decoding=\"async\" aria-describedby=\"caption-attachment-7564\" class=\"wp-image-7564 size-full\" src=\"https:\/\/gremicafe.cat\/wp-content\/uploads\/2024\/05\/7d6ed58a-d5bc-451a-966b-79834a40a4b7.jpg\" alt=\"Dibarcaf\u00e9 Premi UEI 2024 a la sostenibilitat empresarial\" width=\"1206\" height=\"909\" srcset=\"https:\/\/gremicafe.cat\/wp-content\/uploads\/2024\/05\/7d6ed58a-d5bc-451a-966b-79834a40a4b7.jpg 1206w, https:\/\/gremicafe.cat\/wp-content\/uploads\/2024\/05\/7d6ed58a-d5bc-451a-966b-79834a40a4b7-768x579.jpg 768w, https:\/\/gremicafe.cat\/wp-content\/uploads\/2024\/05\/7d6ed58a-d5bc-451a-966b-79834a40a4b7-955x720.jpg 955w\" sizes=\"(max-width: 1206px) 100vw, 1206px\" \/><p id=\"caption-attachment-7564\" class=\"wp-caption-text\">Julian Marcilla en la gala X Noche Empresarial \u2013 Premios UEI 2024<\/p><\/div>\n<div id=\"attachment_7567\" style=\"width: 1210px\" class=\"wp-caption aligncenter\"><img loading=\"lazy\" decoding=\"async\" aria-describedby=\"caption-attachment-7567\" class=\"wp-image-7567 size-full\" src=\"https:\/\/gremicafe.cat\/wp-content\/uploads\/2024\/05\/Dibar-PremisUEI2024.jpg\" alt=\"Dibarcaf\u00e9 Premi UEI 2024 a la sostenibilitat empresarial\" width=\"1200\" height=\"800\" srcset=\"https:\/\/gremicafe.cat\/wp-content\/uploads\/2024\/05\/Dibar-PremisUEI2024.jpg 1200w, https:\/\/gremicafe.cat\/wp-content\/uploads\/2024\/05\/Dibar-PremisUEI2024-768x512.jpg 768w, https:\/\/gremicafe.cat\/wp-content\/uploads\/2024\/05\/Dibar-PremisUEI2024-1080x720.jpg 1080w\" sizes=\"(max-width: 1200px) 100vw, 1200px\" \/><p id=\"caption-attachment-7567\" class=\"wp-caption-text\">Premiados en la gala X Noche Empresarial \u2013 Premios UEI 2024<\/p><\/div>\n<p>&nbsp;<\/p>\n<div id=\"attachment_7565\" style=\"width: 2058px\" class=\"wp-caption aligncenter\"><img loading=\"lazy\" decoding=\"async\" aria-describedby=\"caption-attachment-7565\" class=\"wp-image-7565 size-full\" src=\"https:\/\/gremicafe.cat\/wp-content\/uploads\/2024\/05\/2950715c-3eef-4b03-91f4-280d00c20361.jpg\" alt=\"Dibarcaf\u00e9 Premi UEI 2024 a la sostenibilitat empresarial\" width=\"2048\" height=\"1536\" srcset=\"https:\/\/gremicafe.cat\/wp-content\/uploads\/2024\/05\/2950715c-3eef-4b03-91f4-280d00c20361.jpg 2048w, https:\/\/gremicafe.cat\/wp-content\/uploads\/2024\/05\/2950715c-3eef-4b03-91f4-280d00c20361-768x576.jpg 768w, https:\/\/gremicafe.cat\/wp-content\/uploads\/2024\/05\/2950715c-3eef-4b03-91f4-280d00c20361-1536x1152.jpg 1536w, https:\/\/gremicafe.cat\/wp-content\/uploads\/2024\/05\/2950715c-3eef-4b03-91f4-280d00c20361-960x720.jpg 960w\" sizes=\"(max-width: 2048px) 100vw, 2048px\" \/><p id=\"caption-attachment-7565\" class=\"wp-caption-text\">Gala X Noche Empresarial \u2013 Premios UEI 2024<\/p><\/div>","protected":false},"excerpt":{"rendered":"<p>&nbsp; Agr\u00edcola Marcilla SL (Dibarcaf\u00e9) Premi UEI 2024 a la sostenibilitat empresarial El passat dijous 16 de maig es va celebrar la X Nit Empresarial \u2013 Premis UEI 2024 per donar un reconeixement p\u00fablic a l&#8217;esfor\u00e7, la const\u00e0ncia, l&#8217;evoluci\u00f3 i el treball de les empreses del territori valles\u00e0. Agr\u00edcola Marcilla S.L &#8211; Dibarcaf\u00e9. representada per [&hellip;]<\/p>\n","protected":false},"author":1,"featured_media":7564,"comment_status":"closed","ping_status":"open","sticky":false,"template":"","format":"standard","meta":{"_acf_changed":false,"inline_featured_image":false,"footnotes":""},"categories":[1],"tags":[107,106,108,109],"class_list":["post-7562","post","type-post","status-publish","format-standard","has-post-thumbnail","hentry","category-noticies","tag-agricola-marcilla","tag-dibarcafe","tag-julian-marcilla","tag-premis-uei-2024"],"acf":[],"yoast_head":"<!-- This site is optimized with the Yoast SEO plugin v25.5 - https:\/\/yoast.com\/wordpress\/plugins\/seo\/ -->\n<title>Agr\u00edcola Marcilla SL (Dibarcaf\u00e9) Premi UEI 2024 a la sostenibilitat empresarial - Gremi del Caf\u00e8, torradors de Catalunya<\/title>\n<meta name=\"description\" content=\"Agr\u00edcola Marcilla S.L - Dibarcaf\u00e9, va rebre el premi a la Sostenibilitat Empresarial, de mans de la consellera d&#039;Economia de la Generalitat Sra. Nat\u00e0lia Mas\" \/>\n<meta name=\"robots\" content=\"index, follow, max-snippet:-1, max-image-preview:large, max-video-preview:-1\" \/>\n<link rel=\"canonical\" href=\"https:\/\/gremicafe.cat\/es\/2024\/05\/17\/agricola-marcilla-sl-dibarcafe-premi-uei-2024-a-la-sostenibilitat-empresarial\/\" \/>\n<meta property=\"og:locale\" content=\"es_ES\" \/>\n<meta property=\"og:type\" content=\"article\" \/>\n<meta property=\"og:title\" content=\"Agr\u00edcola Marcilla SL (Dibarcaf\u00e9) Premi UEI 2024 a la sostenibilitat empresarial - Gremi del Caf\u00e8, torradors de Catalunya\" \/>\n<meta property=\"og:description\" content=\"Agr\u00edcola Marcilla S.L - Dibarcaf\u00e9, va rebre el premi a la Sostenibilitat Empresarial, de mans de la consellera d&#039;Economia de la Generalitat Sra. Nat\u00e0lia Mas\" \/>\n<meta property=\"og:url\" content=\"https:\/\/gremicafe.cat\/es\/2024\/05\/17\/agricola-marcilla-sl-dibarcafe-premi-uei-2024-a-la-sostenibilitat-empresarial\/\" \/>\n<meta property=\"og:site_name\" content=\"Gremi del Caf\u00e8, torradors de Catalunya\" \/>\n<meta property=\"article:publisher\" content=\"https:\/\/www.facebook.com\/gremicafecat\" \/>\n<meta property=\"article:published_time\" content=\"2024-05-17T15:10:32+00:00\" \/>\n<meta property=\"article:modified_time\" content=\"2024-05-17T15:24:58+00:00\" \/>\n<meta property=\"og:image\" content=\"https:\/\/gremicafe.cat\/wp-content\/uploads\/2024\/05\/7d6ed58a-d5bc-451a-966b-79834a40a4b7.jpg\" \/>\n\t<meta property=\"og:image:width\" content=\"1206\" \/>\n\t<meta property=\"og:image:height\" content=\"909\" \/>\n\t<meta property=\"og:image:type\" content=\"image\/jpeg\" \/>\n<meta name=\"author\" content=\"gremicafe\" \/>\n<meta name=\"twitter:card\" content=\"summary_large_image\" \/>\n<meta name=\"twitter:creator\" content=\"@gremicafecat\" \/>\n<meta name=\"twitter:site\" content=\"@gremicafecat\" \/>\n<meta name=\"twitter:label1\" content=\"Escrito por\" \/>\n\t<meta name=\"twitter:data1\" content=\"gremicafe\" \/>\n\t<meta name=\"twitter:label2\" content=\"Tiempo de lectura\" \/>\n\t<meta name=\"twitter:data2\" content=\"3 minutos\" \/>\n<script type=\"application\/ld+json\" class=\"yoast-schema-graph\">{\"@context\":\"https:\/\/schema.org\",\"@graph\":[{\"@type\":\"Article\",\"@id\":\"https:\/\/gremicafe.cat\/2024\/05\/17\/agricola-marcilla-sl-dibarcafe-premi-uei-2024-a-la-sostenibilitat-empresarial\/#article\",\"isPartOf\":{\"@id\":\"https:\/\/gremicafe.cat\/2024\/05\/17\/agricola-marcilla-sl-dibarcafe-premi-uei-2024-a-la-sostenibilitat-empresarial\/\"},\"author\":{\"name\":\"gremicafe\",\"@id\":\"https:\/\/gremicafe.cat\/#\/schema\/person\/dabfdbb3d0fa36260855a380f94e4733\"},\"headline\":\"Agr\u00edcola Marcilla SL (Dibarcaf\u00e9) Premi UEI 2024 a la sostenibilitat empresarial\",\"datePublished\":\"2024-05-17T15:10:32+00:00\",\"dateModified\":\"2024-05-17T15:24:58+00:00\",\"mainEntityOfPage\":{\"@id\":\"https:\/\/gremicafe.cat\/2024\/05\/17\/agricola-marcilla-sl-dibarcafe-premi-uei-2024-a-la-sostenibilitat-empresarial\/\"},\"wordCount\":361,\"publisher\":{\"@id\":\"https:\/\/gremicafe.cat\/#organization\"},\"image\":{\"@id\":\"https:\/\/gremicafe.cat\/2024\/05\/17\/agricola-marcilla-sl-dibarcafe-premi-uei-2024-a-la-sostenibilitat-empresarial\/#primaryimage\"},\"thumbnailUrl\":\"https:\/\/gremicafe.cat\/wp-content\/uploads\/2024\/05\/7d6ed58a-d5bc-451a-966b-79834a40a4b7.jpg\",\"keywords\":[\"Agr\u00edcola Marcilla\",\"Dibarcaf\u00e9\",\"Julian Marcilla\",\"Premis UEI 2024\"],\"articleSection\":[\"Not\u00edcies\"],\"inLanguage\":\"es\"},{\"@type\":\"WebPage\",\"@id\":\"https:\/\/gremicafe.cat\/2024\/05\/17\/agricola-marcilla-sl-dibarcafe-premi-uei-2024-a-la-sostenibilitat-empresarial\/\",\"url\":\"https:\/\/gremicafe.cat\/2024\/05\/17\/agricola-marcilla-sl-dibarcafe-premi-uei-2024-a-la-sostenibilitat-empresarial\/\",\"name\":\"Agr\u00edcola Marcilla SL (Dibarcaf\u00e9) Premi UEI 2024 a la sostenibilitat empresarial - Gremi del Caf\u00e8, torradors de Catalunya\",\"isPartOf\":{\"@id\":\"https:\/\/gremicafe.cat\/#website\"},\"primaryImageOfPage\":{\"@id\":\"https:\/\/gremicafe.cat\/2024\/05\/17\/agricola-marcilla-sl-dibarcafe-premi-uei-2024-a-la-sostenibilitat-empresarial\/#primaryimage\"},\"image\":{\"@id\":\"https:\/\/gremicafe.cat\/2024\/05\/17\/agricola-marcilla-sl-dibarcafe-premi-uei-2024-a-la-sostenibilitat-empresarial\/#primaryimage\"},\"thumbnailUrl\":\"https:\/\/gremicafe.cat\/wp-content\/uploads\/2024\/05\/7d6ed58a-d5bc-451a-966b-79834a40a4b7.jpg\",\"datePublished\":\"2024-05-17T15:10:32+00:00\",\"dateModified\":\"2024-05-17T15:24:58+00:00\",\"description\":\"Agr\u00edcola Marcilla S.L - Dibarcaf\u00e9, va rebre el premi a la Sostenibilitat Empresarial, de mans de la consellera d'Economia de la Generalitat Sra. Nat\u00e0lia Mas\",\"breadcrumb\":{\"@id\":\"https:\/\/gremicafe.cat\/2024\/05\/17\/agricola-marcilla-sl-dibarcafe-premi-uei-2024-a-la-sostenibilitat-empresarial\/#breadcrumb\"},\"inLanguage\":\"es\",\"potentialAction\":[{\"@type\":\"ReadAction\",\"target\":[\"https:\/\/gremicafe.cat\/2024\/05\/17\/agricola-marcilla-sl-dibarcafe-premi-uei-2024-a-la-sostenibilitat-empresarial\/\"]}]},{\"@type\":\"ImageObject\",\"inLanguage\":\"es\",\"@id\":\"https:\/\/gremicafe.cat\/2024\/05\/17\/agricola-marcilla-sl-dibarcafe-premi-uei-2024-a-la-sostenibilitat-empresarial\/#primaryimage\",\"url\":\"https:\/\/gremicafe.cat\/wp-content\/uploads\/2024\/05\/7d6ed58a-d5bc-451a-966b-79834a40a4b7.jpg\",\"contentUrl\":\"https:\/\/gremicafe.cat\/wp-content\/uploads\/2024\/05\/7d6ed58a-d5bc-451a-966b-79834a40a4b7.jpg\",\"width\":1206,\"height\":909,\"caption\":\"Julian Marcilla a la gala X Nit Empresarial \u2013 Premis UEI 2024\"},{\"@type\":\"BreadcrumbList\",\"@id\":\"https:\/\/gremicafe.cat\/2024\/05\/17\/agricola-marcilla-sl-dibarcafe-premi-uei-2024-a-la-sostenibilitat-empresarial\/#breadcrumb\",\"itemListElement\":[{\"@type\":\"ListItem\",\"position\":1,\"name\":\"Inici\",\"item\":\"https:\/\/gremicafe.cat\/\"},{\"@type\":\"ListItem\",\"position\":2,\"name\":\"Agr\u00edcola Marcilla SL (Dibarcaf\u00e9) Premi UEI 2024 a la sostenibilitat empresarial\"}]},{\"@type\":\"WebSite\",\"@id\":\"https:\/\/gremicafe.cat\/#website\",\"url\":\"https:\/\/gremicafe.cat\/\",\"name\":\"Gremi del Caf\u00e8, torradors de Catalunya\",\"description\":\"Web oficial del gremi de torradors de caf\u00e8 de Catalunya\",\"publisher\":{\"@id\":\"https:\/\/gremicafe.cat\/#organization\"},\"potentialAction\":[{\"@type\":\"SearchAction\",\"target\":{\"@type\":\"EntryPoint\",\"urlTemplate\":\"https:\/\/gremicafe.cat\/?s={search_term_string}\"},\"query-input\":{\"@type\":\"PropertyValueSpecification\",\"valueRequired\":true,\"valueName\":\"search_term_string\"}}],\"inLanguage\":\"es\"},{\"@type\":\"Organization\",\"@id\":\"https:\/\/gremicafe.cat\/#organization\",\"name\":\"Gremi del Caf\u00e8, Torradors de Catalunya\",\"url\":\"https:\/\/gremicafe.cat\/\",\"logo\":{\"@type\":\"ImageObject\",\"inLanguage\":\"es\",\"@id\":\"https:\/\/gremicafe.cat\/#\/schema\/logo\/image\/\",\"url\":\"https:\/\/gremicafe.cat\/wp-content\/uploads\/2018\/03\/gremicafe-logo250.png\",\"contentUrl\":\"https:\/\/gremicafe.cat\/wp-content\/uploads\/2018\/03\/gremicafe-logo250.png\",\"width\":250,\"height\":49,\"caption\":\"Gremi del Caf\u00e8, Torradors de Catalunya\"},\"image\":{\"@id\":\"https:\/\/gremicafe.cat\/#\/schema\/logo\/image\/\"},\"sameAs\":[\"https:\/\/www.facebook.com\/gremicafecat\",\"https:\/\/x.com\/gremicafecat\",\"https:\/\/www.instagram.com\/gremicafecat\/\",\"https:\/\/www.pinterest.es\/gremicafecat\/\",\"https:\/\/www.youtube.com\/channel\/UCGLo5Y35vLwLvP4FrPZrCrw\/\"]},{\"@type\":\"Person\",\"@id\":\"https:\/\/gremicafe.cat\/#\/schema\/person\/dabfdbb3d0fa36260855a380f94e4733\",\"name\":\"gremicafe\",\"image\":{\"@type\":\"ImageObject\",\"inLanguage\":\"es\",\"@id\":\"https:\/\/gremicafe.cat\/#\/schema\/person\/image\/\",\"url\":\"https:\/\/secure.gravatar.com\/avatar\/e59baa4ca8f6f97576d6375fb6d3c8f0?s=96&d=mm&r=g\",\"contentUrl\":\"https:\/\/secure.gravatar.com\/avatar\/e59baa4ca8f6f97576d6375fb6d3c8f0?s=96&d=mm&r=g\",\"caption\":\"gremicafe\"}}]}<\/script>\n<!-- \/ Yoast SEO plugin. -->","yoast_head_json":{"title":"Agr\u00edcola Marcilla SL (Dibarcaf\u00e9) Premi UEI 2024 a la sostenibilitat empresarial - Gremi del Caf\u00e8, torradors de Catalunya","description":"Agr\u00edcola Marcilla S.L - Dibarcaf\u00e9, va rebre el premi a la Sostenibilitat Empresarial, de mans de la consellera d'Economia de la Generalitat Sra. Nat\u00e0lia Mas","robots":{"index":"index","follow":"follow","max-snippet":"max-snippet:-1","max-image-preview":"max-image-preview:large","max-video-preview":"max-video-preview:-1"},"canonical":"https:\/\/gremicafe.cat\/es\/2024\/05\/17\/agricola-marcilla-sl-dibarcafe-premi-uei-2024-a-la-sostenibilitat-empresarial\/","og_locale":"es_ES","og_type":"article","og_title":"Agr\u00edcola Marcilla SL (Dibarcaf\u00e9) Premi UEI 2024 a la sostenibilitat empresarial - Gremi del Caf\u00e8, torradors de Catalunya","og_description":"Agr\u00edcola Marcilla S.L - Dibarcaf\u00e9, va rebre el premi a la Sostenibilitat Empresarial, de mans de la consellera d'Economia de la Generalitat Sra. Nat\u00e0lia Mas","og_url":"https:\/\/gremicafe.cat\/es\/2024\/05\/17\/agricola-marcilla-sl-dibarcafe-premi-uei-2024-a-la-sostenibilitat-empresarial\/","og_site_name":"Gremi del Caf\u00e8, torradors de Catalunya","article_publisher":"https:\/\/www.facebook.com\/gremicafecat","article_published_time":"2024-05-17T15:10:32+00:00","article_modified_time":"2024-05-17T15:24:58+00:00","og_image":[{"width":1206,"height":909,"url":"https:\/\/gremicafe.cat\/wp-content\/uploads\/2024\/05\/7d6ed58a-d5bc-451a-966b-79834a40a4b7.jpg","type":"image\/jpeg"}],"author":"gremicafe","twitter_card":"summary_large_image","twitter_creator":"@gremicafecat","twitter_site":"@gremicafecat","twitter_misc":{"Escrito por":"gremicafe","Tiempo de lectura":"3 minutos"},"schema":{"@context":"https:\/\/schema.org","@graph":[{"@type":"Article","@id":"https:\/\/gremicafe.cat\/2024\/05\/17\/agricola-marcilla-sl-dibarcafe-premi-uei-2024-a-la-sostenibilitat-empresarial\/#article","isPartOf":{"@id":"https:\/\/gremicafe.cat\/2024\/05\/17\/agricola-marcilla-sl-dibarcafe-premi-uei-2024-a-la-sostenibilitat-empresarial\/"},"author":{"name":"gremicafe","@id":"https:\/\/gremicafe.cat\/#\/schema\/person\/dabfdbb3d0fa36260855a380f94e4733"},"headline":"Agr\u00edcola Marcilla SL (Dibarcaf\u00e9) Premi UEI 2024 a la sostenibilitat empresarial","datePublished":"2024-05-17T15:10:32+00:00","dateModified":"2024-05-17T15:24:58+00:00","mainEntityOfPage":{"@id":"https:\/\/gremicafe.cat\/2024\/05\/17\/agricola-marcilla-sl-dibarcafe-premi-uei-2024-a-la-sostenibilitat-empresarial\/"},"wordCount":361,"publisher":{"@id":"https:\/\/gremicafe.cat\/#organization"},"image":{"@id":"https:\/\/gremicafe.cat\/2024\/05\/17\/agricola-marcilla-sl-dibarcafe-premi-uei-2024-a-la-sostenibilitat-empresarial\/#primaryimage"},"thumbnailUrl":"https:\/\/gremicafe.cat\/wp-content\/uploads\/2024\/05\/7d6ed58a-d5bc-451a-966b-79834a40a4b7.jpg","keywords":["Agr\u00edcola Marcilla","Dibarcaf\u00e9","Julian Marcilla","Premis UEI 2024"],"articleSection":["Not\u00edcies"],"inLanguage":"es"},{"@type":"WebPage","@id":"https:\/\/gremicafe.cat\/2024\/05\/17\/agricola-marcilla-sl-dibarcafe-premi-uei-2024-a-la-sostenibilitat-empresarial\/","url":"https:\/\/gremicafe.cat\/2024\/05\/17\/agricola-marcilla-sl-dibarcafe-premi-uei-2024-a-la-sostenibilitat-empresarial\/","name":"Agr\u00edcola Marcilla SL (Dibarcaf\u00e9) Premi UEI 2024 a la sostenibilitat empresarial - Gremi del Caf\u00e8, torradors de Catalunya","isPartOf":{"@id":"https:\/\/gremicafe.cat\/#website"},"primaryImageOfPage":{"@id":"https:\/\/gremicafe.cat\/2024\/05\/17\/agricola-marcilla-sl-dibarcafe-premi-uei-2024-a-la-sostenibilitat-empresarial\/#primaryimage"},"image":{"@id":"https:\/\/gremicafe.cat\/2024\/05\/17\/agricola-marcilla-sl-dibarcafe-premi-uei-2024-a-la-sostenibilitat-empresarial\/#primaryimage"},"thumbnailUrl":"https:\/\/gremicafe.cat\/wp-content\/uploads\/2024\/05\/7d6ed58a-d5bc-451a-966b-79834a40a4b7.jpg","datePublished":"2024-05-17T15:10:32+00:00","dateModified":"2024-05-17T15:24:58+00:00","description":"Agr\u00edcola Marcilla S.L - Dibarcaf\u00e9, va rebre el premi a la Sostenibilitat Empresarial, de mans de la consellera d'Economia de la Generalitat Sra. Nat\u00e0lia Mas","breadcrumb":{"@id":"https:\/\/gremicafe.cat\/2024\/05\/17\/agricola-marcilla-sl-dibarcafe-premi-uei-2024-a-la-sostenibilitat-empresarial\/#breadcrumb"},"inLanguage":"es","potentialAction":[{"@type":"ReadAction","target":["https:\/\/gremicafe.cat\/2024\/05\/17\/agricola-marcilla-sl-dibarcafe-premi-uei-2024-a-la-sostenibilitat-empresarial\/"]}]},{"@type":"ImageObject","inLanguage":"es","@id":"https:\/\/gremicafe.cat\/2024\/05\/17\/agricola-marcilla-sl-dibarcafe-premi-uei-2024-a-la-sostenibilitat-empresarial\/#primaryimage","url":"https:\/\/gremicafe.cat\/wp-content\/uploads\/2024\/05\/7d6ed58a-d5bc-451a-966b-79834a40a4b7.jpg","contentUrl":"https:\/\/gremicafe.cat\/wp-content\/uploads\/2024\/05\/7d6ed58a-d5bc-451a-966b-79834a40a4b7.jpg","width":1206,"height":909,"caption":"Julian Marcilla a la gala X Nit Empresarial \u2013 Premis UEI 2024"},{"@type":"BreadcrumbList","@id":"https:\/\/gremicafe.cat\/2024\/05\/17\/agricola-marcilla-sl-dibarcafe-premi-uei-2024-a-la-sostenibilitat-empresarial\/#breadcrumb","itemListElement":[{"@type":"ListItem","position":1,"name":"Inici","item":"https:\/\/gremicafe.cat\/"},{"@type":"ListItem","position":2,"name":"Agr\u00edcola Marcilla SL (Dibarcaf\u00e9) Premi UEI 2024 a la sostenibilitat empresarial"}]},{"@type":"WebSite","@id":"https:\/\/gremicafe.cat\/#website","url":"https:\/\/gremicafe.cat\/","name":"Gremio del Caf\u00e9, tostadores de Catalu\u00f1a","description":"Web oficial del gremio de tostadores de caf\u00e9 de Catalunya","publisher":{"@id":"https:\/\/gremicafe.cat\/#organization"},"potentialAction":[{"@type":"SearchAction","target":{"@type":"EntryPoint","urlTemplate":"https:\/\/gremicafe.cat\/?s={search_term_string}"},"query-input":{"@type":"PropertyValueSpecification","valueRequired":true,"valueName":"search_term_string"}}],"inLanguage":"es"},{"@type":"Organization","@id":"https:\/\/gremicafe.cat\/#organization","name":"Gremio del Caf\u00e9, Tostadores de Catalu\u00f1a","url":"https:\/\/gremicafe.cat\/","logo":{"@type":"ImageObject","inLanguage":"es","@id":"https:\/\/gremicafe.cat\/#\/schema\/logo\/image\/","url":"https:\/\/gremicafe.cat\/wp-content\/uploads\/2018\/03\/gremicafe-logo250.png","contentUrl":"https:\/\/gremicafe.cat\/wp-content\/uploads\/2018\/03\/gremicafe-logo250.png","width":250,"height":49,"caption":"Gremi del Caf\u00e8, Torradors de Catalunya"},"image":{"@id":"https:\/\/gremicafe.cat\/#\/schema\/logo\/image\/"},"sameAs":["https:\/\/www.facebook.com\/gremicafecat","https:\/\/x.com\/gremicafecat","https:\/\/www.instagram.com\/gremicafecat\/","https:\/\/www.pinterest.es\/gremicafecat\/","https:\/\/www.youtube.com\/channel\/UCGLo5Y35vLwLvP4FrPZrCrw\/"]},{"@type":"Person","@id":"https:\/\/gremicafe.cat\/#\/schema\/person\/dabfdbb3d0fa36260855a380f94e4733","name":"gremicafe","image":{"@type":"ImageObject","inLanguage":"es","@id":"https:\/\/gremicafe.cat\/#\/schema\/person\/image\/","url":"https:\/\/secure.gravatar.com\/avatar\/e59baa4ca8f6f97576d6375fb6d3c8f0?s=96&d=mm&r=g","contentUrl":"https:\/\/secure.gravatar.com\/avatar\/e59baa4ca8f6f97576d6375fb6d3c8f0?s=96&d=mm&r=g","caption":"gremicafe"}}]}},"_links":{"self":[{"href":"https:\/\/gremicafe.cat\/es\/wp-json\/wp\/v2\/posts\/7562"}],"collection":[{"href":"https:\/\/gremicafe.cat\/es\/wp-json\/wp\/v2\/posts"}],"about":[{"href":"https:\/\/gremicafe.cat\/es\/wp-json\/wp\/v2\/types\/post"}],"author":[{"embeddable":true,"href":"https:\/\/gremicafe.cat\/es\/wp-json\/wp\/v2\/users\/1"}],"replies":[{"embeddable":true,"href":"https:\/\/gremicafe.cat\/es\/wp-json\/wp\/v2\/comments?post=7562"}],"version-history":[{"count":0,"href":"https:\/\/gremicafe.cat\/es\/wp-json\/wp\/v2\/posts\/7562\/revisions"}],"wp:featuredmedia":[{"embeddable":true,"href":"https:\/\/gremicafe.cat\/es\/wp-json\/wp\/v2\/media\/7564"}],"wp:attachment":[{"href":"https:\/\/gremicafe.cat\/es\/wp-json\/wp\/v2\/media?parent=7562"}],"wp:term":[{"taxonomy":"category","embeddable":true,"href":"https:\/\/gremicafe.cat\/es\/wp-json\/wp\/v2\/categories?post=7562"},{"taxonomy":"post_tag","embeddable":true,"href":"https:\/\/gremicafe.cat\/es\/wp-json\/wp\/v2\/tags?post=7562"}],"curies":[{"name":"wp","href":"https:\/\/api.w.org\/{rel}","templated":true}]}}