{"id":7601,"date":"2024-08-28T09:51:28","date_gmt":"2024-08-28T07:51:28","guid":{"rendered":"https:\/\/gremicafe.cat\/?p=7601"},"modified":"2024-08-28T09:51:28","modified_gmt":"2024-08-28T07:51:28","slug":"el-cafe-ajuda-a-cremar-greixos-i-a-aprimar-se","status":"publish","type":"post","link":"https:\/\/gremicafe.cat\/es\/2024\/08\/28\/el-cafe-ajuda-a-cremar-greixos-i-a-aprimar-se\/","title":{"rendered":"El caf\u00e9 ayuda a quemar grasas ya adelgazar"},"content":{"rendered":"<p class=\"p1\"><strong><span class=\"s1\">Seg\u00fan un art\u00edculo de Joanna Guill\u00e9n Valera, periodista especializada en art\u00edculos sobre farmacia, el caf\u00e9 ayuda a quemar grasas y, por consecuencia, a adelgazar.<\/span><\/strong><\/p>\n<p class=\"p1\"><span class=\"s1\">El art\u00edculo se basa en unos estudios cient\u00edficos de la Universidad de Granada, pertenecientes al departamento de Fisiolog\u00eda, demostraron que tomar caf\u00e9 antes de entrenar ayuda a quemar grasa.<\/span><\/p>\n<p class=\"p1\"><strong><span class=\"s1\">\u00bfCu\u00e1ndo y c\u00f3mo tomar caf\u00e9 para quemar grasa?<\/span><\/strong><\/p>\n<p class=\"p1\"><span class=\"s1\">En concreto, se ha visto que la ingesta de cafe\u00edna (unos 3 mg\/kg, el equivalente a un caf\u00e9 bien cargado) media hora antes de realizar ejercicio aer\u00f3bico aumenta notablemente la quema de grasa.<\/span><\/p>\n<p class=\"p1\"><span class=\"s1\">Lea el art\u00edculo entero en CuidatePlus:<br \/>\n<\/span><a href=\"https:\/\/cuidateplus.marca.com\/alimentacion\/nutricion\/2024\/07\/30\/cafe-debes-tomarlo-quemar-grasas-adelgazar-181887.html\" target=\"_blank\" rel=\"noopener\"><span class=\"s1\">https:\/\/cuidateplus.marca.com\/alimentacion\/nutricion\/2024\/07\/30\/cafe-debes-tomarlo-quemar-grasas-adelgazar-181887.html<\/span><\/a><\/p>\n<p>&nbsp;<\/p>\n<p><img loading=\"lazy\" decoding=\"async\" class=\"aligncenter size-full wp-image-7602\" src=\"https:\/\/gremicafe.cat\/wp-content\/uploads\/2024\/08\/Cafe\u0300-esport.jpg\" alt=\"\" width=\"1200\" height=\"1064\" srcset=\"https:\/\/gremicafe.cat\/wp-content\/uploads\/2024\/08\/Cafe\u0300-esport.jpg 1200w, https:\/\/gremicafe.cat\/wp-content\/uploads\/2024\/08\/Cafe\u0300-esport-768x681.jpg 768w, https:\/\/gremicafe.cat\/wp-content\/uploads\/2024\/08\/Cafe\u0300-esport-812x720.jpg 812w\" sizes=\"(max-width: 1200px) 100vw, 1200px\" \/><\/p>\n<p>&nbsp;<\/p>","protected":false},"excerpt":{"rendered":"<p>Segons un article de Joanna Guill\u00e9n Valera, periodista especialitzada en articles sobre farm\u00e0cia, el caf\u00e8 ajuda a cremar greixos i, per conseq\u00fc\u00e8ncia, a aprimar-se. L&#8217;article es basa en uns estudis cient\u00edfics de la Universitat de Granada, pertanyents al departament de Fisiologia, van demostrar que prendre caf\u00e8 abans d&#8217;entrenar ajuda a cremar greix. Quan i com [&hellip;]<\/p>\n","protected":false},"author":1,"featured_media":7602,"comment_status":"closed","ping_status":"open","sticky":false,"template":"","format":"standard","meta":{"_acf_changed":false,"inline_featured_image":false,"footnotes":""},"categories":[1],"tags":[111,47,110,112],"class_list":["post-7601","post","type-post","status-publish","format-standard","has-post-thumbnail","hentry","category-noticies","tag-aprimar-se","tag-cafe","tag-greix","tag-salut"],"acf":[],"yoast_head":"<!-- This site is optimized with the Yoast SEO plugin v25.5 - https:\/\/yoast.com\/wordpress\/plugins\/seo\/ -->\n<title>El caf\u00e8 ajuda a cremar greixos i a aprimar-se - Gremi del Caf\u00e8, torradors de Catalunya<\/title>\n<meta name=\"description\" content=\"En concret, s&#039;ha vist que la ingesta de cafe\u00efna (uns 3 mg \/ kg, l&#039;equivalent a un caf\u00e8 ben carregat) mitja hora abans de realitzar exercici aer\u00f2bic augmenta notablement la crema de greix.\" \/>\n<meta name=\"robots\" content=\"index, follow, max-snippet:-1, max-image-preview:large, max-video-preview:-1\" \/>\n<link rel=\"canonical\" href=\"https:\/\/gremicafe.cat\/es\/2024\/08\/28\/el-cafe-ajuda-a-cremar-greixos-i-a-aprimar-se\/\" \/>\n<meta property=\"og:locale\" content=\"es_ES\" \/>\n<meta property=\"og:type\" content=\"article\" \/>\n<meta property=\"og:title\" content=\"El caf\u00e8 ajuda a cremar greixos i a aprimar-se - Gremi del Caf\u00e8, torradors de Catalunya\" \/>\n<meta property=\"og:description\" content=\"En concret, s&#039;ha vist que la ingesta de cafe\u00efna (uns 3 mg \/ kg, l&#039;equivalent a un caf\u00e8 ben carregat) mitja hora abans de realitzar exercici aer\u00f2bic augmenta notablement la crema de greix.\" \/>\n<meta property=\"og:url\" content=\"https:\/\/gremicafe.cat\/es\/2024\/08\/28\/el-cafe-ajuda-a-cremar-greixos-i-a-aprimar-se\/\" \/>\n<meta property=\"og:site_name\" content=\"Gremi del Caf\u00e8, torradors de Catalunya\" \/>\n<meta property=\"article:publisher\" content=\"https:\/\/www.facebook.com\/gremicafecat\" \/>\n<meta property=\"article:published_time\" content=\"2024-08-28T07:51:28+00:00\" \/>\n<meta property=\"og:image\" content=\"https:\/\/gremicafe.cat\/wp-content\/uploads\/2024\/08\/Cafe\u0300-esport.jpg\" \/>\n\t<meta property=\"og:image:width\" content=\"1200\" \/>\n\t<meta property=\"og:image:height\" content=\"1064\" \/>\n\t<meta property=\"og:image:type\" content=\"image\/jpeg\" \/>\n<meta name=\"author\" content=\"gremicafe\" \/>\n<meta name=\"twitter:card\" content=\"summary_large_image\" \/>\n<meta name=\"twitter:creator\" content=\"@gremicafecat\" \/>\n<meta name=\"twitter:site\" content=\"@gremicafecat\" \/>\n<meta name=\"twitter:label1\" content=\"Escrito por\" \/>\n\t<meta name=\"twitter:data1\" content=\"gremicafe\" \/>\n\t<meta name=\"twitter:label2\" content=\"Tiempo de lectura\" \/>\n\t<meta name=\"twitter:data2\" content=\"1 minuto\" \/>\n<script type=\"application\/ld+json\" class=\"yoast-schema-graph\">{\"@context\":\"https:\/\/schema.org\",\"@graph\":[{\"@type\":\"Article\",\"@id\":\"https:\/\/gremicafe.cat\/2024\/08\/28\/el-cafe-ajuda-a-cremar-greixos-i-a-aprimar-se\/#article\",\"isPartOf\":{\"@id\":\"https:\/\/gremicafe.cat\/2024\/08\/28\/el-cafe-ajuda-a-cremar-greixos-i-a-aprimar-se\/\"},\"author\":{\"name\":\"gremicafe\",\"@id\":\"https:\/\/gremicafe.cat\/#\/schema\/person\/dabfdbb3d0fa36260855a380f94e4733\"},\"headline\":\"El caf\u00e8 ajuda a cremar greixos i a aprimar-se\",\"datePublished\":\"2024-08-28T07:51:28+00:00\",\"mainEntityOfPage\":{\"@id\":\"https:\/\/gremicafe.cat\/2024\/08\/28\/el-cafe-ajuda-a-cremar-greixos-i-a-aprimar-se\/\"},\"wordCount\":123,\"publisher\":{\"@id\":\"https:\/\/gremicafe.cat\/#organization\"},\"image\":{\"@id\":\"https:\/\/gremicafe.cat\/2024\/08\/28\/el-cafe-ajuda-a-cremar-greixos-i-a-aprimar-se\/#primaryimage\"},\"thumbnailUrl\":\"https:\/\/gremicafe.cat\/wp-content\/uploads\/2024\/08\/Cafe\u0300-esport.jpg\",\"keywords\":[\"aprimar-se\",\"cafe\",\"greix\",\"salut\"],\"articleSection\":[\"Not\u00edcies\"],\"inLanguage\":\"es\"},{\"@type\":\"WebPage\",\"@id\":\"https:\/\/gremicafe.cat\/2024\/08\/28\/el-cafe-ajuda-a-cremar-greixos-i-a-aprimar-se\/\",\"url\":\"https:\/\/gremicafe.cat\/2024\/08\/28\/el-cafe-ajuda-a-cremar-greixos-i-a-aprimar-se\/\",\"name\":\"El caf\u00e8 ajuda a cremar greixos i a aprimar-se - Gremi del Caf\u00e8, torradors de Catalunya\",\"isPartOf\":{\"@id\":\"https:\/\/gremicafe.cat\/#website\"},\"primaryImageOfPage\":{\"@id\":\"https:\/\/gremicafe.cat\/2024\/08\/28\/el-cafe-ajuda-a-cremar-greixos-i-a-aprimar-se\/#primaryimage\"},\"image\":{\"@id\":\"https:\/\/gremicafe.cat\/2024\/08\/28\/el-cafe-ajuda-a-cremar-greixos-i-a-aprimar-se\/#primaryimage\"},\"thumbnailUrl\":\"https:\/\/gremicafe.cat\/wp-content\/uploads\/2024\/08\/Cafe\u0300-esport.jpg\",\"datePublished\":\"2024-08-28T07:51:28+00:00\",\"description\":\"En concret, s'ha vist que la ingesta de cafe\u00efna (uns 3 mg \/ kg, l'equivalent a un caf\u00e8 ben carregat) mitja hora abans de realitzar exercici aer\u00f2bic augmenta notablement la crema de greix.\",\"breadcrumb\":{\"@id\":\"https:\/\/gremicafe.cat\/2024\/08\/28\/el-cafe-ajuda-a-cremar-greixos-i-a-aprimar-se\/#breadcrumb\"},\"inLanguage\":\"es\",\"potentialAction\":[{\"@type\":\"ReadAction\",\"target\":[\"https:\/\/gremicafe.cat\/2024\/08\/28\/el-cafe-ajuda-a-cremar-greixos-i-a-aprimar-se\/\"]}]},{\"@type\":\"ImageObject\",\"inLanguage\":\"es\",\"@id\":\"https:\/\/gremicafe.cat\/2024\/08\/28\/el-cafe-ajuda-a-cremar-greixos-i-a-aprimar-se\/#primaryimage\",\"url\":\"https:\/\/gremicafe.cat\/wp-content\/uploads\/2024\/08\/Cafe\u0300-esport.jpg\",\"contentUrl\":\"https:\/\/gremicafe.cat\/wp-content\/uploads\/2024\/08\/Cafe\u0300-esport.jpg\",\"width\":1200,\"height\":1064,\"caption\":\"Caf\u00e8 i esport\"},{\"@type\":\"BreadcrumbList\",\"@id\":\"https:\/\/gremicafe.cat\/2024\/08\/28\/el-cafe-ajuda-a-cremar-greixos-i-a-aprimar-se\/#breadcrumb\",\"itemListElement\":[{\"@type\":\"ListItem\",\"position\":1,\"name\":\"Inici\",\"item\":\"https:\/\/gremicafe.cat\/\"},{\"@type\":\"ListItem\",\"position\":2,\"name\":\"El caf\u00e8 ajuda a cremar greixos i a aprimar-se\"}]},{\"@type\":\"WebSite\",\"@id\":\"https:\/\/gremicafe.cat\/#website\",\"url\":\"https:\/\/gremicafe.cat\/\",\"name\":\"Gremi del Caf\u00e8, torradors de Catalunya\",\"description\":\"Web oficial del gremi de torradors de caf\u00e8 de Catalunya\",\"publisher\":{\"@id\":\"https:\/\/gremicafe.cat\/#organization\"},\"potentialAction\":[{\"@type\":\"SearchAction\",\"target\":{\"@type\":\"EntryPoint\",\"urlTemplate\":\"https:\/\/gremicafe.cat\/?s={search_term_string}\"},\"query-input\":{\"@type\":\"PropertyValueSpecification\",\"valueRequired\":true,\"valueName\":\"search_term_string\"}}],\"inLanguage\":\"es\"},{\"@type\":\"Organization\",\"@id\":\"https:\/\/gremicafe.cat\/#organization\",\"name\":\"Gremi del Caf\u00e8, Torradors de Catalunya\",\"url\":\"https:\/\/gremicafe.cat\/\",\"logo\":{\"@type\":\"ImageObject\",\"inLanguage\":\"es\",\"@id\":\"https:\/\/gremicafe.cat\/#\/schema\/logo\/image\/\",\"url\":\"https:\/\/gremicafe.cat\/wp-content\/uploads\/2018\/03\/gremicafe-logo250.png\",\"contentUrl\":\"https:\/\/gremicafe.cat\/wp-content\/uploads\/2018\/03\/gremicafe-logo250.png\",\"width\":250,\"height\":49,\"caption\":\"Gremi del Caf\u00e8, Torradors de Catalunya\"},\"image\":{\"@id\":\"https:\/\/gremicafe.cat\/#\/schema\/logo\/image\/\"},\"sameAs\":[\"https:\/\/www.facebook.com\/gremicafecat\",\"https:\/\/x.com\/gremicafecat\",\"https:\/\/www.instagram.com\/gremicafecat\/\",\"https:\/\/www.pinterest.es\/gremicafecat\/\",\"https:\/\/www.youtube.com\/channel\/UCGLo5Y35vLwLvP4FrPZrCrw\/\"]},{\"@type\":\"Person\",\"@id\":\"https:\/\/gremicafe.cat\/#\/schema\/person\/dabfdbb3d0fa36260855a380f94e4733\",\"name\":\"gremicafe\",\"image\":{\"@type\":\"ImageObject\",\"inLanguage\":\"es\",\"@id\":\"https:\/\/gremicafe.cat\/#\/schema\/person\/image\/\",\"url\":\"https:\/\/secure.gravatar.com\/avatar\/e59baa4ca8f6f97576d6375fb6d3c8f0?s=96&d=mm&r=g\",\"contentUrl\":\"https:\/\/secure.gravatar.com\/avatar\/e59baa4ca8f6f97576d6375fb6d3c8f0?s=96&d=mm&r=g\",\"caption\":\"gremicafe\"}}]}<\/script>\n<!-- \/ Yoast SEO plugin. -->","yoast_head_json":{"title":"El caf\u00e8 ajuda a cremar greixos i a aprimar-se - Gremi del Caf\u00e8, torradors de Catalunya","description":"En concret, s'ha vist que la ingesta de cafe\u00efna (uns 3 mg \/ kg, l'equivalent a un caf\u00e8 ben carregat) mitja hora abans de realitzar exercici aer\u00f2bic augmenta notablement la crema de greix.","robots":{"index":"index","follow":"follow","max-snippet":"max-snippet:-1","max-image-preview":"max-image-preview:large","max-video-preview":"max-video-preview:-1"},"canonical":"https:\/\/gremicafe.cat\/es\/2024\/08\/28\/el-cafe-ajuda-a-cremar-greixos-i-a-aprimar-se\/","og_locale":"es_ES","og_type":"article","og_title":"El caf\u00e8 ajuda a cremar greixos i a aprimar-se - Gremi del Caf\u00e8, torradors de Catalunya","og_description":"En concret, s'ha vist que la ingesta de cafe\u00efna (uns 3 mg \/ kg, l'equivalent a un caf\u00e8 ben carregat) mitja hora abans de realitzar exercici aer\u00f2bic augmenta notablement la crema de greix.","og_url":"https:\/\/gremicafe.cat\/es\/2024\/08\/28\/el-cafe-ajuda-a-cremar-greixos-i-a-aprimar-se\/","og_site_name":"Gremi del Caf\u00e8, torradors de Catalunya","article_publisher":"https:\/\/www.facebook.com\/gremicafecat","article_published_time":"2024-08-28T07:51:28+00:00","og_image":[{"width":1200,"height":1064,"url":"https:\/\/gremicafe.cat\/wp-content\/uploads\/2024\/08\/Cafe\u0300-esport.jpg","type":"image\/jpeg"}],"author":"gremicafe","twitter_card":"summary_large_image","twitter_creator":"@gremicafecat","twitter_site":"@gremicafecat","twitter_misc":{"Escrito por":"gremicafe","Tiempo de lectura":"1 minuto"},"schema":{"@context":"https:\/\/schema.org","@graph":[{"@type":"Article","@id":"https:\/\/gremicafe.cat\/2024\/08\/28\/el-cafe-ajuda-a-cremar-greixos-i-a-aprimar-se\/#article","isPartOf":{"@id":"https:\/\/gremicafe.cat\/2024\/08\/28\/el-cafe-ajuda-a-cremar-greixos-i-a-aprimar-se\/"},"author":{"name":"gremicafe","@id":"https:\/\/gremicafe.cat\/#\/schema\/person\/dabfdbb3d0fa36260855a380f94e4733"},"headline":"El caf\u00e8 ajuda a cremar greixos i a aprimar-se","datePublished":"2024-08-28T07:51:28+00:00","mainEntityOfPage":{"@id":"https:\/\/gremicafe.cat\/2024\/08\/28\/el-cafe-ajuda-a-cremar-greixos-i-a-aprimar-se\/"},"wordCount":123,"publisher":{"@id":"https:\/\/gremicafe.cat\/#organization"},"image":{"@id":"https:\/\/gremicafe.cat\/2024\/08\/28\/el-cafe-ajuda-a-cremar-greixos-i-a-aprimar-se\/#primaryimage"},"thumbnailUrl":"https:\/\/gremicafe.cat\/wp-content\/uploads\/2024\/08\/Cafe\u0300-esport.jpg","keywords":["aprimar-se","cafe","greix","salut"],"articleSection":["Not\u00edcies"],"inLanguage":"es"},{"@type":"WebPage","@id":"https:\/\/gremicafe.cat\/2024\/08\/28\/el-cafe-ajuda-a-cremar-greixos-i-a-aprimar-se\/","url":"https:\/\/gremicafe.cat\/2024\/08\/28\/el-cafe-ajuda-a-cremar-greixos-i-a-aprimar-se\/","name":"El caf\u00e8 ajuda a cremar greixos i a aprimar-se - Gremi del Caf\u00e8, torradors de Catalunya","isPartOf":{"@id":"https:\/\/gremicafe.cat\/#website"},"primaryImageOfPage":{"@id":"https:\/\/gremicafe.cat\/2024\/08\/28\/el-cafe-ajuda-a-cremar-greixos-i-a-aprimar-se\/#primaryimage"},"image":{"@id":"https:\/\/gremicafe.cat\/2024\/08\/28\/el-cafe-ajuda-a-cremar-greixos-i-a-aprimar-se\/#primaryimage"},"thumbnailUrl":"https:\/\/gremicafe.cat\/wp-content\/uploads\/2024\/08\/Cafe\u0300-esport.jpg","datePublished":"2024-08-28T07:51:28+00:00","description":"En concret, s'ha vist que la ingesta de cafe\u00efna (uns 3 mg \/ kg, l'equivalent a un caf\u00e8 ben carregat) mitja hora abans de realitzar exercici aer\u00f2bic augmenta notablement la crema de greix.","breadcrumb":{"@id":"https:\/\/gremicafe.cat\/2024\/08\/28\/el-cafe-ajuda-a-cremar-greixos-i-a-aprimar-se\/#breadcrumb"},"inLanguage":"es","potentialAction":[{"@type":"ReadAction","target":["https:\/\/gremicafe.cat\/2024\/08\/28\/el-cafe-ajuda-a-cremar-greixos-i-a-aprimar-se\/"]}]},{"@type":"ImageObject","inLanguage":"es","@id":"https:\/\/gremicafe.cat\/2024\/08\/28\/el-cafe-ajuda-a-cremar-greixos-i-a-aprimar-se\/#primaryimage","url":"https:\/\/gremicafe.cat\/wp-content\/uploads\/2024\/08\/Cafe\u0300-esport.jpg","contentUrl":"https:\/\/gremicafe.cat\/wp-content\/uploads\/2024\/08\/Cafe\u0300-esport.jpg","width":1200,"height":1064,"caption":"Caf\u00e8 i esport"},{"@type":"BreadcrumbList","@id":"https:\/\/gremicafe.cat\/2024\/08\/28\/el-cafe-ajuda-a-cremar-greixos-i-a-aprimar-se\/#breadcrumb","itemListElement":[{"@type":"ListItem","position":1,"name":"Inici","item":"https:\/\/gremicafe.cat\/"},{"@type":"ListItem","position":2,"name":"El caf\u00e8 ajuda a cremar greixos i a aprimar-se"}]},{"@type":"WebSite","@id":"https:\/\/gremicafe.cat\/#website","url":"https:\/\/gremicafe.cat\/","name":"Gremio del Caf\u00e9, tostadores de Catalu\u00f1a","description":"Web oficial del gremio de tostadores de caf\u00e9 de Catalunya","publisher":{"@id":"https:\/\/gremicafe.cat\/#organization"},"potentialAction":[{"@type":"SearchAction","target":{"@type":"EntryPoint","urlTemplate":"https:\/\/gremicafe.cat\/?s={search_term_string}"},"query-input":{"@type":"PropertyValueSpecification","valueRequired":true,"valueName":"search_term_string"}}],"inLanguage":"es"},{"@type":"Organization","@id":"https:\/\/gremicafe.cat\/#organization","name":"Gremio del Caf\u00e9, Tostadores de Catalu\u00f1a","url":"https:\/\/gremicafe.cat\/","logo":{"@type":"ImageObject","inLanguage":"es","@id":"https:\/\/gremicafe.cat\/#\/schema\/logo\/image\/","url":"https:\/\/gremicafe.cat\/wp-content\/uploads\/2018\/03\/gremicafe-logo250.png","contentUrl":"https:\/\/gremicafe.cat\/wp-content\/uploads\/2018\/03\/gremicafe-logo250.png","width":250,"height":49,"caption":"Gremi del Caf\u00e8, Torradors de Catalunya"},"image":{"@id":"https:\/\/gremicafe.cat\/#\/schema\/logo\/image\/"},"sameAs":["https:\/\/www.facebook.com\/gremicafecat","https:\/\/x.com\/gremicafecat","https:\/\/www.instagram.com\/gremicafecat\/","https:\/\/www.pinterest.es\/gremicafecat\/","https:\/\/www.youtube.com\/channel\/UCGLo5Y35vLwLvP4FrPZrCrw\/"]},{"@type":"Person","@id":"https:\/\/gremicafe.cat\/#\/schema\/person\/dabfdbb3d0fa36260855a380f94e4733","name":"gremicafe","image":{"@type":"ImageObject","inLanguage":"es","@id":"https:\/\/gremicafe.cat\/#\/schema\/person\/image\/","url":"https:\/\/secure.gravatar.com\/avatar\/e59baa4ca8f6f97576d6375fb6d3c8f0?s=96&d=mm&r=g","contentUrl":"https:\/\/secure.gravatar.com\/avatar\/e59baa4ca8f6f97576d6375fb6d3c8f0?s=96&d=mm&r=g","caption":"gremicafe"}}]}},"_links":{"self":[{"href":"https:\/\/gremicafe.cat\/es\/wp-json\/wp\/v2\/posts\/7601"}],"collection":[{"href":"https:\/\/gremicafe.cat\/es\/wp-json\/wp\/v2\/posts"}],"about":[{"href":"https:\/\/gremicafe.cat\/es\/wp-json\/wp\/v2\/types\/post"}],"author":[{"embeddable":true,"href":"https:\/\/gremicafe.cat\/es\/wp-json\/wp\/v2\/users\/1"}],"replies":[{"embeddable":true,"href":"https:\/\/gremicafe.cat\/es\/wp-json\/wp\/v2\/comments?post=7601"}],"version-history":[{"count":0,"href":"https:\/\/gremicafe.cat\/es\/wp-json\/wp\/v2\/posts\/7601\/revisions"}],"wp:featuredmedia":[{"embeddable":true,"href":"https:\/\/gremicafe.cat\/es\/wp-json\/wp\/v2\/media\/7602"}],"wp:attachment":[{"href":"https:\/\/gremicafe.cat\/es\/wp-json\/wp\/v2\/media?parent=7601"}],"wp:term":[{"taxonomy":"category","embeddable":true,"href":"https:\/\/gremicafe.cat\/es\/wp-json\/wp\/v2\/categories?post=7601"},{"taxonomy":"post_tag","embeddable":true,"href":"https:\/\/gremicafe.cat\/es\/wp-json\/wp\/v2\/tags?post=7601"}],"curies":[{"name":"wp","href":"https:\/\/api.w.org\/{rel}","templated":true}]}}