{"id":7606,"date":"2024-09-19T16:10:31","date_gmt":"2024-09-19T14:10:31","guid":{"rendered":"https:\/\/gremicafe.cat\/?p=7606"},"modified":"2024-11-13T13:58:49","modified_gmt":"2024-11-13T12:58:49","slug":"el-nombre-de-tasses-de-cafe-que-cal-prendre-al-dia-per-protegir-el-cor-segons-els-cardiolegs","status":"publish","type":"post","link":"https:\/\/gremicafe.cat\/es\/2024\/09\/19\/el-nombre-de-tasses-de-cafe-que-cal-prendre-al-dia-per-protegir-el-cor-segons-els-cardiolegs\/","title":{"rendered":"El n\u00famero de tazas de caf\u00e9 a tomar al d\u00eda para proteger el coraz\u00f3n, seg\u00fan los cardi\u00f3logos"},"content":{"rendered":"<p class=\"p3\"><em><strong><span class=\"s1\">Seg\u00fan los cardi\u00f3logos, el consumo de caf\u00e9 est\u00e1 asociado a un menor riesgo de accidentes cerebrovasculares, aunque con l\u00edmites.<\/span><\/strong><\/em><\/p>\n<p class=\"p3\"><span class=\"s1\">El consumo diario de caf\u00e9 ayuda a proteger contra las enfermedades card\u00edacas, los accidentes cardiovasculares y la diabetes tipo 2, seg\u00fan un nuevo estudio de la Endocrine Society estadounidense. Si bien, los investigadores ponen un l\u00edmite de tres tazas, que equivale a entre 200 y 300 miligramos de cafe\u00edna.<\/span><\/p>\n<p class=\"p3\"><span class=\"s1\">La raz\u00f3n es que el caf\u00e9 es, sin duda, el rey de las ma\u00f1anas en Catalu\u00f1a y otros muchos lugares del mundo. Todos los d\u00edas se preparan millones de tazas de esta bebida que ha conseguido ser parte de la vida de muchas personas. Sol, con leche o hielo son s\u00f3lo algunas de las opciones que tenemos para disfrutar de un buen caf\u00e9.<\/span><\/p>\n<p>&nbsp;<\/p>\n<div id=\"attachment_7607\" style=\"width: 875px\" class=\"wp-caption aligncenter\"><img loading=\"lazy\" decoding=\"async\" aria-describedby=\"caption-attachment-7607\" class=\"size-full wp-image-7607\" src=\"https:\/\/gremicafe.cat\/wp-content\/uploads\/2024\/09\/noia-cafe-gelat-gremi-cafe-catalunya.jpg\" alt=\"Gremi del Caf\u00e8 de Catalunya\" width=\"865\" height=\"669\" srcset=\"https:\/\/gremicafe.cat\/wp-content\/uploads\/2024\/09\/noia-cafe-gelat-gremi-cafe-catalunya.jpg 865w, https:\/\/gremicafe.cat\/wp-content\/uploads\/2024\/09\/noia-cafe-gelat-gremi-cafe-catalunya-768x594.jpg 768w\" sizes=\"(max-width: 865px) 100vw, 865px\" \/><p id=\"caption-attachment-7607\" class=\"wp-caption-text\">Caf\u00e9 y salud. Gremio del Caf\u00e9 de Catalu\u00f1a<\/p><\/div>\n<p class=\"p3\"><a href=\"https:\/\/naciodigital.cat\/viure-be\/salut\/nombre-tasses-cafe-cal-prendre-dia-protegir-cor-segons-cardiolegs_1989056_102.html\" target=\"_blank\" rel=\"noopener\"><span class=\"s1\">Lea la noticia entera en Naci\u00f3n Digital:<\/span><\/a><\/p>\n<p>https:\/\/naciodigital.cat\/viure-be\/salut\/nombre-tasses-cafe-cal-prendre-dia-protegir-cor-segons-cardiolegs_1989056_102.html<\/p>","protected":false},"excerpt":{"rendered":"<p>Segons els cardi\u00f2legs, el consum de caf\u00e8 est\u00e0 associat a un risc menor d&#8217;accidents cerebrovasculars, tot i que amb l\u00edmits. El consum diari de caf\u00e8 ajuda a protegir contra les malalties card\u00edaques, els accidents cardiovasculars i la diabetis tipus 2, segons un nou estudi de l&#8217;Endocrine Society estatunidenca. Si b\u00e9, els investigadors posen un l\u00edmit [&hellip;]<\/p>\n","protected":false},"author":1,"featured_media":7607,"comment_status":"closed","ping_status":"open","sticky":false,"template":"","format":"standard","meta":{"_acf_changed":false,"inline_featured_image":false,"footnotes":""},"categories":[1],"tags":[],"class_list":["post-7606","post","type-post","status-publish","format-standard","has-post-thumbnail","hentry","category-noticies"],"acf":[],"yoast_head":"<!-- This site is optimized with the Yoast SEO plugin v25.5 - https:\/\/yoast.com\/wordpress\/plugins\/seo\/ -->\n<title>El nombre de tasses de caf\u00e8 que cal prendre al dia per protegir el cor, segons els cardi\u00f2legs - Gremi del Caf\u00e8, torradors de Catalunya<\/title>\n<meta name=\"description\" content=\"El consum diari de caf\u00e8 ajuda a protegir contra les malalties card\u00edaques, els accidents cardiovasculars i la diabetis tipus 2, segons un nou estudi de l&#039;Endocrine Society estatunidenca. Si b\u00e9, els investigadors posen un l\u00edmit de tres tasses, que equival a entre 200 i 300 mil\u00b7ligrams de cafe\u00efna.\" \/>\n<meta name=\"robots\" content=\"index, follow, max-snippet:-1, max-image-preview:large, max-video-preview:-1\" \/>\n<link rel=\"canonical\" href=\"https:\/\/gremicafe.cat\/es\/2024\/09\/19\/el-nombre-de-tasses-de-cafe-que-cal-prendre-al-dia-per-protegir-el-cor-segons-els-cardiolegs\/\" \/>\n<meta property=\"og:locale\" content=\"es_ES\" \/>\n<meta property=\"og:type\" content=\"article\" \/>\n<meta property=\"og:title\" content=\"El nombre de tasses de caf\u00e8 que cal prendre al dia per protegir el cor, segons els cardi\u00f2legs - Gremi del Caf\u00e8, torradors de Catalunya\" \/>\n<meta property=\"og:description\" content=\"El consum diari de caf\u00e8 ajuda a protegir contra les malalties card\u00edaques, els accidents cardiovasculars i la diabetis tipus 2, segons un nou estudi de l&#039;Endocrine Society estatunidenca. Si b\u00e9, els investigadors posen un l\u00edmit de tres tasses, que equival a entre 200 i 300 mil\u00b7ligrams de cafe\u00efna.\" \/>\n<meta property=\"og:url\" content=\"https:\/\/gremicafe.cat\/es\/2024\/09\/19\/el-nombre-de-tasses-de-cafe-que-cal-prendre-al-dia-per-protegir-el-cor-segons-els-cardiolegs\/\" \/>\n<meta property=\"og:site_name\" content=\"Gremi del Caf\u00e8, torradors de Catalunya\" \/>\n<meta property=\"article:publisher\" content=\"https:\/\/www.facebook.com\/gremicafecat\" \/>\n<meta property=\"article:published_time\" content=\"2024-09-19T14:10:31+00:00\" \/>\n<meta property=\"article:modified_time\" content=\"2024-11-13T12:58:49+00:00\" \/>\n<meta property=\"og:image\" content=\"https:\/\/gremicafe.cat\/wp-content\/uploads\/2024\/09\/noia-cafe-gelat-gremi-cafe-catalunya.jpg\" \/>\n\t<meta property=\"og:image:width\" content=\"865\" \/>\n\t<meta property=\"og:image:height\" content=\"669\" \/>\n\t<meta property=\"og:image:type\" content=\"image\/jpeg\" \/>\n<meta name=\"author\" content=\"gremicafe\" \/>\n<meta name=\"twitter:card\" content=\"summary_large_image\" \/>\n<meta name=\"twitter:creator\" content=\"@gremicafecat\" \/>\n<meta name=\"twitter:site\" content=\"@gremicafecat\" \/>\n<meta name=\"twitter:label1\" content=\"Escrito por\" \/>\n\t<meta name=\"twitter:data1\" content=\"gremicafe\" \/>\n\t<meta name=\"twitter:label2\" content=\"Tiempo de lectura\" \/>\n\t<meta name=\"twitter:data2\" content=\"2 minutos\" \/>\n<script type=\"application\/ld+json\" class=\"yoast-schema-graph\">{\"@context\":\"https:\/\/schema.org\",\"@graph\":[{\"@type\":\"Article\",\"@id\":\"https:\/\/gremicafe.cat\/2024\/09\/19\/el-nombre-de-tasses-de-cafe-que-cal-prendre-al-dia-per-protegir-el-cor-segons-els-cardiolegs\/#article\",\"isPartOf\":{\"@id\":\"https:\/\/gremicafe.cat\/2024\/09\/19\/el-nombre-de-tasses-de-cafe-que-cal-prendre-al-dia-per-protegir-el-cor-segons-els-cardiolegs\/\"},\"author\":{\"name\":\"gremicafe\",\"@id\":\"https:\/\/gremicafe.cat\/#\/schema\/person\/dabfdbb3d0fa36260855a380f94e4733\"},\"headline\":\"El nombre de tasses de caf\u00e8 que cal prendre al dia per protegir el cor, segons els cardi\u00f2legs\",\"datePublished\":\"2024-09-19T14:10:31+00:00\",\"dateModified\":\"2024-11-13T12:58:49+00:00\",\"mainEntityOfPage\":{\"@id\":\"https:\/\/gremicafe.cat\/2024\/09\/19\/el-nombre-de-tasses-de-cafe-que-cal-prendre-al-dia-per-protegir-el-cor-segons-els-cardiolegs\/\"},\"wordCount\":184,\"publisher\":{\"@id\":\"https:\/\/gremicafe.cat\/#organization\"},\"image\":{\"@id\":\"https:\/\/gremicafe.cat\/2024\/09\/19\/el-nombre-de-tasses-de-cafe-que-cal-prendre-al-dia-per-protegir-el-cor-segons-els-cardiolegs\/#primaryimage\"},\"thumbnailUrl\":\"https:\/\/gremicafe.cat\/wp-content\/uploads\/2024\/09\/noia-cafe-gelat-gremi-cafe-catalunya.jpg\",\"articleSection\":[\"Not\u00edcies\"],\"inLanguage\":\"es\"},{\"@type\":\"WebPage\",\"@id\":\"https:\/\/gremicafe.cat\/2024\/09\/19\/el-nombre-de-tasses-de-cafe-que-cal-prendre-al-dia-per-protegir-el-cor-segons-els-cardiolegs\/\",\"url\":\"https:\/\/gremicafe.cat\/2024\/09\/19\/el-nombre-de-tasses-de-cafe-que-cal-prendre-al-dia-per-protegir-el-cor-segons-els-cardiolegs\/\",\"name\":\"El nombre de tasses de caf\u00e8 que cal prendre al dia per protegir el cor, segons els cardi\u00f2legs - Gremi del Caf\u00e8, torradors de Catalunya\",\"isPartOf\":{\"@id\":\"https:\/\/gremicafe.cat\/#website\"},\"primaryImageOfPage\":{\"@id\":\"https:\/\/gremicafe.cat\/2024\/09\/19\/el-nombre-de-tasses-de-cafe-que-cal-prendre-al-dia-per-protegir-el-cor-segons-els-cardiolegs\/#primaryimage\"},\"image\":{\"@id\":\"https:\/\/gremicafe.cat\/2024\/09\/19\/el-nombre-de-tasses-de-cafe-que-cal-prendre-al-dia-per-protegir-el-cor-segons-els-cardiolegs\/#primaryimage\"},\"thumbnailUrl\":\"https:\/\/gremicafe.cat\/wp-content\/uploads\/2024\/09\/noia-cafe-gelat-gremi-cafe-catalunya.jpg\",\"datePublished\":\"2024-09-19T14:10:31+00:00\",\"dateModified\":\"2024-11-13T12:58:49+00:00\",\"description\":\"El consum diari de caf\u00e8 ajuda a protegir contra les malalties card\u00edaques, els accidents cardiovasculars i la diabetis tipus 2, segons un nou estudi de l'Endocrine Society estatunidenca. Si b\u00e9, els investigadors posen un l\u00edmit de tres tasses, que equival a entre 200 i 300 mil\u00b7ligrams de cafe\u00efna.\",\"breadcrumb\":{\"@id\":\"https:\/\/gremicafe.cat\/2024\/09\/19\/el-nombre-de-tasses-de-cafe-que-cal-prendre-al-dia-per-protegir-el-cor-segons-els-cardiolegs\/#breadcrumb\"},\"inLanguage\":\"es\",\"potentialAction\":[{\"@type\":\"ReadAction\",\"target\":[\"https:\/\/gremicafe.cat\/2024\/09\/19\/el-nombre-de-tasses-de-cafe-que-cal-prendre-al-dia-per-protegir-el-cor-segons-els-cardiolegs\/\"]}]},{\"@type\":\"ImageObject\",\"inLanguage\":\"es\",\"@id\":\"https:\/\/gremicafe.cat\/2024\/09\/19\/el-nombre-de-tasses-de-cafe-que-cal-prendre-al-dia-per-protegir-el-cor-segons-els-cardiolegs\/#primaryimage\",\"url\":\"https:\/\/gremicafe.cat\/wp-content\/uploads\/2024\/09\/noia-cafe-gelat-gremi-cafe-catalunya.jpg\",\"contentUrl\":\"https:\/\/gremicafe.cat\/wp-content\/uploads\/2024\/09\/noia-cafe-gelat-gremi-cafe-catalunya.jpg\",\"width\":865,\"height\":669,\"caption\":\"Caf\u00e8 i salut. Gremi del Caf\u00e8 de Catalunya\"},{\"@type\":\"BreadcrumbList\",\"@id\":\"https:\/\/gremicafe.cat\/2024\/09\/19\/el-nombre-de-tasses-de-cafe-que-cal-prendre-al-dia-per-protegir-el-cor-segons-els-cardiolegs\/#breadcrumb\",\"itemListElement\":[{\"@type\":\"ListItem\",\"position\":1,\"name\":\"Inici\",\"item\":\"https:\/\/gremicafe.cat\/\"},{\"@type\":\"ListItem\",\"position\":2,\"name\":\"El nombre de tasses de caf\u00e8 que cal prendre al dia per protegir el cor, segons els cardi\u00f2legs\"}]},{\"@type\":\"WebSite\",\"@id\":\"https:\/\/gremicafe.cat\/#website\",\"url\":\"https:\/\/gremicafe.cat\/\",\"name\":\"Gremi del Caf\u00e8, torradors de Catalunya\",\"description\":\"Web oficial del gremi de torradors de caf\u00e8 de Catalunya\",\"publisher\":{\"@id\":\"https:\/\/gremicafe.cat\/#organization\"},\"potentialAction\":[{\"@type\":\"SearchAction\",\"target\":{\"@type\":\"EntryPoint\",\"urlTemplate\":\"https:\/\/gremicafe.cat\/?s={search_term_string}\"},\"query-input\":{\"@type\":\"PropertyValueSpecification\",\"valueRequired\":true,\"valueName\":\"search_term_string\"}}],\"inLanguage\":\"es\"},{\"@type\":\"Organization\",\"@id\":\"https:\/\/gremicafe.cat\/#organization\",\"name\":\"Gremi del Caf\u00e8, Torradors de Catalunya\",\"url\":\"https:\/\/gremicafe.cat\/\",\"logo\":{\"@type\":\"ImageObject\",\"inLanguage\":\"es\",\"@id\":\"https:\/\/gremicafe.cat\/#\/schema\/logo\/image\/\",\"url\":\"https:\/\/gremicafe.cat\/wp-content\/uploads\/2018\/03\/gremicafe-logo250.png\",\"contentUrl\":\"https:\/\/gremicafe.cat\/wp-content\/uploads\/2018\/03\/gremicafe-logo250.png\",\"width\":250,\"height\":49,\"caption\":\"Gremi del Caf\u00e8, Torradors de Catalunya\"},\"image\":{\"@id\":\"https:\/\/gremicafe.cat\/#\/schema\/logo\/image\/\"},\"sameAs\":[\"https:\/\/www.facebook.com\/gremicafecat\",\"https:\/\/x.com\/gremicafecat\",\"https:\/\/www.instagram.com\/gremicafecat\/\",\"https:\/\/www.pinterest.es\/gremicafecat\/\",\"https:\/\/www.youtube.com\/channel\/UCGLo5Y35vLwLvP4FrPZrCrw\/\"]},{\"@type\":\"Person\",\"@id\":\"https:\/\/gremicafe.cat\/#\/schema\/person\/dabfdbb3d0fa36260855a380f94e4733\",\"name\":\"gremicafe\",\"image\":{\"@type\":\"ImageObject\",\"inLanguage\":\"es\",\"@id\":\"https:\/\/gremicafe.cat\/#\/schema\/person\/image\/\",\"url\":\"https:\/\/secure.gravatar.com\/avatar\/e59baa4ca8f6f97576d6375fb6d3c8f0?s=96&d=mm&r=g\",\"contentUrl\":\"https:\/\/secure.gravatar.com\/avatar\/e59baa4ca8f6f97576d6375fb6d3c8f0?s=96&d=mm&r=g\",\"caption\":\"gremicafe\"}}]}<\/script>\n<!-- \/ Yoast SEO plugin. -->","yoast_head_json":{"title":"El nombre de tasses de caf\u00e8 que cal prendre al dia per protegir el cor, segons els cardi\u00f2legs - Gremi del Caf\u00e8, torradors de Catalunya","description":"El consum diari de caf\u00e8 ajuda a protegir contra les malalties card\u00edaques, els accidents cardiovasculars i la diabetis tipus 2, segons un nou estudi de l'Endocrine Society estatunidenca. Si b\u00e9, els investigadors posen un l\u00edmit de tres tasses, que equival a entre 200 i 300 mil\u00b7ligrams de cafe\u00efna.","robots":{"index":"index","follow":"follow","max-snippet":"max-snippet:-1","max-image-preview":"max-image-preview:large","max-video-preview":"max-video-preview:-1"},"canonical":"https:\/\/gremicafe.cat\/es\/2024\/09\/19\/el-nombre-de-tasses-de-cafe-que-cal-prendre-al-dia-per-protegir-el-cor-segons-els-cardiolegs\/","og_locale":"es_ES","og_type":"article","og_title":"El nombre de tasses de caf\u00e8 que cal prendre al dia per protegir el cor, segons els cardi\u00f2legs - Gremi del Caf\u00e8, torradors de Catalunya","og_description":"El consum diari de caf\u00e8 ajuda a protegir contra les malalties card\u00edaques, els accidents cardiovasculars i la diabetis tipus 2, segons un nou estudi de l'Endocrine Society estatunidenca. Si b\u00e9, els investigadors posen un l\u00edmit de tres tasses, que equival a entre 200 i 300 mil\u00b7ligrams de cafe\u00efna.","og_url":"https:\/\/gremicafe.cat\/es\/2024\/09\/19\/el-nombre-de-tasses-de-cafe-que-cal-prendre-al-dia-per-protegir-el-cor-segons-els-cardiolegs\/","og_site_name":"Gremi del Caf\u00e8, torradors de Catalunya","article_publisher":"https:\/\/www.facebook.com\/gremicafecat","article_published_time":"2024-09-19T14:10:31+00:00","article_modified_time":"2024-11-13T12:58:49+00:00","og_image":[{"width":865,"height":669,"url":"https:\/\/gremicafe.cat\/wp-content\/uploads\/2024\/09\/noia-cafe-gelat-gremi-cafe-catalunya.jpg","type":"image\/jpeg"}],"author":"gremicafe","twitter_card":"summary_large_image","twitter_creator":"@gremicafecat","twitter_site":"@gremicafecat","twitter_misc":{"Escrito por":"gremicafe","Tiempo de lectura":"2 minutos"},"schema":{"@context":"https:\/\/schema.org","@graph":[{"@type":"Article","@id":"https:\/\/gremicafe.cat\/2024\/09\/19\/el-nombre-de-tasses-de-cafe-que-cal-prendre-al-dia-per-protegir-el-cor-segons-els-cardiolegs\/#article","isPartOf":{"@id":"https:\/\/gremicafe.cat\/2024\/09\/19\/el-nombre-de-tasses-de-cafe-que-cal-prendre-al-dia-per-protegir-el-cor-segons-els-cardiolegs\/"},"author":{"name":"gremicafe","@id":"https:\/\/gremicafe.cat\/#\/schema\/person\/dabfdbb3d0fa36260855a380f94e4733"},"headline":"El nombre de tasses de caf\u00e8 que cal prendre al dia per protegir el cor, segons els cardi\u00f2legs","datePublished":"2024-09-19T14:10:31+00:00","dateModified":"2024-11-13T12:58:49+00:00","mainEntityOfPage":{"@id":"https:\/\/gremicafe.cat\/2024\/09\/19\/el-nombre-de-tasses-de-cafe-que-cal-prendre-al-dia-per-protegir-el-cor-segons-els-cardiolegs\/"},"wordCount":184,"publisher":{"@id":"https:\/\/gremicafe.cat\/#organization"},"image":{"@id":"https:\/\/gremicafe.cat\/2024\/09\/19\/el-nombre-de-tasses-de-cafe-que-cal-prendre-al-dia-per-protegir-el-cor-segons-els-cardiolegs\/#primaryimage"},"thumbnailUrl":"https:\/\/gremicafe.cat\/wp-content\/uploads\/2024\/09\/noia-cafe-gelat-gremi-cafe-catalunya.jpg","articleSection":["Not\u00edcies"],"inLanguage":"es"},{"@type":"WebPage","@id":"https:\/\/gremicafe.cat\/2024\/09\/19\/el-nombre-de-tasses-de-cafe-que-cal-prendre-al-dia-per-protegir-el-cor-segons-els-cardiolegs\/","url":"https:\/\/gremicafe.cat\/2024\/09\/19\/el-nombre-de-tasses-de-cafe-que-cal-prendre-al-dia-per-protegir-el-cor-segons-els-cardiolegs\/","name":"El nombre de tasses de caf\u00e8 que cal prendre al dia per protegir el cor, segons els cardi\u00f2legs - Gremi del Caf\u00e8, torradors de Catalunya","isPartOf":{"@id":"https:\/\/gremicafe.cat\/#website"},"primaryImageOfPage":{"@id":"https:\/\/gremicafe.cat\/2024\/09\/19\/el-nombre-de-tasses-de-cafe-que-cal-prendre-al-dia-per-protegir-el-cor-segons-els-cardiolegs\/#primaryimage"},"image":{"@id":"https:\/\/gremicafe.cat\/2024\/09\/19\/el-nombre-de-tasses-de-cafe-que-cal-prendre-al-dia-per-protegir-el-cor-segons-els-cardiolegs\/#primaryimage"},"thumbnailUrl":"https:\/\/gremicafe.cat\/wp-content\/uploads\/2024\/09\/noia-cafe-gelat-gremi-cafe-catalunya.jpg","datePublished":"2024-09-19T14:10:31+00:00","dateModified":"2024-11-13T12:58:49+00:00","description":"El consum diari de caf\u00e8 ajuda a protegir contra les malalties card\u00edaques, els accidents cardiovasculars i la diabetis tipus 2, segons un nou estudi de l'Endocrine Society estatunidenca. Si b\u00e9, els investigadors posen un l\u00edmit de tres tasses, que equival a entre 200 i 300 mil\u00b7ligrams de cafe\u00efna.","breadcrumb":{"@id":"https:\/\/gremicafe.cat\/2024\/09\/19\/el-nombre-de-tasses-de-cafe-que-cal-prendre-al-dia-per-protegir-el-cor-segons-els-cardiolegs\/#breadcrumb"},"inLanguage":"es","potentialAction":[{"@type":"ReadAction","target":["https:\/\/gremicafe.cat\/2024\/09\/19\/el-nombre-de-tasses-de-cafe-que-cal-prendre-al-dia-per-protegir-el-cor-segons-els-cardiolegs\/"]}]},{"@type":"ImageObject","inLanguage":"es","@id":"https:\/\/gremicafe.cat\/2024\/09\/19\/el-nombre-de-tasses-de-cafe-que-cal-prendre-al-dia-per-protegir-el-cor-segons-els-cardiolegs\/#primaryimage","url":"https:\/\/gremicafe.cat\/wp-content\/uploads\/2024\/09\/noia-cafe-gelat-gremi-cafe-catalunya.jpg","contentUrl":"https:\/\/gremicafe.cat\/wp-content\/uploads\/2024\/09\/noia-cafe-gelat-gremi-cafe-catalunya.jpg","width":865,"height":669,"caption":"Caf\u00e8 i salut. Gremi del Caf\u00e8 de Catalunya"},{"@type":"BreadcrumbList","@id":"https:\/\/gremicafe.cat\/2024\/09\/19\/el-nombre-de-tasses-de-cafe-que-cal-prendre-al-dia-per-protegir-el-cor-segons-els-cardiolegs\/#breadcrumb","itemListElement":[{"@type":"ListItem","position":1,"name":"Inici","item":"https:\/\/gremicafe.cat\/"},{"@type":"ListItem","position":2,"name":"El nombre de tasses de caf\u00e8 que cal prendre al dia per protegir el cor, segons els cardi\u00f2legs"}]},{"@type":"WebSite","@id":"https:\/\/gremicafe.cat\/#website","url":"https:\/\/gremicafe.cat\/","name":"Gremio del Caf\u00e9, tostadores de Catalu\u00f1a","description":"Web oficial del gremio de tostadores de caf\u00e9 de Catalunya","publisher":{"@id":"https:\/\/gremicafe.cat\/#organization"},"potentialAction":[{"@type":"SearchAction","target":{"@type":"EntryPoint","urlTemplate":"https:\/\/gremicafe.cat\/?s={search_term_string}"},"query-input":{"@type":"PropertyValueSpecification","valueRequired":true,"valueName":"search_term_string"}}],"inLanguage":"es"},{"@type":"Organization","@id":"https:\/\/gremicafe.cat\/#organization","name":"Gremio del Caf\u00e9, Tostadores de Catalu\u00f1a","url":"https:\/\/gremicafe.cat\/","logo":{"@type":"ImageObject","inLanguage":"es","@id":"https:\/\/gremicafe.cat\/#\/schema\/logo\/image\/","url":"https:\/\/gremicafe.cat\/wp-content\/uploads\/2018\/03\/gremicafe-logo250.png","contentUrl":"https:\/\/gremicafe.cat\/wp-content\/uploads\/2018\/03\/gremicafe-logo250.png","width":250,"height":49,"caption":"Gremi del Caf\u00e8, Torradors de Catalunya"},"image":{"@id":"https:\/\/gremicafe.cat\/#\/schema\/logo\/image\/"},"sameAs":["https:\/\/www.facebook.com\/gremicafecat","https:\/\/x.com\/gremicafecat","https:\/\/www.instagram.com\/gremicafecat\/","https:\/\/www.pinterest.es\/gremicafecat\/","https:\/\/www.youtube.com\/channel\/UCGLo5Y35vLwLvP4FrPZrCrw\/"]},{"@type":"Person","@id":"https:\/\/gremicafe.cat\/#\/schema\/person\/dabfdbb3d0fa36260855a380f94e4733","name":"gremicafe","image":{"@type":"ImageObject","inLanguage":"es","@id":"https:\/\/gremicafe.cat\/#\/schema\/person\/image\/","url":"https:\/\/secure.gravatar.com\/avatar\/e59baa4ca8f6f97576d6375fb6d3c8f0?s=96&d=mm&r=g","contentUrl":"https:\/\/secure.gravatar.com\/avatar\/e59baa4ca8f6f97576d6375fb6d3c8f0?s=96&d=mm&r=g","caption":"gremicafe"}}]}},"_links":{"self":[{"href":"https:\/\/gremicafe.cat\/es\/wp-json\/wp\/v2\/posts\/7606"}],"collection":[{"href":"https:\/\/gremicafe.cat\/es\/wp-json\/wp\/v2\/posts"}],"about":[{"href":"https:\/\/gremicafe.cat\/es\/wp-json\/wp\/v2\/types\/post"}],"author":[{"embeddable":true,"href":"https:\/\/gremicafe.cat\/es\/wp-json\/wp\/v2\/users\/1"}],"replies":[{"embeddable":true,"href":"https:\/\/gremicafe.cat\/es\/wp-json\/wp\/v2\/comments?post=7606"}],"version-history":[{"count":0,"href":"https:\/\/gremicafe.cat\/es\/wp-json\/wp\/v2\/posts\/7606\/revisions"}],"wp:featuredmedia":[{"embeddable":true,"href":"https:\/\/gremicafe.cat\/es\/wp-json\/wp\/v2\/media\/7607"}],"wp:attachment":[{"href":"https:\/\/gremicafe.cat\/es\/wp-json\/wp\/v2\/media?parent=7606"}],"wp:term":[{"taxonomy":"category","embeddable":true,"href":"https:\/\/gremicafe.cat\/es\/wp-json\/wp\/v2\/categories?post=7606"},{"taxonomy":"post_tag","embeddable":true,"href":"https:\/\/gremicafe.cat\/es\/wp-json\/wp\/v2\/tags?post=7606"}],"curies":[{"name":"wp","href":"https:\/\/api.w.org\/{rel}","templated":true}]}}