{"id":7611,"date":"2024-09-23T17:41:40","date_gmt":"2024-09-23T15:41:40","guid":{"rendered":"https:\/\/gremicafe.cat\/?p=7611"},"modified":"2024-09-30T17:44:27","modified_gmt":"2024-09-30T15:44:27","slug":"com-la-fruita-mes-olorosa-del-mon-esta-fent-que-el-cafe-sigui-mes-car","status":"publish","type":"post","link":"https:\/\/gremicafe.cat\/es\/2024\/09\/23\/com-la-fruita-mes-olorosa-del-mon-esta-fent-que-el-cafe-sigui-mes-car\/","title":{"rendered":"Como la fruta m\u00e1s olorosa del mundo est\u00e1 haciendo que el caf\u00e9 sea m\u00e1s caro"},"content":{"rendered":"<p class=\"p1\"><strong>\u00bfHasta cu\u00e1nto se puede pagar por una infusi\u00f3n de cafe\u00edna?<\/strong><\/p>\n<p class=\"p1\">Precios como 5\u00a3 en Londres o 7 $ en Nueva York por una taza de caf\u00e9 pueden ser impensables para algunos, pero pronto podr\u00edan ser una realidad gracias a una \u201ctormenta perfecta\u201d de factores econ\u00f3micos y ambientales en las principales regiones productoras de caf\u00e9 del mundo.<\/p>\n<p class=\"p1\">El coste de los granos de caf\u00e9 sin tostar que se comercializan en los mercados globales est\u00e1 ahora en un \u201cnivel hist\u00f3ricamente alto\u201d, dice el analista <strong>Judy Ganes<\/strong>.<\/p>\n<p class=\"p1\">Los expertos culpan de una mezcla de cultivos con problemas, fuerzas del mercado y existencias agotadas de la fruta m\u00e1s olorosa del mundo. Pero, \u00bfc\u00f3mo hemos llegado hasta aqu\u00ed y hasta qu\u00e9 punto afectar\u00e1 a nuestro caf\u00e9 de la ma\u00f1ana?<\/p>\n<p class=\"p1\"><a href=\"https:\/\/www.bbc.com\/news\/articles\/c5y37dvlr70o\" target=\"_blank\" rel=\"noopener\">Lea el art\u00edculo original aqu\u00ed:<\/a><\/p>\n<p class=\"p1\"><strong>How the world&#039;s smelliest fruto es making coffee more expensive<\/strong><br \/>\n<strong>\u00a9 Jake Lapham<\/strong><br \/>\n<strong>\u00a9 BBC News<\/strong><br \/>\n15 September 2024<\/p>\n<p>&nbsp;<\/p>\n<div id=\"attachment_7612\" style=\"width: 1034px\" class=\"wp-caption aligncenter\"><img loading=\"lazy\" decoding=\"async\" aria-describedby=\"caption-attachment-7612\" class=\"wp-image-7612 size-full\" src=\"https:\/\/gremicafe.cat\/wp-content\/uploads\/2024\/09\/CafeBBC.jpg\" alt=\"\" width=\"1024\" height=\"800\" srcset=\"https:\/\/gremicafe.cat\/wp-content\/uploads\/2024\/09\/CafeBBC.jpg 1024w, https:\/\/gremicafe.cat\/wp-content\/uploads\/2024\/09\/CafeBBC-768x600.jpg 768w, https:\/\/gremicafe.cat\/wp-content\/uploads\/2024\/09\/CafeBBC-922x720.jpg 922w\" sizes=\"(max-width: 1024px) 100vw, 1024px\" \/><p id=\"caption-attachment-7612\" class=\"wp-caption-text\">How the world&#039;s smelliest fruto es making coffee more expensive<br \/>\u00a9 Jake Lapham<br \/>\u00a9 BBC News<br \/>15 September 2024<\/p><\/div>","protected":false},"excerpt":{"rendered":"<p>Fins a quant es pot pagar per una infusi\u00f3 de cafe\u00efna? Preus com 5 \u00a3 a Londres o 7 $ a Nova York per una tassa de caf\u00e8 poden ser impensables per a alguns, per\u00f2 aviat podrien ser una realitat gr\u00e0cies a una &#8220;tempesta perfecta&#8221; de factors econ\u00f2mics i ambientals a les principals regions productores [&hellip;]<\/p>\n","protected":false},"author":1,"featured_media":7612,"comment_status":"closed","ping_status":"open","sticky":false,"template":"","format":"standard","meta":{"_acf_changed":false,"inline_featured_image":false,"footnotes":""},"categories":[1],"tags":[],"class_list":["post-7611","post","type-post","status-publish","format-standard","has-post-thumbnail","hentry","category-noticies"],"acf":[],"yoast_head":"<!-- This site is optimized with the Yoast SEO plugin v25.5 - https:\/\/yoast.com\/wordpress\/plugins\/seo\/ -->\n<title>Com la fruita m\u00e9s olorosa del m\u00f3n est\u00e0 fent que el caf\u00e8 sigui m\u00e9s car - Gremi del Caf\u00e8, torradors de Catalunya<\/title>\n<meta name=\"robots\" content=\"index, follow, max-snippet:-1, max-image-preview:large, max-video-preview:-1\" \/>\n<link rel=\"canonical\" href=\"https:\/\/gremicafe.cat\/es\/2024\/09\/23\/com-la-fruita-mes-olorosa-del-mon-esta-fent-que-el-cafe-sigui-mes-car\/\" \/>\n<meta property=\"og:locale\" content=\"es_ES\" \/>\n<meta property=\"og:type\" content=\"article\" \/>\n<meta property=\"og:title\" content=\"Com la fruita m\u00e9s olorosa del m\u00f3n est\u00e0 fent que el caf\u00e8 sigui m\u00e9s car - Gremi del Caf\u00e8, torradors de Catalunya\" \/>\n<meta property=\"og:description\" content=\"Fins a quant es pot pagar per una infusi\u00f3 de cafe\u00efna? Preus com 5 \u00a3 a Londres o 7 $ a Nova York per una tassa de caf\u00e8 poden ser impensables per a alguns, per\u00f2 aviat podrien ser una realitat gr\u00e0cies a una &#8220;tempesta perfecta&#8221; de factors econ\u00f2mics i ambientals a les principals regions productores [&hellip;]\" \/>\n<meta property=\"og:url\" content=\"https:\/\/gremicafe.cat\/es\/2024\/09\/23\/com-la-fruita-mes-olorosa-del-mon-esta-fent-que-el-cafe-sigui-mes-car\/\" \/>\n<meta property=\"og:site_name\" content=\"Gremi del Caf\u00e8, torradors de Catalunya\" \/>\n<meta property=\"article:publisher\" content=\"https:\/\/www.facebook.com\/gremicafecat\" \/>\n<meta property=\"article:published_time\" content=\"2024-09-23T15:41:40+00:00\" \/>\n<meta property=\"article:modified_time\" content=\"2024-09-30T15:44:27+00:00\" \/>\n<meta property=\"og:image\" content=\"https:\/\/gremicafe.cat\/wp-content\/uploads\/2024\/09\/CafeBBC.jpg\" \/>\n\t<meta property=\"og:image:width\" content=\"1024\" \/>\n\t<meta property=\"og:image:height\" content=\"800\" \/>\n\t<meta property=\"og:image:type\" content=\"image\/jpeg\" \/>\n<meta name=\"author\" content=\"gremicafe\" \/>\n<meta name=\"twitter:card\" content=\"summary_large_image\" \/>\n<meta name=\"twitter:creator\" content=\"@gremicafecat\" \/>\n<meta name=\"twitter:site\" content=\"@gremicafecat\" \/>\n<meta name=\"twitter:label1\" content=\"Escrito por\" \/>\n\t<meta name=\"twitter:data1\" content=\"gremicafe\" \/>\n\t<meta name=\"twitter:label2\" content=\"Tiempo de lectura\" \/>\n\t<meta name=\"twitter:data2\" content=\"2 minutos\" \/>\n<script type=\"application\/ld+json\" class=\"yoast-schema-graph\">{\"@context\":\"https:\/\/schema.org\",\"@graph\":[{\"@type\":\"Article\",\"@id\":\"https:\/\/gremicafe.cat\/2024\/09\/23\/com-la-fruita-mes-olorosa-del-mon-esta-fent-que-el-cafe-sigui-mes-car\/#article\",\"isPartOf\":{\"@id\":\"https:\/\/gremicafe.cat\/2024\/09\/23\/com-la-fruita-mes-olorosa-del-mon-esta-fent-que-el-cafe-sigui-mes-car\/\"},\"author\":{\"name\":\"gremicafe\",\"@id\":\"https:\/\/gremicafe.cat\/#\/schema\/person\/dabfdbb3d0fa36260855a380f94e4733\"},\"headline\":\"Com la fruita m\u00e9s olorosa del m\u00f3n est\u00e0 fent que el caf\u00e8 sigui m\u00e9s car\",\"datePublished\":\"2024-09-23T15:41:40+00:00\",\"dateModified\":\"2024-09-30T15:44:27+00:00\",\"mainEntityOfPage\":{\"@id\":\"https:\/\/gremicafe.cat\/2024\/09\/23\/com-la-fruita-mes-olorosa-del-mon-esta-fent-que-el-cafe-sigui-mes-car\/\"},\"wordCount\":190,\"publisher\":{\"@id\":\"https:\/\/gremicafe.cat\/#organization\"},\"image\":{\"@id\":\"https:\/\/gremicafe.cat\/2024\/09\/23\/com-la-fruita-mes-olorosa-del-mon-esta-fent-que-el-cafe-sigui-mes-car\/#primaryimage\"},\"thumbnailUrl\":\"https:\/\/gremicafe.cat\/wp-content\/uploads\/2024\/09\/CafeBBC.jpg\",\"articleSection\":[\"Not\u00edcies\"],\"inLanguage\":\"es\"},{\"@type\":\"WebPage\",\"@id\":\"https:\/\/gremicafe.cat\/2024\/09\/23\/com-la-fruita-mes-olorosa-del-mon-esta-fent-que-el-cafe-sigui-mes-car\/\",\"url\":\"https:\/\/gremicafe.cat\/2024\/09\/23\/com-la-fruita-mes-olorosa-del-mon-esta-fent-que-el-cafe-sigui-mes-car\/\",\"name\":\"Com la fruita m\u00e9s olorosa del m\u00f3n est\u00e0 fent que el caf\u00e8 sigui m\u00e9s car - Gremi del Caf\u00e8, torradors de Catalunya\",\"isPartOf\":{\"@id\":\"https:\/\/gremicafe.cat\/#website\"},\"primaryImageOfPage\":{\"@id\":\"https:\/\/gremicafe.cat\/2024\/09\/23\/com-la-fruita-mes-olorosa-del-mon-esta-fent-que-el-cafe-sigui-mes-car\/#primaryimage\"},\"image\":{\"@id\":\"https:\/\/gremicafe.cat\/2024\/09\/23\/com-la-fruita-mes-olorosa-del-mon-esta-fent-que-el-cafe-sigui-mes-car\/#primaryimage\"},\"thumbnailUrl\":\"https:\/\/gremicafe.cat\/wp-content\/uploads\/2024\/09\/CafeBBC.jpg\",\"datePublished\":\"2024-09-23T15:41:40+00:00\",\"dateModified\":\"2024-09-30T15:44:27+00:00\",\"breadcrumb\":{\"@id\":\"https:\/\/gremicafe.cat\/2024\/09\/23\/com-la-fruita-mes-olorosa-del-mon-esta-fent-que-el-cafe-sigui-mes-car\/#breadcrumb\"},\"inLanguage\":\"es\",\"potentialAction\":[{\"@type\":\"ReadAction\",\"target\":[\"https:\/\/gremicafe.cat\/2024\/09\/23\/com-la-fruita-mes-olorosa-del-mon-esta-fent-que-el-cafe-sigui-mes-car\/\"]}]},{\"@type\":\"ImageObject\",\"inLanguage\":\"es\",\"@id\":\"https:\/\/gremicafe.cat\/2024\/09\/23\/com-la-fruita-mes-olorosa-del-mon-esta-fent-que-el-cafe-sigui-mes-car\/#primaryimage\",\"url\":\"https:\/\/gremicafe.cat\/wp-content\/uploads\/2024\/09\/CafeBBC.jpg\",\"contentUrl\":\"https:\/\/gremicafe.cat\/wp-content\/uploads\/2024\/09\/CafeBBC.jpg\",\"width\":1024,\"height\":800,\"caption\":\"How the world\u2019s smelliest fruit is making coffee more expensive \u00a9 Jake Lapham \u00a9 BBC News 15 September 2024\"},{\"@type\":\"BreadcrumbList\",\"@id\":\"https:\/\/gremicafe.cat\/2024\/09\/23\/com-la-fruita-mes-olorosa-del-mon-esta-fent-que-el-cafe-sigui-mes-car\/#breadcrumb\",\"itemListElement\":[{\"@type\":\"ListItem\",\"position\":1,\"name\":\"Inici\",\"item\":\"https:\/\/gremicafe.cat\/\"},{\"@type\":\"ListItem\",\"position\":2,\"name\":\"Com la fruita m\u00e9s olorosa del m\u00f3n est\u00e0 fent que el caf\u00e8 sigui m\u00e9s car\"}]},{\"@type\":\"WebSite\",\"@id\":\"https:\/\/gremicafe.cat\/#website\",\"url\":\"https:\/\/gremicafe.cat\/\",\"name\":\"Gremi del Caf\u00e8, torradors de Catalunya\",\"description\":\"Web oficial del gremi de torradors de caf\u00e8 de Catalunya\",\"publisher\":{\"@id\":\"https:\/\/gremicafe.cat\/#organization\"},\"potentialAction\":[{\"@type\":\"SearchAction\",\"target\":{\"@type\":\"EntryPoint\",\"urlTemplate\":\"https:\/\/gremicafe.cat\/?s={search_term_string}\"},\"query-input\":{\"@type\":\"PropertyValueSpecification\",\"valueRequired\":true,\"valueName\":\"search_term_string\"}}],\"inLanguage\":\"es\"},{\"@type\":\"Organization\",\"@id\":\"https:\/\/gremicafe.cat\/#organization\",\"name\":\"Gremi del Caf\u00e8, Torradors de Catalunya\",\"url\":\"https:\/\/gremicafe.cat\/\",\"logo\":{\"@type\":\"ImageObject\",\"inLanguage\":\"es\",\"@id\":\"https:\/\/gremicafe.cat\/#\/schema\/logo\/image\/\",\"url\":\"https:\/\/gremicafe.cat\/wp-content\/uploads\/2018\/03\/gremicafe-logo250.png\",\"contentUrl\":\"https:\/\/gremicafe.cat\/wp-content\/uploads\/2018\/03\/gremicafe-logo250.png\",\"width\":250,\"height\":49,\"caption\":\"Gremi del Caf\u00e8, Torradors de Catalunya\"},\"image\":{\"@id\":\"https:\/\/gremicafe.cat\/#\/schema\/logo\/image\/\"},\"sameAs\":[\"https:\/\/www.facebook.com\/gremicafecat\",\"https:\/\/x.com\/gremicafecat\",\"https:\/\/www.instagram.com\/gremicafecat\/\",\"https:\/\/www.pinterest.es\/gremicafecat\/\",\"https:\/\/www.youtube.com\/channel\/UCGLo5Y35vLwLvP4FrPZrCrw\/\"]},{\"@type\":\"Person\",\"@id\":\"https:\/\/gremicafe.cat\/#\/schema\/person\/dabfdbb3d0fa36260855a380f94e4733\",\"name\":\"gremicafe\",\"image\":{\"@type\":\"ImageObject\",\"inLanguage\":\"es\",\"@id\":\"https:\/\/gremicafe.cat\/#\/schema\/person\/image\/\",\"url\":\"https:\/\/secure.gravatar.com\/avatar\/e59baa4ca8f6f97576d6375fb6d3c8f0?s=96&d=mm&r=g\",\"contentUrl\":\"https:\/\/secure.gravatar.com\/avatar\/e59baa4ca8f6f97576d6375fb6d3c8f0?s=96&d=mm&r=g\",\"caption\":\"gremicafe\"}}]}<\/script>\n<!-- \/ Yoast SEO plugin. -->","yoast_head_json":{"title":"Com la fruita m\u00e9s olorosa del m\u00f3n est\u00e0 fent que el caf\u00e8 sigui m\u00e9s car - Gremi del Caf\u00e8, torradors de Catalunya","robots":{"index":"index","follow":"follow","max-snippet":"max-snippet:-1","max-image-preview":"max-image-preview:large","max-video-preview":"max-video-preview:-1"},"canonical":"https:\/\/gremicafe.cat\/es\/2024\/09\/23\/com-la-fruita-mes-olorosa-del-mon-esta-fent-que-el-cafe-sigui-mes-car\/","og_locale":"es_ES","og_type":"article","og_title":"Com la fruita m\u00e9s olorosa del m\u00f3n est\u00e0 fent que el caf\u00e8 sigui m\u00e9s car - Gremi del Caf\u00e8, torradors de Catalunya","og_description":"Fins a quant es pot pagar per una infusi\u00f3 de cafe\u00efna? Preus com 5 \u00a3 a Londres o 7 $ a Nova York per una tassa de caf\u00e8 poden ser impensables per a alguns, per\u00f2 aviat podrien ser una realitat gr\u00e0cies a una &#8220;tempesta perfecta&#8221; de factors econ\u00f2mics i ambientals a les principals regions productores [&hellip;]","og_url":"https:\/\/gremicafe.cat\/es\/2024\/09\/23\/com-la-fruita-mes-olorosa-del-mon-esta-fent-que-el-cafe-sigui-mes-car\/","og_site_name":"Gremi del Caf\u00e8, torradors de Catalunya","article_publisher":"https:\/\/www.facebook.com\/gremicafecat","article_published_time":"2024-09-23T15:41:40+00:00","article_modified_time":"2024-09-30T15:44:27+00:00","og_image":[{"width":1024,"height":800,"url":"https:\/\/gremicafe.cat\/wp-content\/uploads\/2024\/09\/CafeBBC.jpg","type":"image\/jpeg"}],"author":"gremicafe","twitter_card":"summary_large_image","twitter_creator":"@gremicafecat","twitter_site":"@gremicafecat","twitter_misc":{"Escrito por":"gremicafe","Tiempo de lectura":"2 minutos"},"schema":{"@context":"https:\/\/schema.org","@graph":[{"@type":"Article","@id":"https:\/\/gremicafe.cat\/2024\/09\/23\/com-la-fruita-mes-olorosa-del-mon-esta-fent-que-el-cafe-sigui-mes-car\/#article","isPartOf":{"@id":"https:\/\/gremicafe.cat\/2024\/09\/23\/com-la-fruita-mes-olorosa-del-mon-esta-fent-que-el-cafe-sigui-mes-car\/"},"author":{"name":"gremicafe","@id":"https:\/\/gremicafe.cat\/#\/schema\/person\/dabfdbb3d0fa36260855a380f94e4733"},"headline":"Com la fruita m\u00e9s olorosa del m\u00f3n est\u00e0 fent que el caf\u00e8 sigui m\u00e9s car","datePublished":"2024-09-23T15:41:40+00:00","dateModified":"2024-09-30T15:44:27+00:00","mainEntityOfPage":{"@id":"https:\/\/gremicafe.cat\/2024\/09\/23\/com-la-fruita-mes-olorosa-del-mon-esta-fent-que-el-cafe-sigui-mes-car\/"},"wordCount":190,"publisher":{"@id":"https:\/\/gremicafe.cat\/#organization"},"image":{"@id":"https:\/\/gremicafe.cat\/2024\/09\/23\/com-la-fruita-mes-olorosa-del-mon-esta-fent-que-el-cafe-sigui-mes-car\/#primaryimage"},"thumbnailUrl":"https:\/\/gremicafe.cat\/wp-content\/uploads\/2024\/09\/CafeBBC.jpg","articleSection":["Not\u00edcies"],"inLanguage":"es"},{"@type":"WebPage","@id":"https:\/\/gremicafe.cat\/2024\/09\/23\/com-la-fruita-mes-olorosa-del-mon-esta-fent-que-el-cafe-sigui-mes-car\/","url":"https:\/\/gremicafe.cat\/2024\/09\/23\/com-la-fruita-mes-olorosa-del-mon-esta-fent-que-el-cafe-sigui-mes-car\/","name":"Com la fruita m\u00e9s olorosa del m\u00f3n est\u00e0 fent que el caf\u00e8 sigui m\u00e9s car - Gremi del Caf\u00e8, torradors de Catalunya","isPartOf":{"@id":"https:\/\/gremicafe.cat\/#website"},"primaryImageOfPage":{"@id":"https:\/\/gremicafe.cat\/2024\/09\/23\/com-la-fruita-mes-olorosa-del-mon-esta-fent-que-el-cafe-sigui-mes-car\/#primaryimage"},"image":{"@id":"https:\/\/gremicafe.cat\/2024\/09\/23\/com-la-fruita-mes-olorosa-del-mon-esta-fent-que-el-cafe-sigui-mes-car\/#primaryimage"},"thumbnailUrl":"https:\/\/gremicafe.cat\/wp-content\/uploads\/2024\/09\/CafeBBC.jpg","datePublished":"2024-09-23T15:41:40+00:00","dateModified":"2024-09-30T15:44:27+00:00","breadcrumb":{"@id":"https:\/\/gremicafe.cat\/2024\/09\/23\/com-la-fruita-mes-olorosa-del-mon-esta-fent-que-el-cafe-sigui-mes-car\/#breadcrumb"},"inLanguage":"es","potentialAction":[{"@type":"ReadAction","target":["https:\/\/gremicafe.cat\/2024\/09\/23\/com-la-fruita-mes-olorosa-del-mon-esta-fent-que-el-cafe-sigui-mes-car\/"]}]},{"@type":"ImageObject","inLanguage":"es","@id":"https:\/\/gremicafe.cat\/2024\/09\/23\/com-la-fruita-mes-olorosa-del-mon-esta-fent-que-el-cafe-sigui-mes-car\/#primaryimage","url":"https:\/\/gremicafe.cat\/wp-content\/uploads\/2024\/09\/CafeBBC.jpg","contentUrl":"https:\/\/gremicafe.cat\/wp-content\/uploads\/2024\/09\/CafeBBC.jpg","width":1024,"height":800,"caption":"How the world\u2019s smelliest fruit is making coffee more expensive \u00a9 Jake Lapham \u00a9 BBC News 15 September 2024"},{"@type":"BreadcrumbList","@id":"https:\/\/gremicafe.cat\/2024\/09\/23\/com-la-fruita-mes-olorosa-del-mon-esta-fent-que-el-cafe-sigui-mes-car\/#breadcrumb","itemListElement":[{"@type":"ListItem","position":1,"name":"Inici","item":"https:\/\/gremicafe.cat\/"},{"@type":"ListItem","position":2,"name":"Com la fruita m\u00e9s olorosa del m\u00f3n est\u00e0 fent que el caf\u00e8 sigui m\u00e9s car"}]},{"@type":"WebSite","@id":"https:\/\/gremicafe.cat\/#website","url":"https:\/\/gremicafe.cat\/","name":"Gremio del Caf\u00e9, tostadores de Catalu\u00f1a","description":"Web oficial del gremio de tostadores de caf\u00e9 de Catalunya","publisher":{"@id":"https:\/\/gremicafe.cat\/#organization"},"potentialAction":[{"@type":"SearchAction","target":{"@type":"EntryPoint","urlTemplate":"https:\/\/gremicafe.cat\/?s={search_term_string}"},"query-input":{"@type":"PropertyValueSpecification","valueRequired":true,"valueName":"search_term_string"}}],"inLanguage":"es"},{"@type":"Organization","@id":"https:\/\/gremicafe.cat\/#organization","name":"Gremio del Caf\u00e9, Tostadores de Catalu\u00f1a","url":"https:\/\/gremicafe.cat\/","logo":{"@type":"ImageObject","inLanguage":"es","@id":"https:\/\/gremicafe.cat\/#\/schema\/logo\/image\/","url":"https:\/\/gremicafe.cat\/wp-content\/uploads\/2018\/03\/gremicafe-logo250.png","contentUrl":"https:\/\/gremicafe.cat\/wp-content\/uploads\/2018\/03\/gremicafe-logo250.png","width":250,"height":49,"caption":"Gremi del Caf\u00e8, Torradors de Catalunya"},"image":{"@id":"https:\/\/gremicafe.cat\/#\/schema\/logo\/image\/"},"sameAs":["https:\/\/www.facebook.com\/gremicafecat","https:\/\/x.com\/gremicafecat","https:\/\/www.instagram.com\/gremicafecat\/","https:\/\/www.pinterest.es\/gremicafecat\/","https:\/\/www.youtube.com\/channel\/UCGLo5Y35vLwLvP4FrPZrCrw\/"]},{"@type":"Person","@id":"https:\/\/gremicafe.cat\/#\/schema\/person\/dabfdbb3d0fa36260855a380f94e4733","name":"gremicafe","image":{"@type":"ImageObject","inLanguage":"es","@id":"https:\/\/gremicafe.cat\/#\/schema\/person\/image\/","url":"https:\/\/secure.gravatar.com\/avatar\/e59baa4ca8f6f97576d6375fb6d3c8f0?s=96&d=mm&r=g","contentUrl":"https:\/\/secure.gravatar.com\/avatar\/e59baa4ca8f6f97576d6375fb6d3c8f0?s=96&d=mm&r=g","caption":"gremicafe"}}]}},"_links":{"self":[{"href":"https:\/\/gremicafe.cat\/es\/wp-json\/wp\/v2\/posts\/7611"}],"collection":[{"href":"https:\/\/gremicafe.cat\/es\/wp-json\/wp\/v2\/posts"}],"about":[{"href":"https:\/\/gremicafe.cat\/es\/wp-json\/wp\/v2\/types\/post"}],"author":[{"embeddable":true,"href":"https:\/\/gremicafe.cat\/es\/wp-json\/wp\/v2\/users\/1"}],"replies":[{"embeddable":true,"href":"https:\/\/gremicafe.cat\/es\/wp-json\/wp\/v2\/comments?post=7611"}],"version-history":[{"count":0,"href":"https:\/\/gremicafe.cat\/es\/wp-json\/wp\/v2\/posts\/7611\/revisions"}],"wp:featuredmedia":[{"embeddable":true,"href":"https:\/\/gremicafe.cat\/es\/wp-json\/wp\/v2\/media\/7612"}],"wp:attachment":[{"href":"https:\/\/gremicafe.cat\/es\/wp-json\/wp\/v2\/media?parent=7611"}],"wp:term":[{"taxonomy":"category","embeddable":true,"href":"https:\/\/gremicafe.cat\/es\/wp-json\/wp\/v2\/categories?post=7611"},{"taxonomy":"post_tag","embeddable":true,"href":"https:\/\/gremicafe.cat\/es\/wp-json\/wp\/v2\/tags?post=7611"}],"curies":[{"name":"wp","href":"https:\/\/api.w.org\/{rel}","templated":true}]}}