{"id":7622,"date":"2024-10-01T12:24:30","date_gmt":"2024-10-01T10:24:30","guid":{"rendered":"https:\/\/gremicafe.cat\/?p=7622"},"modified":"2024-10-01T12:24:30","modified_gmt":"2024-10-01T10:24:30","slug":"laugment-dels-preus-del-cafe-provoca-que-els-suissos-preparen-cada-cop-mes-el-seu-propi-cafe-a-casa","status":"publish","type":"post","link":"https:\/\/gremicafe.cat\/es\/2024\/10\/01\/laugment-dels-preus-del-cafe-provoca-que-els-suissos-preparen-cada-cop-mes-el-seu-propi-cafe-a-casa\/","title":{"rendered":"Los suizos preparan cada vez m\u00e1s su propio caf\u00e9 en casa, debido al aumento de los precios"},"content":{"rendered":"<p><strong>Seg\u00fan un nuevo informe de Deloitte, el aumento de los pies del caf\u00e9 ha provocado que los suizos prefieran preparar el caf\u00e9 en casa.<\/strong><\/p>\n<p><span style=\"color: #800000;\"><strong>(El art\u00edculo original permite descargar el estudio de Deloitte) <a href=\"https:\/\/www.comunicaffe.com\/the-swiss-are-increasingly-making-their-own-coffee-at-home-due-to-rising-prices-says-new-report\/\" target=\"_blank\" rel=\"noopener\">Aqu\u00ed<\/a><\/strong><\/span><\/p>\n<p>Por lo general, el estudio revel\u00f3 diferencias significativas entre las generaciones. Por ejemplo, los m\u00e1s j\u00f3venes suelen beber menos caf\u00e9 que los mayores. La generaci\u00f3n Z bebe un promedio de una a dos tazas al d\u00eda, en comparaci\u00f3n con entre dos y tres para los <span class=\"hiddenGrammarError\">baby boomers<\/span> y las mayores generaciones. Las generaciones m\u00e1s j\u00f3venes suelen beber otras bebidas con cafe\u00edna m\u00e1s a menudo, como las bebidas energ\u00e9ticas, que son mucho m\u00e1s populares entre ellos que entre las personas mayores (Gen. Z: 38 %; <span class=\"hiddenGrammarError\">baby boomers<\/span> y generaciones mayores: 11 %). Tambi\u00e9n existe una brecha generacional en cuanto al tipo de caf\u00e9 que toman habitualmente.<\/p>\n<p class=\"p1\">La tendencia hacia un consumo c\u00f3modo y que ahorra tiempo tambi\u00e9n se puede observar en la industria del caf\u00e9: muchos consumidores beben varias tazas de caf\u00e9 al d\u00eda, por eso la facilidad de preparaci\u00f3n tiene un papel clave en la forma en que la gente hace el caf\u00e9 en casa.<\/p>\n<p class=\"p1\">Con un 39 %, el caf\u00e9 instant\u00e1neo es el m\u00e1s popular, seguido del caf\u00e9 con boquilla (28%) y las c\u00e1psulas (25 por ciento). El gusto de los consumidores por los productos de consumo, destaca por la demanda de caf\u00e9 en latas y botellas que se est\u00e1 mostrando especialmente popular en Asia, Norteam\u00e9rica y Reino Unido. Otro hallazgo interesante es la divisi\u00f3n generacional: a los Milenniales les gusta obtener su dosis de cafe\u00edna de una lata o botella, mientras que las mayores generaciones a\u00fan tienden a preferir una m\u00e1quina de caf\u00e9.<\/p>\n<p><a href=\"https:\/\/www.comunicaffe.com\/the-swiss-are-increasingly-making-their-own-coffee-at-home-due-to-rising-prices-says-new-report\/\" target=\"_blank\" rel=\"noopener\">Lea el art\u00edculo entero aqu\u00ed:<\/a><\/p>\n<p>\u00a9 Comunicaffe.com<br \/>\nSeptember 27, 2024<\/p>\n<p>&nbsp;<\/p>\n<div id=\"attachment_7623\" style=\"width: 1290px\" class=\"wp-caption aligncenter\"><img loading=\"lazy\" decoding=\"async\" aria-describedby=\"caption-attachment-7623\" class=\"size-full wp-image-7623\" src=\"https:\/\/gremicafe.cat\/wp-content\/uploads\/2024\/10\/coffee-5252372_1920.jpg\" alt=\"Gremi del Caf\u00e8\" width=\"1280\" height=\"1920\" srcset=\"https:\/\/gremicafe.cat\/wp-content\/uploads\/2024\/10\/coffee-5252372_1920.jpg 1280w, https:\/\/gremicafe.cat\/wp-content\/uploads\/2024\/10\/coffee-5252372_1920-768x1152.jpg 768w, https:\/\/gremicafe.cat\/wp-content\/uploads\/2024\/10\/coffee-5252372_1920-1024x1536.jpg 1024w, https:\/\/gremicafe.cat\/wp-content\/uploads\/2024\/10\/coffee-5252372_1920-480x720.jpg 480w\" sizes=\"(max-width: 1280px) 100vw, 1280px\" \/><p id=\"caption-attachment-7623\" class=\"wp-caption-text\">Gremio del Caf\u00e9. Caf\u00e9 de filtro. Fotograf\u00eda: Pixabay<\/p><\/div>","protected":false},"excerpt":{"rendered":"<p>Segons un nou informe de Deloitte, \u00a0l&#8217;augment dels peus del caf\u00e8 ha provocat que els su\u00efsso prefereixin preparar el caf\u00e8 a casa. (L&#8217;article original permet descarregar l&#8217;estudi de Deloitte) Aqu\u00ed En general, l&#8217;estudi va revelar difer\u00e8ncies significatives entre les generacions. Per exemple, els m\u00e9s joves solen beure menys caf\u00e8 que els m\u00e9s grans. La generaci\u00f3 [&hellip;]<\/p>\n","protected":false},"author":1,"featured_media":7623,"comment_status":"closed","ping_status":"open","sticky":false,"template":"","format":"standard","meta":{"_acf_changed":false,"inline_featured_image":false,"footnotes":""},"categories":[1],"tags":[114,113],"class_list":["post-7622","post","type-post","status-publish","format-standard","has-post-thumbnail","hentry","category-noticies","tag-cafe-a-casa","tag-cafe-de-filtre"],"acf":[],"yoast_head":"<!-- This site is optimized with the Yoast SEO plugin v25.5 - https:\/\/yoast.com\/wordpress\/plugins\/seo\/ -->\n<title>Els su\u00efssos preparen cada cop m\u00e9s el seu propi caf\u00e8 a casa, a causa de l&#039;augment dels preus - Gremi del Caf\u00e8, torradors de Catalunya<\/title>\n<meta name=\"description\" content=\"Les generacions m\u00e9s joves solen beure altres begudes amb cafe\u00efna m\u00e9s sovint, com les begudes energ\u00e8tiques, que s\u00f3n molt m\u00e9s populars entre ells que entre les persones grans.\" \/>\n<meta name=\"robots\" content=\"index, follow, max-snippet:-1, max-image-preview:large, max-video-preview:-1\" \/>\n<link rel=\"canonical\" href=\"https:\/\/gremicafe.cat\/es\/2024\/10\/01\/laugment-dels-preus-del-cafe-provoca-que-els-suissos-preparen-cada-cop-mes-el-seu-propi-cafe-a-casa\/\" \/>\n<meta property=\"og:locale\" content=\"es_ES\" \/>\n<meta property=\"og:type\" content=\"article\" \/>\n<meta property=\"og:title\" content=\"Els su\u00efssos preparen cada cop m\u00e9s el seu propi caf\u00e8 a casa, a causa de l&#039;augment dels preus - Gremi del Caf\u00e8, torradors de Catalunya\" \/>\n<meta property=\"og:description\" content=\"Les generacions m\u00e9s joves solen beure altres begudes amb cafe\u00efna m\u00e9s sovint, com les begudes energ\u00e8tiques, que s\u00f3n molt m\u00e9s populars entre ells que entre les persones grans.\" \/>\n<meta property=\"og:url\" content=\"https:\/\/gremicafe.cat\/es\/2024\/10\/01\/laugment-dels-preus-del-cafe-provoca-que-els-suissos-preparen-cada-cop-mes-el-seu-propi-cafe-a-casa\/\" \/>\n<meta property=\"og:site_name\" content=\"Gremi del Caf\u00e8, torradors de Catalunya\" \/>\n<meta property=\"article:publisher\" content=\"https:\/\/www.facebook.com\/gremicafecat\" \/>\n<meta property=\"article:published_time\" content=\"2024-10-01T10:24:30+00:00\" \/>\n<meta property=\"og:image\" content=\"https:\/\/gremicafe.cat\/wp-content\/uploads\/2024\/10\/coffee-5252372_1920.jpg\" \/>\n\t<meta property=\"og:image:width\" content=\"1280\" \/>\n\t<meta property=\"og:image:height\" content=\"1920\" \/>\n\t<meta property=\"og:image:type\" content=\"image\/jpeg\" \/>\n<meta name=\"author\" content=\"gremicafe\" \/>\n<meta name=\"twitter:card\" content=\"summary_large_image\" \/>\n<meta name=\"twitter:creator\" content=\"@gremicafecat\" \/>\n<meta name=\"twitter:site\" content=\"@gremicafecat\" \/>\n<meta name=\"twitter:label1\" content=\"Escrito por\" \/>\n\t<meta name=\"twitter:data1\" content=\"gremicafe\" \/>\n\t<meta name=\"twitter:label2\" content=\"Tiempo de lectura\" \/>\n\t<meta name=\"twitter:data2\" content=\"2 minutos\" \/>\n<script type=\"application\/ld+json\" class=\"yoast-schema-graph\">{\"@context\":\"https:\/\/schema.org\",\"@graph\":[{\"@type\":\"Article\",\"@id\":\"https:\/\/gremicafe.cat\/2024\/10\/01\/laugment-dels-preus-del-cafe-provoca-que-els-suissos-preparen-cada-cop-mes-el-seu-propi-cafe-a-casa\/#article\",\"isPartOf\":{\"@id\":\"https:\/\/gremicafe.cat\/2024\/10\/01\/laugment-dels-preus-del-cafe-provoca-que-els-suissos-preparen-cada-cop-mes-el-seu-propi-cafe-a-casa\/\"},\"author\":{\"name\":\"gremicafe\",\"@id\":\"https:\/\/gremicafe.cat\/#\/schema\/person\/dabfdbb3d0fa36260855a380f94e4733\"},\"headline\":\"Els su\u00efssos preparen cada cop m\u00e9s el seu propi caf\u00e8 a casa, a causa de l&#8217;augment dels preus\",\"datePublished\":\"2024-10-01T10:24:30+00:00\",\"mainEntityOfPage\":{\"@id\":\"https:\/\/gremicafe.cat\/2024\/10\/01\/laugment-dels-preus-del-cafe-provoca-que-els-suissos-preparen-cada-cop-mes-el-seu-propi-cafe-a-casa\/\"},\"wordCount\":335,\"publisher\":{\"@id\":\"https:\/\/gremicafe.cat\/#organization\"},\"image\":{\"@id\":\"https:\/\/gremicafe.cat\/2024\/10\/01\/laugment-dels-preus-del-cafe-provoca-que-els-suissos-preparen-cada-cop-mes-el-seu-propi-cafe-a-casa\/#primaryimage\"},\"thumbnailUrl\":\"https:\/\/gremicafe.cat\/wp-content\/uploads\/2024\/10\/coffee-5252372_1920.jpg\",\"keywords\":[\"Caf\u00e8 a casa\",\"Caf\u00e8 de filtre\"],\"articleSection\":[\"Not\u00edcies\"],\"inLanguage\":\"es\"},{\"@type\":\"WebPage\",\"@id\":\"https:\/\/gremicafe.cat\/2024\/10\/01\/laugment-dels-preus-del-cafe-provoca-que-els-suissos-preparen-cada-cop-mes-el-seu-propi-cafe-a-casa\/\",\"url\":\"https:\/\/gremicafe.cat\/2024\/10\/01\/laugment-dels-preus-del-cafe-provoca-que-els-suissos-preparen-cada-cop-mes-el-seu-propi-cafe-a-casa\/\",\"name\":\"Els su\u00efssos preparen cada cop m\u00e9s el seu propi caf\u00e8 a casa, a causa de l'augment dels preus - Gremi del Caf\u00e8, torradors de Catalunya\",\"isPartOf\":{\"@id\":\"https:\/\/gremicafe.cat\/#website\"},\"primaryImageOfPage\":{\"@id\":\"https:\/\/gremicafe.cat\/2024\/10\/01\/laugment-dels-preus-del-cafe-provoca-que-els-suissos-preparen-cada-cop-mes-el-seu-propi-cafe-a-casa\/#primaryimage\"},\"image\":{\"@id\":\"https:\/\/gremicafe.cat\/2024\/10\/01\/laugment-dels-preus-del-cafe-provoca-que-els-suissos-preparen-cada-cop-mes-el-seu-propi-cafe-a-casa\/#primaryimage\"},\"thumbnailUrl\":\"https:\/\/gremicafe.cat\/wp-content\/uploads\/2024\/10\/coffee-5252372_1920.jpg\",\"datePublished\":\"2024-10-01T10:24:30+00:00\",\"description\":\"Les generacions m\u00e9s joves solen beure altres begudes amb cafe\u00efna m\u00e9s sovint, com les begudes energ\u00e8tiques, que s\u00f3n molt m\u00e9s populars entre ells que entre les persones grans.\",\"breadcrumb\":{\"@id\":\"https:\/\/gremicafe.cat\/2024\/10\/01\/laugment-dels-preus-del-cafe-provoca-que-els-suissos-preparen-cada-cop-mes-el-seu-propi-cafe-a-casa\/#breadcrumb\"},\"inLanguage\":\"es\",\"potentialAction\":[{\"@type\":\"ReadAction\",\"target\":[\"https:\/\/gremicafe.cat\/2024\/10\/01\/laugment-dels-preus-del-cafe-provoca-que-els-suissos-preparen-cada-cop-mes-el-seu-propi-cafe-a-casa\/\"]}]},{\"@type\":\"ImageObject\",\"inLanguage\":\"es\",\"@id\":\"https:\/\/gremicafe.cat\/2024\/10\/01\/laugment-dels-preus-del-cafe-provoca-que-els-suissos-preparen-cada-cop-mes-el-seu-propi-cafe-a-casa\/#primaryimage\",\"url\":\"https:\/\/gremicafe.cat\/wp-content\/uploads\/2024\/10\/coffee-5252372_1920.jpg\",\"contentUrl\":\"https:\/\/gremicafe.cat\/wp-content\/uploads\/2024\/10\/coffee-5252372_1920.jpg\",\"width\":1280,\"height\":1920,\"caption\":\"Gremi del Caf\u00e8. Caf\u00e8 de filtre. Fotografia: Pixabay\"},{\"@type\":\"BreadcrumbList\",\"@id\":\"https:\/\/gremicafe.cat\/2024\/10\/01\/laugment-dels-preus-del-cafe-provoca-que-els-suissos-preparen-cada-cop-mes-el-seu-propi-cafe-a-casa\/#breadcrumb\",\"itemListElement\":[{\"@type\":\"ListItem\",\"position\":1,\"name\":\"Inici\",\"item\":\"https:\/\/gremicafe.cat\/\"},{\"@type\":\"ListItem\",\"position\":2,\"name\":\"Els su\u00efssos preparen cada cop m\u00e9s el seu propi caf\u00e8 a casa, a causa de l&#8217;augment dels preus\"}]},{\"@type\":\"WebSite\",\"@id\":\"https:\/\/gremicafe.cat\/#website\",\"url\":\"https:\/\/gremicafe.cat\/\",\"name\":\"Gremi del Caf\u00e8, torradors de Catalunya\",\"description\":\"Web oficial del gremi de torradors de caf\u00e8 de Catalunya\",\"publisher\":{\"@id\":\"https:\/\/gremicafe.cat\/#organization\"},\"potentialAction\":[{\"@type\":\"SearchAction\",\"target\":{\"@type\":\"EntryPoint\",\"urlTemplate\":\"https:\/\/gremicafe.cat\/?s={search_term_string}\"},\"query-input\":{\"@type\":\"PropertyValueSpecification\",\"valueRequired\":true,\"valueName\":\"search_term_string\"}}],\"inLanguage\":\"es\"},{\"@type\":\"Organization\",\"@id\":\"https:\/\/gremicafe.cat\/#organization\",\"name\":\"Gremi del Caf\u00e8, Torradors de Catalunya\",\"url\":\"https:\/\/gremicafe.cat\/\",\"logo\":{\"@type\":\"ImageObject\",\"inLanguage\":\"es\",\"@id\":\"https:\/\/gremicafe.cat\/#\/schema\/logo\/image\/\",\"url\":\"https:\/\/gremicafe.cat\/wp-content\/uploads\/2018\/03\/gremicafe-logo250.png\",\"contentUrl\":\"https:\/\/gremicafe.cat\/wp-content\/uploads\/2018\/03\/gremicafe-logo250.png\",\"width\":250,\"height\":49,\"caption\":\"Gremi del Caf\u00e8, Torradors de Catalunya\"},\"image\":{\"@id\":\"https:\/\/gremicafe.cat\/#\/schema\/logo\/image\/\"},\"sameAs\":[\"https:\/\/www.facebook.com\/gremicafecat\",\"https:\/\/x.com\/gremicafecat\",\"https:\/\/www.instagram.com\/gremicafecat\/\",\"https:\/\/www.pinterest.es\/gremicafecat\/\",\"https:\/\/www.youtube.com\/channel\/UCGLo5Y35vLwLvP4FrPZrCrw\/\"]},{\"@type\":\"Person\",\"@id\":\"https:\/\/gremicafe.cat\/#\/schema\/person\/dabfdbb3d0fa36260855a380f94e4733\",\"name\":\"gremicafe\",\"image\":{\"@type\":\"ImageObject\",\"inLanguage\":\"es\",\"@id\":\"https:\/\/gremicafe.cat\/#\/schema\/person\/image\/\",\"url\":\"https:\/\/secure.gravatar.com\/avatar\/e59baa4ca8f6f97576d6375fb6d3c8f0?s=96&d=mm&r=g\",\"contentUrl\":\"https:\/\/secure.gravatar.com\/avatar\/e59baa4ca8f6f97576d6375fb6d3c8f0?s=96&d=mm&r=g\",\"caption\":\"gremicafe\"}}]}<\/script>\n<!-- \/ Yoast SEO plugin. -->","yoast_head_json":{"title":"Els su\u00efssos preparen cada cop m\u00e9s el seu propi caf\u00e8 a casa, a causa de l'augment dels preus - Gremi del Caf\u00e8, torradors de Catalunya","description":"Les generacions m\u00e9s joves solen beure altres begudes amb cafe\u00efna m\u00e9s sovint, com les begudes energ\u00e8tiques, que s\u00f3n molt m\u00e9s populars entre ells que entre les persones grans.","robots":{"index":"index","follow":"follow","max-snippet":"max-snippet:-1","max-image-preview":"max-image-preview:large","max-video-preview":"max-video-preview:-1"},"canonical":"https:\/\/gremicafe.cat\/es\/2024\/10\/01\/laugment-dels-preus-del-cafe-provoca-que-els-suissos-preparen-cada-cop-mes-el-seu-propi-cafe-a-casa\/","og_locale":"es_ES","og_type":"article","og_title":"Els su\u00efssos preparen cada cop m\u00e9s el seu propi caf\u00e8 a casa, a causa de l'augment dels preus - Gremi del Caf\u00e8, torradors de Catalunya","og_description":"Les generacions m\u00e9s joves solen beure altres begudes amb cafe\u00efna m\u00e9s sovint, com les begudes energ\u00e8tiques, que s\u00f3n molt m\u00e9s populars entre ells que entre les persones grans.","og_url":"https:\/\/gremicafe.cat\/es\/2024\/10\/01\/laugment-dels-preus-del-cafe-provoca-que-els-suissos-preparen-cada-cop-mes-el-seu-propi-cafe-a-casa\/","og_site_name":"Gremi del Caf\u00e8, torradors de Catalunya","article_publisher":"https:\/\/www.facebook.com\/gremicafecat","article_published_time":"2024-10-01T10:24:30+00:00","og_image":[{"width":1280,"height":1920,"url":"https:\/\/gremicafe.cat\/wp-content\/uploads\/2024\/10\/coffee-5252372_1920.jpg","type":"image\/jpeg"}],"author":"gremicafe","twitter_card":"summary_large_image","twitter_creator":"@gremicafecat","twitter_site":"@gremicafecat","twitter_misc":{"Escrito por":"gremicafe","Tiempo de lectura":"2 minutos"},"schema":{"@context":"https:\/\/schema.org","@graph":[{"@type":"Article","@id":"https:\/\/gremicafe.cat\/2024\/10\/01\/laugment-dels-preus-del-cafe-provoca-que-els-suissos-preparen-cada-cop-mes-el-seu-propi-cafe-a-casa\/#article","isPartOf":{"@id":"https:\/\/gremicafe.cat\/2024\/10\/01\/laugment-dels-preus-del-cafe-provoca-que-els-suissos-preparen-cada-cop-mes-el-seu-propi-cafe-a-casa\/"},"author":{"name":"gremicafe","@id":"https:\/\/gremicafe.cat\/#\/schema\/person\/dabfdbb3d0fa36260855a380f94e4733"},"headline":"Els su\u00efssos preparen cada cop m\u00e9s el seu propi caf\u00e8 a casa, a causa de l&#8217;augment dels preus","datePublished":"2024-10-01T10:24:30+00:00","mainEntityOfPage":{"@id":"https:\/\/gremicafe.cat\/2024\/10\/01\/laugment-dels-preus-del-cafe-provoca-que-els-suissos-preparen-cada-cop-mes-el-seu-propi-cafe-a-casa\/"},"wordCount":335,"publisher":{"@id":"https:\/\/gremicafe.cat\/#organization"},"image":{"@id":"https:\/\/gremicafe.cat\/2024\/10\/01\/laugment-dels-preus-del-cafe-provoca-que-els-suissos-preparen-cada-cop-mes-el-seu-propi-cafe-a-casa\/#primaryimage"},"thumbnailUrl":"https:\/\/gremicafe.cat\/wp-content\/uploads\/2024\/10\/coffee-5252372_1920.jpg","keywords":["Caf\u00e8 a casa","Caf\u00e8 de filtre"],"articleSection":["Not\u00edcies"],"inLanguage":"es"},{"@type":"WebPage","@id":"https:\/\/gremicafe.cat\/2024\/10\/01\/laugment-dels-preus-del-cafe-provoca-que-els-suissos-preparen-cada-cop-mes-el-seu-propi-cafe-a-casa\/","url":"https:\/\/gremicafe.cat\/2024\/10\/01\/laugment-dels-preus-del-cafe-provoca-que-els-suissos-preparen-cada-cop-mes-el-seu-propi-cafe-a-casa\/","name":"Els su\u00efssos preparen cada cop m\u00e9s el seu propi caf\u00e8 a casa, a causa de l'augment dels preus - Gremi del Caf\u00e8, torradors de Catalunya","isPartOf":{"@id":"https:\/\/gremicafe.cat\/#website"},"primaryImageOfPage":{"@id":"https:\/\/gremicafe.cat\/2024\/10\/01\/laugment-dels-preus-del-cafe-provoca-que-els-suissos-preparen-cada-cop-mes-el-seu-propi-cafe-a-casa\/#primaryimage"},"image":{"@id":"https:\/\/gremicafe.cat\/2024\/10\/01\/laugment-dels-preus-del-cafe-provoca-que-els-suissos-preparen-cada-cop-mes-el-seu-propi-cafe-a-casa\/#primaryimage"},"thumbnailUrl":"https:\/\/gremicafe.cat\/wp-content\/uploads\/2024\/10\/coffee-5252372_1920.jpg","datePublished":"2024-10-01T10:24:30+00:00","description":"Les generacions m\u00e9s joves solen beure altres begudes amb cafe\u00efna m\u00e9s sovint, com les begudes energ\u00e8tiques, que s\u00f3n molt m\u00e9s populars entre ells que entre les persones grans.","breadcrumb":{"@id":"https:\/\/gremicafe.cat\/2024\/10\/01\/laugment-dels-preus-del-cafe-provoca-que-els-suissos-preparen-cada-cop-mes-el-seu-propi-cafe-a-casa\/#breadcrumb"},"inLanguage":"es","potentialAction":[{"@type":"ReadAction","target":["https:\/\/gremicafe.cat\/2024\/10\/01\/laugment-dels-preus-del-cafe-provoca-que-els-suissos-preparen-cada-cop-mes-el-seu-propi-cafe-a-casa\/"]}]},{"@type":"ImageObject","inLanguage":"es","@id":"https:\/\/gremicafe.cat\/2024\/10\/01\/laugment-dels-preus-del-cafe-provoca-que-els-suissos-preparen-cada-cop-mes-el-seu-propi-cafe-a-casa\/#primaryimage","url":"https:\/\/gremicafe.cat\/wp-content\/uploads\/2024\/10\/coffee-5252372_1920.jpg","contentUrl":"https:\/\/gremicafe.cat\/wp-content\/uploads\/2024\/10\/coffee-5252372_1920.jpg","width":1280,"height":1920,"caption":"Gremi del Caf\u00e8. Caf\u00e8 de filtre. Fotografia: Pixabay"},{"@type":"BreadcrumbList","@id":"https:\/\/gremicafe.cat\/2024\/10\/01\/laugment-dels-preus-del-cafe-provoca-que-els-suissos-preparen-cada-cop-mes-el-seu-propi-cafe-a-casa\/#breadcrumb","itemListElement":[{"@type":"ListItem","position":1,"name":"Inici","item":"https:\/\/gremicafe.cat\/"},{"@type":"ListItem","position":2,"name":"Els su\u00efssos preparen cada cop m\u00e9s el seu propi caf\u00e8 a casa, a causa de l&#8217;augment dels preus"}]},{"@type":"WebSite","@id":"https:\/\/gremicafe.cat\/#website","url":"https:\/\/gremicafe.cat\/","name":"Gremio del Caf\u00e9, tostadores de Catalu\u00f1a","description":"Web oficial del gremio de tostadores de caf\u00e9 de Catalunya","publisher":{"@id":"https:\/\/gremicafe.cat\/#organization"},"potentialAction":[{"@type":"SearchAction","target":{"@type":"EntryPoint","urlTemplate":"https:\/\/gremicafe.cat\/?s={search_term_string}"},"query-input":{"@type":"PropertyValueSpecification","valueRequired":true,"valueName":"search_term_string"}}],"inLanguage":"es"},{"@type":"Organization","@id":"https:\/\/gremicafe.cat\/#organization","name":"Gremio del Caf\u00e9, Tostadores de Catalu\u00f1a","url":"https:\/\/gremicafe.cat\/","logo":{"@type":"ImageObject","inLanguage":"es","@id":"https:\/\/gremicafe.cat\/#\/schema\/logo\/image\/","url":"https:\/\/gremicafe.cat\/wp-content\/uploads\/2018\/03\/gremicafe-logo250.png","contentUrl":"https:\/\/gremicafe.cat\/wp-content\/uploads\/2018\/03\/gremicafe-logo250.png","width":250,"height":49,"caption":"Gremi del Caf\u00e8, Torradors de Catalunya"},"image":{"@id":"https:\/\/gremicafe.cat\/#\/schema\/logo\/image\/"},"sameAs":["https:\/\/www.facebook.com\/gremicafecat","https:\/\/x.com\/gremicafecat","https:\/\/www.instagram.com\/gremicafecat\/","https:\/\/www.pinterest.es\/gremicafecat\/","https:\/\/www.youtube.com\/channel\/UCGLo5Y35vLwLvP4FrPZrCrw\/"]},{"@type":"Person","@id":"https:\/\/gremicafe.cat\/#\/schema\/person\/dabfdbb3d0fa36260855a380f94e4733","name":"gremicafe","image":{"@type":"ImageObject","inLanguage":"es","@id":"https:\/\/gremicafe.cat\/#\/schema\/person\/image\/","url":"https:\/\/secure.gravatar.com\/avatar\/e59baa4ca8f6f97576d6375fb6d3c8f0?s=96&d=mm&r=g","contentUrl":"https:\/\/secure.gravatar.com\/avatar\/e59baa4ca8f6f97576d6375fb6d3c8f0?s=96&d=mm&r=g","caption":"gremicafe"}}]}},"_links":{"self":[{"href":"https:\/\/gremicafe.cat\/es\/wp-json\/wp\/v2\/posts\/7622"}],"collection":[{"href":"https:\/\/gremicafe.cat\/es\/wp-json\/wp\/v2\/posts"}],"about":[{"href":"https:\/\/gremicafe.cat\/es\/wp-json\/wp\/v2\/types\/post"}],"author":[{"embeddable":true,"href":"https:\/\/gremicafe.cat\/es\/wp-json\/wp\/v2\/users\/1"}],"replies":[{"embeddable":true,"href":"https:\/\/gremicafe.cat\/es\/wp-json\/wp\/v2\/comments?post=7622"}],"version-history":[{"count":0,"href":"https:\/\/gremicafe.cat\/es\/wp-json\/wp\/v2\/posts\/7622\/revisions"}],"wp:featuredmedia":[{"embeddable":true,"href":"https:\/\/gremicafe.cat\/es\/wp-json\/wp\/v2\/media\/7623"}],"wp:attachment":[{"href":"https:\/\/gremicafe.cat\/es\/wp-json\/wp\/v2\/media?parent=7622"}],"wp:term":[{"taxonomy":"category","embeddable":true,"href":"https:\/\/gremicafe.cat\/es\/wp-json\/wp\/v2\/categories?post=7622"},{"taxonomy":"post_tag","embeddable":true,"href":"https:\/\/gremicafe.cat\/es\/wp-json\/wp\/v2\/tags?post=7622"}],"curies":[{"name":"wp","href":"https:\/\/api.w.org\/{rel}","templated":true}]}}