{"id":7627,"date":"2024-10-14T15:47:37","date_gmt":"2024-10-14T13:47:37","guid":{"rendered":"https:\/\/gremicafe.cat\/?p=7627"},"modified":"2024-10-14T15:48:48","modified_gmt":"2024-10-14T13:48:48","slug":"hem-de-patir-pel-desabastiment-de-cafe","status":"publish","type":"post","link":"https:\/\/gremicafe.cat\/es\/2024\/10\/14\/hem-de-patir-pel-desabastiment-de-cafe\/","title":{"rendered":"\u00bfDebemos sufrir por el desabastecimiento de caf\u00e9?"},"content":{"rendered":"<p>11\/10\/2024 \u2013 La Ma\u00f1ana de Catalu\u00f1a Radio<\/p>\n<p>Seg\u00fan la Organizaci\u00f3n Internacional del Caf\u00e9 existen reservas de caf\u00e9 en Europa para seis semanas. Pero, seg\u00fan <span class=\"hiddenSpellError\">Carlos<\/span> Gotor, presidente del Gremio del Caf\u00e9, no debemos sufrir. Podremos seguir bebiendo caf\u00e9.<\/p>\n<p>Ricard Ustrell de la Ma\u00f1ana de Catalunya Radio entrevista a Ra\u00fcl Pont, presidente de Caf\u00e8s Pont y en <span class=\"hiddenSpellError\">Carlos<\/span> Gotor, presidente del Gremio del Caf\u00e9 de Catalunya.<\/p>\n<p><a href=\"https:\/\/www.3cat.cat\/3cat\/hem-de-patir-pel-desabastiment-de-cafe\/audio\/1220965\/\" target=\"_blank\" rel=\"noopener\">Sienta la entrevista, haciendo clic aqu\u00ed<\/a><\/p>\n<div id=\"attachment_7626\" style=\"width: 610px\" class=\"wp-caption aligncenter\"><img loading=\"lazy\" decoding=\"async\" aria-describedby=\"caption-attachment-7626\" class=\"wp-image-7626\" src=\"https:\/\/gremicafe.cat\/wp-content\/uploads\/2024\/10\/ElMatiCatradio.jpg\" alt=\"El Caf\u00e8 al Mat\u00ed de Catalunya R\u00e0dio\" width=\"600\" height=\"600\" srcset=\"https:\/\/gremicafe.cat\/wp-content\/uploads\/2024\/10\/ElMatiCatradio.jpg 1080w, https:\/\/gremicafe.cat\/wp-content\/uploads\/2024\/10\/ElMatiCatradio-300x300.jpg 300w, https:\/\/gremicafe.cat\/wp-content\/uploads\/2024\/10\/ElMatiCatradio-150x150.jpg 150w, https:\/\/gremicafe.cat\/wp-content\/uploads\/2024\/10\/ElMatiCatradio-768x768.jpg 768w, https:\/\/gremicafe.cat\/wp-content\/uploads\/2024\/10\/ElMatiCatradio-720x720.jpg 720w\" sizes=\"(max-width: 600px) 100vw, 600px\" \/><p id=\"caption-attachment-7626\" class=\"wp-caption-text\">Ricard Ustrell entrevista a Carlos Gotor, presidente del Gremio del Caf\u00e9 de Catalunya<\/p><\/div>","protected":false},"excerpt":{"rendered":"<p>11\/10\/2024 &#8211; El Mat\u00ed de Catalunya R\u00e0dio Segons l&#8217;Organitzaci\u00f3 Internacional del Caf\u00e8 hi ha reserves de caf\u00e8 a Europa per a sis setmanes. Per\u00f2, segons Carlos Gotor, president del Gremi del Caf\u00e8, no hem de patir. Podrem continuar bevent caf\u00e8. Ricard Ustrell del Mat\u00ed de Catalunya R\u00e0dio entrevista a Ra\u00fcl Pont, president de Caf\u00e8s Pont [&hellip;]<\/p>\n","protected":false},"author":1,"featured_media":7626,"comment_status":"closed","ping_status":"open","sticky":false,"template":"","format":"standard","meta":{"_acf_changed":false,"inline_featured_image":false,"footnotes":""},"categories":[1],"tags":[55,56,98,115,86,117,116],"class_list":["post-7627","post","type-post","status-publish","format-standard","has-post-thumbnail","hentry","category-noticies","tag-cafe-arabica","tag-cafe-robusta","tag-carlos-gotor","tag-catalunya-radio","tag-preu-del-cafe","tag-raul-pont","tag-ricard-ustrell"],"acf":[],"yoast_head":"<!-- This site is optimized with the Yoast SEO plugin v25.5 - https:\/\/yoast.com\/wordpress\/plugins\/seo\/ -->\n<title>Hem de patir pel desabastiment de caf\u00e8? - Gremi del Caf\u00e8, torradors de Catalunya<\/title>\n<meta name=\"robots\" content=\"index, follow, max-snippet:-1, max-image-preview:large, max-video-preview:-1\" \/>\n<link rel=\"canonical\" href=\"https:\/\/gremicafe.cat\/es\/2024\/10\/14\/hem-de-patir-pel-desabastiment-de-cafe\/\" \/>\n<meta property=\"og:locale\" content=\"es_ES\" \/>\n<meta property=\"og:type\" content=\"article\" \/>\n<meta property=\"og:title\" content=\"Hem de patir pel desabastiment de caf\u00e8? - Gremi del Caf\u00e8, torradors de Catalunya\" \/>\n<meta property=\"og:description\" content=\"11\/10\/2024 &#8211; El Mat\u00ed de Catalunya R\u00e0dio Segons l&#8217;Organitzaci\u00f3 Internacional del Caf\u00e8 hi ha reserves de caf\u00e8 a Europa per a sis setmanes. Per\u00f2, segons Carlos Gotor, president del Gremi del Caf\u00e8, no hem de patir. Podrem continuar bevent caf\u00e8. Ricard Ustrell del Mat\u00ed de Catalunya R\u00e0dio entrevista a Ra\u00fcl Pont, president de Caf\u00e8s Pont [&hellip;]\" \/>\n<meta property=\"og:url\" content=\"https:\/\/gremicafe.cat\/es\/2024\/10\/14\/hem-de-patir-pel-desabastiment-de-cafe\/\" \/>\n<meta property=\"og:site_name\" content=\"Gremi del Caf\u00e8, torradors de Catalunya\" \/>\n<meta property=\"article:publisher\" content=\"https:\/\/www.facebook.com\/gremicafecat\" \/>\n<meta property=\"article:published_time\" content=\"2024-10-14T13:47:37+00:00\" \/>\n<meta property=\"article:modified_time\" content=\"2024-10-14T13:48:48+00:00\" \/>\n<meta property=\"og:image\" content=\"https:\/\/gremicafe.cat\/wp-content\/uploads\/2024\/10\/ElMatiCatradio.jpg\" \/>\n\t<meta property=\"og:image:width\" content=\"1080\" \/>\n\t<meta property=\"og:image:height\" content=\"1080\" \/>\n\t<meta property=\"og:image:type\" content=\"image\/jpeg\" \/>\n<meta name=\"author\" content=\"gremicafe\" \/>\n<meta name=\"twitter:card\" content=\"summary_large_image\" \/>\n<meta name=\"twitter:creator\" content=\"@gremicafecat\" \/>\n<meta name=\"twitter:site\" content=\"@gremicafecat\" \/>\n<meta name=\"twitter:label1\" content=\"Escrito por\" \/>\n\t<meta name=\"twitter:data1\" content=\"gremicafe\" \/>\n\t<meta name=\"twitter:label2\" content=\"Tiempo de lectura\" \/>\n\t<meta name=\"twitter:data2\" content=\"1 minuto\" \/>\n<script type=\"application\/ld+json\" class=\"yoast-schema-graph\">{\"@context\":\"https:\/\/schema.org\",\"@graph\":[{\"@type\":\"Article\",\"@id\":\"https:\/\/gremicafe.cat\/2024\/10\/14\/hem-de-patir-pel-desabastiment-de-cafe\/#article\",\"isPartOf\":{\"@id\":\"https:\/\/gremicafe.cat\/2024\/10\/14\/hem-de-patir-pel-desabastiment-de-cafe\/\"},\"author\":{\"name\":\"gremicafe\",\"@id\":\"https:\/\/gremicafe.cat\/#\/schema\/person\/dabfdbb3d0fa36260855a380f94e4733\"},\"headline\":\"Hem de patir pel desabastiment de caf\u00e8?\",\"datePublished\":\"2024-10-14T13:47:37+00:00\",\"dateModified\":\"2024-10-14T13:48:48+00:00\",\"mainEntityOfPage\":{\"@id\":\"https:\/\/gremicafe.cat\/2024\/10\/14\/hem-de-patir-pel-desabastiment-de-cafe\/\"},\"wordCount\":100,\"publisher\":{\"@id\":\"https:\/\/gremicafe.cat\/#organization\"},\"image\":{\"@id\":\"https:\/\/gremicafe.cat\/2024\/10\/14\/hem-de-patir-pel-desabastiment-de-cafe\/#primaryimage\"},\"thumbnailUrl\":\"https:\/\/gremicafe.cat\/wp-content\/uploads\/2024\/10\/ElMatiCatradio.jpg\",\"keywords\":[\"cafe arabica\",\"cafe robusta\",\"Carlos Gotor\",\"Catalunya R\u00e0dio\",\"preu del caf\u00e8\",\"Ra\u00fcl Pont\",\"Ricard Ustrell\"],\"articleSection\":[\"Not\u00edcies\"],\"inLanguage\":\"es\"},{\"@type\":\"WebPage\",\"@id\":\"https:\/\/gremicafe.cat\/2024\/10\/14\/hem-de-patir-pel-desabastiment-de-cafe\/\",\"url\":\"https:\/\/gremicafe.cat\/2024\/10\/14\/hem-de-patir-pel-desabastiment-de-cafe\/\",\"name\":\"Hem de patir pel desabastiment de caf\u00e8? - Gremi del Caf\u00e8, torradors de Catalunya\",\"isPartOf\":{\"@id\":\"https:\/\/gremicafe.cat\/#website\"},\"primaryImageOfPage\":{\"@id\":\"https:\/\/gremicafe.cat\/2024\/10\/14\/hem-de-patir-pel-desabastiment-de-cafe\/#primaryimage\"},\"image\":{\"@id\":\"https:\/\/gremicafe.cat\/2024\/10\/14\/hem-de-patir-pel-desabastiment-de-cafe\/#primaryimage\"},\"thumbnailUrl\":\"https:\/\/gremicafe.cat\/wp-content\/uploads\/2024\/10\/ElMatiCatradio.jpg\",\"datePublished\":\"2024-10-14T13:47:37+00:00\",\"dateModified\":\"2024-10-14T13:48:48+00:00\",\"breadcrumb\":{\"@id\":\"https:\/\/gremicafe.cat\/2024\/10\/14\/hem-de-patir-pel-desabastiment-de-cafe\/#breadcrumb\"},\"inLanguage\":\"es\",\"potentialAction\":[{\"@type\":\"ReadAction\",\"target\":[\"https:\/\/gremicafe.cat\/2024\/10\/14\/hem-de-patir-pel-desabastiment-de-cafe\/\"]}]},{\"@type\":\"ImageObject\",\"inLanguage\":\"es\",\"@id\":\"https:\/\/gremicafe.cat\/2024\/10\/14\/hem-de-patir-pel-desabastiment-de-cafe\/#primaryimage\",\"url\":\"https:\/\/gremicafe.cat\/wp-content\/uploads\/2024\/10\/ElMatiCatradio.jpg\",\"contentUrl\":\"https:\/\/gremicafe.cat\/wp-content\/uploads\/2024\/10\/ElMatiCatradio.jpg\",\"width\":1080,\"height\":1080,\"caption\":\"Ricard Ustrell entrevista Carlos Gotor, president del Gremi del Caf\u00e8 de Catalunya\"},{\"@type\":\"BreadcrumbList\",\"@id\":\"https:\/\/gremicafe.cat\/2024\/10\/14\/hem-de-patir-pel-desabastiment-de-cafe\/#breadcrumb\",\"itemListElement\":[{\"@type\":\"ListItem\",\"position\":1,\"name\":\"Inici\",\"item\":\"https:\/\/gremicafe.cat\/\"},{\"@type\":\"ListItem\",\"position\":2,\"name\":\"Hem de patir pel desabastiment de caf\u00e8?\"}]},{\"@type\":\"WebSite\",\"@id\":\"https:\/\/gremicafe.cat\/#website\",\"url\":\"https:\/\/gremicafe.cat\/\",\"name\":\"Gremi del Caf\u00e8, torradors de Catalunya\",\"description\":\"Web oficial del gremi de torradors de caf\u00e8 de Catalunya\",\"publisher\":{\"@id\":\"https:\/\/gremicafe.cat\/#organization\"},\"potentialAction\":[{\"@type\":\"SearchAction\",\"target\":{\"@type\":\"EntryPoint\",\"urlTemplate\":\"https:\/\/gremicafe.cat\/?s={search_term_string}\"},\"query-input\":{\"@type\":\"PropertyValueSpecification\",\"valueRequired\":true,\"valueName\":\"search_term_string\"}}],\"inLanguage\":\"es\"},{\"@type\":\"Organization\",\"@id\":\"https:\/\/gremicafe.cat\/#organization\",\"name\":\"Gremi del Caf\u00e8, Torradors de Catalunya\",\"url\":\"https:\/\/gremicafe.cat\/\",\"logo\":{\"@type\":\"ImageObject\",\"inLanguage\":\"es\",\"@id\":\"https:\/\/gremicafe.cat\/#\/schema\/logo\/image\/\",\"url\":\"https:\/\/gremicafe.cat\/wp-content\/uploads\/2018\/03\/gremicafe-logo250.png\",\"contentUrl\":\"https:\/\/gremicafe.cat\/wp-content\/uploads\/2018\/03\/gremicafe-logo250.png\",\"width\":250,\"height\":49,\"caption\":\"Gremi del Caf\u00e8, Torradors de Catalunya\"},\"image\":{\"@id\":\"https:\/\/gremicafe.cat\/#\/schema\/logo\/image\/\"},\"sameAs\":[\"https:\/\/www.facebook.com\/gremicafecat\",\"https:\/\/x.com\/gremicafecat\",\"https:\/\/www.instagram.com\/gremicafecat\/\",\"https:\/\/www.pinterest.es\/gremicafecat\/\",\"https:\/\/www.youtube.com\/channel\/UCGLo5Y35vLwLvP4FrPZrCrw\/\"]},{\"@type\":\"Person\",\"@id\":\"https:\/\/gremicafe.cat\/#\/schema\/person\/dabfdbb3d0fa36260855a380f94e4733\",\"name\":\"gremicafe\",\"image\":{\"@type\":\"ImageObject\",\"inLanguage\":\"es\",\"@id\":\"https:\/\/gremicafe.cat\/#\/schema\/person\/image\/\",\"url\":\"https:\/\/secure.gravatar.com\/avatar\/e59baa4ca8f6f97576d6375fb6d3c8f0?s=96&d=mm&r=g\",\"contentUrl\":\"https:\/\/secure.gravatar.com\/avatar\/e59baa4ca8f6f97576d6375fb6d3c8f0?s=96&d=mm&r=g\",\"caption\":\"gremicafe\"}}]}<\/script>\n<!-- \/ Yoast SEO plugin. -->","yoast_head_json":{"title":"Hem de patir pel desabastiment de caf\u00e8? - Gremi del Caf\u00e8, torradors de Catalunya","robots":{"index":"index","follow":"follow","max-snippet":"max-snippet:-1","max-image-preview":"max-image-preview:large","max-video-preview":"max-video-preview:-1"},"canonical":"https:\/\/gremicafe.cat\/es\/2024\/10\/14\/hem-de-patir-pel-desabastiment-de-cafe\/","og_locale":"es_ES","og_type":"article","og_title":"Hem de patir pel desabastiment de caf\u00e8? - Gremi del Caf\u00e8, torradors de Catalunya","og_description":"11\/10\/2024 &#8211; El Mat\u00ed de Catalunya R\u00e0dio Segons l&#8217;Organitzaci\u00f3 Internacional del Caf\u00e8 hi ha reserves de caf\u00e8 a Europa per a sis setmanes. Per\u00f2, segons Carlos Gotor, president del Gremi del Caf\u00e8, no hem de patir. Podrem continuar bevent caf\u00e8. Ricard Ustrell del Mat\u00ed de Catalunya R\u00e0dio entrevista a Ra\u00fcl Pont, president de Caf\u00e8s Pont [&hellip;]","og_url":"https:\/\/gremicafe.cat\/es\/2024\/10\/14\/hem-de-patir-pel-desabastiment-de-cafe\/","og_site_name":"Gremi del Caf\u00e8, torradors de Catalunya","article_publisher":"https:\/\/www.facebook.com\/gremicafecat","article_published_time":"2024-10-14T13:47:37+00:00","article_modified_time":"2024-10-14T13:48:48+00:00","og_image":[{"width":1080,"height":1080,"url":"https:\/\/gremicafe.cat\/wp-content\/uploads\/2024\/10\/ElMatiCatradio.jpg","type":"image\/jpeg"}],"author":"gremicafe","twitter_card":"summary_large_image","twitter_creator":"@gremicafecat","twitter_site":"@gremicafecat","twitter_misc":{"Escrito por":"gremicafe","Tiempo de lectura":"1 minuto"},"schema":{"@context":"https:\/\/schema.org","@graph":[{"@type":"Article","@id":"https:\/\/gremicafe.cat\/2024\/10\/14\/hem-de-patir-pel-desabastiment-de-cafe\/#article","isPartOf":{"@id":"https:\/\/gremicafe.cat\/2024\/10\/14\/hem-de-patir-pel-desabastiment-de-cafe\/"},"author":{"name":"gremicafe","@id":"https:\/\/gremicafe.cat\/#\/schema\/person\/dabfdbb3d0fa36260855a380f94e4733"},"headline":"Hem de patir pel desabastiment de caf\u00e8?","datePublished":"2024-10-14T13:47:37+00:00","dateModified":"2024-10-14T13:48:48+00:00","mainEntityOfPage":{"@id":"https:\/\/gremicafe.cat\/2024\/10\/14\/hem-de-patir-pel-desabastiment-de-cafe\/"},"wordCount":100,"publisher":{"@id":"https:\/\/gremicafe.cat\/#organization"},"image":{"@id":"https:\/\/gremicafe.cat\/2024\/10\/14\/hem-de-patir-pel-desabastiment-de-cafe\/#primaryimage"},"thumbnailUrl":"https:\/\/gremicafe.cat\/wp-content\/uploads\/2024\/10\/ElMatiCatradio.jpg","keywords":["cafe arabica","cafe robusta","Carlos Gotor","Catalunya R\u00e0dio","preu del caf\u00e8","Ra\u00fcl Pont","Ricard Ustrell"],"articleSection":["Not\u00edcies"],"inLanguage":"es"},{"@type":"WebPage","@id":"https:\/\/gremicafe.cat\/2024\/10\/14\/hem-de-patir-pel-desabastiment-de-cafe\/","url":"https:\/\/gremicafe.cat\/2024\/10\/14\/hem-de-patir-pel-desabastiment-de-cafe\/","name":"Hem de patir pel desabastiment de caf\u00e8? - Gremi del Caf\u00e8, torradors de Catalunya","isPartOf":{"@id":"https:\/\/gremicafe.cat\/#website"},"primaryImageOfPage":{"@id":"https:\/\/gremicafe.cat\/2024\/10\/14\/hem-de-patir-pel-desabastiment-de-cafe\/#primaryimage"},"image":{"@id":"https:\/\/gremicafe.cat\/2024\/10\/14\/hem-de-patir-pel-desabastiment-de-cafe\/#primaryimage"},"thumbnailUrl":"https:\/\/gremicafe.cat\/wp-content\/uploads\/2024\/10\/ElMatiCatradio.jpg","datePublished":"2024-10-14T13:47:37+00:00","dateModified":"2024-10-14T13:48:48+00:00","breadcrumb":{"@id":"https:\/\/gremicafe.cat\/2024\/10\/14\/hem-de-patir-pel-desabastiment-de-cafe\/#breadcrumb"},"inLanguage":"es","potentialAction":[{"@type":"ReadAction","target":["https:\/\/gremicafe.cat\/2024\/10\/14\/hem-de-patir-pel-desabastiment-de-cafe\/"]}]},{"@type":"ImageObject","inLanguage":"es","@id":"https:\/\/gremicafe.cat\/2024\/10\/14\/hem-de-patir-pel-desabastiment-de-cafe\/#primaryimage","url":"https:\/\/gremicafe.cat\/wp-content\/uploads\/2024\/10\/ElMatiCatradio.jpg","contentUrl":"https:\/\/gremicafe.cat\/wp-content\/uploads\/2024\/10\/ElMatiCatradio.jpg","width":1080,"height":1080,"caption":"Ricard Ustrell entrevista Carlos Gotor, president del Gremi del Caf\u00e8 de Catalunya"},{"@type":"BreadcrumbList","@id":"https:\/\/gremicafe.cat\/2024\/10\/14\/hem-de-patir-pel-desabastiment-de-cafe\/#breadcrumb","itemListElement":[{"@type":"ListItem","position":1,"name":"Inici","item":"https:\/\/gremicafe.cat\/"},{"@type":"ListItem","position":2,"name":"Hem de patir pel desabastiment de caf\u00e8?"}]},{"@type":"WebSite","@id":"https:\/\/gremicafe.cat\/#website","url":"https:\/\/gremicafe.cat\/","name":"Gremio del Caf\u00e9, tostadores de Catalu\u00f1a","description":"Web oficial del gremio de tostadores de caf\u00e9 de Catalunya","publisher":{"@id":"https:\/\/gremicafe.cat\/#organization"},"potentialAction":[{"@type":"SearchAction","target":{"@type":"EntryPoint","urlTemplate":"https:\/\/gremicafe.cat\/?s={search_term_string}"},"query-input":{"@type":"PropertyValueSpecification","valueRequired":true,"valueName":"search_term_string"}}],"inLanguage":"es"},{"@type":"Organization","@id":"https:\/\/gremicafe.cat\/#organization","name":"Gremio del Caf\u00e9, Tostadores de Catalu\u00f1a","url":"https:\/\/gremicafe.cat\/","logo":{"@type":"ImageObject","inLanguage":"es","@id":"https:\/\/gremicafe.cat\/#\/schema\/logo\/image\/","url":"https:\/\/gremicafe.cat\/wp-content\/uploads\/2018\/03\/gremicafe-logo250.png","contentUrl":"https:\/\/gremicafe.cat\/wp-content\/uploads\/2018\/03\/gremicafe-logo250.png","width":250,"height":49,"caption":"Gremi del Caf\u00e8, Torradors de Catalunya"},"image":{"@id":"https:\/\/gremicafe.cat\/#\/schema\/logo\/image\/"},"sameAs":["https:\/\/www.facebook.com\/gremicafecat","https:\/\/x.com\/gremicafecat","https:\/\/www.instagram.com\/gremicafecat\/","https:\/\/www.pinterest.es\/gremicafecat\/","https:\/\/www.youtube.com\/channel\/UCGLo5Y35vLwLvP4FrPZrCrw\/"]},{"@type":"Person","@id":"https:\/\/gremicafe.cat\/#\/schema\/person\/dabfdbb3d0fa36260855a380f94e4733","name":"gremicafe","image":{"@type":"ImageObject","inLanguage":"es","@id":"https:\/\/gremicafe.cat\/#\/schema\/person\/image\/","url":"https:\/\/secure.gravatar.com\/avatar\/e59baa4ca8f6f97576d6375fb6d3c8f0?s=96&d=mm&r=g","contentUrl":"https:\/\/secure.gravatar.com\/avatar\/e59baa4ca8f6f97576d6375fb6d3c8f0?s=96&d=mm&r=g","caption":"gremicafe"}}]}},"_links":{"self":[{"href":"https:\/\/gremicafe.cat\/es\/wp-json\/wp\/v2\/posts\/7627"}],"collection":[{"href":"https:\/\/gremicafe.cat\/es\/wp-json\/wp\/v2\/posts"}],"about":[{"href":"https:\/\/gremicafe.cat\/es\/wp-json\/wp\/v2\/types\/post"}],"author":[{"embeddable":true,"href":"https:\/\/gremicafe.cat\/es\/wp-json\/wp\/v2\/users\/1"}],"replies":[{"embeddable":true,"href":"https:\/\/gremicafe.cat\/es\/wp-json\/wp\/v2\/comments?post=7627"}],"version-history":[{"count":0,"href":"https:\/\/gremicafe.cat\/es\/wp-json\/wp\/v2\/posts\/7627\/revisions"}],"wp:featuredmedia":[{"embeddable":true,"href":"https:\/\/gremicafe.cat\/es\/wp-json\/wp\/v2\/media\/7626"}],"wp:attachment":[{"href":"https:\/\/gremicafe.cat\/es\/wp-json\/wp\/v2\/media?parent=7627"}],"wp:term":[{"taxonomy":"category","embeddable":true,"href":"https:\/\/gremicafe.cat\/es\/wp-json\/wp\/v2\/categories?post=7627"},{"taxonomy":"post_tag","embeddable":true,"href":"https:\/\/gremicafe.cat\/es\/wp-json\/wp\/v2\/tags?post=7627"}],"curies":[{"name":"wp","href":"https:\/\/api.w.org\/{rel}","templated":true}]}}