{"id":7633,"date":"2024-10-24T13:25:53","date_gmt":"2024-10-24T11:25:53","guid":{"rendered":"https:\/\/gremicafe.cat\/?p=7633"},"modified":"2024-10-24T13:32:07","modified_gmt":"2024-10-24T11:32:07","slug":"la-importancia-del-port-de-barcelona-pel-mon-del-cafe","status":"publish","type":"post","link":"https:\/\/gremicafe.cat\/es\/2024\/10\/24\/la-importancia-del-port-de-barcelona-pel-mon-del-cafe\/","title":{"rendered":"La importancia del Puerto de Barcelona por el mundo del caf\u00e9"},"content":{"rendered":"<p class=\"p1\"><em><span class=\"s1\">El Puerto de Barcelona es el puerto de entrada a Europa para el tr\u00e1fico de caf\u00e9 y cacao, adem\u00e1s de ser un hub en el Mediterr\u00e1neo y un centro de distribuci\u00f3n. Tambi\u00e9n es la v\u00eda de llegada principal de caf\u00e9 a la Pen\u00ednsula Ib\u00e9rica.<\/span><\/em><\/p>\n<p class=\"p3\"><span class=\"s1\"><b>Un tr\u00e1fico consolidado y estrat\u00e9gico<br \/>\n<\/b><\/span><span class=\"s1\">Las conexiones mar\u00edtimas regulares del Puerto de Barcelona con los principales pa\u00edses productores como Brasil, Vietnam, Colombia, India o Uganda le convierten en un punto estrat\u00e9gico de distribuci\u00f3n en el Mediterr\u00e1neo y Europa.<\/span><\/p>\n<p class=\"p5\"><span class=\"s1\"><b>Certificaciones internacionales<br \/>\n<\/b><\/span><span class=\"s1\">El Puerto de Barcelona es el \u00fanico enclave mar\u00edtimo mediterr\u00e1neo con certificaci\u00f3n como puerto entregable por las bolsas de Nueva York (ICE) y Londres (LIFFE). La certificaci\u00f3n destaca los altos niveles de calidad en t\u00e9rminos de espacios y condiciones para el almacenamiento de caf\u00e9, as\u00ed como las infraestructuras log\u00edsticas adecuadas para el producto.<\/span><\/p>\n<p class=\"p4\"><span class=\"s1\">Para saber m\u00e1s, consulte el documento PDF del Puerto de Barcelona (v2020)<\/span><\/p>\n<p class=\"p4\"><a href=\"https:\/\/www.portdebarcelona.cat\/ca\/negoci-i-serveis\/trafics-i-mercaderies\/contenidors\/cafe-i-cacau\" target=\"_blank\" rel=\"noopener\"><span class=\"s1\">https:\/\/www.portdebarcelona.cat\/ca\/negoci-i-serveis\/trafics-i-mercaderies\/contenidors\/cafe-i-cacau<\/span><\/a><\/p>\n<p class=\"p4\"><a href=\"https:\/\/www.portdebarcelona.cat\/sites\/default\/files\/content\/file\/2021\/10\/01\/1\/portbcn_cafe_cacao.pdf\"><span class=\"s1\">https:\/\/www.portdebarcelona.cat\/sites\/default\/files\/content\/file\/2021\/10\/01\/1\/portbcn_cafe_cacao.pdf<\/span><\/a><\/p>\n<p class=\"p1\"><span class=\"s1\">Art\u00edculo relacionado:<\/span><\/p>\n<p class=\"p2\"><span class=\"s1\"><b>Barcelona, la gran puerta de entrada de caf\u00e9 de todo el mundo<\/b><\/span><\/p>\n<p class=\"p4\"><a href=\"https:\/\/www.totbarcelona.cat\/cultura-i-oci\/barcelona-porta-entrada-cafe-internacional-120275\/\" target=\"_blank\" rel=\"noopener\"><span class=\"s1\">https:\/\/www.totbarcelona.cat\/cultura-i-oci\/barcelona-porta-entrada-cafe-internacional-120275\/<\/span><\/a><\/p>\n<p>&nbsp;<\/p>\n<div id=\"attachment_7634\" style=\"width: 1090px\" class=\"wp-caption aligncenter\"><img loading=\"lazy\" decoding=\"async\" aria-describedby=\"caption-attachment-7634\" class=\"size-full wp-image-7634\" src=\"https:\/\/gremicafe.cat\/wp-content\/uploads\/2024\/10\/portbcn_cafe_cacao-1.jpg\" alt=\"La import\u00e0ncia del Port de Barcelona pel m\u00f3n del caf\u00e8\" width=\"1080\" height=\"1044\" srcset=\"https:\/\/gremicafe.cat\/wp-content\/uploads\/2024\/10\/portbcn_cafe_cacao-1.jpg 1080w, https:\/\/gremicafe.cat\/wp-content\/uploads\/2024\/10\/portbcn_cafe_cacao-1-768x742.jpg 768w, https:\/\/gremicafe.cat\/wp-content\/uploads\/2024\/10\/portbcn_cafe_cacao-1-745x720.jpg 745w\" sizes=\"(max-width: 1080px) 100vw, 1080px\" \/><p id=\"caption-attachment-7634\" class=\"wp-caption-text\">La importancia del Puerto de Barcelona por el mundo del caf\u00e9<\/p><\/div>","protected":false},"excerpt":{"rendered":"<p>El Port de Barcelona \u00e9s el port d&#8217;entrada a Europa per al tr\u00e0fic de caf\u00e8 i cacau, a m\u00e9s de ser un\u00a0hub\u00a0al Mediterrani i un centre de distribuci\u00f3. Tamb\u00e9 \u00e9s la via d&#8217;arribada principal de caf\u00e8 a la pen\u00ednsula Ib\u00e8rica. Un tr\u00e0fic consolidat i estrat\u00e8gic Les connexions mar\u00edtimes regulars del Port de Barcelona amb els [&hellip;]<\/p>\n","protected":false},"author":1,"featured_media":7634,"comment_status":"closed","ping_status":"open","sticky":false,"template":"","format":"standard","meta":{"_acf_changed":false,"inline_featured_image":false,"footnotes":""},"categories":[1],"tags":[119,97,118],"class_list":["post-7633","post","type-post","status-publish","format-standard","has-post-thumbnail","hentry","category-noticies","tag-cafe-a-catalunya","tag-gremi-del-cafe","tag-port-de-barcelona"],"acf":[],"yoast_head":"<!-- This site is optimized with the Yoast SEO plugin v25.5 - https:\/\/yoast.com\/wordpress\/plugins\/seo\/ -->\n<title>La import\u00e0ncia del Port de Barcelona pel m\u00f3n del caf\u00e8 - Gremi del Caf\u00e8, torradors de Catalunya<\/title>\n<meta name=\"description\" content=\"El Port de Barcelona \u00e9s el port d&#039;entrada a Europa per al tr\u00e0fic de caf\u00e8 i cacau, a m\u00e9s de ser un\u00a0hub\u00a0al Mediterrani i un centre de distribuci\u00f3. Tamb\u00e9 \u00e9s la via d&#039;arribada principal de caf\u00e8 a la pen\u00ednsula Ib\u00e8rica.\" \/>\n<meta name=\"robots\" content=\"index, follow, max-snippet:-1, max-image-preview:large, max-video-preview:-1\" \/>\n<link rel=\"canonical\" href=\"https:\/\/gremicafe.cat\/es\/2024\/10\/24\/la-importancia-del-port-de-barcelona-pel-mon-del-cafe\/\" \/>\n<meta property=\"og:locale\" content=\"es_ES\" \/>\n<meta property=\"og:type\" content=\"article\" \/>\n<meta property=\"og:title\" content=\"La import\u00e0ncia del Port de Barcelona pel m\u00f3n del caf\u00e8 - Gremi del Caf\u00e8, torradors de Catalunya\" \/>\n<meta property=\"og:description\" content=\"El Port de Barcelona \u00e9s el port d&#039;entrada a Europa per al tr\u00e0fic de caf\u00e8 i cacau, a m\u00e9s de ser un\u00a0hub\u00a0al Mediterrani i un centre de distribuci\u00f3. Tamb\u00e9 \u00e9s la via d&#039;arribada principal de caf\u00e8 a la pen\u00ednsula Ib\u00e8rica.\" \/>\n<meta property=\"og:url\" content=\"https:\/\/gremicafe.cat\/es\/2024\/10\/24\/la-importancia-del-port-de-barcelona-pel-mon-del-cafe\/\" \/>\n<meta property=\"og:site_name\" content=\"Gremi del Caf\u00e8, torradors de Catalunya\" \/>\n<meta property=\"article:publisher\" content=\"https:\/\/www.facebook.com\/gremicafecat\" \/>\n<meta property=\"article:published_time\" content=\"2024-10-24T11:25:53+00:00\" \/>\n<meta property=\"article:modified_time\" content=\"2024-10-24T11:32:07+00:00\" \/>\n<meta property=\"og:image\" content=\"https:\/\/gremicafe.cat\/wp-content\/uploads\/2024\/10\/portbcn_cafe_cacao-1.jpg\" \/>\n\t<meta property=\"og:image:width\" content=\"1080\" \/>\n\t<meta property=\"og:image:height\" content=\"1044\" \/>\n\t<meta property=\"og:image:type\" content=\"image\/jpeg\" \/>\n<meta name=\"author\" content=\"gremicafe\" \/>\n<meta name=\"twitter:card\" content=\"summary_large_image\" \/>\n<meta name=\"twitter:creator\" content=\"@gremicafecat\" \/>\n<meta name=\"twitter:site\" content=\"@gremicafecat\" \/>\n<meta name=\"twitter:label1\" content=\"Escrito por\" \/>\n\t<meta name=\"twitter:data1\" content=\"gremicafe\" \/>\n\t<meta name=\"twitter:label2\" content=\"Tiempo de lectura\" \/>\n\t<meta name=\"twitter:data2\" content=\"2 minutos\" \/>\n<script type=\"application\/ld+json\" class=\"yoast-schema-graph\">{\"@context\":\"https:\/\/schema.org\",\"@graph\":[{\"@type\":\"Article\",\"@id\":\"https:\/\/gremicafe.cat\/2024\/10\/24\/la-importancia-del-port-de-barcelona-pel-mon-del-cafe\/#article\",\"isPartOf\":{\"@id\":\"https:\/\/gremicafe.cat\/2024\/10\/24\/la-importancia-del-port-de-barcelona-pel-mon-del-cafe\/\"},\"author\":{\"name\":\"gremicafe\",\"@id\":\"https:\/\/gremicafe.cat\/#\/schema\/person\/dabfdbb3d0fa36260855a380f94e4733\"},\"headline\":\"La import\u00e0ncia del Port de Barcelona pel m\u00f3n del caf\u00e8\",\"datePublished\":\"2024-10-24T11:25:53+00:00\",\"dateModified\":\"2024-10-24T11:32:07+00:00\",\"mainEntityOfPage\":{\"@id\":\"https:\/\/gremicafe.cat\/2024\/10\/24\/la-importancia-del-port-de-barcelona-pel-mon-del-cafe\/\"},\"wordCount\":237,\"publisher\":{\"@id\":\"https:\/\/gremicafe.cat\/#organization\"},\"image\":{\"@id\":\"https:\/\/gremicafe.cat\/2024\/10\/24\/la-importancia-del-port-de-barcelona-pel-mon-del-cafe\/#primaryimage\"},\"thumbnailUrl\":\"https:\/\/gremicafe.cat\/wp-content\/uploads\/2024\/10\/portbcn_cafe_cacao-1.jpg\",\"keywords\":[\"Caf\u00e8 a Catalunya\",\"Gremi del Caf\u00e8\",\"Port de Barcelona\"],\"articleSection\":[\"Not\u00edcies\"],\"inLanguage\":\"es\"},{\"@type\":\"WebPage\",\"@id\":\"https:\/\/gremicafe.cat\/2024\/10\/24\/la-importancia-del-port-de-barcelona-pel-mon-del-cafe\/\",\"url\":\"https:\/\/gremicafe.cat\/2024\/10\/24\/la-importancia-del-port-de-barcelona-pel-mon-del-cafe\/\",\"name\":\"La import\u00e0ncia del Port de Barcelona pel m\u00f3n del caf\u00e8 - Gremi del Caf\u00e8, torradors de Catalunya\",\"isPartOf\":{\"@id\":\"https:\/\/gremicafe.cat\/#website\"},\"primaryImageOfPage\":{\"@id\":\"https:\/\/gremicafe.cat\/2024\/10\/24\/la-importancia-del-port-de-barcelona-pel-mon-del-cafe\/#primaryimage\"},\"image\":{\"@id\":\"https:\/\/gremicafe.cat\/2024\/10\/24\/la-importancia-del-port-de-barcelona-pel-mon-del-cafe\/#primaryimage\"},\"thumbnailUrl\":\"https:\/\/gremicafe.cat\/wp-content\/uploads\/2024\/10\/portbcn_cafe_cacao-1.jpg\",\"datePublished\":\"2024-10-24T11:25:53+00:00\",\"dateModified\":\"2024-10-24T11:32:07+00:00\",\"description\":\"El Port de Barcelona \u00e9s el port d'entrada a Europa per al tr\u00e0fic de caf\u00e8 i cacau, a m\u00e9s de ser un\u00a0hub\u00a0al Mediterrani i un centre de distribuci\u00f3. Tamb\u00e9 \u00e9s la via d'arribada principal de caf\u00e8 a la pen\u00ednsula Ib\u00e8rica.\",\"breadcrumb\":{\"@id\":\"https:\/\/gremicafe.cat\/2024\/10\/24\/la-importancia-del-port-de-barcelona-pel-mon-del-cafe\/#breadcrumb\"},\"inLanguage\":\"es\",\"potentialAction\":[{\"@type\":\"ReadAction\",\"target\":[\"https:\/\/gremicafe.cat\/2024\/10\/24\/la-importancia-del-port-de-barcelona-pel-mon-del-cafe\/\"]}]},{\"@type\":\"ImageObject\",\"inLanguage\":\"es\",\"@id\":\"https:\/\/gremicafe.cat\/2024\/10\/24\/la-importancia-del-port-de-barcelona-pel-mon-del-cafe\/#primaryimage\",\"url\":\"https:\/\/gremicafe.cat\/wp-content\/uploads\/2024\/10\/portbcn_cafe_cacao-1.jpg\",\"contentUrl\":\"https:\/\/gremicafe.cat\/wp-content\/uploads\/2024\/10\/portbcn_cafe_cacao-1.jpg\",\"width\":1080,\"height\":1044,\"caption\":\"La import\u00e0ncia del Port de Barcelona pel m\u00f3n del caf\u00e8\"},{\"@type\":\"BreadcrumbList\",\"@id\":\"https:\/\/gremicafe.cat\/2024\/10\/24\/la-importancia-del-port-de-barcelona-pel-mon-del-cafe\/#breadcrumb\",\"itemListElement\":[{\"@type\":\"ListItem\",\"position\":1,\"name\":\"Inici\",\"item\":\"https:\/\/gremicafe.cat\/\"},{\"@type\":\"ListItem\",\"position\":2,\"name\":\"La import\u00e0ncia del Port de Barcelona pel m\u00f3n del caf\u00e8\"}]},{\"@type\":\"WebSite\",\"@id\":\"https:\/\/gremicafe.cat\/#website\",\"url\":\"https:\/\/gremicafe.cat\/\",\"name\":\"Gremi del Caf\u00e8, torradors de Catalunya\",\"description\":\"Web oficial del gremi de torradors de caf\u00e8 de Catalunya\",\"publisher\":{\"@id\":\"https:\/\/gremicafe.cat\/#organization\"},\"potentialAction\":[{\"@type\":\"SearchAction\",\"target\":{\"@type\":\"EntryPoint\",\"urlTemplate\":\"https:\/\/gremicafe.cat\/?s={search_term_string}\"},\"query-input\":{\"@type\":\"PropertyValueSpecification\",\"valueRequired\":true,\"valueName\":\"search_term_string\"}}],\"inLanguage\":\"es\"},{\"@type\":\"Organization\",\"@id\":\"https:\/\/gremicafe.cat\/#organization\",\"name\":\"Gremi del Caf\u00e8, Torradors de Catalunya\",\"url\":\"https:\/\/gremicafe.cat\/\",\"logo\":{\"@type\":\"ImageObject\",\"inLanguage\":\"es\",\"@id\":\"https:\/\/gremicafe.cat\/#\/schema\/logo\/image\/\",\"url\":\"https:\/\/gremicafe.cat\/wp-content\/uploads\/2018\/03\/gremicafe-logo250.png\",\"contentUrl\":\"https:\/\/gremicafe.cat\/wp-content\/uploads\/2018\/03\/gremicafe-logo250.png\",\"width\":250,\"height\":49,\"caption\":\"Gremi del Caf\u00e8, Torradors de Catalunya\"},\"image\":{\"@id\":\"https:\/\/gremicafe.cat\/#\/schema\/logo\/image\/\"},\"sameAs\":[\"https:\/\/www.facebook.com\/gremicafecat\",\"https:\/\/x.com\/gremicafecat\",\"https:\/\/www.instagram.com\/gremicafecat\/\",\"https:\/\/www.pinterest.es\/gremicafecat\/\",\"https:\/\/www.youtube.com\/channel\/UCGLo5Y35vLwLvP4FrPZrCrw\/\"]},{\"@type\":\"Person\",\"@id\":\"https:\/\/gremicafe.cat\/#\/schema\/person\/dabfdbb3d0fa36260855a380f94e4733\",\"name\":\"gremicafe\",\"image\":{\"@type\":\"ImageObject\",\"inLanguage\":\"es\",\"@id\":\"https:\/\/gremicafe.cat\/#\/schema\/person\/image\/\",\"url\":\"https:\/\/secure.gravatar.com\/avatar\/e59baa4ca8f6f97576d6375fb6d3c8f0?s=96&d=mm&r=g\",\"contentUrl\":\"https:\/\/secure.gravatar.com\/avatar\/e59baa4ca8f6f97576d6375fb6d3c8f0?s=96&d=mm&r=g\",\"caption\":\"gremicafe\"}}]}<\/script>\n<!-- \/ Yoast SEO plugin. -->","yoast_head_json":{"title":"La import\u00e0ncia del Port de Barcelona pel m\u00f3n del caf\u00e8 - Gremi del Caf\u00e8, torradors de Catalunya","description":"El Port de Barcelona \u00e9s el port d'entrada a Europa per al tr\u00e0fic de caf\u00e8 i cacau, a m\u00e9s de ser un\u00a0hub\u00a0al Mediterrani i un centre de distribuci\u00f3. Tamb\u00e9 \u00e9s la via d'arribada principal de caf\u00e8 a la pen\u00ednsula Ib\u00e8rica.","robots":{"index":"index","follow":"follow","max-snippet":"max-snippet:-1","max-image-preview":"max-image-preview:large","max-video-preview":"max-video-preview:-1"},"canonical":"https:\/\/gremicafe.cat\/es\/2024\/10\/24\/la-importancia-del-port-de-barcelona-pel-mon-del-cafe\/","og_locale":"es_ES","og_type":"article","og_title":"La import\u00e0ncia del Port de Barcelona pel m\u00f3n del caf\u00e8 - Gremi del Caf\u00e8, torradors de Catalunya","og_description":"El Port de Barcelona \u00e9s el port d'entrada a Europa per al tr\u00e0fic de caf\u00e8 i cacau, a m\u00e9s de ser un\u00a0hub\u00a0al Mediterrani i un centre de distribuci\u00f3. Tamb\u00e9 \u00e9s la via d'arribada principal de caf\u00e8 a la pen\u00ednsula Ib\u00e8rica.","og_url":"https:\/\/gremicafe.cat\/es\/2024\/10\/24\/la-importancia-del-port-de-barcelona-pel-mon-del-cafe\/","og_site_name":"Gremi del Caf\u00e8, torradors de Catalunya","article_publisher":"https:\/\/www.facebook.com\/gremicafecat","article_published_time":"2024-10-24T11:25:53+00:00","article_modified_time":"2024-10-24T11:32:07+00:00","og_image":[{"width":1080,"height":1044,"url":"https:\/\/gremicafe.cat\/wp-content\/uploads\/2024\/10\/portbcn_cafe_cacao-1.jpg","type":"image\/jpeg"}],"author":"gremicafe","twitter_card":"summary_large_image","twitter_creator":"@gremicafecat","twitter_site":"@gremicafecat","twitter_misc":{"Escrito por":"gremicafe","Tiempo de lectura":"2 minutos"},"schema":{"@context":"https:\/\/schema.org","@graph":[{"@type":"Article","@id":"https:\/\/gremicafe.cat\/2024\/10\/24\/la-importancia-del-port-de-barcelona-pel-mon-del-cafe\/#article","isPartOf":{"@id":"https:\/\/gremicafe.cat\/2024\/10\/24\/la-importancia-del-port-de-barcelona-pel-mon-del-cafe\/"},"author":{"name":"gremicafe","@id":"https:\/\/gremicafe.cat\/#\/schema\/person\/dabfdbb3d0fa36260855a380f94e4733"},"headline":"La import\u00e0ncia del Port de Barcelona pel m\u00f3n del caf\u00e8","datePublished":"2024-10-24T11:25:53+00:00","dateModified":"2024-10-24T11:32:07+00:00","mainEntityOfPage":{"@id":"https:\/\/gremicafe.cat\/2024\/10\/24\/la-importancia-del-port-de-barcelona-pel-mon-del-cafe\/"},"wordCount":237,"publisher":{"@id":"https:\/\/gremicafe.cat\/#organization"},"image":{"@id":"https:\/\/gremicafe.cat\/2024\/10\/24\/la-importancia-del-port-de-barcelona-pel-mon-del-cafe\/#primaryimage"},"thumbnailUrl":"https:\/\/gremicafe.cat\/wp-content\/uploads\/2024\/10\/portbcn_cafe_cacao-1.jpg","keywords":["Caf\u00e8 a Catalunya","Gremi del Caf\u00e8","Port de Barcelona"],"articleSection":["Not\u00edcies"],"inLanguage":"es"},{"@type":"WebPage","@id":"https:\/\/gremicafe.cat\/2024\/10\/24\/la-importancia-del-port-de-barcelona-pel-mon-del-cafe\/","url":"https:\/\/gremicafe.cat\/2024\/10\/24\/la-importancia-del-port-de-barcelona-pel-mon-del-cafe\/","name":"La import\u00e0ncia del Port de Barcelona pel m\u00f3n del caf\u00e8 - Gremi del Caf\u00e8, torradors de Catalunya","isPartOf":{"@id":"https:\/\/gremicafe.cat\/#website"},"primaryImageOfPage":{"@id":"https:\/\/gremicafe.cat\/2024\/10\/24\/la-importancia-del-port-de-barcelona-pel-mon-del-cafe\/#primaryimage"},"image":{"@id":"https:\/\/gremicafe.cat\/2024\/10\/24\/la-importancia-del-port-de-barcelona-pel-mon-del-cafe\/#primaryimage"},"thumbnailUrl":"https:\/\/gremicafe.cat\/wp-content\/uploads\/2024\/10\/portbcn_cafe_cacao-1.jpg","datePublished":"2024-10-24T11:25:53+00:00","dateModified":"2024-10-24T11:32:07+00:00","description":"El Port de Barcelona \u00e9s el port d'entrada a Europa per al tr\u00e0fic de caf\u00e8 i cacau, a m\u00e9s de ser un\u00a0hub\u00a0al Mediterrani i un centre de distribuci\u00f3. Tamb\u00e9 \u00e9s la via d'arribada principal de caf\u00e8 a la pen\u00ednsula Ib\u00e8rica.","breadcrumb":{"@id":"https:\/\/gremicafe.cat\/2024\/10\/24\/la-importancia-del-port-de-barcelona-pel-mon-del-cafe\/#breadcrumb"},"inLanguage":"es","potentialAction":[{"@type":"ReadAction","target":["https:\/\/gremicafe.cat\/2024\/10\/24\/la-importancia-del-port-de-barcelona-pel-mon-del-cafe\/"]}]},{"@type":"ImageObject","inLanguage":"es","@id":"https:\/\/gremicafe.cat\/2024\/10\/24\/la-importancia-del-port-de-barcelona-pel-mon-del-cafe\/#primaryimage","url":"https:\/\/gremicafe.cat\/wp-content\/uploads\/2024\/10\/portbcn_cafe_cacao-1.jpg","contentUrl":"https:\/\/gremicafe.cat\/wp-content\/uploads\/2024\/10\/portbcn_cafe_cacao-1.jpg","width":1080,"height":1044,"caption":"La import\u00e0ncia del Port de Barcelona pel m\u00f3n del caf\u00e8"},{"@type":"BreadcrumbList","@id":"https:\/\/gremicafe.cat\/2024\/10\/24\/la-importancia-del-port-de-barcelona-pel-mon-del-cafe\/#breadcrumb","itemListElement":[{"@type":"ListItem","position":1,"name":"Inici","item":"https:\/\/gremicafe.cat\/"},{"@type":"ListItem","position":2,"name":"La import\u00e0ncia del Port de Barcelona pel m\u00f3n del caf\u00e8"}]},{"@type":"WebSite","@id":"https:\/\/gremicafe.cat\/#website","url":"https:\/\/gremicafe.cat\/","name":"Gremio del Caf\u00e9, tostadores de Catalu\u00f1a","description":"Web oficial del gremio de tostadores de caf\u00e9 de Catalunya","publisher":{"@id":"https:\/\/gremicafe.cat\/#organization"},"potentialAction":[{"@type":"SearchAction","target":{"@type":"EntryPoint","urlTemplate":"https:\/\/gremicafe.cat\/?s={search_term_string}"},"query-input":{"@type":"PropertyValueSpecification","valueRequired":true,"valueName":"search_term_string"}}],"inLanguage":"es"},{"@type":"Organization","@id":"https:\/\/gremicafe.cat\/#organization","name":"Gremio del Caf\u00e9, Tostadores de Catalu\u00f1a","url":"https:\/\/gremicafe.cat\/","logo":{"@type":"ImageObject","inLanguage":"es","@id":"https:\/\/gremicafe.cat\/#\/schema\/logo\/image\/","url":"https:\/\/gremicafe.cat\/wp-content\/uploads\/2018\/03\/gremicafe-logo250.png","contentUrl":"https:\/\/gremicafe.cat\/wp-content\/uploads\/2018\/03\/gremicafe-logo250.png","width":250,"height":49,"caption":"Gremi del Caf\u00e8, Torradors de Catalunya"},"image":{"@id":"https:\/\/gremicafe.cat\/#\/schema\/logo\/image\/"},"sameAs":["https:\/\/www.facebook.com\/gremicafecat","https:\/\/x.com\/gremicafecat","https:\/\/www.instagram.com\/gremicafecat\/","https:\/\/www.pinterest.es\/gremicafecat\/","https:\/\/www.youtube.com\/channel\/UCGLo5Y35vLwLvP4FrPZrCrw\/"]},{"@type":"Person","@id":"https:\/\/gremicafe.cat\/#\/schema\/person\/dabfdbb3d0fa36260855a380f94e4733","name":"gremicafe","image":{"@type":"ImageObject","inLanguage":"es","@id":"https:\/\/gremicafe.cat\/#\/schema\/person\/image\/","url":"https:\/\/secure.gravatar.com\/avatar\/e59baa4ca8f6f97576d6375fb6d3c8f0?s=96&d=mm&r=g","contentUrl":"https:\/\/secure.gravatar.com\/avatar\/e59baa4ca8f6f97576d6375fb6d3c8f0?s=96&d=mm&r=g","caption":"gremicafe"}}]}},"_links":{"self":[{"href":"https:\/\/gremicafe.cat\/es\/wp-json\/wp\/v2\/posts\/7633"}],"collection":[{"href":"https:\/\/gremicafe.cat\/es\/wp-json\/wp\/v2\/posts"}],"about":[{"href":"https:\/\/gremicafe.cat\/es\/wp-json\/wp\/v2\/types\/post"}],"author":[{"embeddable":true,"href":"https:\/\/gremicafe.cat\/es\/wp-json\/wp\/v2\/users\/1"}],"replies":[{"embeddable":true,"href":"https:\/\/gremicafe.cat\/es\/wp-json\/wp\/v2\/comments?post=7633"}],"version-history":[{"count":0,"href":"https:\/\/gremicafe.cat\/es\/wp-json\/wp\/v2\/posts\/7633\/revisions"}],"wp:featuredmedia":[{"embeddable":true,"href":"https:\/\/gremicafe.cat\/es\/wp-json\/wp\/v2\/media\/7634"}],"wp:attachment":[{"href":"https:\/\/gremicafe.cat\/es\/wp-json\/wp\/v2\/media?parent=7633"}],"wp:term":[{"taxonomy":"category","embeddable":true,"href":"https:\/\/gremicafe.cat\/es\/wp-json\/wp\/v2\/categories?post=7633"},{"taxonomy":"post_tag","embeddable":true,"href":"https:\/\/gremicafe.cat\/es\/wp-json\/wp\/v2\/tags?post=7633"}],"curies":[{"name":"wp","href":"https:\/\/api.w.org\/{rel}","templated":true}]}}