{"id":7641,"date":"2024-10-31T15:20:46","date_gmt":"2024-10-31T14:20:46","guid":{"rendered":"https:\/\/gremicafe.cat\/?p=7641"},"modified":"2024-10-24T15:47:01","modified_gmt":"2024-10-24T13:47:01","slug":"establiments-certificats-pel-gremi-del-cafe","status":"publish","type":"post","link":"https:\/\/gremicafe.cat\/es\/2024\/10\/31\/establiments-certificats-pel-gremi-del-cafe\/","title":{"rendered":"Establecimientos certificados por el Gremio del Caf\u00e9"},"content":{"rendered":"<h3><em><span class=\"s1\">Un establecimiento certificado es aqu\u00e9l que sirve un caf\u00e9, 100% natural, reci\u00e9n tostado, que le ha suministrado un tostador asociado al Gremio del Caf\u00e9 de Catalunya.<\/span><\/em><\/h3>\n<p class=\"p1\"><span class=\"s1\"><b>\u00bfQu\u00e9 es un establecimiento certificado?<br \/>\n<\/b><\/span><span class=\"s1\">Un establecimiento certificado es aquel que luce el distintivo del <b>Gremio del Caf\u00e9 de Catalu\u00f1a<\/b>, que le ha entregado un tostador de caf\u00e9 asociado al Gremio.<br \/>\n<\/span><span class=\"s1\">Es, por tanto, un establecimiento que sirve un caf\u00e9, 100% natural, reci\u00e9n tostado, por un tostador del Gremio del Caf\u00e9, tostadores de Catalu\u00f1a; un producto km 0, de proximidad, fresco y natural.<\/span><\/p>\n<p class=\"p1\"><span class=\"s1\"><b>\u00bfQuiere ser un establecimiento certificado por el Gremio?<br \/>\n<\/b><\/span><span class=\"s1\">Para ser un establecimiento certificado, es necesario que sea cliente de una de las empresas asociadas al <b>Gremio del Caf\u00e9<\/b>, tostadores de Catalu\u00f1a. P\u00f3ngase en contacto y ellos le explicar\u00e1n c\u00f3mo puede obtener el distintivo de certificaci\u00f3n.<br \/>\n<\/span><span class=\"s1\">Este distintivo le compromete a comprar caf\u00e9 100% natural, reci\u00e9n tostado, por un tostador asociado al Gremi del Caf\u00e9, tostadores de Catalu\u00f1a.<\/span><\/p>\n<p class=\"p1\"><span class=\"s1\"><b>\u00bfQuiere conocer m\u00e1s cosas del caf\u00e9?<\/b><br \/>\n<\/span><span class=\"s1\">Preg\u00fantele a un tostador del Gremio del Caf\u00e9. Le ense\u00f1ar\u00e1n, al menos, las veinte formas m\u00e1s habituales de tomar un buen caf\u00e9 en Catalunya.<\/span><\/p>\n<p class=\"p1\"><span class=\"s1\"><b>Soy un consumidor, \u00bfc\u00f3mo puedo saber si un establecimiento est\u00e1 certificado?<br \/>\n<\/b><\/span><span class=\"s1\">Todos los establecimientos certificados deben exponer el distintivo que lo acredita en un lugar visible. Para mayor seguridad, puede consultar la lista de marcas y empresas asociadas al <b>Gremio del Caf\u00e9<\/b>, tostadores de Catalu\u00f1a, en su p\u00e1gina web: https:\/\/gremicafe.cat<\/span><\/p>\n<p><em><span class=\"s1\">El Gremio del Caf\u00e9 impulsa desde 2016 la campa\u00f1a \u201cEl caf\u00e9, un placer\u201d con el \u00fanico objetivo de garantizar la calidad del caf\u00e9 en las cafeter\u00edas de Catalu\u00f1a.<\/span><\/em><\/p>\n<p><span class=\"s1\">Este distintivo acredita que el establecimiento donde usted se encuentra, compra caf\u00e9 100% natural, reci\u00e9n tostado, por un tostador asociado al Gremi del Caf\u00e9, tostadores de Catalu\u00f1a.<\/span><\/p>\n<div id=\"attachment_7644\" style=\"width: 810px\" class=\"wp-caption aligncenter\"><img loading=\"lazy\" decoding=\"async\" aria-describedby=\"caption-attachment-7644\" class=\"size-full wp-image-7644\" src=\"https:\/\/gremicafe.cat\/wp-content\/uploads\/2024\/10\/placa-gremi-2024-800.jpg\" alt=\"Establiment certificat GRemi del Caf\u00e8\" width=\"800\" height=\"1117\" srcset=\"https:\/\/gremicafe.cat\/wp-content\/uploads\/2024\/10\/placa-gremi-2024-800.jpg 800w, https:\/\/gremicafe.cat\/wp-content\/uploads\/2024\/10\/placa-gremi-2024-800-768x1072.jpg 768w, https:\/\/gremicafe.cat\/wp-content\/uploads\/2024\/10\/placa-gremi-2024-800-516x720.jpg 516w\" sizes=\"(max-width: 800px) 100vw, 800px\" \/><p id=\"caption-attachment-7644\" class=\"wp-caption-text\">Distintivo entregado por el Gremi del Caf\u00e9, tostadores de Catalu\u00f1a.<\/p><\/div>","protected":false},"excerpt":{"rendered":"<p>Un establiment certificat \u00e9s aquell que serveix un caf\u00e8, 100% natural, acabat de torrar, que li ha subministrat un torrador associat al Gremi del Caf\u00e8 de Catalunya. Qu\u00e8 \u00e9s un establiment certificat? Un establiment certificat \u00e9s aquell que llueix el distintiu del Gremi del Caf\u00e8 de Catalunya, que li ha lliurat un torrador de caf\u00e8 [&hellip;]<\/p>\n","protected":false},"author":1,"featured_media":7644,"comment_status":"closed","ping_status":"open","sticky":false,"template":"","format":"standard","meta":{"_acf_changed":false,"inline_featured_image":false,"footnotes":""},"categories":[1],"tags":[],"class_list":["post-7641","post","type-post","status-publish","format-standard","has-post-thumbnail","hentry","category-noticies"],"acf":[],"yoast_head":"<!-- This site is optimized with the Yoast SEO plugin v25.5 - https:\/\/yoast.com\/wordpress\/plugins\/seo\/ -->\n<title>Establiments certificats pel Gremi del Caf\u00e8 - Gremi del Caf\u00e8, torradors de Catalunya<\/title>\n<meta name=\"robots\" content=\"index, follow, max-snippet:-1, max-image-preview:large, max-video-preview:-1\" \/>\n<link rel=\"canonical\" href=\"https:\/\/gremicafe.cat\/es\/2024\/10\/31\/establiments-certificats-pel-gremi-del-cafe\/\" \/>\n<meta property=\"og:locale\" content=\"es_ES\" \/>\n<meta property=\"og:type\" content=\"article\" \/>\n<meta property=\"og:title\" content=\"Establiments certificats pel Gremi del Caf\u00e8 - Gremi del Caf\u00e8, torradors de Catalunya\" \/>\n<meta property=\"og:description\" content=\"Un establiment certificat \u00e9s aquell que serveix un caf\u00e8, 100% natural, acabat de torrar, que li ha subministrat un torrador associat al Gremi del Caf\u00e8 de Catalunya. Qu\u00e8 \u00e9s un establiment certificat? Un establiment certificat \u00e9s aquell que llueix el distintiu del Gremi del Caf\u00e8 de Catalunya, que li ha lliurat un torrador de caf\u00e8 [&hellip;]\" \/>\n<meta property=\"og:url\" content=\"https:\/\/gremicafe.cat\/es\/2024\/10\/31\/establiments-certificats-pel-gremi-del-cafe\/\" \/>\n<meta property=\"og:site_name\" content=\"Gremi del Caf\u00e8, torradors de Catalunya\" \/>\n<meta property=\"article:publisher\" content=\"https:\/\/www.facebook.com\/gremicafecat\" \/>\n<meta property=\"article:published_time\" content=\"2024-10-31T14:20:46+00:00\" \/>\n<meta property=\"og:image\" content=\"https:\/\/gremicafe.cat\/wp-content\/uploads\/2024\/10\/placa-gremi-2024-800.jpg\" \/>\n\t<meta property=\"og:image:width\" content=\"800\" \/>\n\t<meta property=\"og:image:height\" content=\"1117\" \/>\n\t<meta property=\"og:image:type\" content=\"image\/jpeg\" \/>\n<meta name=\"author\" content=\"gremicafe\" \/>\n<meta name=\"twitter:card\" content=\"summary_large_image\" \/>\n<meta name=\"twitter:creator\" content=\"@gremicafecat\" \/>\n<meta name=\"twitter:site\" content=\"@gremicafecat\" \/>\n<meta name=\"twitter:label1\" content=\"Escrito por\" \/>\n\t<meta name=\"twitter:data1\" content=\"gremicafe\" \/>\n\t<meta name=\"twitter:label2\" content=\"Tiempo de lectura\" \/>\n\t<meta name=\"twitter:data2\" content=\"3 minutos\" \/>\n<script type=\"application\/ld+json\" class=\"yoast-schema-graph\">{\"@context\":\"https:\/\/schema.org\",\"@graph\":[{\"@type\":\"Article\",\"@id\":\"https:\/\/gremicafe.cat\/2024\/10\/31\/establiments-certificats-pel-gremi-del-cafe\/#article\",\"isPartOf\":{\"@id\":\"https:\/\/gremicafe.cat\/2024\/10\/31\/establiments-certificats-pel-gremi-del-cafe\/\"},\"author\":{\"name\":\"gremicafe\",\"@id\":\"https:\/\/gremicafe.cat\/#\/schema\/person\/dabfdbb3d0fa36260855a380f94e4733\"},\"headline\":\"Establiments certificats pel Gremi del Caf\u00e8\",\"datePublished\":\"2024-10-31T14:20:46+00:00\",\"mainEntityOfPage\":{\"@id\":\"https:\/\/gremicafe.cat\/2024\/10\/31\/establiments-certificats-pel-gremi-del-cafe\/\"},\"wordCount\":322,\"publisher\":{\"@id\":\"https:\/\/gremicafe.cat\/#organization\"},\"image\":{\"@id\":\"https:\/\/gremicafe.cat\/2024\/10\/31\/establiments-certificats-pel-gremi-del-cafe\/#primaryimage\"},\"thumbnailUrl\":\"https:\/\/gremicafe.cat\/wp-content\/uploads\/2024\/10\/placa-gremi-2024-800.jpg\",\"articleSection\":[\"Not\u00edcies\"],\"inLanguage\":\"es\"},{\"@type\":\"WebPage\",\"@id\":\"https:\/\/gremicafe.cat\/2024\/10\/31\/establiments-certificats-pel-gremi-del-cafe\/\",\"url\":\"https:\/\/gremicafe.cat\/2024\/10\/31\/establiments-certificats-pel-gremi-del-cafe\/\",\"name\":\"Establiments certificats pel Gremi del Caf\u00e8 - Gremi del Caf\u00e8, torradors de Catalunya\",\"isPartOf\":{\"@id\":\"https:\/\/gremicafe.cat\/#website\"},\"primaryImageOfPage\":{\"@id\":\"https:\/\/gremicafe.cat\/2024\/10\/31\/establiments-certificats-pel-gremi-del-cafe\/#primaryimage\"},\"image\":{\"@id\":\"https:\/\/gremicafe.cat\/2024\/10\/31\/establiments-certificats-pel-gremi-del-cafe\/#primaryimage\"},\"thumbnailUrl\":\"https:\/\/gremicafe.cat\/wp-content\/uploads\/2024\/10\/placa-gremi-2024-800.jpg\",\"datePublished\":\"2024-10-31T14:20:46+00:00\",\"breadcrumb\":{\"@id\":\"https:\/\/gremicafe.cat\/2024\/10\/31\/establiments-certificats-pel-gremi-del-cafe\/#breadcrumb\"},\"inLanguage\":\"es\",\"potentialAction\":[{\"@type\":\"ReadAction\",\"target\":[\"https:\/\/gremicafe.cat\/2024\/10\/31\/establiments-certificats-pel-gremi-del-cafe\/\"]}]},{\"@type\":\"ImageObject\",\"inLanguage\":\"es\",\"@id\":\"https:\/\/gremicafe.cat\/2024\/10\/31\/establiments-certificats-pel-gremi-del-cafe\/#primaryimage\",\"url\":\"https:\/\/gremicafe.cat\/wp-content\/uploads\/2024\/10\/placa-gremi-2024-800.jpg\",\"contentUrl\":\"https:\/\/gremicafe.cat\/wp-content\/uploads\/2024\/10\/placa-gremi-2024-800.jpg\",\"width\":800,\"height\":1117,\"caption\":\"Distintiu lliurat pel Gremi del Caf\u00e8, torradors de Catalunya.\"},{\"@type\":\"BreadcrumbList\",\"@id\":\"https:\/\/gremicafe.cat\/2024\/10\/31\/establiments-certificats-pel-gremi-del-cafe\/#breadcrumb\",\"itemListElement\":[{\"@type\":\"ListItem\",\"position\":1,\"name\":\"Inici\",\"item\":\"https:\/\/gremicafe.cat\/\"},{\"@type\":\"ListItem\",\"position\":2,\"name\":\"Establiments certificats pel Gremi del Caf\u00e8\"}]},{\"@type\":\"WebSite\",\"@id\":\"https:\/\/gremicafe.cat\/#website\",\"url\":\"https:\/\/gremicafe.cat\/\",\"name\":\"Gremi del Caf\u00e8, torradors de Catalunya\",\"description\":\"Web oficial del gremi de torradors de caf\u00e8 de Catalunya\",\"publisher\":{\"@id\":\"https:\/\/gremicafe.cat\/#organization\"},\"potentialAction\":[{\"@type\":\"SearchAction\",\"target\":{\"@type\":\"EntryPoint\",\"urlTemplate\":\"https:\/\/gremicafe.cat\/?s={search_term_string}\"},\"query-input\":{\"@type\":\"PropertyValueSpecification\",\"valueRequired\":true,\"valueName\":\"search_term_string\"}}],\"inLanguage\":\"es\"},{\"@type\":\"Organization\",\"@id\":\"https:\/\/gremicafe.cat\/#organization\",\"name\":\"Gremi del Caf\u00e8, Torradors de Catalunya\",\"url\":\"https:\/\/gremicafe.cat\/\",\"logo\":{\"@type\":\"ImageObject\",\"inLanguage\":\"es\",\"@id\":\"https:\/\/gremicafe.cat\/#\/schema\/logo\/image\/\",\"url\":\"https:\/\/gremicafe.cat\/wp-content\/uploads\/2018\/03\/gremicafe-logo250.png\",\"contentUrl\":\"https:\/\/gremicafe.cat\/wp-content\/uploads\/2018\/03\/gremicafe-logo250.png\",\"width\":250,\"height\":49,\"caption\":\"Gremi del Caf\u00e8, Torradors de Catalunya\"},\"image\":{\"@id\":\"https:\/\/gremicafe.cat\/#\/schema\/logo\/image\/\"},\"sameAs\":[\"https:\/\/www.facebook.com\/gremicafecat\",\"https:\/\/x.com\/gremicafecat\",\"https:\/\/www.instagram.com\/gremicafecat\/\",\"https:\/\/www.pinterest.es\/gremicafecat\/\",\"https:\/\/www.youtube.com\/channel\/UCGLo5Y35vLwLvP4FrPZrCrw\/\"]},{\"@type\":\"Person\",\"@id\":\"https:\/\/gremicafe.cat\/#\/schema\/person\/dabfdbb3d0fa36260855a380f94e4733\",\"name\":\"gremicafe\",\"image\":{\"@type\":\"ImageObject\",\"inLanguage\":\"es\",\"@id\":\"https:\/\/gremicafe.cat\/#\/schema\/person\/image\/\",\"url\":\"https:\/\/secure.gravatar.com\/avatar\/e59baa4ca8f6f97576d6375fb6d3c8f0?s=96&d=mm&r=g\",\"contentUrl\":\"https:\/\/secure.gravatar.com\/avatar\/e59baa4ca8f6f97576d6375fb6d3c8f0?s=96&d=mm&r=g\",\"caption\":\"gremicafe\"}}]}<\/script>\n<!-- \/ Yoast SEO plugin. -->","yoast_head_json":{"title":"Establiments certificats pel Gremi del Caf\u00e8 - Gremi del Caf\u00e8, torradors de Catalunya","robots":{"index":"index","follow":"follow","max-snippet":"max-snippet:-1","max-image-preview":"max-image-preview:large","max-video-preview":"max-video-preview:-1"},"canonical":"https:\/\/gremicafe.cat\/es\/2024\/10\/31\/establiments-certificats-pel-gremi-del-cafe\/","og_locale":"es_ES","og_type":"article","og_title":"Establiments certificats pel Gremi del Caf\u00e8 - Gremi del Caf\u00e8, torradors de Catalunya","og_description":"Un establiment certificat \u00e9s aquell que serveix un caf\u00e8, 100% natural, acabat de torrar, que li ha subministrat un torrador associat al Gremi del Caf\u00e8 de Catalunya. Qu\u00e8 \u00e9s un establiment certificat? Un establiment certificat \u00e9s aquell que llueix el distintiu del Gremi del Caf\u00e8 de Catalunya, que li ha lliurat un torrador de caf\u00e8 [&hellip;]","og_url":"https:\/\/gremicafe.cat\/es\/2024\/10\/31\/establiments-certificats-pel-gremi-del-cafe\/","og_site_name":"Gremi del Caf\u00e8, torradors de Catalunya","article_publisher":"https:\/\/www.facebook.com\/gremicafecat","article_published_time":"2024-10-31T14:20:46+00:00","og_image":[{"width":800,"height":1117,"url":"https:\/\/gremicafe.cat\/wp-content\/uploads\/2024\/10\/placa-gremi-2024-800.jpg","type":"image\/jpeg"}],"author":"gremicafe","twitter_card":"summary_large_image","twitter_creator":"@gremicafecat","twitter_site":"@gremicafecat","twitter_misc":{"Escrito por":"gremicafe","Tiempo de lectura":"3 minutos"},"schema":{"@context":"https:\/\/schema.org","@graph":[{"@type":"Article","@id":"https:\/\/gremicafe.cat\/2024\/10\/31\/establiments-certificats-pel-gremi-del-cafe\/#article","isPartOf":{"@id":"https:\/\/gremicafe.cat\/2024\/10\/31\/establiments-certificats-pel-gremi-del-cafe\/"},"author":{"name":"gremicafe","@id":"https:\/\/gremicafe.cat\/#\/schema\/person\/dabfdbb3d0fa36260855a380f94e4733"},"headline":"Establiments certificats pel Gremi del Caf\u00e8","datePublished":"2024-10-31T14:20:46+00:00","mainEntityOfPage":{"@id":"https:\/\/gremicafe.cat\/2024\/10\/31\/establiments-certificats-pel-gremi-del-cafe\/"},"wordCount":322,"publisher":{"@id":"https:\/\/gremicafe.cat\/#organization"},"image":{"@id":"https:\/\/gremicafe.cat\/2024\/10\/31\/establiments-certificats-pel-gremi-del-cafe\/#primaryimage"},"thumbnailUrl":"https:\/\/gremicafe.cat\/wp-content\/uploads\/2024\/10\/placa-gremi-2024-800.jpg","articleSection":["Not\u00edcies"],"inLanguage":"es"},{"@type":"WebPage","@id":"https:\/\/gremicafe.cat\/2024\/10\/31\/establiments-certificats-pel-gremi-del-cafe\/","url":"https:\/\/gremicafe.cat\/2024\/10\/31\/establiments-certificats-pel-gremi-del-cafe\/","name":"Establiments certificats pel Gremi del Caf\u00e8 - Gremi del Caf\u00e8, torradors de Catalunya","isPartOf":{"@id":"https:\/\/gremicafe.cat\/#website"},"primaryImageOfPage":{"@id":"https:\/\/gremicafe.cat\/2024\/10\/31\/establiments-certificats-pel-gremi-del-cafe\/#primaryimage"},"image":{"@id":"https:\/\/gremicafe.cat\/2024\/10\/31\/establiments-certificats-pel-gremi-del-cafe\/#primaryimage"},"thumbnailUrl":"https:\/\/gremicafe.cat\/wp-content\/uploads\/2024\/10\/placa-gremi-2024-800.jpg","datePublished":"2024-10-31T14:20:46+00:00","breadcrumb":{"@id":"https:\/\/gremicafe.cat\/2024\/10\/31\/establiments-certificats-pel-gremi-del-cafe\/#breadcrumb"},"inLanguage":"es","potentialAction":[{"@type":"ReadAction","target":["https:\/\/gremicafe.cat\/2024\/10\/31\/establiments-certificats-pel-gremi-del-cafe\/"]}]},{"@type":"ImageObject","inLanguage":"es","@id":"https:\/\/gremicafe.cat\/2024\/10\/31\/establiments-certificats-pel-gremi-del-cafe\/#primaryimage","url":"https:\/\/gremicafe.cat\/wp-content\/uploads\/2024\/10\/placa-gremi-2024-800.jpg","contentUrl":"https:\/\/gremicafe.cat\/wp-content\/uploads\/2024\/10\/placa-gremi-2024-800.jpg","width":800,"height":1117,"caption":"Distintiu lliurat pel Gremi del Caf\u00e8, torradors de Catalunya."},{"@type":"BreadcrumbList","@id":"https:\/\/gremicafe.cat\/2024\/10\/31\/establiments-certificats-pel-gremi-del-cafe\/#breadcrumb","itemListElement":[{"@type":"ListItem","position":1,"name":"Inici","item":"https:\/\/gremicafe.cat\/"},{"@type":"ListItem","position":2,"name":"Establiments certificats pel Gremi del Caf\u00e8"}]},{"@type":"WebSite","@id":"https:\/\/gremicafe.cat\/#website","url":"https:\/\/gremicafe.cat\/","name":"Gremio del Caf\u00e9, tostadores de Catalu\u00f1a","description":"Web oficial del gremio de tostadores de caf\u00e9 de Catalunya","publisher":{"@id":"https:\/\/gremicafe.cat\/#organization"},"potentialAction":[{"@type":"SearchAction","target":{"@type":"EntryPoint","urlTemplate":"https:\/\/gremicafe.cat\/?s={search_term_string}"},"query-input":{"@type":"PropertyValueSpecification","valueRequired":true,"valueName":"search_term_string"}}],"inLanguage":"es"},{"@type":"Organization","@id":"https:\/\/gremicafe.cat\/#organization","name":"Gremio del Caf\u00e9, Tostadores de Catalu\u00f1a","url":"https:\/\/gremicafe.cat\/","logo":{"@type":"ImageObject","inLanguage":"es","@id":"https:\/\/gremicafe.cat\/#\/schema\/logo\/image\/","url":"https:\/\/gremicafe.cat\/wp-content\/uploads\/2018\/03\/gremicafe-logo250.png","contentUrl":"https:\/\/gremicafe.cat\/wp-content\/uploads\/2018\/03\/gremicafe-logo250.png","width":250,"height":49,"caption":"Gremi del Caf\u00e8, Torradors de Catalunya"},"image":{"@id":"https:\/\/gremicafe.cat\/#\/schema\/logo\/image\/"},"sameAs":["https:\/\/www.facebook.com\/gremicafecat","https:\/\/x.com\/gremicafecat","https:\/\/www.instagram.com\/gremicafecat\/","https:\/\/www.pinterest.es\/gremicafecat\/","https:\/\/www.youtube.com\/channel\/UCGLo5Y35vLwLvP4FrPZrCrw\/"]},{"@type":"Person","@id":"https:\/\/gremicafe.cat\/#\/schema\/person\/dabfdbb3d0fa36260855a380f94e4733","name":"gremicafe","image":{"@type":"ImageObject","inLanguage":"es","@id":"https:\/\/gremicafe.cat\/#\/schema\/person\/image\/","url":"https:\/\/secure.gravatar.com\/avatar\/e59baa4ca8f6f97576d6375fb6d3c8f0?s=96&d=mm&r=g","contentUrl":"https:\/\/secure.gravatar.com\/avatar\/e59baa4ca8f6f97576d6375fb6d3c8f0?s=96&d=mm&r=g","caption":"gremicafe"}}]}},"_links":{"self":[{"href":"https:\/\/gremicafe.cat\/es\/wp-json\/wp\/v2\/posts\/7641"}],"collection":[{"href":"https:\/\/gremicafe.cat\/es\/wp-json\/wp\/v2\/posts"}],"about":[{"href":"https:\/\/gremicafe.cat\/es\/wp-json\/wp\/v2\/types\/post"}],"author":[{"embeddable":true,"href":"https:\/\/gremicafe.cat\/es\/wp-json\/wp\/v2\/users\/1"}],"replies":[{"embeddable":true,"href":"https:\/\/gremicafe.cat\/es\/wp-json\/wp\/v2\/comments?post=7641"}],"version-history":[{"count":0,"href":"https:\/\/gremicafe.cat\/es\/wp-json\/wp\/v2\/posts\/7641\/revisions"}],"wp:featuredmedia":[{"embeddable":true,"href":"https:\/\/gremicafe.cat\/es\/wp-json\/wp\/v2\/media\/7644"}],"wp:attachment":[{"href":"https:\/\/gremicafe.cat\/es\/wp-json\/wp\/v2\/media?parent=7641"}],"wp:term":[{"taxonomy":"category","embeddable":true,"href":"https:\/\/gremicafe.cat\/es\/wp-json\/wp\/v2\/categories?post=7641"},{"taxonomy":"post_tag","embeddable":true,"href":"https:\/\/gremicafe.cat\/es\/wp-json\/wp\/v2\/tags?post=7641"}],"curies":[{"name":"wp","href":"https:\/\/api.w.org\/{rel}","templated":true}]}}