{"id":7658,"date":"2024-11-08T12:31:56","date_gmt":"2024-11-08T11:31:56","guid":{"rendered":"https:\/\/gremicafe.cat\/?p=7658"},"modified":"2024-11-08T12:31:56","modified_gmt":"2024-11-08T11:31:56","slug":"visita-destudiants-a-bracafe","status":"publish","type":"post","link":"https:\/\/gremicafe.cat\/es\/2024\/11\/08\/visita-destudiants-a-bracafe\/","title":{"rendered":"Visita de estudiantes a Bracaf\u00e9"},"content":{"rendered":"<p class=\"p1\"><span class=\"s1\">Barcelona, 7 de noviembre 2024. Los alumnos de ACOM1A del <strong>Centro de Estudios Polit\u00e9cnicos de Barcelona<\/strong> han visitado las instalaciones de <strong>Bracaf\u00e9<\/strong>.<\/span><\/p>\n<p class=\"p1\"><span class=\"s1\">Los alumnos han podido ver directo el proceso de elaboraci\u00f3n del caf\u00e9, c\u00f3mo se realiza el control de calidad, el almacenamiento, la torrefacci\u00f3n, el proceso del resfriado, la desgasificaci\u00f3n y el envasado manual gracias a las explicaciones profesionales de <strong>Javier de Erausquin<\/strong>, directivo de la empresa. Adem\u00e1s, han podido comprender la importancia de los productos artesanales, los distintos tipos de procedencia y las cualidades que caracterizan a los distintos caf\u00e9s.<\/span><\/p>\n<p class=\"p1\"><span class=\"s1\">El objetivo de este tipo de visitas, se enmarca dentro del programa de <strong>Cofee Experience del Gremio del Caf\u00e9 de Catalu\u00f1a<\/strong>, a trav\u00e9s de las cuales los estudiantes pueden abrir horizontes sobre posibles salidas laborales adem\u00e1s de conocer las caracter\u00edsticas de la empresa y algunos de los requerimientos administrativos para la actividad industrial.<\/span><\/p>\n<p>&nbsp;<\/p>\n<div id=\"attachment_7659\" style=\"width: 610px\" class=\"wp-caption aligncenter\"><img loading=\"lazy\" decoding=\"async\" aria-describedby=\"caption-attachment-7659\" class=\"wp-image-7659\" src=\"https:\/\/gremicafe.cat\/wp-content\/uploads\/2024\/11\/11510-CURIOSITAT1_02-300x300.jpg\" alt=\"Tassa Bracaf\u00e9\" width=\"600\" height=\"600\" srcset=\"https:\/\/gremicafe.cat\/wp-content\/uploads\/2024\/11\/11510-CURIOSITAT1_02-300x300.jpg 300w, https:\/\/gremicafe.cat\/wp-content\/uploads\/2024\/11\/11510-CURIOSITAT1_02-150x150.jpg 150w, https:\/\/gremicafe.cat\/wp-content\/uploads\/2024\/11\/11510-CURIOSITAT1_02-768x768.jpg 768w, https:\/\/gremicafe.cat\/wp-content\/uploads\/2024\/11\/11510-CURIOSITAT1_02-12x12.jpg 12w, https:\/\/gremicafe.cat\/wp-content\/uploads\/2024\/11\/11510-CURIOSITAT1_02-720x720.jpg 720w, https:\/\/gremicafe.cat\/wp-content\/uploads\/2024\/11\/11510-CURIOSITAT1_02.jpg 1080w\" sizes=\"(max-width: 600px) 100vw, 600px\" \/><p id=\"caption-attachment-7659\" class=\"wp-caption-text\">Bracaf\u00e9, tostador de caf\u00e9 Barcelona.<\/p><\/div>","protected":false},"excerpt":{"rendered":"<p>Barcelona, 7 de novembre 2024. Els alumnes d&#8217;ACOM1A del Centre d\u2019Estudis Polit\u00e8cnics de Barcelona han visitat les instal\u00b7lacions de Bracaf\u00e9. Els alumnes han pogut veure directe el proc\u00e9s d&#8217;elaboraci\u00f3 del caf\u00e8, com es realitza el control de qualitat, l&#8217;emmagatzematge, la torrefacci\u00f3, el proc\u00e9s del refredat, la desgasificaci\u00f3 i l&#8217;envasament manual gr\u00e0cies a les explicacions professionals [&hellip;]<\/p>\n","protected":false},"author":1,"featured_media":7659,"comment_status":"closed","ping_status":"open","sticky":false,"template":"","format":"standard","meta":{"_acf_changed":false,"inline_featured_image":false,"footnotes":""},"categories":[1],"tags":[40,120],"class_list":["post-7658","post","type-post","status-publish","format-standard","has-post-thumbnail","hentry","category-noticies","tag-bracafe","tag-cofee-experience"],"acf":[],"yoast_head":"<!-- This site is optimized with the Yoast SEO plugin v25.5 - https:\/\/yoast.com\/wordpress\/plugins\/seo\/ -->\n<title>Visita d&#039;estudiants a Bracaf\u00e9 - Gremi del Caf\u00e8, torradors de Catalunya<\/title>\n<meta name=\"description\" content=\"L&#039;objectiu d&#039;aquesta mena de visites, s&#039;emmarca dins del programa de Cofee Experience del Gremi del Caf\u00e8 de Catalunya.\" \/>\n<meta name=\"robots\" content=\"index, follow, max-snippet:-1, max-image-preview:large, max-video-preview:-1\" \/>\n<link rel=\"canonical\" href=\"https:\/\/gremicafe.cat\/es\/2024\/11\/08\/visita-destudiants-a-bracafe\/\" \/>\n<meta property=\"og:locale\" content=\"es_ES\" \/>\n<meta property=\"og:type\" content=\"article\" \/>\n<meta property=\"og:title\" content=\"Visita d&#039;estudiants a Bracaf\u00e9 - Gremi del Caf\u00e8, torradors de Catalunya\" \/>\n<meta property=\"og:description\" content=\"L&#039;objectiu d&#039;aquesta mena de visites, s&#039;emmarca dins del programa de Cofee Experience del Gremi del Caf\u00e8 de Catalunya.\" \/>\n<meta property=\"og:url\" content=\"https:\/\/gremicafe.cat\/es\/2024\/11\/08\/visita-destudiants-a-bracafe\/\" \/>\n<meta property=\"og:site_name\" content=\"Gremi del Caf\u00e8, torradors de Catalunya\" \/>\n<meta property=\"article:publisher\" content=\"https:\/\/www.facebook.com\/gremicafecat\" \/>\n<meta property=\"article:published_time\" content=\"2024-11-08T11:31:56+00:00\" \/>\n<meta property=\"og:image\" content=\"https:\/\/gremicafe.cat\/wp-content\/uploads\/2024\/11\/11510-CURIOSITAT1_02.jpg\" \/>\n\t<meta property=\"og:image:width\" content=\"1080\" \/>\n\t<meta property=\"og:image:height\" content=\"1080\" \/>\n\t<meta property=\"og:image:type\" content=\"image\/jpeg\" \/>\n<meta name=\"author\" content=\"gremicafe\" \/>\n<meta name=\"twitter:card\" content=\"summary_large_image\" \/>\n<meta name=\"twitter:creator\" content=\"@gremicafecat\" \/>\n<meta name=\"twitter:site\" content=\"@gremicafecat\" \/>\n<meta name=\"twitter:label1\" content=\"Escrito por\" \/>\n\t<meta name=\"twitter:data1\" content=\"gremicafe\" \/>\n\t<meta name=\"twitter:label2\" content=\"Tiempo de lectura\" \/>\n\t<meta name=\"twitter:data2\" content=\"2 minutos\" \/>\n<script type=\"application\/ld+json\" class=\"yoast-schema-graph\">{\"@context\":\"https:\/\/schema.org\",\"@graph\":[{\"@type\":\"Article\",\"@id\":\"https:\/\/gremicafe.cat\/2024\/11\/08\/visita-destudiants-a-bracafe\/#article\",\"isPartOf\":{\"@id\":\"https:\/\/gremicafe.cat\/2024\/11\/08\/visita-destudiants-a-bracafe\/\"},\"author\":{\"name\":\"gremicafe\",\"@id\":\"https:\/\/gremicafe.cat\/#\/schema\/person\/dabfdbb3d0fa36260855a380f94e4733\"},\"headline\":\"Visita d&#8217;estudiants a Bracaf\u00e9\",\"datePublished\":\"2024-11-08T11:31:56+00:00\",\"mainEntityOfPage\":{\"@id\":\"https:\/\/gremicafe.cat\/2024\/11\/08\/visita-destudiants-a-bracafe\/\"},\"wordCount\":164,\"publisher\":{\"@id\":\"https:\/\/gremicafe.cat\/#organization\"},\"image\":{\"@id\":\"https:\/\/gremicafe.cat\/2024\/11\/08\/visita-destudiants-a-bracafe\/#primaryimage\"},\"thumbnailUrl\":\"https:\/\/gremicafe.cat\/wp-content\/uploads\/2024\/11\/11510-CURIOSITAT1_02.jpg\",\"keywords\":[\"bracaf\u00e9\",\"Cofee Experience\"],\"articleSection\":[\"Not\u00edcies\"],\"inLanguage\":\"es\"},{\"@type\":\"WebPage\",\"@id\":\"https:\/\/gremicafe.cat\/2024\/11\/08\/visita-destudiants-a-bracafe\/\",\"url\":\"https:\/\/gremicafe.cat\/2024\/11\/08\/visita-destudiants-a-bracafe\/\",\"name\":\"Visita d'estudiants a Bracaf\u00e9 - Gremi del Caf\u00e8, torradors de Catalunya\",\"isPartOf\":{\"@id\":\"https:\/\/gremicafe.cat\/#website\"},\"primaryImageOfPage\":{\"@id\":\"https:\/\/gremicafe.cat\/2024\/11\/08\/visita-destudiants-a-bracafe\/#primaryimage\"},\"image\":{\"@id\":\"https:\/\/gremicafe.cat\/2024\/11\/08\/visita-destudiants-a-bracafe\/#primaryimage\"},\"thumbnailUrl\":\"https:\/\/gremicafe.cat\/wp-content\/uploads\/2024\/11\/11510-CURIOSITAT1_02.jpg\",\"datePublished\":\"2024-11-08T11:31:56+00:00\",\"description\":\"L'objectiu d'aquesta mena de visites, s'emmarca dins del programa de Cofee Experience del Gremi del Caf\u00e8 de Catalunya.\",\"breadcrumb\":{\"@id\":\"https:\/\/gremicafe.cat\/2024\/11\/08\/visita-destudiants-a-bracafe\/#breadcrumb\"},\"inLanguage\":\"es\",\"potentialAction\":[{\"@type\":\"ReadAction\",\"target\":[\"https:\/\/gremicafe.cat\/2024\/11\/08\/visita-destudiants-a-bracafe\/\"]}]},{\"@type\":\"ImageObject\",\"inLanguage\":\"es\",\"@id\":\"https:\/\/gremicafe.cat\/2024\/11\/08\/visita-destudiants-a-bracafe\/#primaryimage\",\"url\":\"https:\/\/gremicafe.cat\/wp-content\/uploads\/2024\/11\/11510-CURIOSITAT1_02.jpg\",\"contentUrl\":\"https:\/\/gremicafe.cat\/wp-content\/uploads\/2024\/11\/11510-CURIOSITAT1_02.jpg\",\"width\":1080,\"height\":1080,\"caption\":\"Bracaf\u00e9, torrador de caf\u00e8 Barcelona.\"},{\"@type\":\"BreadcrumbList\",\"@id\":\"https:\/\/gremicafe.cat\/2024\/11\/08\/visita-destudiants-a-bracafe\/#breadcrumb\",\"itemListElement\":[{\"@type\":\"ListItem\",\"position\":1,\"name\":\"Inici\",\"item\":\"https:\/\/gremicafe.cat\/\"},{\"@type\":\"ListItem\",\"position\":2,\"name\":\"Visita d&#8217;estudiants a Bracaf\u00e9\"}]},{\"@type\":\"WebSite\",\"@id\":\"https:\/\/gremicafe.cat\/#website\",\"url\":\"https:\/\/gremicafe.cat\/\",\"name\":\"Gremi del Caf\u00e8, torradors de Catalunya\",\"description\":\"Web oficial del gremi de torradors de caf\u00e8 de Catalunya\",\"publisher\":{\"@id\":\"https:\/\/gremicafe.cat\/#organization\"},\"potentialAction\":[{\"@type\":\"SearchAction\",\"target\":{\"@type\":\"EntryPoint\",\"urlTemplate\":\"https:\/\/gremicafe.cat\/?s={search_term_string}\"},\"query-input\":{\"@type\":\"PropertyValueSpecification\",\"valueRequired\":true,\"valueName\":\"search_term_string\"}}],\"inLanguage\":\"es\"},{\"@type\":\"Organization\",\"@id\":\"https:\/\/gremicafe.cat\/#organization\",\"name\":\"Gremi del Caf\u00e8, Torradors de Catalunya\",\"url\":\"https:\/\/gremicafe.cat\/\",\"logo\":{\"@type\":\"ImageObject\",\"inLanguage\":\"es\",\"@id\":\"https:\/\/gremicafe.cat\/#\/schema\/logo\/image\/\",\"url\":\"https:\/\/gremicafe.cat\/wp-content\/uploads\/2018\/03\/gremicafe-logo250.png\",\"contentUrl\":\"https:\/\/gremicafe.cat\/wp-content\/uploads\/2018\/03\/gremicafe-logo250.png\",\"width\":250,\"height\":49,\"caption\":\"Gremi del Caf\u00e8, Torradors de Catalunya\"},\"image\":{\"@id\":\"https:\/\/gremicafe.cat\/#\/schema\/logo\/image\/\"},\"sameAs\":[\"https:\/\/www.facebook.com\/gremicafecat\",\"https:\/\/x.com\/gremicafecat\",\"https:\/\/www.instagram.com\/gremicafecat\/\",\"https:\/\/www.pinterest.es\/gremicafecat\/\",\"https:\/\/www.youtube.com\/channel\/UCGLo5Y35vLwLvP4FrPZrCrw\/\"]},{\"@type\":\"Person\",\"@id\":\"https:\/\/gremicafe.cat\/#\/schema\/person\/dabfdbb3d0fa36260855a380f94e4733\",\"name\":\"gremicafe\",\"image\":{\"@type\":\"ImageObject\",\"inLanguage\":\"es\",\"@id\":\"https:\/\/gremicafe.cat\/#\/schema\/person\/image\/\",\"url\":\"https:\/\/secure.gravatar.com\/avatar\/e59baa4ca8f6f97576d6375fb6d3c8f0?s=96&d=mm&r=g\",\"contentUrl\":\"https:\/\/secure.gravatar.com\/avatar\/e59baa4ca8f6f97576d6375fb6d3c8f0?s=96&d=mm&r=g\",\"caption\":\"gremicafe\"}}]}<\/script>\n<!-- \/ Yoast SEO plugin. -->","yoast_head_json":{"title":"Visita d'estudiants a Bracaf\u00e9 - Gremi del Caf\u00e8, torradors de Catalunya","description":"L'objectiu d'aquesta mena de visites, s'emmarca dins del programa de Cofee Experience del Gremi del Caf\u00e8 de Catalunya.","robots":{"index":"index","follow":"follow","max-snippet":"max-snippet:-1","max-image-preview":"max-image-preview:large","max-video-preview":"max-video-preview:-1"},"canonical":"https:\/\/gremicafe.cat\/es\/2024\/11\/08\/visita-destudiants-a-bracafe\/","og_locale":"es_ES","og_type":"article","og_title":"Visita d'estudiants a Bracaf\u00e9 - Gremi del Caf\u00e8, torradors de Catalunya","og_description":"L'objectiu d'aquesta mena de visites, s'emmarca dins del programa de Cofee Experience del Gremi del Caf\u00e8 de Catalunya.","og_url":"https:\/\/gremicafe.cat\/es\/2024\/11\/08\/visita-destudiants-a-bracafe\/","og_site_name":"Gremi del Caf\u00e8, torradors de Catalunya","article_publisher":"https:\/\/www.facebook.com\/gremicafecat","article_published_time":"2024-11-08T11:31:56+00:00","og_image":[{"width":1080,"height":1080,"url":"https:\/\/gremicafe.cat\/wp-content\/uploads\/2024\/11\/11510-CURIOSITAT1_02.jpg","type":"image\/jpeg"}],"author":"gremicafe","twitter_card":"summary_large_image","twitter_creator":"@gremicafecat","twitter_site":"@gremicafecat","twitter_misc":{"Escrito por":"gremicafe","Tiempo de lectura":"2 minutos"},"schema":{"@context":"https:\/\/schema.org","@graph":[{"@type":"Article","@id":"https:\/\/gremicafe.cat\/2024\/11\/08\/visita-destudiants-a-bracafe\/#article","isPartOf":{"@id":"https:\/\/gremicafe.cat\/2024\/11\/08\/visita-destudiants-a-bracafe\/"},"author":{"name":"gremicafe","@id":"https:\/\/gremicafe.cat\/#\/schema\/person\/dabfdbb3d0fa36260855a380f94e4733"},"headline":"Visita d&#8217;estudiants a Bracaf\u00e9","datePublished":"2024-11-08T11:31:56+00:00","mainEntityOfPage":{"@id":"https:\/\/gremicafe.cat\/2024\/11\/08\/visita-destudiants-a-bracafe\/"},"wordCount":164,"publisher":{"@id":"https:\/\/gremicafe.cat\/#organization"},"image":{"@id":"https:\/\/gremicafe.cat\/2024\/11\/08\/visita-destudiants-a-bracafe\/#primaryimage"},"thumbnailUrl":"https:\/\/gremicafe.cat\/wp-content\/uploads\/2024\/11\/11510-CURIOSITAT1_02.jpg","keywords":["bracaf\u00e9","Cofee Experience"],"articleSection":["Not\u00edcies"],"inLanguage":"es"},{"@type":"WebPage","@id":"https:\/\/gremicafe.cat\/2024\/11\/08\/visita-destudiants-a-bracafe\/","url":"https:\/\/gremicafe.cat\/2024\/11\/08\/visita-destudiants-a-bracafe\/","name":"Visita d'estudiants a Bracaf\u00e9 - Gremi del Caf\u00e8, torradors de Catalunya","isPartOf":{"@id":"https:\/\/gremicafe.cat\/#website"},"primaryImageOfPage":{"@id":"https:\/\/gremicafe.cat\/2024\/11\/08\/visita-destudiants-a-bracafe\/#primaryimage"},"image":{"@id":"https:\/\/gremicafe.cat\/2024\/11\/08\/visita-destudiants-a-bracafe\/#primaryimage"},"thumbnailUrl":"https:\/\/gremicafe.cat\/wp-content\/uploads\/2024\/11\/11510-CURIOSITAT1_02.jpg","datePublished":"2024-11-08T11:31:56+00:00","description":"L'objectiu d'aquesta mena de visites, s'emmarca dins del programa de Cofee Experience del Gremi del Caf\u00e8 de Catalunya.","breadcrumb":{"@id":"https:\/\/gremicafe.cat\/2024\/11\/08\/visita-destudiants-a-bracafe\/#breadcrumb"},"inLanguage":"es","potentialAction":[{"@type":"ReadAction","target":["https:\/\/gremicafe.cat\/2024\/11\/08\/visita-destudiants-a-bracafe\/"]}]},{"@type":"ImageObject","inLanguage":"es","@id":"https:\/\/gremicafe.cat\/2024\/11\/08\/visita-destudiants-a-bracafe\/#primaryimage","url":"https:\/\/gremicafe.cat\/wp-content\/uploads\/2024\/11\/11510-CURIOSITAT1_02.jpg","contentUrl":"https:\/\/gremicafe.cat\/wp-content\/uploads\/2024\/11\/11510-CURIOSITAT1_02.jpg","width":1080,"height":1080,"caption":"Bracaf\u00e9, torrador de caf\u00e8 Barcelona."},{"@type":"BreadcrumbList","@id":"https:\/\/gremicafe.cat\/2024\/11\/08\/visita-destudiants-a-bracafe\/#breadcrumb","itemListElement":[{"@type":"ListItem","position":1,"name":"Inici","item":"https:\/\/gremicafe.cat\/"},{"@type":"ListItem","position":2,"name":"Visita d&#8217;estudiants a Bracaf\u00e9"}]},{"@type":"WebSite","@id":"https:\/\/gremicafe.cat\/#website","url":"https:\/\/gremicafe.cat\/","name":"Gremio del Caf\u00e9, tostadores de Catalu\u00f1a","description":"Web oficial del gremio de tostadores de caf\u00e9 de Catalunya","publisher":{"@id":"https:\/\/gremicafe.cat\/#organization"},"potentialAction":[{"@type":"SearchAction","target":{"@type":"EntryPoint","urlTemplate":"https:\/\/gremicafe.cat\/?s={search_term_string}"},"query-input":{"@type":"PropertyValueSpecification","valueRequired":true,"valueName":"search_term_string"}}],"inLanguage":"es"},{"@type":"Organization","@id":"https:\/\/gremicafe.cat\/#organization","name":"Gremio del Caf\u00e9, Tostadores de Catalu\u00f1a","url":"https:\/\/gremicafe.cat\/","logo":{"@type":"ImageObject","inLanguage":"es","@id":"https:\/\/gremicafe.cat\/#\/schema\/logo\/image\/","url":"https:\/\/gremicafe.cat\/wp-content\/uploads\/2018\/03\/gremicafe-logo250.png","contentUrl":"https:\/\/gremicafe.cat\/wp-content\/uploads\/2018\/03\/gremicafe-logo250.png","width":250,"height":49,"caption":"Gremi del Caf\u00e8, Torradors de Catalunya"},"image":{"@id":"https:\/\/gremicafe.cat\/#\/schema\/logo\/image\/"},"sameAs":["https:\/\/www.facebook.com\/gremicafecat","https:\/\/x.com\/gremicafecat","https:\/\/www.instagram.com\/gremicafecat\/","https:\/\/www.pinterest.es\/gremicafecat\/","https:\/\/www.youtube.com\/channel\/UCGLo5Y35vLwLvP4FrPZrCrw\/"]},{"@type":"Person","@id":"https:\/\/gremicafe.cat\/#\/schema\/person\/dabfdbb3d0fa36260855a380f94e4733","name":"gremicafe","image":{"@type":"ImageObject","inLanguage":"es","@id":"https:\/\/gremicafe.cat\/#\/schema\/person\/image\/","url":"https:\/\/secure.gravatar.com\/avatar\/e59baa4ca8f6f97576d6375fb6d3c8f0?s=96&d=mm&r=g","contentUrl":"https:\/\/secure.gravatar.com\/avatar\/e59baa4ca8f6f97576d6375fb6d3c8f0?s=96&d=mm&r=g","caption":"gremicafe"}}]}},"_links":{"self":[{"href":"https:\/\/gremicafe.cat\/es\/wp-json\/wp\/v2\/posts\/7658"}],"collection":[{"href":"https:\/\/gremicafe.cat\/es\/wp-json\/wp\/v2\/posts"}],"about":[{"href":"https:\/\/gremicafe.cat\/es\/wp-json\/wp\/v2\/types\/post"}],"author":[{"embeddable":true,"href":"https:\/\/gremicafe.cat\/es\/wp-json\/wp\/v2\/users\/1"}],"replies":[{"embeddable":true,"href":"https:\/\/gremicafe.cat\/es\/wp-json\/wp\/v2\/comments?post=7658"}],"version-history":[{"count":0,"href":"https:\/\/gremicafe.cat\/es\/wp-json\/wp\/v2\/posts\/7658\/revisions"}],"wp:featuredmedia":[{"embeddable":true,"href":"https:\/\/gremicafe.cat\/es\/wp-json\/wp\/v2\/media\/7659"}],"wp:attachment":[{"href":"https:\/\/gremicafe.cat\/es\/wp-json\/wp\/v2\/media?parent=7658"}],"wp:term":[{"taxonomy":"category","embeddable":true,"href":"https:\/\/gremicafe.cat\/es\/wp-json\/wp\/v2\/categories?post=7658"},{"taxonomy":"post_tag","embeddable":true,"href":"https:\/\/gremicafe.cat\/es\/wp-json\/wp\/v2\/tags?post=7658"}],"curies":[{"name":"wp","href":"https:\/\/api.w.org\/{rel}","templated":true}]}}